{"id":6622,"date":"2022-07-09T20:50:45","date_gmt":"2022-07-10T00:50:45","guid":{"rendered":"https:\/\/revistacampus.uandes.cl\/2022\/?p=6622"},"modified":"2022-09-08T18:21:33","modified_gmt":"2022-09-08T22:21:33","slug":"mundo-empresarial-y-fundaciones-alianzas-para-crecer-en-inversion-social","status":"publish","type":"post","link":"https:\/\/revistacampus.uandes.cl\/2022\/mundo-empresarial-y-fundaciones-alianzas-para-crecer-en-inversion-social\/","title":{"rendered":"<span class=\"subtitulo\">Mundo empresarial y fundaciones:<\/span><br> alianzas para crecer en inversi\u00f3n social"},"content":{"rendered":"\n<p><strong>En su primer a\u00f1o de funcionamiento, el Centro de Desarrollo de Iniciativas Sociales, CEDIS, del ESE Business School ha alcanzado convenios con 30 organizaciones sociales sin fines de lucro para apoyarlas en el fortalecimiento de sus capacidades.<\/strong><\/p>\n\n\n\n<div style=\"height:50px\" aria-hidden=\"true\" class=\"wp-block-spacer\"><\/div>\n\n\n\n<div class=\"wp-block-stackable-separator alignfull stk-block-separator stk--no-padding stk-block stk-7a95aa3\" data-block-id=\"7a95aa3\"><style>.stk-7a95aa3{transform:scaleX(-1) scaleY(-1) !important}.stk-7a95aa3 svg{fill:#000000 !important;filter:none !important}.stk-7a95aa3 .stk-block-separator__inner{height:50px !important}<\/style><div class=\"stk-block-separator__inner\"><svg xmlns=\"http:\/\/www.w3.org\/2000\/svg\" viewBox=\"0 0 1600 200\" class=\"stk-separator__layer-1\" preserveAspectRatio=\"none\" aria-hidden=\"true\"><path d=\"M-10 210h1620V105.2H-10z\"><\/path><\/svg><\/div><\/div>\n\n\n\n<p>La crisis social de 2019 y la pandemia han removido la escena nacional, dejando al descubierto importantes desaf\u00edos sociales que es necesario abordar para avanzar hacia una mejor sociedad.&nbsp;<\/p>\n\n\n\n<p>Alentados por ese esp\u00edritu, <strong>el <a href=\"https:\/\/ese.cl\/\/\" target=\"_blank\" rel=\"noreferrer noopener\">ESE Business School<\/a> cre\u00f3 en 2021 el <a href=\"https:\/\/ese.cl\/ese\/site\/edic\/base\/port\/centro_para_el_desarrollo_de_iniciativas_sociales.html\" target=\"_blank\" rel=\"noreferrer noopener\">Centro para el Desarrollo de Iniciativas Sociales<\/a><\/strong>, cuyo objetivo es generar un espacio de encuentro para m\u00faltiples actores, donde puedan participar y compartir las mejores pr\u00e1cticas y as\u00ed contribuir al fortalecimiento de las capacidades de las organizaciones sociales.<\/p>\n\n\n\n<p>\u201cLa idea de generar el <strong>CEDIS <\/strong>naci\u00f3 de la inquietud de los alumnos y alumni del ESE luego de la crisis social. Muchos manifestaron que, como pa\u00eds, est\u00e1bamos al debe en temas de responsabilidad y vinculaci\u00f3n con los desaf\u00edos sociales. Que hay un tejido social que est\u00e1 da\u00f1ado y que, desde el ESE, podr\u00edamos aportar en la reconstrucci\u00f3n\u201d, comenta <strong><a rel=\"noreferrer noopener\" href=\"https:\/\/ese.cl\/ese\/academico\/full-time\/liderazgo-y-etica\/rafael-mies\/2018-04-05\/154412.html\" target=\"_blank\">Rafael Mies<\/a>, director del CEDIS<\/strong>.&nbsp;<\/p>\n\n\n\n<div class=\"aligncenter wp-block-ugb-icon ugb-icon ugb-fd0aebc ugb-icon--v2 ugb-icon--design-basic ugb-main-block\"><style>.ugb-fd0aebc .ugb-icon__icon .ugb-icon-inner-svg,.ugb-fd0aebc .ugb-icon__icon .ugb-icon-inner-svg svg{width:100px !important;height:100px !important}.ugb-fd0aebc .ugb-icon__icon .ugb-icon-inner-svg{color:#0079c8 !important}.ugb-fd0aebc .ugb-icon__icon{margin-bottom:-18px !important}.ugb-fd0aebc .ugb-icon__icon .ugb-icon-inner-svg,.ugb-fd0aebc .ugb-icon__icon .ugb-icon-inner-svg svg *{color:#0079c8 !important;fill:#0079c8 !important}@media screen and (min-width:768px){.ugb-fd0aebc > .ugb-inner-block > .ugb-block-content > *{padding-top:0px !important;padding-bottom:0px !important;padding-right:0px !important;padding-left:0px !important}}<\/style><div class=\"ugb-inner-block\"><div class=\"ugb-block-content\"><div class=\"ugb-icon__content-wrapper\"><div class=\"ugb-icon__item ugb-icon__item1\"><div class=\"ugb-icon__icon\" rel=\"\"><div class=\"ugb-icon-inner-svg\"><svg class=\"ugb-custom-icon\" xmlns=\"http:\/\/www.w3.org\/2000\/svg\" viewBox=\"0 0 63.67 42.72\"><defs><style>.cls-1{fill:#d67c1c;}<\/style><\/defs><g id=\"Capa_2\" data-name=\"Capa 2\"><g id=\"Capa_1-2\" data-name=\"Capa 1\"><path class=\"cls-1\" d=\"M16.21,42.72c7.34,0,14.32-5.68,14.32-13.13s-5.32-12.67-12.9-12.67c-9,0-10.17-3.07-10.17-4.61C7.46,9,9.35,5.44,20.71,1.07L20.36,0C10.18,2.84,0,9.94,0,24.74c0,7.21,3.2,18,16.21,18m33.14,0c7.34,0,14.32-5.68,14.32-13.13s-5.32-12.67-12.9-12.67c-9,0-10.18-3.07-10.18-4.61,0-3.31,1.9-6.87,13.26-11.24L53.49,0C43.32,2.84,33.14,9.94,33.14,24.74c0,7.21,3.19,18,16.21,18\"><\/path><\/g><\/g><\/svg><\/div><\/div><\/div><\/div><\/div><\/div><\/div>\n\n\n\n<p class=\"has-text-align-center\"><strong><em>\u201cEsta alianza universidad, empresas y sociedad civil es muy potente para los desaf\u00edos que tenemos en la incorporaci\u00f3n de personas con discapacidad\u201d.<\/em><\/strong><\/p>\n\n\n\n<p class=\"has-text-align-center has-small-font-size\"><strong>Mar\u00eda Jos\u00e9 L\u00f3pez, <\/strong>directora ejecutiva de Fundaci\u00f3n ConTrabajo<\/p>\n\n\n\n<p>Para establecer los pilares del Centro, se realiz\u00f3 un diagn\u00f3stico previo, que recogi\u00f3 distintas visiones de representantes del mundo filantr\u00f3pico mediante seminarios y encuentros-, cuya conclusi\u00f3n fue que \u201cChile est\u00e1 desconectado, sobre todo en el tema de la inversi\u00f3n social. Vimos que existe un desconocimiento del impacto real de las organizaciones sin fines de lucro (OSFL) y que hay que avanzar en materia de donaciones\u201d, agrega Mies.<\/p>\n\n\n\n<p>A partir de ello, el <strong>CEDIS <\/strong>fij\u00f3 su carta de navegaci\u00f3n teniendo como norte apoyar al mundo empresarial para que cumpla con su rol social e impactar positivamente en la sociedad y, al mismo tiempo, conectar a las fundaciones y organizaciones sociales para promover el intercambio de conocimientos y buenas pr\u00e1cticas, generando alianzas estrat\u00e9gicas en el mundo privado, p\u00fablico y las OSFL.<\/p>\n\n\n\n<div class=\"alignfull wp-block-ugb-container ugb-container borde ugb-55f25d9 ugb-container--v2 ugb-container--design-plain ugb-main-block ugb-main-block--inner-center ugb--has-block-background\"><style>.ugb-55f25d9{padding:0 !important}<\/style><div class=\"ugb-inner-block ugb-inner-block--center\"><div class=\"ugb-block-content\"><div class=\"ugb-container__wrapper ugb-55f25d9-wrapper\"><div class=\"ugb-container__side\"><div class=\"ugb-container__content-wrapper ugb-55f25d9-content-wrapper\">\n<div class=\"wp-block-columns is-layout-flex wp-container-4 wp-block-columns-is-layout-flex\">\n<div class=\"wp-block-column is-layout-flow wp-block-column-is-layout-flow\">\n<figure class=\"wp-block-image size-large\"><img decoding=\"async\" loading=\"lazy\" width=\"1024\" height=\"768\" src=\"https:\/\/revistacampus.uandes.cl\/2022\/wp-content\/uploads\/2022\/08\/pro-_0002_cedis2-1024x768.jpg\" alt=\"\" class=\"wp-image-7441\" srcset=\"https:\/\/revistacampus.uandes.cl\/2022\/wp-content\/uploads\/2022\/08\/pro-_0002_cedis2-1024x768.jpg 1024w, https:\/\/revistacampus.uandes.cl\/2022\/wp-content\/uploads\/2022\/08\/pro-_0002_cedis2-300x225.jpg 300w, https:\/\/revistacampus.uandes.cl\/2022\/wp-content\/uploads\/2022\/08\/pro-_0002_cedis2-768x576.jpg 768w, https:\/\/revistacampus.uandes.cl\/2022\/wp-content\/uploads\/2022\/08\/pro-_0002_cedis2-480x360.jpg 480w, https:\/\/revistacampus.uandes.cl\/2022\/wp-content\/uploads\/2022\/08\/pro-_0002_cedis2.jpg 1417w\" sizes=\"(max-width: 1024px) 100vw, 1024px\" \/><figcaption>Rafael Mies, director del CEDIS; Carolina Fuentes, directora del Centro Familia Jard\u00edn \u00c1ngel Gabriel, y Macarena McKay, directora de Relaciones Internacionales del CEDIS.<\/figcaption><\/figure>\n<\/div>\n\n\n\n<div class=\"wp-block-column is-layout-flow wp-block-column-is-layout-flow\">\n<figure class=\"wp-block-image size-large\"><img decoding=\"async\" loading=\"lazy\" width=\"1024\" height=\"768\" src=\"https:\/\/revistacampus.uandes.cl\/2022\/wp-content\/uploads\/2022\/08\/pro-_0000_IMG_17382-1024x768.jpg\" alt=\"\" class=\"wp-image-7440\" srcset=\"https:\/\/revistacampus.uandes.cl\/2022\/wp-content\/uploads\/2022\/08\/pro-_0000_IMG_17382-1024x768.jpg 1024w, https:\/\/revistacampus.uandes.cl\/2022\/wp-content\/uploads\/2022\/08\/pro-_0000_IMG_17382-300x225.jpg 300w, https:\/\/revistacampus.uandes.cl\/2022\/wp-content\/uploads\/2022\/08\/pro-_0000_IMG_17382-768x576.jpg 768w, https:\/\/revistacampus.uandes.cl\/2022\/wp-content\/uploads\/2022\/08\/pro-_0000_IMG_17382-480x360.jpg 480w, https:\/\/revistacampus.uandes.cl\/2022\/wp-content\/uploads\/2022\/08\/pro-_0000_IMG_17382.jpg 1417w\" sizes=\"(max-width: 1024px) 100vw, 1024px\" \/><figcaption>Taller de peluquer\u00eda de la Fundaci\u00f3n SoyM\u00e1s, que trabaja para mejorar la calidad de vida de j\u00f3venes embarazadas y madres adolescentes a trav\u00e9s del microemprendimiento.<\/figcaption><\/figure>\n<\/div>\n\n\n\n<div class=\"wp-block-column is-layout-flow wp-block-column-is-layout-flow\">\n<figure class=\"wp-block-image size-large\"><img decoding=\"async\" loading=\"lazy\" width=\"1024\" height=\"768\" src=\"https:\/\/revistacampus.uandes.cl\/2022\/wp-content\/uploads\/2022\/08\/pro-_0001_CONSULTORIO-2-1024x768.jpg\" alt=\"\" class=\"wp-image-7442\" srcset=\"https:\/\/revistacampus.uandes.cl\/2022\/wp-content\/uploads\/2022\/08\/pro-_0001_CONSULTORIO-2-1024x768.jpg 1024w, https:\/\/revistacampus.uandes.cl\/2022\/wp-content\/uploads\/2022\/08\/pro-_0001_CONSULTORIO-2-300x225.jpg 300w, https:\/\/revistacampus.uandes.cl\/2022\/wp-content\/uploads\/2022\/08\/pro-_0001_CONSULTORIO-2-768x576.jpg 768w, https:\/\/revistacampus.uandes.cl\/2022\/wp-content\/uploads\/2022\/08\/pro-_0001_CONSULTORIO-2-480x360.jpg 480w, https:\/\/revistacampus.uandes.cl\/2022\/wp-content\/uploads\/2022\/08\/pro-_0001_CONSULTORIO-2.jpg 1417w\" sizes=\"(max-width: 1024px) 100vw, 1024px\" \/><figcaption>Dominique Soulodre, directora ejecutiva de Fundaci\u00f3n 7 Sue\u00f1os; y Cristina Le\u00f3n, directora ejecutiva del CEDIS; junto a una de las doctoras residentes del Policl\u00ednico Rosita Benveniste, de San Bernardo, y Rafael Mies, director CEDIS.<\/figcaption><\/figure>\n<\/div>\n<\/div>\n<\/div><\/div><\/div><\/div><\/div><\/div>\n\n\n\n<div class=\"wp-block-ugb-columns ugb-columns ugb-0b0269e ugb-columns--design-plain ugb-columns--columns-2 ugb-main-block\"><style>.ugb-0b0269e > .ugb-inner-block > .ugb-block-content > .ugb-columns__item{grid-template-columns:0.60fr 1.40fr !important}.ugb-0b0269e-content-wrapper > .ugb-column{align-items:center !important}.ugb-0b0269e-content-wrapper > .ugb-column > .ugb-inner-block{height:auto !important}<\/style><div class=\"ugb-inner-block\"><div class=\"ugb-block-content\"><div class=\"ugb-columns__item ugb-0b0269e-content-wrapper\">\n<div class=\"wp-block-ugb-column ugb-column ugb-2575524 ugb-column--design-plain ugb-main-block\"><div class=\"ugb-inner-block\"><div class=\"ugb-block-content\"><div class=\"ugb-column__item ugb-2575524-column-wrapper\"><div class=\"ugb-column__content-wrapper\">\n<div class=\"wp-block-stackable-count-up stk-block-count-up stk-block stk-5ca1081\" data-block-id=\"5ca1081\"><div class=\"stk-block-count-up__text has-text-align-center\"><strong><span style=\"color: #0079c8;\" class=\"stk-highlight\">30<\/span><\/strong><\/div><\/div>\n\n\n\n<p class=\"has-text-align-center\">fundaciones y organizaciones sociales sin fines de lucro ya firmaron convenio con el CEDIS<\/p>\n<\/div><\/div><\/div><\/div><\/div>\n\n\n\n<div class=\"wp-block-ugb-column ugb-column ugb-a6ea2c3 ugb-column--design-plain ugb-main-block\"><div class=\"ugb-inner-block\"><div class=\"ugb-block-content\"><div class=\"ugb-column__item ugb-a6ea2c3-column-wrapper\"><div class=\"ugb-column__content-wrapper\">\n<p><strong>En su primer a\u00f1o, el CEDIS ha concretado convenios con 30 fundaciones y organizaciones sociales<\/strong>, que permiten establecer puentes entre las distintas realidades, personas, empresas, el mundo p\u00fablico y la sociedad civil para abordar sus inquietudes y necesidades. A su vez, se ofrecen diplomados para profesionalizar su gesti\u00f3n y se realiza una labor interdisciplinaria para efectuar investigaciones, publicaciones, mediciones de impacto y mapeo de las OSFL.<\/p>\n<\/div><\/div><\/div><\/div><\/div>\n<\/div><\/div><\/div><\/div>\n\n\n\n<p>Un convenio es con la <a href=\"https:\/\/www.fundacioncontrabajo.cl\/\" target=\"_blank\" rel=\"noreferrer noopener\">Fundaci\u00f3n ConTrabajo<\/a>, dedicada a mejorar la calidad de vida de las personas con discapacidad intelectual a trav\u00e9s de la inserci\u00f3n laboral. \u201cEs una iniciativa, junto con <a href=\"https:\/\/accionempresas.cl\/\" target=\"_blank\" rel=\"noreferrer noopener\">Acci\u00f3n Empresas<\/a> y la <a href=\"https:\/\/empresainclusiva.cl\/rein\/\" target=\"_blank\" rel=\"noreferrer noopener\">Red de Empresas Inclusivas de Sofofa<\/a>, que invita a las compa\u00f1\u00edas a acelerar la participaci\u00f3n laboral de las personas con discapacidad. Ha sido una muy buena alianza porque, como el <strong>CEDIS <\/strong>est\u00e1 en el ESE, habla de un enfoque para empresas. Con esto, se busca acelerar la participaci\u00f3n de las personas con discapacidad mediante el liderazgo y compromiso de los CEOs\u201d, indica <strong>Mar\u00eda Jos\u00e9 L\u00f3pez<\/strong>, directora ejecutiva de la fundaci\u00f3n.<\/p>\n\n\n\n<p><strong><span style=\"color: #0079c8;\" class=\"stk-highlight\">DIPLOMADO EN GESTI\u00d3N DE NEGOCIOS PARA MICROEMPRESARIOS DE LA PINTANA<\/span><\/strong><\/p>\n\n\n<div class=\"wp-block-image\">\n<figure class=\"aligncenter size-large\"><img decoding=\"async\" loading=\"lazy\" width=\"1024\" height=\"438\" src=\"https:\/\/revistacampus.uandes.cl\/2022\/wp-content\/uploads\/2022\/08\/Curso-MiniPymes-08-1024x438.jpg\" alt=\"\" class=\"wp-image-7444\" srcset=\"https:\/\/revistacampus.uandes.cl\/2022\/wp-content\/uploads\/2022\/08\/Curso-MiniPymes-08-1024x438.jpg 1024w, https:\/\/revistacampus.uandes.cl\/2022\/wp-content\/uploads\/2022\/08\/Curso-MiniPymes-08-300x128.jpg 300w, https:\/\/revistacampus.uandes.cl\/2022\/wp-content\/uploads\/2022\/08\/Curso-MiniPymes-08-768x328.jpg 768w, https:\/\/revistacampus.uandes.cl\/2022\/wp-content\/uploads\/2022\/08\/Curso-MiniPymes-08-480x205.jpg 480w, https:\/\/revistacampus.uandes.cl\/2022\/wp-content\/uploads\/2022\/08\/Curso-MiniPymes-08.jpg 1522w\" sizes=\"(max-width: 1024px) 100vw, 1024px\" \/><figcaption><br>Sesi\u00f3n final del <a href=\"https:\/\/ese.cl\/ese\/noticias\/ese-business-school-dio-inicio-a-la-sexta-version-del-diploma-en-gestion\/2022-05-26\/115838.html\" target=\"_blank\" rel=\"noreferrer noopener\">diplomado para microempresarios<\/a>, en la cual presentan su plan de negocios a empresarios que les dan su feedback.<\/figcaption><\/figure><\/div>\n\n\n<p>La implementaci\u00f3n de clases <em>online<\/em>, que debutaron en pandemia, permiti\u00f3 ampliar el alcance de este programa, que en siete a\u00f1os ha capacitado a 200 personas. Dise\u00f1ado para entregar herramientas de contabilidad, finanzas, ventas, marketing y estrategias comerciales a microemprendedores de La Pintana, el diplomado del ESE ahora acoge tambi\u00e9n a vecinos de Huechuraba, Curacav\u00ed, Puente Alto, Cerro Navia y zonas de Santiago Centro.<\/p>\n\n\n\n<p>\u201cNuestros alumnos son personas que tienen alg\u00fan emprendimiento o negocio, con una facturaci\u00f3n muy baja, y les entregamos los elementos b\u00e1sicos para que puedan mejorar sus servicios, prosperar y salir adelante con sus familias\u201d, explica <a href=\"https:\/\/ese.cl\/ese\/academico\/full-time\/liderazgo-y-etica\/raul-lagomarsino\/2018-04-05\/154356.html\" target=\"_blank\" rel=\"noreferrer noopener\">Ra\u00fal Lagomarsino<\/a>, encargado del programa.<\/p>\n\n\n\n<p>En sus dos meses de duraci\u00f3n, los alumnos desarrollan un plan de negocios, guiados por tutor\u00edas personalizadas, y el \u00faltimo d\u00eda presentan su plan frente a un grupo de empresarios en el ESE, quienes les entregan sus recomendaciones.<\/p>\n\n\n\n<div class=\"alignfull wp-block-ugb-container ugb-container borde ugb-650080c ugb-container--v2 ugb-container--design-plain ugb-main-block ugb-main-block--inner-center ugb--has-block-background\"><style>.ugb-650080c.ugb-container{background-color:#ededed}.ugb-650080c{padding:0 !important}.ugb-650080c.ugb-container:before{background-color:#ededed}<\/style><div class=\"ugb-inner-block ugb-inner-block--center\"><div class=\"ugb-block-content\"><div class=\"ugb-container__wrapper ugb-650080c-wrapper\"><div class=\"ugb-container__side\"><div class=\"ugb-container__content-wrapper ugb-650080c-content-wrapper\">\n<p><strong><span style=\"color: #0079c8;\" class=\"stk-highlight\">FONDOS DE BECAS SOCIALES ALUMNI<\/span><\/strong><\/p>\n\n\n\n<p>Con el objetivo de incentivar los proyectos sociales, la <a href=\"https:\/\/ese.cl\/alumni\/site\/edic\/base\/port\/inicio.html\" target=\"_blank\" rel=\"noreferrer noopener\">Direcci\u00f3n Alumni del ESE<\/a> lanz\u00f3 este proyecto, orientado a que directivos de fundaciones u organizaciones sin fines de lucro, que no cuenten con los recursos necesarios, puedan cursar el <em>Executive Master en Gesti\u00f3n de Empresas y Organizaciones<\/em>, <a href=\"https:\/\/ese.cl\/ese\/area-de-interes\/gestion-estrategica\/mas-de-1-ano\/emgeo\/2020-11-24\/112845.html\" target=\"_blank\" rel=\"noreferrer noopener\">EMGEO<\/a>.<\/p>\n\n\n\n<p><strong>Juan Pablo Da\u00f1obeit\u00eda, miembro del Consejo Alumni<\/strong>, comenta que \u201cnos proyectamos para que sea un plan permanente y que cada a\u00f1o vaya creciendo el n\u00famero de becados y as\u00ed demostrar c\u00f3mo esos nuevos alumni han impactado en sus propias organizaciones y han logrado ser un mayor aporte a nuestra sociedad\u201d, muy en l\u00ednea con el <strong>CEDIS<\/strong>.<\/p>\n<\/div><\/div><\/div><\/div><\/div><\/div>\n\n\n\n<p><\/p>\n\n\n\n<p style=\"font-size:15px\">Por: Paulina Salcedo<\/p>\n","protected":false},"excerpt":{"rendered":"<p>En su primer a\u00f1o de funcionamiento, el Centro de Desarrollo de Iniciativas Sociales, CEDIS, del ESE Business School ha alcanzado convenios con 30 organizaciones sociales sin fines de lucro para apoyarlas en el fortalecimiento de sus capacidades. La crisis social de 2019 y la pandemia han removido la escena nacional, dejando al descubierto importantes desaf\u00edos sociales que es necesario abordar para avanzar hacia una mejor sociedad.&nbsp; Alentados por ese esp\u00edritu, el ESE Business School cre\u00f3 en 2021 el Centro para el Desarrollo de Iniciativas Sociales, cuyo objetivo es generar un espacio de encuentro para m\u00faltiples actores, donde puedan participar y<\/p>\n","protected":false},"author":2,"featured_media":7435,"comment_status":"open","ping_status":"open","sticky":false,"template":"","format":"standard","meta":{"inline_featured_image":false,"_mi_skip_tracking":false,"_monsterinsights_sitenote_active":false,"_monsterinsights_sitenote_note":"","_monsterinsights_sitenote_category":0,"footnotes":""},"categories":[52],"tags":[],"featured_image_urls":{"full":["https:\/\/revistacampus.uandes.cl\/2022\/wp-content\/uploads\/2022\/08\/JARDIN-.jpeg",1134,850,false],"thumbnail":["https:\/\/revistacampus.uandes.cl\/2022\/wp-content\/uploads\/2022\/08\/JARDIN--150x150.jpeg",150,150,true],"medium":["https:\/\/revistacampus.uandes.cl\/2022\/wp-content\/uploads\/2022\/08\/JARDIN--300x225.jpeg",300,225,true],"medium_large":["https:\/\/revistacampus.uandes.cl\/2022\/wp-content\/uploads\/2022\/08\/JARDIN--768x576.jpeg",768,576,true],"large":["https:\/\/revistacampus.uandes.cl\/2022\/wp-content\/uploads\/2022\/08\/JARDIN--1024x768.jpeg",1024,768,true],"1536x1536":["https:\/\/revistacampus.uandes.cl\/2022\/wp-content\/uploads\/2022\/08\/JARDIN-.jpeg",1134,850,false],"2048x2048":["https:\/\/revistacampus.uandes.cl\/2022\/wp-content\/uploads\/2022\/08\/JARDIN-.jpeg",1134,850,false],"thumbnail-medium":["https:\/\/revistacampus.uandes.cl\/2022\/wp-content\/uploads\/2022\/08\/JARDIN--480x384.jpeg",480,384,true],"thumbnail-square":["https:\/\/revistacampus.uandes.cl\/2022\/wp-content\/uploads\/2022\/08\/JARDIN--480x480.jpeg",480,480,true],"thumbnail-portrait":["https:\/\/revistacampus.uandes.cl\/2022\/wp-content\/uploads\/2022\/08\/JARDIN--480x600.jpeg",480,600,true],"thumbnail-large":["https:\/\/revistacampus.uandes.cl\/2022\/wp-content\/uploads\/2022\/08\/JARDIN--720x480.jpeg",720,480,true],"thumbnail-medium-nocrop":["https:\/\/revistacampus.uandes.cl\/2022\/wp-content\/uploads\/2022\/08\/JARDIN--480x360.jpeg",480,360,true]},"post_excerpt_stackable":"<p>En su primer a\u00f1o de funcionamiento, el Centro de Desarrollo de Iniciativas Sociales, CEDIS, del ESE Business School ha alcanzado convenios con 30 organizaciones sociales sin fines de lucro para apoyarlas en el fortalecimiento de sus capacidades. La crisis social de 2019 y la pandemia han removido la escena nacional, dejando al descubierto importantes desaf\u00edos sociales que es necesario abordar para avanzar hacia una mejor sociedad.&nbsp; Alentados por ese esp\u00edritu, el ESE Business School cre\u00f3 en 2021 el Centro para el Desarrollo de Iniciativas Sociales, cuyo objetivo es generar un espacio de encuentro para m\u00faltiples actores, donde puedan participar y&hellip;<\/p>\n","category_list":"<a href=\"https:\/\/revistacampus.uandes.cl\/2022\/category\/servir-y-trascender\/\" rel=\"category tag\">Servir y trascender<\/a>","author_info":{"name":"Revista Campus","url":"https:\/\/revistacampus.uandes.cl\/2022\/author\/campus2020\/"},"comments_num":"0 comments","featured_image_urls_v2":{"full":["https:\/\/revistacampus.uandes.cl\/2022\/wp-content\/uploads\/2022\/08\/JARDIN-.jpeg",1134,850,false],"thumbnail":["https:\/\/revistacampus.uandes.cl\/2022\/wp-content\/uploads\/2022\/08\/JARDIN--150x150.jpeg",150,150,true],"medium":["https:\/\/revistacampus.uandes.cl\/2022\/wp-content\/uploads\/2022\/08\/JARDIN--300x225.jpeg",300,225,true],"medium_large":["https:\/\/revistacampus.uandes.cl\/2022\/wp-content\/uploads\/2022\/08\/JARDIN--768x576.jpeg",768,576,true],"large":["https:\/\/revistacampus.uandes.cl\/2022\/wp-content\/uploads\/2022\/08\/JARDIN--1024x768.jpeg",1024,768,true],"1536x1536":["https:\/\/revistacampus.uandes.cl\/2022\/wp-content\/uploads\/2022\/08\/JARDIN-.jpeg",1134,850,false],"2048x2048":["https:\/\/revistacampus.uandes.cl\/2022\/wp-content\/uploads\/2022\/08\/JARDIN-.jpeg",1134,850,false],"thumbnail-medium":["https:\/\/revistacampus.uandes.cl\/2022\/wp-content\/uploads\/2022\/08\/JARDIN--480x384.jpeg",480,384,true],"thumbnail-square":["https:\/\/revistacampus.uandes.cl\/2022\/wp-content\/uploads\/2022\/08\/JARDIN--480x480.jpeg",480,480,true],"thumbnail-portrait":["https:\/\/revistacampus.uandes.cl\/2022\/wp-content\/uploads\/2022\/08\/JARDIN--480x600.jpeg",480,600,true],"thumbnail-large":["https:\/\/revistacampus.uandes.cl\/2022\/wp-content\/uploads\/2022\/08\/JARDIN--720x480.jpeg",720,480,true],"thumbnail-medium-nocrop":["https:\/\/revistacampus.uandes.cl\/2022\/wp-content\/uploads\/2022\/08\/JARDIN--480x360.jpeg",480,360,true]},"post_excerpt_stackable_v2":"<p>En su primer a\u00f1o de funcionamiento, el Centro de Desarrollo de Iniciativas Sociales, CEDIS, del ESE Business School ha alcanzado convenios con 30 organizaciones sociales sin fines de lucro para apoyarlas en el fortalecimiento de sus capacidades. La crisis social de 2019 y la pandemia han removido la escena nacional, dejando al descubierto importantes desaf\u00edos sociales que es necesario abordar para avanzar hacia una mejor sociedad.&nbsp; Alentados por ese esp\u00edritu, el ESE Business School cre\u00f3 en 2021 el Centro para el Desarrollo de Iniciativas Sociales, cuyo objetivo es generar un espacio de encuentro para m\u00faltiples actores, donde puedan participar y&hellip;<\/p>\n","category_list_v2":"<a href=\"https:\/\/revistacampus.uandes.cl\/2022\/category\/servir-y-trascender\/\" rel=\"category tag\">Servir y trascender<\/a>","author_info_v2":{"name":"Revista Campus","url":"https:\/\/revistacampus.uandes.cl\/2022\/author\/campus2020\/"},"comments_num_v2":"0 comments","_links":{"self":[{"href":"https:\/\/revistacampus.uandes.cl\/2022\/wp-json\/wp\/v2\/posts\/6622"}],"collection":[{"href":"https:\/\/revistacampus.uandes.cl\/2022\/wp-json\/wp\/v2\/posts"}],"about":[{"href":"https:\/\/revistacampus.uandes.cl\/2022\/wp-json\/wp\/v2\/types\/post"}],"author":[{"embeddable":true,"href":"https:\/\/revistacampus.uandes.cl\/2022\/wp-json\/wp\/v2\/users\/2"}],"replies":[{"embeddable":true,"href":"https:\/\/revistacampus.uandes.cl\/2022\/wp-json\/wp\/v2\/comments?post=6622"}],"version-history":[{"count":11,"href":"https:\/\/revistacampus.uandes.cl\/2022\/wp-json\/wp\/v2\/posts\/6622\/revisions"}],"predecessor-version":[{"id":8169,"href":"https:\/\/revistacampus.uandes.cl\/2022\/wp-json\/wp\/v2\/posts\/6622\/revisions\/8169"}],"wp:featuredmedia":[{"embeddable":true,"href":"https:\/\/revistacampus.uandes.cl\/2022\/wp-json\/wp\/v2\/media\/7435"}],"wp:attachment":[{"href":"https:\/\/revistacampus.uandes.cl\/2022\/wp-json\/wp\/v2\/media?parent=6622"}],"wp:term":[{"taxonomy":"category","embeddable":true,"href":"https:\/\/revistacampus.uandes.cl\/2022\/wp-json\/wp\/v2\/categories?post=6622"},{"taxonomy":"post_tag","embeddable":true,"href":"https:\/\/revistacampus.uandes.cl\/2022\/wp-json\/wp\/v2\/tags?post=6622"}],"curies":[{"name":"wp","href":"https:\/\/api.w.org\/{rel}","templated":true}]}}