{"id":6619,"date":"2022-07-02T20:39:00","date_gmt":"2022-07-03T00:39:00","guid":{"rendered":"https:\/\/revistacampus.uandes.cl\/2022\/?p=6619"},"modified":"2022-09-08T22:11:11","modified_gmt":"2022-09-09T02:11:11","slug":"nuestras-plumas-2022","status":"publish","type":"post","link":"https:\/\/revistacampus.uandes.cl\/2022\/nuestras-plumas-2022\/","title":{"rendered":"Nuestras Plumas"},"content":{"rendered":"\n<p class=\"has-text-align-left\"><strong><span style=\"color: #000000;\" class=\"stk-highlight\">Libros publicados por acad\u00e9micos UANDES durante 2021.<\/span><\/strong><\/p>\n\n\n\n<div style=\"height:50px\" aria-hidden=\"true\" class=\"wp-block-spacer\"><\/div>\n\n\n\n<div class=\"wp-block-stackable-separator alignfull stk-block-separator stk--no-padding stk-block stk-7a95aa3\" data-block-id=\"7a95aa3\"><style>.stk-7a95aa3{transform:scaleX(-1) scaleY(-1) !important}.stk-7a95aa3 svg{fill:#000000 !important;filter:none !important}.stk-7a95aa3 .stk-block-separator__inner{height:50px !important}<\/style><div class=\"stk-block-separator__inner\"><svg xmlns=\"http:\/\/www.w3.org\/2000\/svg\" viewBox=\"0 0 1600 200\" class=\"stk-separator__layer-1\" preserveAspectRatio=\"none\" aria-hidden=\"true\"><path d=\"M-10 210h1620V105.2H-10z\"><\/path><\/svg><\/div><\/div>\n\n\n\n<div class=\"alignfull wp-block-ugb-container ugb-container borde ugb-1efacc3 ugb-container--v2 ugb-container--design-plain ugb-main-block ugb-main-block--inner-center ugb--has-block-background\"><style>.ugb-1efacc3.ugb-container{background-color:#ededed}.ugb-1efacc3{padding:0 !important}.ugb-1efacc3.ugb-container:before{background-color:#ededed}<\/style><div class=\"ugb-inner-block ugb-inner-block--center\"><div class=\"ugb-block-content\"><div class=\"ugb-container__wrapper ugb-1efacc3-wrapper\"><div class=\"ugb-container__side\"><div class=\"ugb-container__content-wrapper ugb-1efacc3-content-wrapper\">\n<div class=\"wp-block-media-text alignfull is-stacked-on-mobile is-vertically-aligned-center libro\" style=\"grid-template-columns:24% auto\"><figure class=\"wp-block-media-text__media\"><img decoding=\"async\" loading=\"lazy\" width=\"737\" height=\"1024\" src=\"https:\/\/revistacampus.uandes.cl\/2022\/wp-content\/uploads\/2022\/08\/TAPA_CARTAS-737x1024.jpg\" alt=\"\" class=\"wp-image-7405 size-full\" srcset=\"https:\/\/revistacampus.uandes.cl\/2022\/wp-content\/uploads\/2022\/08\/TAPA_CARTAS-737x1024.jpg 737w, https:\/\/revistacampus.uandes.cl\/2022\/wp-content\/uploads\/2022\/08\/TAPA_CARTAS-216x300.jpg 216w, https:\/\/revistacampus.uandes.cl\/2022\/wp-content\/uploads\/2022\/08\/TAPA_CARTAS-768x1067.jpg 768w, https:\/\/revistacampus.uandes.cl\/2022\/wp-content\/uploads\/2022\/08\/TAPA_CARTAS-1106x1536.jpg 1106w, https:\/\/revistacampus.uandes.cl\/2022\/wp-content\/uploads\/2022\/08\/TAPA_CARTAS-480x667.jpg 480w, https:\/\/revistacampus.uandes.cl\/2022\/wp-content\/uploads\/2022\/08\/TAPA_CARTAS.jpg 1284w\" sizes=\"(max-width: 737px) 100vw, 737px\" \/><\/figure><div class=\"wp-block-media-text__content\">\n<h4 class=\"has-text-color wp-block-heading\" style=\"color:#ff2e17\"><strong>CARTAS Y RELACIONES DEL ESTRECHO DE MAGALLANES<\/strong><\/h4>\n\n\n\n<p><strong>Autor:<\/strong>&nbsp;<a href=\"https:\/\/www.uandes.cl\/personas\/joaquin-zuleta-carrandi\/\" target=\"_blank\" rel=\"noreferrer noopener\">Joaqu\u00edn Zuleta<\/a><br><strong>Editorial:<\/strong> Editorial Universitaria<br><strong>P\u00e1ginas:&nbsp;<\/strong>590<\/p>\n\n\n\n<p>Al cumplirse 500 a\u00f1os del descubrimiento del Estrecho de Magallanes, esta edici\u00f3n cr\u00edtica, en su quinto volumen, re\u00fane escritos relevantes del cosm\u00f3grafo, navegante y descubridor gallego Pedro Sarmiento de Gamboa en su legendario intento por fortificar y poblar el paso austral, conocido en la historiograf\u00eda chilena como \u201cLa aventura de Puerto de Hambre\u201d. (<a href=\"https:\/\/www.uandes.cl\/noticias\/lanzamiento-de-cartas-y-relaciones-del-estrecho-de-magallanes-1580-1590-de-pedro-sarmiento-de-gamboa\/\" target=\"_blank\" rel=\"noreferrer noopener\">Ver m\u00e1s<\/a>)<\/p>\n<\/div><\/div>\n<\/div><\/div><\/div><\/div><\/div><\/div>\n\n\n\n<div class=\"alignfull wp-block-ugb-container ugb-container borde ugb-a879c0c ugb-container--v2 ugb-container--design-plain ugb-main-block ugb-main-block--inner-center ugb--has-block-background\"><style>.ugb-a879c0c.ugb-container{background-color:#ffffff}.ugb-a879c0c{padding:0 !important}.ugb-a879c0c.ugb-container:before{background-color:#ffffff}<\/style><div class=\"ugb-inner-block ugb-inner-block--center\"><div class=\"ugb-block-content\"><div class=\"ugb-container__wrapper ugb-a879c0c-wrapper\"><div class=\"ugb-container__side\"><div class=\"ugb-container__content-wrapper ugb-a879c0c-content-wrapper\">\n<div class=\"wp-block-media-text alignfull is-stacked-on-mobile is-vertically-aligned-center libro\" style=\"grid-template-columns:24% auto\"><figure class=\"wp-block-media-text__media\"><img decoding=\"async\" loading=\"lazy\" width=\"670\" height=\"1024\" src=\"https:\/\/revistacampus.uandes.cl\/2022\/wp-content\/uploads\/2022\/08\/Remontar-el-vuelo2-670x1024.jpg\" alt=\"\" class=\"wp-image-7429 size-full\" srcset=\"https:\/\/revistacampus.uandes.cl\/2022\/wp-content\/uploads\/2022\/08\/Remontar-el-vuelo2-670x1024.jpg 670w, https:\/\/revistacampus.uandes.cl\/2022\/wp-content\/uploads\/2022\/08\/Remontar-el-vuelo2-196x300.jpg 196w, https:\/\/revistacampus.uandes.cl\/2022\/wp-content\/uploads\/2022\/08\/Remontar-el-vuelo2-480x734.jpg 480w, https:\/\/revistacampus.uandes.cl\/2022\/wp-content\/uploads\/2022\/08\/Remontar-el-vuelo2.jpg 742w\" sizes=\"(max-width: 670px) 100vw, 670px\" \/><\/figure><div class=\"wp-block-media-text__content\">\n<h4 class=\"has-text-color wp-block-heading\" style=\"color:#ff2e17\"><strong>REMONTAR EL VUELO<\/strong><\/h4>\n\n\n\n<p><strong>Editora:<\/strong>&nbsp;<a rel=\"noreferrer noopener\" href=\"https:\/\/www.uandes.cl\/personas\/paula-baldwin-lind\/\" target=\"_blank\">Paula Baldwin<\/a><br><strong>Editorial:<\/strong> RIL Editores<br><strong>P\u00e1ginas:&nbsp;<\/strong>278<\/p>\n\n\n\n<p>Este volumen re\u00fane trabajos de acad\u00e9micos UANDES y de otras universidades chilenas que analizan la presencia de las aves en la poes\u00eda brit\u00e1nica y latinoamericana de los siglos XIX y XX. Los estudios comparados interpretan los cruces simb\u00f3licos, im\u00e1genes, recursos ret\u00f3ricos, reescrituras, traducciones, apropiaciones y otros temas relacionados con las aves que aparecen en ambas tradiciones po\u00e9ticas. (<a href=\"https:\/\/www.uandes.cl\/noticias\/paula-baldwin-edita-libro-sobre-aves-en-la-poesia-britanica-y-latinoamericana\/\" target=\"_blank\" rel=\"noreferrer noopener\">Ver m\u00e1s<\/a>)<\/p>\n<\/div><\/div>\n<\/div><\/div><\/div><\/div><\/div><\/div>\n\n\n\n<div class=\"alignfull wp-block-ugb-container ugb-container borde ugb-f064153 ugb-container--v2 ugb-container--design-plain ugb-main-block ugb-main-block--inner-center ugb--has-block-background\"><style>.ugb-f064153.ugb-container{background-color:#ededed}.ugb-f064153{padding:0 !important}.ugb-f064153.ugb-container:before{background-color:#ededed}<\/style><div class=\"ugb-inner-block ugb-inner-block--center\"><div class=\"ugb-block-content\"><div class=\"ugb-container__wrapper ugb-f064153-wrapper\"><div class=\"ugb-container__side\"><div class=\"ugb-container__content-wrapper ugb-f064153-content-wrapper\">\n<div class=\"wp-block-media-text alignfull is-stacked-on-mobile is-vertically-aligned-center libro\" style=\"grid-template-columns:24% auto\"><figure class=\"wp-block-media-text__media\"><img decoding=\"async\" loading=\"lazy\" width=\"734\" height=\"1024\" src=\"https:\/\/revistacampus.uandes.cl\/2022\/wp-content\/uploads\/2022\/08\/Las-Categorias-de-la-Historia-734x1024.jpeg\" alt=\"\" class=\"wp-image-7406 size-full\" srcset=\"https:\/\/revistacampus.uandes.cl\/2022\/wp-content\/uploads\/2022\/08\/Las-Categorias-de-la-Historia-734x1024.jpeg 734w, https:\/\/revistacampus.uandes.cl\/2022\/wp-content\/uploads\/2022\/08\/Las-Categorias-de-la-Historia-215x300.jpeg 215w, https:\/\/revistacampus.uandes.cl\/2022\/wp-content\/uploads\/2022\/08\/Las-Categorias-de-la-Historia-768x1072.jpeg 768w, https:\/\/revistacampus.uandes.cl\/2022\/wp-content\/uploads\/2022\/08\/Las-Categorias-de-la-Historia-1100x1536.jpeg 1100w, https:\/\/revistacampus.uandes.cl\/2022\/wp-content\/uploads\/2022\/08\/Las-Categorias-de-la-Historia-480x670.jpeg 480w, https:\/\/revistacampus.uandes.cl\/2022\/wp-content\/uploads\/2022\/08\/Las-Categorias-de-la-Historia.jpeg 1200w\" sizes=\"(max-width: 734px) 100vw, 734px\" \/><\/figure><div class=\"wp-block-media-text__content\">\n<h4 class=\"has-text-color wp-block-heading\" style=\"color:#ff2e17\"><strong>LAS CATEGOR\u00cdAS DE LA HISTORIA<\/strong><\/h4>\n\n\n\n<p><strong>Editor:<\/strong>&nbsp;<a rel=\"noreferrer noopener\" href=\"https:\/\/www.uandes.cl\/personas\/jose-luis-widow-lira\/\" target=\"_blank\">Jos\u00e9 Luis Widow<\/a>, et al.<br><strong>Editorial:<\/strong> Ediciones Trea, S.L<br><strong>P\u00e1ginas:&nbsp;<\/strong>328<\/p>\n\n\n\n<p>El problema de pensar las categor\u00edas temporales como categor\u00edas hist\u00f3ricas nos pone ante el dilema de la conciencia hist\u00f3rica, no solo del historiador que quiere salvar del olvido el pasado y proyectarlo en el futuro de las generaciones venideras, sino tambi\u00e9n del sujeto entendido como agente de la historia, que instalado en el presente contempla y considera pasado y futuro, que escapan de la actualidad. (<a href=\"https:\/\/trea.es\/producto\/las-categorias-de-la-historia-pasado-presente-y-futuro\/\" target=\"_blank\" rel=\"noreferrer noopener\">Ver m\u00e1s<\/a>)<\/p>\n<\/div><\/div>\n<\/div><\/div><\/div><\/div><\/div><\/div>\n\n\n\n<div class=\"alignfull wp-block-ugb-container ugb-container borde ugb-0cd49f5 ugb-container--v2 ugb-container--design-plain ugb-main-block ugb-main-block--inner-center ugb--has-block-background\"><style>.ugb-0cd49f5.ugb-container{background-color:#ffffff}.ugb-0cd49f5{padding:0 !important}.ugb-0cd49f5.ugb-container:before{background-color:#ffffff}<\/style><div class=\"ugb-inner-block ugb-inner-block--center\"><div class=\"ugb-block-content\"><div class=\"ugb-container__wrapper ugb-0cd49f5-wrapper\"><div class=\"ugb-container__side\"><div class=\"ugb-container__content-wrapper ugb-0cd49f5-content-wrapper\">\n<div class=\"wp-block-media-text alignfull is-stacked-on-mobile is-vertically-aligned-center libro\" style=\"grid-template-columns:24% auto\"><figure class=\"wp-block-media-text__media\"><img decoding=\"async\" loading=\"lazy\" width=\"578\" height=\"914\" src=\"https:\/\/revistacampus.uandes.cl\/2022\/wp-content\/uploads\/2022\/09\/la-balada-de-la-carcel.jpg\" alt=\"\" class=\"wp-image-7857 size-full\" srcset=\"https:\/\/revistacampus.uandes.cl\/2022\/wp-content\/uploads\/2022\/09\/la-balada-de-la-carcel.jpg 578w, https:\/\/revistacampus.uandes.cl\/2022\/wp-content\/uploads\/2022\/09\/la-balada-de-la-carcel-190x300.jpg 190w, https:\/\/revistacampus.uandes.cl\/2022\/wp-content\/uploads\/2022\/09\/la-balada-de-la-carcel-480x759.jpg 480w\" sizes=\"(max-width: 578px) 100vw, 578px\" \/><\/figure><div class=\"wp-block-media-text__content\">\n<h4 class=\"has-text-color wp-block-heading\" style=\"color:#ff2e17\"><strong>LA BALADA DE LA C\u00c1RCEL DE READING<\/strong><\/h4>\n\n\n\n<p><strong>Traductor:<\/strong>&nbsp;<a rel=\"noreferrer noopener\" href=\"https:\/\/www.uandes.cl\/personas\/braulio-fernandez-biggs\/\" target=\"_blank\">Braulio Fern\u00e1ndez<\/a><br><strong>Editorial:<\/strong> Ediciones T\u00e1citas<br><strong>P\u00e1ginas:&nbsp;<\/strong>100<\/p>\n\n\n\n<p>El 25 de mayo de 1895, Oscar Wilde fue condenado a prisi\u00f3n, finalmente lleg\u00f3 a Reading donde, seg\u00fan sus propias palabras, padeci\u00f3 hambre, insomnio y enfermedad. De esa experiencia naci\u00f3 La balada de la c\u00e1rcel de Reading. Aunque est\u00e1 dedicado a Charles Thomas Wooldridge, que asesin\u00f3 a su esposa en la calle, Wilde tambi\u00e9n hace de su caso un medio para una defensa a\u00fan m\u00e1s importante: la vida del condenado a muerte y las mejoras necesarias al sistema penitenciario. (<a href=\"https:\/\/www.uandes.cl\/noticias\/lanzan-traduccion-en-espanol-de-la-balada-de-la-carcel-de-reading\/\" target=\"_blank\" rel=\"noreferrer noopener\">Ver m\u00e1s<\/a>)<\/p>\n<\/div><\/div>\n<\/div><\/div><\/div><\/div><\/div><\/div>\n\n\n\n<div class=\"alignfull wp-block-ugb-container ugb-container borde ugb-84e90e2 ugb-container--v2 ugb-container--design-plain ugb-main-block ugb-main-block--inner-center ugb--has-block-background\"><style>.ugb-84e90e2.ugb-container{background-color:#ededed}.ugb-84e90e2{padding:0 !important}.ugb-84e90e2.ugb-container:before{background-color:#ededed}<\/style><div class=\"ugb-inner-block ugb-inner-block--center\"><div class=\"ugb-block-content\"><div class=\"ugb-container__wrapper ugb-84e90e2-wrapper\"><div class=\"ugb-container__side\"><div class=\"ugb-container__content-wrapper ugb-84e90e2-content-wrapper\">\n<div class=\"wp-block-media-text alignfull is-stacked-on-mobile is-vertically-aligned-center libro\" style=\"grid-template-columns:24% auto\"><figure class=\"wp-block-media-text__media\"><img decoding=\"async\" loading=\"lazy\" width=\"619\" height=\"1024\" src=\"https:\/\/revistacampus.uandes.cl\/2022\/wp-content\/uploads\/2022\/08\/117_Fe-y-Razon_portada-1-619x1024.jpg\" alt=\"\" class=\"wp-image-7408 size-full\" srcset=\"https:\/\/revistacampus.uandes.cl\/2022\/wp-content\/uploads\/2022\/08\/117_Fe-y-Razon_portada-1-619x1024.jpg 619w, https:\/\/revistacampus.uandes.cl\/2022\/wp-content\/uploads\/2022\/08\/117_Fe-y-Razon_portada-1-181x300.jpg 181w, https:\/\/revistacampus.uandes.cl\/2022\/wp-content\/uploads\/2022\/08\/117_Fe-y-Razon_portada-1-768x1271.jpg 768w, https:\/\/revistacampus.uandes.cl\/2022\/wp-content\/uploads\/2022\/08\/117_Fe-y-Razon_portada-1-928x1536.jpg 928w, https:\/\/revistacampus.uandes.cl\/2022\/wp-content\/uploads\/2022\/08\/117_Fe-y-Razon_portada-1-1238x2048.jpg 1238w, https:\/\/revistacampus.uandes.cl\/2022\/wp-content\/uploads\/2022\/08\/117_Fe-y-Razon_portada-1-480x794.jpg 480w, https:\/\/revistacampus.uandes.cl\/2022\/wp-content\/uploads\/2022\/08\/117_Fe-y-Razon_portada-1.jpg 1285w\" sizes=\"(max-width: 619px) 100vw, 619px\" \/><\/figure><div class=\"wp-block-media-text__content\">\n<h4 class=\"has-text-color wp-block-heading\" style=\"color:#ff2e17\"><strong>FE Y RAZ\u00d3N<\/strong><\/h4>\n\n\n\n<p><strong>Autor:<\/strong>&nbsp;<a rel=\"noreferrer noopener\" href=\"https:\/\/www.uandes.cl\/personas\/padre-enrique-colom\/\" target=\"_blank\">P. Enrique Colom<\/a><br><strong>Editorial:<\/strong> EUNSA. Ediciones Universidad de Navarra<br><strong>P\u00e1ginas:&nbsp;<\/strong>220<\/p>\n\n\n\n<p>Las relaciones entre la fe y la raz\u00f3n afectan a realidades que son esenciales para el ser humano. De ah\u00ed la importancia de dilucidar esas relaciones, que es el objetivo de este libro, mostrando que quienes se apoyan en la ciencia, o en otros \u00e1mbitos de la raz\u00f3n, para refutar la fe, no se basan en la raz\u00f3n humana ni en la ciencia como tal, sino en el cientificismo o en un error racional. Como se\u00f1alaba el cardenal Ratzinger, \u201cla raz\u00f3n no se salvar\u00e1 sin la fe, pero la fe sin la raz\u00f3n no ser\u00e1 humana\u201d. (<a href=\"https:\/\/www.uandes.cl\/noticias\/libro-fe-y-razon-del-sacerdote-enrique-colom\/\" target=\"_blank\" rel=\"noreferrer noopener\">Ver m\u00e1s<\/a>)<\/p>\n<\/div><\/div>\n<\/div><\/div><\/div><\/div><\/div><\/div>\n\n\n\n<div class=\"alignfull wp-block-ugb-container ugb-container borde ugb-7067b4a ugb-container--v2 ugb-container--design-plain ugb-main-block ugb-main-block--inner-center ugb--has-block-background\"><style>.ugb-7067b4a.ugb-container{background-color:#ffffff}.ugb-7067b4a{padding:0 !important}.ugb-7067b4a.ugb-container:before{background-color:#ffffff}<\/style><div class=\"ugb-inner-block ugb-inner-block--center\"><div class=\"ugb-block-content\"><div class=\"ugb-container__wrapper ugb-7067b4a-wrapper\"><div class=\"ugb-container__side\"><div class=\"ugb-container__content-wrapper ugb-7067b4a-content-wrapper\">\n<div class=\"wp-block-media-text alignfull is-stacked-on-mobile is-vertically-aligned-center libro\" style=\"grid-template-columns:24% auto\"><figure class=\"wp-block-media-text__media\"><img decoding=\"async\" loading=\"lazy\" width=\"713\" height=\"1024\" src=\"https:\/\/revistacampus.uandes.cl\/2022\/wp-content\/uploads\/2022\/09\/lareoicidad-de-libro-1.jpg\" alt=\"\" class=\"wp-image-7852 size-full\" srcset=\"https:\/\/revistacampus.uandes.cl\/2022\/wp-content\/uploads\/2022\/09\/lareoicidad-de-libro-1.jpg 713w, https:\/\/revistacampus.uandes.cl\/2022\/wp-content\/uploads\/2022\/09\/lareoicidad-de-libro-1-209x300.jpg 209w, https:\/\/revistacampus.uandes.cl\/2022\/wp-content\/uploads\/2022\/09\/lareoicidad-de-libro-1-480x689.jpg 480w\" sizes=\"(max-width: 713px) 100vw, 713px\" \/><\/figure><div class=\"wp-block-media-text__content\">\n<h4 class=\"has-text-color wp-block-heading\" style=\"color:#ff2e17\"><strong>LA HEROICIDAD DEL CID Y DE FERN\u00c1N GONZ\u00c1LEZ<\/strong><\/h4>\n\n\n\n<p><strong>Autor:<\/strong>&nbsp;<a href=\"https:\/\/www.uandes.cl\/personas\/benjamin-franzani-garcia\/\" target=\"_blank\" rel=\"noreferrer noopener\">Benjam\u00edn Franzani<\/a><br><strong>Editorial:<\/strong> Tirant lo Blanch<br><strong>P\u00e1ginas:&nbsp;<\/strong>264<\/p>\n\n\n\n<p>En este libro, armonizando las teor\u00edas actuales sobre emocionalidad, oralidad y \u00e9pica, el autor propone una v\u00eda para aproximarse al h\u00e9roe literario, a la comunidad en que fueron recibidas sus haza\u00f1as, y a los valores compartidos por entonces, que permit\u00edan conciliar modelos heroicos, en torno a un \u00fanico sentimiento ordenador, clave para entender tambi\u00e9n la vida p\u00fablica del medioevo: el amor de fidelidad. (<a href=\"https:\/\/www.uandes.cl\/noticias\/lanzamiento-de-libro-la-heroicidad-del-cid-y-fernan-gonzalez-comunidades-emocionales-y-amor-de-fidelidad\/\" target=\"_blank\" rel=\"noreferrer noopener\">Ver m\u00e1s<\/a>)<\/p>\n<\/div><\/div>\n<\/div><\/div><\/div><\/div><\/div><\/div>\n\n\n\n<div class=\"alignfull wp-block-ugb-container ugb-container borde ugb-a2585ae ugb-container--v2 ugb-container--design-plain ugb-main-block ugb-main-block--inner-center ugb--has-block-background\"><style>.ugb-a2585ae.ugb-container{background-color:#ededed}.ugb-a2585ae{padding:0 !important}.ugb-a2585ae.ugb-container:before{background-color:#ededed}<\/style><div class=\"ugb-inner-block ugb-inner-block--center\"><div class=\"ugb-block-content\"><div class=\"ugb-container__wrapper ugb-a2585ae-wrapper\"><div class=\"ugb-container__side\"><div class=\"ugb-container__content-wrapper ugb-a2585ae-content-wrapper\">\n<div class=\"wp-block-media-text alignfull is-stacked-on-mobile is-vertically-aligned-center libro\" style=\"grid-template-columns:24% auto\"><figure class=\"wp-block-media-text__media\"><img decoding=\"async\" loading=\"lazy\" width=\"656\" height=\"1024\" src=\"https:\/\/revistacampus.uandes.cl\/2022\/wp-content\/uploads\/2022\/08\/Acevedo-2021-Evolucion-de-la-innovacion-PORTADA-03-656x1024.jpg\" alt=\"\" class=\"wp-image-7410 size-full\" srcset=\"https:\/\/revistacampus.uandes.cl\/2022\/wp-content\/uploads\/2022\/08\/Acevedo-2021-Evolucion-de-la-innovacion-PORTADA-03-656x1024.jpg 656w, https:\/\/revistacampus.uandes.cl\/2022\/wp-content\/uploads\/2022\/08\/Acevedo-2021-Evolucion-de-la-innovacion-PORTADA-03-192x300.jpg 192w, https:\/\/revistacampus.uandes.cl\/2022\/wp-content\/uploads\/2022\/08\/Acevedo-2021-Evolucion-de-la-innovacion-PORTADA-03-768x1199.jpg 768w, https:\/\/revistacampus.uandes.cl\/2022\/wp-content\/uploads\/2022\/08\/Acevedo-2021-Evolucion-de-la-innovacion-PORTADA-03-984x1536.jpg 984w, https:\/\/revistacampus.uandes.cl\/2022\/wp-content\/uploads\/2022\/08\/Acevedo-2021-Evolucion-de-la-innovacion-PORTADA-03-1312x2048.jpg 1312w, https:\/\/revistacampus.uandes.cl\/2022\/wp-content\/uploads\/2022\/08\/Acevedo-2021-Evolucion-de-la-innovacion-PORTADA-03-480x749.jpg 480w, https:\/\/revistacampus.uandes.cl\/2022\/wp-content\/uploads\/2022\/08\/Acevedo-2021-Evolucion-de-la-innovacion-PORTADA-03-scaled.jpg 1640w\" sizes=\"(max-width: 656px) 100vw, 656px\" \/><\/figure><div class=\"wp-block-media-text__content\">\n<h4 class=\"has-text-color wp-block-heading\" style=\"color:#ff2e17;text-transform:uppercase\"><strong>Evoluci\u00f3n de la innovaci\u00f3n en Chile<\/strong><\/h4>\n\n\n\n<p><strong>Autores:<\/strong>&nbsp;<a rel=\"noreferrer noopener\" href=\"https:\/\/ese.cl\/ese\/academico\/full-time\/estrategia-y-direccion-general\/ivan-diaz-molina\/2018-04-05\/154147.html\" target=\"_blank\">Iv\u00e1n D\u00edaz-Molina<\/a>, <a rel=\"noreferrer noopener\" href=\"https:\/\/ese.cl\/ese\/academico\/full-time\/estrategia-y-direccion-general\/patricio-cortes\/2018-04-05\/154108.html\" target=\"_blank\">Patricio Cort\u00e9s<\/a> y Juan Acevedo<br><strong>Editorial:<\/strong> RIL Editores<br><strong>P\u00e1ginas:&nbsp;<\/strong>124<\/p>\n\n\n\n<p>El libro entrega un panorama sobre c\u00f3mo ha sido el comportamiento de gestionar la innovaci\u00f3n en el interior de las organizaciones en la \u00faltima d\u00e9cada, a trav\u00e9s del an\u00e1lisis de los diez a\u00f1os del Ranking de Innovaci\u00f3n de Empresas desarrollado por el ESE Business School y MIC Innovation. Con un lenguaje accesible y ameno, presenta los principales conceptos y teor\u00edas que sustentan el modelo de gesti\u00f3n de innovaci\u00f3n en las empresas. (<a href=\"https:\/\/ese.cl\/ese\/academicos-e-investigador-del-centro-de-innovacion-y-emprendimiento\/2021-08-27\/105237.html\" target=\"_blank\" rel=\"noreferrer noopener\">Ver m\u00e1s<\/a>)<\/p>\n<\/div><\/div>\n<\/div><\/div><\/div><\/div><\/div><\/div>\n\n\n\n<div class=\"alignfull wp-block-ugb-container ugb-container borde ugb-9f14999 ugb-container--v2 ugb-container--design-plain ugb-main-block ugb-main-block--inner-center ugb--has-block-background\"><style>.ugb-9f14999.ugb-container{background-color:#ffffff}.ugb-9f14999{padding:0 !important}.ugb-9f14999.ugb-container:before{background-color:#ffffff}<\/style><div class=\"ugb-inner-block ugb-inner-block--center\"><div class=\"ugb-block-content\"><div class=\"ugb-container__wrapper ugb-9f14999-wrapper\"><div class=\"ugb-container__side\"><div class=\"ugb-container__content-wrapper ugb-9f14999-content-wrapper\">\n<div class=\"wp-block-media-text alignfull is-stacked-on-mobile is-vertically-aligned-center libro\" style=\"grid-template-columns:24% auto\"><figure class=\"wp-block-media-text__media\"><img decoding=\"async\" loading=\"lazy\" width=\"674\" height=\"1024\" src=\"https:\/\/revistacampus.uandes.cl\/2022\/wp-content\/uploads\/2022\/08\/dirigir_y_trabajar-674x1024.jpg\" alt=\"\" class=\"wp-image-7411 size-full\" srcset=\"https:\/\/revistacampus.uandes.cl\/2022\/wp-content\/uploads\/2022\/08\/dirigir_y_trabajar-674x1024.jpg 674w, https:\/\/revistacampus.uandes.cl\/2022\/wp-content\/uploads\/2022\/08\/dirigir_y_trabajar-197x300.jpg 197w, https:\/\/revistacampus.uandes.cl\/2022\/wp-content\/uploads\/2022\/08\/dirigir_y_trabajar-768x1167.jpg 768w, https:\/\/revistacampus.uandes.cl\/2022\/wp-content\/uploads\/2022\/08\/dirigir_y_trabajar-1011x1536.jpg 1011w, https:\/\/revistacampus.uandes.cl\/2022\/wp-content\/uploads\/2022\/08\/dirigir_y_trabajar-1348x2048.jpg 1348w, https:\/\/revistacampus.uandes.cl\/2022\/wp-content\/uploads\/2022\/08\/dirigir_y_trabajar-480x729.jpg 480w, https:\/\/revistacampus.uandes.cl\/2022\/wp-content\/uploads\/2022\/08\/dirigir_y_trabajar-scaled.jpg 1685w\" sizes=\"(max-width: 674px) 100vw, 674px\" \/><\/figure><div class=\"wp-block-media-text__content\">\n<h4 class=\"has-text-color wp-block-heading\" style=\"color:#ff2e17;text-transform:uppercase\"><strong>Dirigir y trabajar&nbsp;&nbsp;&nbsp;<\/strong><\/h4>\n\n\n\n<p><strong>Autor:<\/strong>&nbsp;<a href=\"https:\/\/www.uandes.cl\/personas\/javier-pinto\/\" target=\"_blank\" rel=\"noreferrer noopener\">Javier Pinto<\/a><br><strong>Editorial:<\/strong> EUNSA. Ediciones Universidad de Navarra<br><strong>P\u00e1ginas:&nbsp;<\/strong>168<\/p>\n\n\n\n<p>Esta colecci\u00f3n de ensayos busca una exposici\u00f3n de diversas ideas de la administraci\u00f3n bajo la luz del pensamiento filos\u00f3fico. Este trabajo nace de la necesidad de mostrar a los alumnos de administraci\u00f3n c\u00f3mo la \u00e9tica filos\u00f3fica y la filosof\u00eda pol\u00edtica son esenciales para comprender los aspectos humanos que est\u00e1n presentes en la gesti\u00f3n de las empresas. Este libro quiere apoyar la recuperaci\u00f3n de las humanidades como elemento esencial de alumnos y profesores. (<a href=\"https:\/\/www.uandes.cl\/noticias\/nuevo-libro-dirigir-y-trabajar-escrito-por-el-academico-uandes-javier-pinto-analiza-casos-de-etica-empresarial\/\" target=\"_blank\" rel=\"noreferrer noopener\">Ver m\u00e1s<\/a>)<\/p>\n<\/div><\/div>\n<\/div><\/div><\/div><\/div><\/div><\/div>\n\n\n\n<div class=\"alignfull wp-block-ugb-container ugb-container borde ugb-4a3a2d8 ugb-container--v2 ugb-container--design-plain ugb-main-block ugb-main-block--inner-center ugb--has-block-background\"><style>.ugb-4a3a2d8.ugb-container{background-color:#ededed}.ugb-4a3a2d8{padding:0 !important}.ugb-4a3a2d8.ugb-container:before{background-color:#ededed}<\/style><div class=\"ugb-inner-block ugb-inner-block--center\"><div class=\"ugb-block-content\"><div class=\"ugb-container__wrapper ugb-4a3a2d8-wrapper\"><div class=\"ugb-container__side\"><div class=\"ugb-container__content-wrapper ugb-4a3a2d8-content-wrapper\">\n<div class=\"wp-block-media-text alignfull is-stacked-on-mobile is-vertically-aligned-center libro\" style=\"grid-template-columns:24% auto\"><figure class=\"wp-block-media-text__media\"><img decoding=\"async\" loading=\"lazy\" width=\"616\" height=\"1024\" src=\"https:\/\/revistacampus.uandes.cl\/2022\/wp-content\/uploads\/2022\/08\/DiazyGuillen-2021-El-emprendimiento-y-protagonistas-PORTADA-03-616x1024.jpg\" alt=\"\" class=\"wp-image-7412 size-full\" srcset=\"https:\/\/revistacampus.uandes.cl\/2022\/wp-content\/uploads\/2022\/08\/DiazyGuillen-2021-El-emprendimiento-y-protagonistas-PORTADA-03-616x1024.jpg 616w, https:\/\/revistacampus.uandes.cl\/2022\/wp-content\/uploads\/2022\/08\/DiazyGuillen-2021-El-emprendimiento-y-protagonistas-PORTADA-03-180x300.jpg 180w, https:\/\/revistacampus.uandes.cl\/2022\/wp-content\/uploads\/2022\/08\/DiazyGuillen-2021-El-emprendimiento-y-protagonistas-PORTADA-03-768x1277.jpg 768w, https:\/\/revistacampus.uandes.cl\/2022\/wp-content\/uploads\/2022\/08\/DiazyGuillen-2021-El-emprendimiento-y-protagonistas-PORTADA-03-924x1536.jpg 924w, https:\/\/revistacampus.uandes.cl\/2022\/wp-content\/uploads\/2022\/08\/DiazyGuillen-2021-El-emprendimiento-y-protagonistas-PORTADA-03-1232x2048.jpg 1232w, https:\/\/revistacampus.uandes.cl\/2022\/wp-content\/uploads\/2022\/08\/DiazyGuillen-2021-El-emprendimiento-y-protagonistas-PORTADA-03-480x798.jpg 480w, https:\/\/revistacampus.uandes.cl\/2022\/wp-content\/uploads\/2022\/08\/DiazyGuillen-2021-El-emprendimiento-y-protagonistas-PORTADA-03-scaled.jpg 1540w\" sizes=\"(max-width: 616px) 100vw, 616px\" \/><\/figure><div class=\"wp-block-media-text__content\">\n<h4 class=\"has-text-color wp-block-heading\" style=\"color:#ff2e17;text-transform:uppercase\"><strong>El emprendimiento desde sus protagonistas<\/strong><\/h4>\n\n\n\n<p><strong>Autores:<\/strong>&nbsp;<a rel=\"noreferrer noopener\" href=\"https:\/\/ese.cl\/ese\/academico\/full-time\/estrategia-y-direccion-general\/ivan-diaz-molina\/2018-04-05\/154147.html\" target=\"_blank\">Iv\u00e1n D\u00edaz Molina<\/a> y Juan Luis Guill\u00e9n<br><strong>Editorial:<\/strong> RIL Editores<br><strong>P\u00e1ginas:&nbsp;<\/strong>174<\/p>\n\n\n\n<p>Con la presencia de la cordillera de los Andes, un grupo de desconocidos se encuentra por unos d\u00edas en un <em>lodge<\/em> austral. Sentados alrededor de la chimenea comienzan un di\u00e1logo que los llevar\u00e1 a compartir sus historias de emprendimiento. El lector se llevar\u00e1 sus valiosos testimonios, m\u00e1s el sustento acad\u00e9mico que les permitir\u00e1 aplicar estos conceptos y herramientas en sus propios \u00e1mbitos emprendedores. (<a rel=\"noreferrer noopener\" href=\"https:\/\/ese.cl\/ese\/noticias\/centro-innovacion-y-emprendimiento\/centro-de-innovacion-y-emprendimiento-realizo-el-lanzamiento-del-libro\/2021-12-02\/160846.html\" target=\"_blank\">Ver m\u00e1s<\/a>)<\/p>\n<\/div><\/div>\n<\/div><\/div><\/div><\/div><\/div><\/div>\n\n\n\n<div class=\"alignfull wp-block-ugb-container ugb-container borde ugb-a49fce3 ugb-container--v2 ugb-container--design-plain ugb-main-block ugb-main-block--inner-center ugb--has-block-background\"><style>.ugb-a49fce3.ugb-container{background-color:#ffffff}.ugb-a49fce3{padding:0 !important}.ugb-a49fce3.ugb-container:before{background-color:#ffffff}<\/style><div class=\"ugb-inner-block ugb-inner-block--center\"><div class=\"ugb-block-content\"><div class=\"ugb-container__wrapper ugb-a49fce3-wrapper\"><div class=\"ugb-container__side\"><div class=\"ugb-container__content-wrapper ugb-a49fce3-content-wrapper\">\n<div class=\"wp-block-media-text alignfull is-stacked-on-mobile is-vertically-aligned-center libro\" style=\"grid-template-columns:24% auto\"><figure class=\"wp-block-media-text__media\"><img decoding=\"async\" loading=\"lazy\" width=\"657\" height=\"1024\" src=\"https:\/\/revistacampus.uandes.cl\/2022\/wp-content\/uploads\/2022\/08\/Soto-Portada-Conferencia-1933-657x1024.jpg\" alt=\"\" class=\"wp-image-7413 size-full\" srcset=\"https:\/\/revistacampus.uandes.cl\/2022\/wp-content\/uploads\/2022\/08\/Soto-Portada-Conferencia-1933-657x1024.jpg 657w, https:\/\/revistacampus.uandes.cl\/2022\/wp-content\/uploads\/2022\/08\/Soto-Portada-Conferencia-1933-192x300.jpg 192w, https:\/\/revistacampus.uandes.cl\/2022\/wp-content\/uploads\/2022\/08\/Soto-Portada-Conferencia-1933-768x1197.jpg 768w, https:\/\/revistacampus.uandes.cl\/2022\/wp-content\/uploads\/2022\/08\/Soto-Portada-Conferencia-1933-985x1536.jpg 985w, https:\/\/revistacampus.uandes.cl\/2022\/wp-content\/uploads\/2022\/08\/Soto-Portada-Conferencia-1933-1314x2048.jpg 1314w, https:\/\/revistacampus.uandes.cl\/2022\/wp-content\/uploads\/2022\/08\/Soto-Portada-Conferencia-1933-480x748.jpg 480w, https:\/\/revistacampus.uandes.cl\/2022\/wp-content\/uploads\/2022\/08\/Soto-Portada-Conferencia-1933.jpg 1591w\" sizes=\"(max-width: 657px) 100vw, 657px\" \/><\/figure><div class=\"wp-block-media-text__content\">\n<h4 class=\"has-text-color wp-block-heading\" style=\"color:#ff2e17;text-transform:uppercase\"><strong>Debates econ\u00f3micos en tiempo de crisis<\/strong><\/h4>\n\n\n\n<p><strong>Coordinador:<\/strong>&nbsp;<a rel=\"noreferrer noopener\" href=\"https:\/\/www.uandes.cl\/personas\/angel-soto-gamboa\/\" target=\"_blank\">\u00c1ngel Soto<\/a><br><strong>Editorial:<\/strong> Uni\u00f3n Editorial<br><strong>P\u00e1ginas:&nbsp;<\/strong>246<\/p>\n\n\n\n<p>Este libro re\u00fane una serie de ensayos sobre la participaci\u00f3n de diferentes pa\u00edses latinoamericanos en la Conferencia Monetaria de Londres de 1933, la cual intent\u00f3 vanamente fomentar la cooperaci\u00f3n y los acuerdos econ\u00f3micos entre los Estados. Las claves de dicho fracaso son exploradas a lo largo de las p\u00e1ginas de una obra colectiva, cuyo enfoque historiogr\u00e1fico no entra en conflicto con una clara proyecci\u00f3n del presente. (<a href=\"https:\/\/www.uandes.cl\/noticias\/angel-soto-edita-libro-sobre-conferencia-monetaria-de-londres-y-america-latina\/\" target=\"_blank\" rel=\"noreferrer noopener\">Ver m\u00e1s<\/a>)<\/p>\n<\/div><\/div>\n<\/div><\/div><\/div><\/div><\/div><\/div>\n\n\n\n<div class=\"alignfull wp-block-ugb-container ugb-container borde ugb-b99fc42 ugb-container--v2 ugb-container--design-plain ugb-main-block ugb-main-block--inner-center ugb--has-block-background\"><style>.ugb-b99fc42.ugb-container{background-color:#ededed}.ugb-b99fc42{padding:0 !important}.ugb-b99fc42.ugb-container:before{background-color:#ededed}<\/style><div class=\"ugb-inner-block ugb-inner-block--center\"><div class=\"ugb-block-content\"><div class=\"ugb-container__wrapper ugb-b99fc42-wrapper\"><div class=\"ugb-container__side\"><div class=\"ugb-container__content-wrapper ugb-b99fc42-content-wrapper\">\n<div class=\"wp-block-media-text alignfull is-stacked-on-mobile is-vertically-aligned-center libro\" style=\"grid-template-columns:24% auto\"><figure class=\"wp-block-media-text__media\"><img decoding=\"async\" loading=\"lazy\" width=\"684\" height=\"1024\" src=\"https:\/\/revistacampus.uandes.cl\/2022\/wp-content\/uploads\/2022\/08\/GESTION-DE-LA-PRODUCTIVIDAD-Y-EL-DESEMPENO-684x1024.png\" alt=\"\" class=\"wp-image-7414 size-full\" srcset=\"https:\/\/revistacampus.uandes.cl\/2022\/wp-content\/uploads\/2022\/08\/GESTION-DE-LA-PRODUCTIVIDAD-Y-EL-DESEMPENO-684x1024.png 684w, https:\/\/revistacampus.uandes.cl\/2022\/wp-content\/uploads\/2022\/08\/GESTION-DE-LA-PRODUCTIVIDAD-Y-EL-DESEMPENO-200x300.png 200w, https:\/\/revistacampus.uandes.cl\/2022\/wp-content\/uploads\/2022\/08\/GESTION-DE-LA-PRODUCTIVIDAD-Y-EL-DESEMPENO-768x1150.png 768w, https:\/\/revistacampus.uandes.cl\/2022\/wp-content\/uploads\/2022\/08\/GESTION-DE-LA-PRODUCTIVIDAD-Y-EL-DESEMPENO-1026x1536.png 1026w, https:\/\/revistacampus.uandes.cl\/2022\/wp-content\/uploads\/2022\/08\/GESTION-DE-LA-PRODUCTIVIDAD-Y-EL-DESEMPENO-480x719.png 480w, https:\/\/revistacampus.uandes.cl\/2022\/wp-content\/uploads\/2022\/08\/GESTION-DE-LA-PRODUCTIVIDAD-Y-EL-DESEMPENO.png 1122w\" sizes=\"(max-width: 684px) 100vw, 684px\" \/><\/figure><div class=\"wp-block-media-text__content\">\n<h4 class=\"has-text-color wp-block-heading\" style=\"color:#ff2e17;text-transform:uppercase\"><strong>Gesti\u00f3n de la Productividad y el Desempe\u00f1o<\/strong><\/h4>\n\n\n\n<p><strong>Autor:<\/strong>&nbsp;<a rel=\"noreferrer noopener\" href=\"https:\/\/www.uandes.cl\/personas\/juan-andres-pucheu-moris\/\" target=\"_blank\">Andr\u00e9s Pucheu<\/a><br><strong>Edici\u00f3n:<\/strong> Pontificia Universidad Cat\u00f3lica de Chile&nbsp;&nbsp;&nbsp;&nbsp;&nbsp;&nbsp;&nbsp;&nbsp;&nbsp;&nbsp;&nbsp;&nbsp;&nbsp;&nbsp;<br><strong>P\u00e1ginas:&nbsp;<\/strong>408<\/p>\n\n\n\n<p>En las \u00faltimas d\u00e9cadas la demanda por innovaci\u00f3n y desarrollo de servicios ha impulsado la tecnolog\u00eda y cambios estructurales en el funcionamiento del Estado y las empresas. Estos cambios aumentan la exigencia en las relaciones con clientes y otros organismos con los que se relaciona la empresa. Este libro revisa los modelos y herramientas asociados a la gesti\u00f3n del desempe\u00f1o, identifica distintos tipos de puestos y los enfoques para optimizar el desempe\u00f1o en cada uno de ellos, incluyendo la gesti\u00f3n de clientes y usuarios. (<a href=\"https:\/\/investigadores.uandes.cl\/en\/publications\/gesti%C3%B3n-de-la-productividad-y-el-desempe%C3%B1o-c%C3%B3mo-gestionar-persona\" target=\"_blank\" rel=\"noreferrer noopener\">Ver m\u00e1s<\/a>)<\/p>\n<\/div><\/div>\n<\/div><\/div><\/div><\/div><\/div><\/div>\n\n\n\n<div class=\"alignfull wp-block-ugb-container ugb-container borde ugb-697a6b1 ugb-container--v2 ugb-container--design-plain ugb-main-block ugb-main-block--inner-center ugb--has-block-background\"><style>.ugb-697a6b1.ugb-container{background-color:#ffffff}.ugb-697a6b1{padding:0 !important}.ugb-697a6b1.ugb-container:before{background-color:#ffffff}<\/style><div class=\"ugb-inner-block ugb-inner-block--center\"><div class=\"ugb-block-content\"><div class=\"ugb-container__wrapper ugb-697a6b1-wrapper\"><div class=\"ugb-container__side\"><div class=\"ugb-container__content-wrapper ugb-697a6b1-content-wrapper\">\n<div class=\"wp-block-media-text alignfull is-stacked-on-mobile is-vertically-aligned-center libro\" style=\"grid-template-columns:24% auto\"><figure class=\"wp-block-media-text__media\"><img decoding=\"async\" loading=\"lazy\" width=\"668\" height=\"1024\" src=\"https:\/\/revistacampus.uandes.cl\/2022\/wp-content\/uploads\/2022\/08\/La-politica-exterior-chilena-en-la-transicion-a-la-democracia-Santiago-Ril-2021-668x1024.jpg\" alt=\"\" class=\"wp-image-7415 size-full\" srcset=\"https:\/\/revistacampus.uandes.cl\/2022\/wp-content\/uploads\/2022\/08\/La-politica-exterior-chilena-en-la-transicion-a-la-democracia-Santiago-Ril-2021-668x1024.jpg 668w, https:\/\/revistacampus.uandes.cl\/2022\/wp-content\/uploads\/2022\/08\/La-politica-exterior-chilena-en-la-transicion-a-la-democracia-Santiago-Ril-2021-196x300.jpg 196w, https:\/\/revistacampus.uandes.cl\/2022\/wp-content\/uploads\/2022\/08\/La-politica-exterior-chilena-en-la-transicion-a-la-democracia-Santiago-Ril-2021-768x1177.jpg 768w, https:\/\/revistacampus.uandes.cl\/2022\/wp-content\/uploads\/2022\/08\/La-politica-exterior-chilena-en-la-transicion-a-la-democracia-Santiago-Ril-2021-1002x1536.jpg 1002w, https:\/\/revistacampus.uandes.cl\/2022\/wp-content\/uploads\/2022\/08\/La-politica-exterior-chilena-en-la-transicion-a-la-democracia-Santiago-Ril-2021-1336x2048.jpg 1336w, https:\/\/revistacampus.uandes.cl\/2022\/wp-content\/uploads\/2022\/08\/La-politica-exterior-chilena-en-la-transicion-a-la-democracia-Santiago-Ril-2021-480x736.jpg 480w, https:\/\/revistacampus.uandes.cl\/2022\/wp-content\/uploads\/2022\/08\/La-politica-exterior-chilena-en-la-transicion-a-la-democracia-Santiago-Ril-2021.jpg 1670w\" sizes=\"(max-width: 668px) 100vw, 668px\" \/><\/figure><div class=\"wp-block-media-text__content\">\n<h4 class=\"has-text-color wp-block-heading\" style=\"color:#ff2e17;text-transform:uppercase\"><strong>La pol\u00edtica exterior chilena en la transici\u00f3n a la democracia<\/strong><\/h4>\n\n\n\n<p><strong>Editor:<\/strong>&nbsp;<a rel=\"noreferrer noopener\" href=\"https:\/\/www.uandes.cl\/personas\/angel-soto-gamboa\/\" target=\"_blank\">\u00c1ngel Soto<\/a>, et al.<br><strong>Editorial:<\/strong> RIL Editores<br><strong>P\u00e1ginas:&nbsp;<\/strong>244<\/p>\n\n\n\n<p>La transici\u00f3n chilena se despleg\u00f3 en un contexto internacional marcado por la ca\u00edda de los socialismos, as\u00ed como la consolidaci\u00f3n de los sistemas pol\u00edticos democr\u00e1tico-partidistas en Am\u00e9rica Latina a partir de 1990. Este libro, editado junto a Cristi\u00e1n Medina y Erna Ulloa, re\u00fane un conjunto de trabajos e investigaciones, que abordan aspectos te\u00f3ricos sobre el di\u00e1logo entre Historia y Relaciones Internacionales, como tambi\u00e9n las m\u00faltiples dimensiones y problem\u00e1ticas de ese per\u00edodo de la pol\u00edtica exterior chilena.&nbsp;(<a rel=\"noreferrer noopener\" href=\"https:\/\/www.uandes.cl\/noticias\/academico-angel-soto-publica-libro-sobre-politica-exterior-chilena-en-los-primeros-anos-de-la-transicion\/\" target=\"_blank\">Ver m\u00e1s<\/a>)<\/p>\n<\/div><\/div>\n<\/div><\/div><\/div><\/div><\/div><\/div>\n\n\n\n<div class=\"alignfull wp-block-ugb-container ugb-container borde ugb-1dd6043 ugb-container--v2 ugb-container--design-plain ugb-main-block ugb-main-block--inner-center ugb--has-block-background\"><style>.ugb-1dd6043.ugb-container{background-color:#ededed}.ugb-1dd6043{padding:0 !important}.ugb-1dd6043.ugb-container:before{background-color:#ededed}<\/style><div class=\"ugb-inner-block ugb-inner-block--center\"><div class=\"ugb-block-content\"><div class=\"ugb-container__wrapper ugb-1dd6043-wrapper\"><div class=\"ugb-container__side\"><div class=\"ugb-container__content-wrapper ugb-1dd6043-content-wrapper\">\n<div class=\"wp-block-media-text alignfull is-stacked-on-mobile is-vertically-aligned-center libro\" style=\"grid-template-columns:24% auto\"><figure class=\"wp-block-media-text__media\"><img decoding=\"async\" loading=\"lazy\" width=\"785\" height=\"1024\" src=\"https:\/\/revistacampus.uandes.cl\/2022\/wp-content\/uploads\/2022\/08\/Tapa_EDUCACION-785x1024.png\" alt=\"\" class=\"wp-image-7416 size-full\" srcset=\"https:\/\/revistacampus.uandes.cl\/2022\/wp-content\/uploads\/2022\/08\/Tapa_EDUCACION-785x1024.png 785w, https:\/\/revistacampus.uandes.cl\/2022\/wp-content\/uploads\/2022\/08\/Tapa_EDUCACION-230x300.png 230w, https:\/\/revistacampus.uandes.cl\/2022\/wp-content\/uploads\/2022\/08\/Tapa_EDUCACION-768x1001.png 768w, https:\/\/revistacampus.uandes.cl\/2022\/wp-content\/uploads\/2022\/08\/Tapa_EDUCACION-1178x1536.png 1178w, https:\/\/revistacampus.uandes.cl\/2022\/wp-content\/uploads\/2022\/08\/Tapa_EDUCACION-480x626.png 480w, https:\/\/revistacampus.uandes.cl\/2022\/wp-content\/uploads\/2022\/08\/Tapa_EDUCACION.png 1204w\" sizes=\"(max-width: 785px) 100vw, 785px\" \/><\/figure><div class=\"wp-block-media-text__content\">\n<h4 class=\"has-text-color wp-block-heading\" style=\"color:#ff2e17;text-transform:uppercase\"><strong>Educaci@n. Enciende una nueva forma de ense\u00f1ar<\/strong>&nbsp;&nbsp;&nbsp;&nbsp;<\/h4>\n\n\n\n<p><strong>Autor:<\/strong>&nbsp;<a rel=\"noreferrer noopener\" href=\"https:\/\/www.uandes.cl\/personas\/cristobal-benavides-almarza\/\" target=\"_blank\">Cristob\u00e1l Benavides<\/a> y <a rel=\"noreferrer noopener\" href=\"https:\/\/www.uandes.cl\/personas\/juan-cristobal-nagel-beck\/\" target=\"_blank\">Juan Nagel<\/a><br><strong>Edici\u00f3n:<\/strong> Universidad de los Andes<br><strong>P\u00e1ginas:&nbsp;<\/strong>94<\/p>\n\n\n\n<p>\u00bfC\u00f3mo fue la educaci\u00f3n a distancia en tiempos de Covid? Los profesores Crist\u00f3bal Benavides y Juan Nagel recopilaron las experiencias de 45 acad\u00e9micos de la Universidad de los Andes, que describen el proceso de cambios en las metodolog\u00edas de ense\u00f1anza, evaluaci\u00f3n y las respuestas frente a la pandemia. Se trata de un libro que marca un punto de partida para la reflexi\u00f3n y un reimpulso a la comunidad de aprendizaje. (<a rel=\"noreferrer noopener\" href=\"https:\/\/www.uandes.cl\/noticias\/academicos-uandes-presentaron-libro-sobre-experiencias-de-ensenanza-en-linea-durante-el-2020\/\" target=\"_blank\">Ver m\u00e1s<\/a>)<\/p>\n<\/div><\/div>\n<\/div><\/div><\/div><\/div><\/div><\/div>\n\n\n\n<div class=\"alignfull wp-block-ugb-container ugb-container borde ugb-c26024e ugb-container--v2 ugb-container--design-plain ugb-main-block ugb-main-block--inner-center ugb--has-block-background\"><style>.ugb-c26024e.ugb-container{background-color:#ffffff}.ugb-c26024e{padding:0 !important}.ugb-c26024e.ugb-container:before{background-color:#ffffff}<\/style><div class=\"ugb-inner-block ugb-inner-block--center\"><div class=\"ugb-block-content\"><div class=\"ugb-container__wrapper ugb-c26024e-wrapper\"><div class=\"ugb-container__side\"><div class=\"ugb-container__content-wrapper ugb-c26024e-content-wrapper\">\n<div class=\"wp-block-media-text alignfull is-stacked-on-mobile is-vertically-aligned-center libro\" style=\"grid-template-columns:24% auto\"><figure class=\"wp-block-media-text__media\"><img decoding=\"async\" loading=\"lazy\" width=\"791\" height=\"1024\" src=\"https:\/\/revistacampus.uandes.cl\/2022\/wp-content\/uploads\/2022\/08\/Portada-791x1024.png\" alt=\"\" class=\"wp-image-7417 size-full\" srcset=\"https:\/\/revistacampus.uandes.cl\/2022\/wp-content\/uploads\/2022\/08\/Portada-791x1024.png 791w, https:\/\/revistacampus.uandes.cl\/2022\/wp-content\/uploads\/2022\/08\/Portada-232x300.png 232w, https:\/\/revistacampus.uandes.cl\/2022\/wp-content\/uploads\/2022\/08\/Portada-768x994.png 768w, https:\/\/revistacampus.uandes.cl\/2022\/wp-content\/uploads\/2022\/08\/Portada-480x621.png 480w, https:\/\/revistacampus.uandes.cl\/2022\/wp-content\/uploads\/2022\/08\/Portada.png 998w\" sizes=\"(max-width: 791px) 100vw, 791px\" \/><\/figure><div class=\"wp-block-media-text__content\">\n<h4 class=\"has-text-color wp-block-heading\" style=\"color:#ff2e17;text-transform:uppercase\"><strong>No est\u00e1s sol@: prevenir el suicidio es posible &nbsp;&nbsp;&nbsp;<\/strong><\/h4>\n\n\n\n<p><strong>Autores:<\/strong>&nbsp;<a rel=\"noreferrer noopener\" href=\"https:\/\/www.uandes.cl\/personas\/francisco-javier-bustamante-volpi\/\" target=\"_blank\">Francisco Bustamante<\/a> y <a rel=\"noreferrer noopener\" href=\"https:\/\/www.linkedin.com\/in\/solegarces\/?originalSubdomain=cl\" target=\"_blank\">Soledad Garc\u00e9s<\/a>&nbsp;&nbsp;&nbsp;&nbsp;&nbsp;&nbsp;&nbsp;&nbsp;&nbsp;&nbsp;&nbsp;&nbsp;&nbsp;<br><strong>Edici\u00f3n:<\/strong> Universidad de los Andes&nbsp;&nbsp;&nbsp;&nbsp;&nbsp;&nbsp;&nbsp;&nbsp;&nbsp;<br><strong>P\u00e1ginas:&nbsp;<\/strong>58<\/p>\n\n\n\n<p>El equipo del programa RADAR (Red para la Atenci\u00f3n y Derivaci\u00f3n de Adolescentes en Riesgo) ha puesto a disposici\u00f3n este manual de forma gratuita a la sociedad, para contribuir a que las familias o cualquier persona pueda detectar de forma temprana y apoyar a adolescentes que se encuentren en riesgo suicida. (<a rel=\"noreferrer noopener\" href=\"https:\/\/www.uandes.cl\/noticias\/radar-presenta-libro-gratuito-para-la-prevencion-del-suicidio-adolescente\/\" target=\"_blank\">Ver m\u00e1s<\/a>)<\/p>\n<\/div><\/div>\n<\/div><\/div><\/div><\/div><\/div><\/div>\n\n\n\n<div class=\"alignfull wp-block-ugb-container ugb-container borde ugb-9a98973 ugb-container--v2 ugb-container--design-plain ugb-main-block ugb-main-block--inner-center ugb--has-block-background\"><style>.ugb-9a98973.ugb-container{background-color:#ededed}.ugb-9a98973{padding:0 !important}.ugb-9a98973.ugb-container:before{background-color:#ededed}<\/style><div class=\"ugb-inner-block ugb-inner-block--center\"><div class=\"ugb-block-content\"><div class=\"ugb-container__wrapper ugb-9a98973-wrapper\"><div class=\"ugb-container__side\"><div class=\"ugb-container__content-wrapper ugb-9a98973-content-wrapper\">\n<div class=\"wp-block-media-text alignfull is-stacked-on-mobile is-vertically-aligned-center libro\" style=\"grid-template-columns:24% auto\"><figure class=\"wp-block-media-text__media\"><img decoding=\"async\" loading=\"lazy\" width=\"527\" height=\"760\" src=\"https:\/\/revistacampus.uandes.cl\/2022\/wp-content\/uploads\/2022\/08\/BmFTE-BooK_HaidarZS.png\" alt=\"\" class=\"wp-image-7418 size-full\" srcset=\"https:\/\/revistacampus.uandes.cl\/2022\/wp-content\/uploads\/2022\/08\/BmFTE-BooK_HaidarZS.png 527w, https:\/\/revistacampus.uandes.cl\/2022\/wp-content\/uploads\/2022\/08\/BmFTE-BooK_HaidarZS-208x300.png 208w, https:\/\/revistacampus.uandes.cl\/2022\/wp-content\/uploads\/2022\/08\/BmFTE-BooK_HaidarZS-480x692.png 480w\" sizes=\"(max-width: 527px) 100vw, 527px\" \/><\/figure><div class=\"wp-block-media-text__content\">\n<h4 class=\"has-text-color wp-block-heading\" style=\"color:#ff2e17;text-transform:uppercase\"><strong>Biomechanics and Functional Tissue Engineering<\/strong><\/h4>\n\n\n\n<p><strong>Autor:<\/strong>&nbsp;<a href=\"https:\/\/www.uandes.cl\/personas\/ziyad-s-haidar\/\" target=\"_blank\" rel=\"noreferrer noopener\">Ziyad Haidar<\/a><br><strong>Editorial:<\/strong> InTech<br><strong>P\u00e1ginas:&nbsp;<\/strong>268<\/p>\n\n\n\n<p>Biomec\u00e1nica e Ingenier\u00eda de Tejidos Funcionales es un recurso \u00fatil para cient\u00edficos, investigadores, ingenieros, as\u00ed como m\u00e9dicos y dentistas involucrados o interesados en soluciones innovadoras de bioingenier\u00eda para mejorar la calidad de vida de nuestros pacientes, con un enfoque particular en los problemas y condiciones de la boca, la dentici\u00f3n y el complejo cr\u00e1neo-maxilo-facial, y m\u00e1s all\u00e1. (<a rel=\"noreferrer noopener\" href=\"https:\/\/investigadores.uandes.cl\/en\/publications\/biomechanics-and-functional-tissue-engineering\" target=\"_blank\">Ver m\u00e1s<\/a>)<\/p>\n<\/div><\/div>\n<\/div><\/div><\/div><\/div><\/div><\/div>\n\n\n\n<div class=\"alignfull wp-block-ugb-container ugb-container borde ugb-2826538 ugb-container--v2 ugb-container--design-plain ugb-main-block ugb-main-block--inner-center ugb--has-block-background\"><style>.ugb-2826538.ugb-container{background-color:#ffffff}.ugb-2826538{padding:0 !important}.ugb-2826538.ugb-container:before{background-color:#ffffff}<\/style><div class=\"ugb-inner-block ugb-inner-block--center\"><div class=\"ugb-block-content\"><div class=\"ugb-container__wrapper ugb-2826538-wrapper\"><div class=\"ugb-container__side\"><div class=\"ugb-container__content-wrapper ugb-2826538-content-wrapper\">\n<div class=\"wp-block-media-text alignfull is-stacked-on-mobile is-vertically-aligned-center libro\" style=\"grid-template-columns:24% auto\"><figure class=\"wp-block-media-text__media\"><img decoding=\"async\" loading=\"lazy\" width=\"709\" height=\"1024\" src=\"https:\/\/revistacampus.uandes.cl\/2022\/wp-content\/uploads\/2022\/08\/derechos-humanos-y-proceso-constituyente-709x1024.jpg\" alt=\"\" class=\"wp-image-7419 size-full\" srcset=\"https:\/\/revistacampus.uandes.cl\/2022\/wp-content\/uploads\/2022\/08\/derechos-humanos-y-proceso-constituyente-709x1024.jpg 709w, https:\/\/revistacampus.uandes.cl\/2022\/wp-content\/uploads\/2022\/08\/derechos-humanos-y-proceso-constituyente-208x300.jpg 208w, https:\/\/revistacampus.uandes.cl\/2022\/wp-content\/uploads\/2022\/08\/derechos-humanos-y-proceso-constituyente-768x1110.jpg 768w, https:\/\/revistacampus.uandes.cl\/2022\/wp-content\/uploads\/2022\/08\/derechos-humanos-y-proceso-constituyente-480x694.jpg 480w, https:\/\/revistacampus.uandes.cl\/2022\/wp-content\/uploads\/2022\/08\/derechos-humanos-y-proceso-constituyente.jpg 984w\" sizes=\"(max-width: 709px) 100vw, 709px\" \/><\/figure><div class=\"wp-block-media-text__content\">\n<h4 class=\"has-text-color wp-block-heading\" style=\"color:#ff2e17;text-transform:uppercase\"><strong>Derechos Humanos y Proceso Constituyente&nbsp;&nbsp;&nbsp;&nbsp;&nbsp;<\/strong><\/h4>\n\n\n\n<p><strong>Autora:<\/strong>&nbsp;<a rel=\"noreferrer noopener\" href=\"https:\/\/www.uandes.cl\/personas\/marcela-peredo-rojas\/\" target=\"_blank\">Marcela Peredo<\/a>&nbsp;&nbsp;&nbsp;&nbsp;&nbsp;&nbsp;&nbsp;<br><strong>Editorial:<\/strong> Thomson Reuters<br><strong>P\u00e1ginas:&nbsp;<\/strong>276<\/p>\n\n\n\n<p>Esta obra tiene como objeto principal ser un motor para la ense\u00f1anza del Derecho Constitucional y la b\u00fasqueda del saber, pero tambi\u00e9n, ser una gu\u00eda en el conocimiento del Derecho Constitucional de la Ley N\u00b0 21.200 y la hoja de ruta que marcar\u00e1 este Proceso Constituyente en Chile, manifestando as\u00ed la contribuci\u00f3n general del Derecho y la sistematizaci\u00f3n del Ordenamiento Jur\u00eddico Constitucional.&nbsp;(<a rel=\"noreferrer noopener\" href=\"https:\/\/www.uandes.cl\/noticias\/lanzamiento-de-libro-derechos-humanos-y-proceso-constituyente\/\" target=\"_blank\">Ver m\u00e1s<\/a>)<\/p>\n<\/div><\/div>\n<\/div><\/div><\/div><\/div><\/div><\/div>\n\n\n\n<div class=\"alignfull wp-block-ugb-container ugb-container borde ugb-dff7863 ugb-container--v2 ugb-container--design-plain ugb-main-block ugb-main-block--inner-center ugb--has-block-background\"><style>.ugb-dff7863.ugb-container{background-color:#ededed}.ugb-dff7863{padding:0 !important}.ugb-dff7863.ugb-container:before{background-color:#ededed}<\/style><div class=\"ugb-inner-block ugb-inner-block--center\"><div class=\"ugb-block-content\"><div class=\"ugb-container__wrapper ugb-dff7863-wrapper\"><div class=\"ugb-container__side\"><div class=\"ugb-container__content-wrapper ugb-dff7863-content-wrapper\">\n<div class=\"wp-block-media-text alignfull is-stacked-on-mobile is-vertically-aligned-center libro\" style=\"grid-template-columns:24% auto\"><figure class=\"wp-block-media-text__media\"><img decoding=\"async\" loading=\"lazy\" width=\"746\" height=\"1024\" src=\"https:\/\/revistacampus.uandes.cl\/2022\/wp-content\/uploads\/2022\/09\/politica-decho-constitucion-746x1024.jpg\" alt=\"\" class=\"wp-image-7858 size-full\" srcset=\"https:\/\/revistacampus.uandes.cl\/2022\/wp-content\/uploads\/2022\/09\/politica-decho-constitucion-746x1024.jpg 746w, https:\/\/revistacampus.uandes.cl\/2022\/wp-content\/uploads\/2022\/09\/politica-decho-constitucion-218x300.jpg 218w, https:\/\/revistacampus.uandes.cl\/2022\/wp-content\/uploads\/2022\/09\/politica-decho-constitucion-768x1055.jpg 768w, https:\/\/revistacampus.uandes.cl\/2022\/wp-content\/uploads\/2022\/09\/politica-decho-constitucion-480x659.jpg 480w, https:\/\/revistacampus.uandes.cl\/2022\/wp-content\/uploads\/2022\/09\/politica-decho-constitucion.jpg 895w\" sizes=\"(max-width: 746px) 100vw, 746px\" \/><\/figure><div class=\"wp-block-media-text__content\">\n<h4 class=\"has-text-color wp-block-heading\" style=\"color:#ff2e17;text-transform:uppercase\"><strong>Pol\u00edtica, Derecho y Constituci\u00f3n<\/strong><\/h4>\n\n\n\n<p><strong>Editores:<\/strong>&nbsp;<a rel=\"noreferrer noopener\" href=\"https:\/\/www.uandes.cl\/personas\/jose-ignacio-martinez-estay\/\" target=\"_blank\">Jos\u00e9 Ignacio Mart\u00ednez<\/a> y <a rel=\"noreferrer noopener\" href=\"https:\/\/www.uandes.cl\/personas\/marcela-peredo-rojas\/\" target=\"_blank\">Marcela Peredo<\/a><br><strong>Editorial:<\/strong> Tirant lo Blanch&nbsp;&nbsp;&nbsp;&nbsp;&nbsp;&nbsp;&nbsp;&nbsp;<br><strong>P\u00e1ginas:&nbsp;<\/strong>1.136<\/p>\n\n\n\n<p>Junto a los editores Alan Bronfman (PUCV) y Celso Cancela (U. de Vigo, Espa\u00f1a), en este volumen se abordan diversas tem\u00e1ticas relacionadas con el derecho constitucional, tanto en lo relativo a los fundamentos de esta disciplina jur\u00eddica, como en sus aspectos pr\u00e1cticos y normativos. Este libro permitir\u00e1 que el lector pueda aproximarse a importantes problemas jur\u00eddicos, que han sido abordados procurando observar esa misma agudeza, profundidad y rigor que el profesor Pereira Menaut ha puesto a lo largo de su vida acad\u00e9mica.&nbsp;(<a rel=\"noreferrer noopener\" href=\"https:\/\/editorial.tirant.com\/cl\/libro\/politica-derecho-y-constitucion-estudios-homenaje-al-profesor-antonio-carlos-pereira-menaut-alan-bronfman-vargas-9788413557557\" target=\"_blank\">Ver m\u00e1s<\/a>)<\/p>\n<\/div><\/div>\n<\/div><\/div><\/div><\/div><\/div><\/div>\n\n\n\n<div class=\"alignfull wp-block-ugb-container ugb-container borde ugb-c0541ea ugb-container--v2 ugb-container--design-plain ugb-main-block ugb-main-block--inner-center ugb--has-block-background\"><style>.ugb-c0541ea.ugb-container{background-color:#ffffff}.ugb-c0541ea{padding:0 !important}.ugb-c0541ea.ugb-container:before{background-color:#ffffff}<\/style><div class=\"ugb-inner-block ugb-inner-block--center\"><div class=\"ugb-block-content\"><div class=\"ugb-container__wrapper ugb-c0541ea-wrapper\"><div class=\"ugb-container__side\"><div class=\"ugb-container__content-wrapper ugb-c0541ea-content-wrapper\">\n<div class=\"wp-block-media-text alignfull is-stacked-on-mobile is-vertically-aligned-center libro\" style=\"grid-template-columns:24% auto\"><figure class=\"wp-block-media-text__media\"><img decoding=\"async\" loading=\"lazy\" width=\"712\" height=\"1024\" src=\"https:\/\/revistacampus.uandes.cl\/2022\/wp-content\/uploads\/2022\/08\/Antecedentes-para-una-nueva-constitucion-scaled-1-712x1024.png\" alt=\"\" class=\"wp-image-7421 size-full\" srcset=\"https:\/\/revistacampus.uandes.cl\/2022\/wp-content\/uploads\/2022\/08\/Antecedentes-para-una-nueva-constitucion-scaled-1-712x1024.png 712w, https:\/\/revistacampus.uandes.cl\/2022\/wp-content\/uploads\/2022\/08\/Antecedentes-para-una-nueva-constitucion-scaled-1-209x300.png 209w, https:\/\/revistacampus.uandes.cl\/2022\/wp-content\/uploads\/2022\/08\/Antecedentes-para-una-nueva-constitucion-scaled-1-768x1105.png 768w, https:\/\/revistacampus.uandes.cl\/2022\/wp-content\/uploads\/2022\/08\/Antecedentes-para-una-nueva-constitucion-scaled-1-1068x1536.png 1068w, https:\/\/revistacampus.uandes.cl\/2022\/wp-content\/uploads\/2022\/08\/Antecedentes-para-una-nueva-constitucion-scaled-1-480x691.png 480w, https:\/\/revistacampus.uandes.cl\/2022\/wp-content\/uploads\/2022\/08\/Antecedentes-para-una-nueva-constitucion-scaled-1.png 1336w\" sizes=\"(max-width: 712px) 100vw, 712px\" \/><\/figure><div class=\"wp-block-media-text__content\">\n<h4 class=\"has-text-color wp-block-heading\" style=\"color:#ff2e17;text-transform:uppercase\"><strong>Antecedentes para una nueva Constituci\u00f3n<\/strong>&nbsp;&nbsp;&nbsp;&nbsp;&nbsp;&nbsp;&nbsp;&nbsp;&nbsp;&nbsp; <\/h4>\n\n\n\n<p><strong>Coordinadora:<\/strong>&nbsp;<a rel=\"noreferrer noopener\" href=\"https:\/\/www.uandes.cl\/personas\/marcela-peredo-rojas\/\" target=\"_blank\">Marcela Peredo<\/a><br><strong>Editorial:<\/strong> Tirant lo Blanch&nbsp;&nbsp;&nbsp;&nbsp;&nbsp;&nbsp;&nbsp;&nbsp;<br><strong>P\u00e1ginas:&nbsp;<\/strong>584<\/p>\n\n\n\n<p>El objetivo de este libro es aportar antecedentes hist\u00f3ricos y comparados que resultan relevantes para el proceso de elaboraci\u00f3n de la nueva Constituci\u00f3n. A lo largo de sus p\u00e1ginas el lector encontrar\u00e1 la evoluci\u00f3n hist\u00f3rica de los preceptos e instituciones constitucionales hoy vigentes, y la forma en que han sido abordados en otros sistemas constitucionales. Estos antecedentes van acompa\u00f1ados de an\u00e1lisis, comentarios y propuestas de los autores. (<a rel=\"noreferrer noopener\" href=\"https:\/\/www.uandes.cl\/noticias\/lanzamiento-libro-antecedentes-para-una-nueva-constitucion-evolucion-historica-proyectos-tratados-internacionales-y-derecho-comparado\/\" target=\"_blank\">Ver m\u00e1s<\/a>)<\/p>\n<\/div><\/div>\n<\/div><\/div><\/div><\/div><\/div><\/div>\n\n\n\n<div class=\"alignfull wp-block-ugb-container ugb-container borde ugb-5ab114f ugb-container--v2 ugb-container--design-plain ugb-main-block ugb-main-block--inner-center ugb--has-block-background\"><style>.ugb-5ab114f.ugb-container{background-color:#ededed}.ugb-5ab114f{padding:0 !important}.ugb-5ab114f.ugb-container:before{background-color:#ededed}<\/style><div class=\"ugb-inner-block ugb-inner-block--center\"><div class=\"ugb-block-content\"><div class=\"ugb-container__wrapper ugb-5ab114f-wrapper\"><div class=\"ugb-container__side\"><div class=\"ugb-container__content-wrapper ugb-5ab114f-content-wrapper\">\n<div class=\"wp-block-media-text alignfull is-stacked-on-mobile is-vertically-aligned-center libro\" style=\"grid-template-columns:24% auto\"><figure class=\"wp-block-media-text__media\"><img decoding=\"async\" loading=\"lazy\" width=\"702\" height=\"1024\" src=\"https:\/\/revistacampus.uandes.cl\/2022\/wp-content\/uploads\/2022\/08\/Aspectos-Criticos-de-la-Contratacion-Administrativa-702x1024.jpeg\" alt=\"\" class=\"wp-image-7422 size-full\" srcset=\"https:\/\/revistacampus.uandes.cl\/2022\/wp-content\/uploads\/2022\/08\/Aspectos-Criticos-de-la-Contratacion-Administrativa-702x1024.jpeg 702w, https:\/\/revistacampus.uandes.cl\/2022\/wp-content\/uploads\/2022\/08\/Aspectos-Criticos-de-la-Contratacion-Administrativa-206x300.jpeg 206w, https:\/\/revistacampus.uandes.cl\/2022\/wp-content\/uploads\/2022\/08\/Aspectos-Criticos-de-la-Contratacion-Administrativa-768x1121.jpeg 768w, https:\/\/revistacampus.uandes.cl\/2022\/wp-content\/uploads\/2022\/08\/Aspectos-Criticos-de-la-Contratacion-Administrativa-1052x1536.jpeg 1052w, https:\/\/revistacampus.uandes.cl\/2022\/wp-content\/uploads\/2022\/08\/Aspectos-Criticos-de-la-Contratacion-Administrativa-1403x2048.jpeg 1403w, https:\/\/revistacampus.uandes.cl\/2022\/wp-content\/uploads\/2022\/08\/Aspectos-Criticos-de-la-Contratacion-Administrativa-480x701.jpeg 480w, https:\/\/revistacampus.uandes.cl\/2022\/wp-content\/uploads\/2022\/08\/Aspectos-Criticos-de-la-Contratacion-Administrativa-scaled.jpeg 1754w\" sizes=\"(max-width: 702px) 100vw, 702px\" \/><\/figure><div class=\"wp-block-media-text__content\">\n<h4 class=\"has-text-color wp-block-heading\" style=\"color:#ff2e17;text-transform:uppercase\"><strong>Aspectos cr\u00edticos de la contrataci\u00f3n administrativa&nbsp;&nbsp;&nbsp;&nbsp;&nbsp;&nbsp;&nbsp;&nbsp;&nbsp;<\/strong><\/h4>\n\n\n\n<p><strong>Autor:<\/strong>&nbsp;<a href=\"https:\/\/www.uandes.cl\/personas\/juan-carlos-flores-rivas\/\" target=\"_blank\" rel=\"noreferrer noopener\">Juan Carlos Flores<\/a><br><strong>Editorial:<\/strong> Thomson Reuters<br><strong>P\u00e1ginas:&nbsp;<\/strong>352&nbsp;&nbsp;&nbsp;&nbsp;&nbsp;&nbsp;&nbsp;&nbsp;&nbsp;&nbsp;<\/p>\n\n\n\n<p><strong>Resumen:<\/strong>&nbsp;Esta obra re\u00fane diferentes estudios sobre contrataci\u00f3n administrativa. Se analizan materias asociadas a la etapa de licitaci\u00f3n p\u00fablica, los principios que la gobiernan, el valor de las bases de licitaci\u00f3n y la importancia de la probidad administrativa. Se revisan los problemas ocurridos en la etapa de ejecuci\u00f3n contractual, como la potestad sancionadora, la mantenci\u00f3n del equilibrio econ\u00f3mico financiero del contrato, entre otros. (<a href=\"https:\/\/www.uandes.cl\/noticias\/libro-aspectos-criticos-de-la-contratacion-administrativa\/\" target=\"_blank\" rel=\"noreferrer noopener\">Ver m\u00e1s<\/a>)<\/p>\n<\/div><\/div>\n<\/div><\/div><\/div><\/div><\/div><\/div>\n\n\n\n<div class=\"alignfull wp-block-ugb-container ugb-container borde ugb-2eb5722 ugb-container--v2 ugb-container--design-plain ugb-main-block ugb-main-block--inner-center ugb--has-block-background\"><style>.ugb-2eb5722.ugb-container{background-color:#ffffff}.ugb-2eb5722{padding:0 !important}.ugb-2eb5722.ugb-container:before{background-color:#ffffff}<\/style><div class=\"ugb-inner-block ugb-inner-block--center\"><div class=\"ugb-block-content\"><div class=\"ugb-container__wrapper ugb-2eb5722-wrapper\"><div class=\"ugb-container__side\"><div class=\"ugb-container__content-wrapper ugb-2eb5722-content-wrapper\">\n<div class=\"wp-block-media-text alignfull is-stacked-on-mobile is-vertically-aligned-center libro\" style=\"grid-template-columns:24% auto\"><figure class=\"wp-block-media-text__media\"><img decoding=\"async\" loading=\"lazy\" width=\"711\" height=\"1024\" src=\"https:\/\/revistacampus.uandes.cl\/2022\/wp-content\/uploads\/2022\/08\/Tirant-711x1024.jpg\" alt=\"\" class=\"wp-image-7423 size-full\" srcset=\"https:\/\/revistacampus.uandes.cl\/2022\/wp-content\/uploads\/2022\/08\/Tirant-711x1024.jpg 711w, https:\/\/revistacampus.uandes.cl\/2022\/wp-content\/uploads\/2022\/08\/Tirant-208x300.jpg 208w, https:\/\/revistacampus.uandes.cl\/2022\/wp-content\/uploads\/2022\/08\/Tirant-768x1107.jpg 768w, https:\/\/revistacampus.uandes.cl\/2022\/wp-content\/uploads\/2022\/08\/Tirant-480x692.jpg 480w, https:\/\/revistacampus.uandes.cl\/2022\/wp-content\/uploads\/2022\/08\/Tirant.jpg 1000w\" sizes=\"(max-width: 711px) 100vw, 711px\" \/><\/figure><div class=\"wp-block-media-text__content\">\n<h4 class=\"has-text-color wp-block-heading\" style=\"color:#ff2e17;text-transform:uppercase\"><strong>Nuevo Reglamento Procesal de Arbitraje Nacional<\/strong><br><strong>del Centro de Arbitraje y Mediaci\u00f3n de Santiago<\/strong><\/h4>\n\n\n\n<p><strong>Autor:<\/strong> <a href=\"https:\/\/www.uandes.cl\/personas\/alejandro-romero-seguel\/\" target=\"_blank\" rel=\"noreferrer noopener\">Alejandro Romero<\/a>&nbsp;<br><strong>Editorial:<\/strong> Tirant lo Blanch<br><strong>P\u00e1ginas:&nbsp;<\/strong>160<\/p>\n\n\n\n<p><strong>Resumen:<\/strong>&nbsp;El presente trabajo comenta las principales disposiciones del nuevo Reglamento Procesal de Arbitraje Nacional, que entr\u00f3 a regir el 1 de abril de 2021. A trav\u00e9s de esta regulaci\u00f3n se busca una renovaci\u00f3n profunda del derecho de arbitraje en Chile. Para una mejor comprensi\u00f3n de los temas, se incluyen las referencias doctrinales y jurisprudenciales que puedan ayudar a profundizar en los m\u00faltiples problemas que surgen en los arbitrajes.&nbsp;(<a href=\"https:\/\/www.uandes.cl\/noticias\/profesor-alejandro-romero-publica-libro-sobre-nuevo-reglamento-procesal-de-arbitraje-nacional\/\" target=\"_blank\" rel=\"noreferrer noopener\">Ver m\u00e1s<\/a>)<\/p>\n<\/div><\/div>\n<\/div><\/div><\/div><\/div><\/div><\/div>\n\n\n\n<div class=\"alignfull wp-block-ugb-container ugb-container borde ugb-e55d801 ugb-container--v2 ugb-container--design-plain ugb-main-block ugb-main-block--inner-center ugb--has-block-background\"><style>.ugb-e55d801.ugb-container{background-color:#ededed}.ugb-e55d801{padding:0 !important}.ugb-e55d801.ugb-container:before{background-color:#ededed}<\/style><div class=\"ugb-inner-block ugb-inner-block--center\"><div class=\"ugb-block-content\"><div class=\"ugb-container__wrapper ugb-e55d801-wrapper\"><div class=\"ugb-container__side\"><div class=\"ugb-container__content-wrapper ugb-e55d801-content-wrapper\">\n<div class=\"wp-block-media-text alignfull is-stacked-on-mobile is-vertically-aligned-center libro\" style=\"grid-template-columns:24% auto\"><figure class=\"wp-block-media-text__media\"><img decoding=\"async\" loading=\"lazy\" width=\"694\" height=\"1024\" src=\"https:\/\/revistacampus.uandes.cl\/2022\/wp-content\/uploads\/2022\/08\/control-de-detencion_R2-694x1024.jpg\" alt=\"\" class=\"wp-image-7428 size-full\" srcset=\"https:\/\/revistacampus.uandes.cl\/2022\/wp-content\/uploads\/2022\/08\/control-de-detencion_R2-694x1024.jpg 694w, https:\/\/revistacampus.uandes.cl\/2022\/wp-content\/uploads\/2022\/08\/control-de-detencion_R2-203x300.jpg 203w, https:\/\/revistacampus.uandes.cl\/2022\/wp-content\/uploads\/2022\/08\/control-de-detencion_R2-768x1133.jpg 768w, https:\/\/revistacampus.uandes.cl\/2022\/wp-content\/uploads\/2022\/08\/control-de-detencion_R2-480x708.jpg 480w, https:\/\/revistacampus.uandes.cl\/2022\/wp-content\/uploads\/2022\/08\/control-de-detencion_R2.jpg 895w\" sizes=\"(max-width: 694px) 100vw, 694px\" \/><\/figure><div class=\"wp-block-media-text__content\">\n<h4 class=\"has-text-color wp-block-heading\" style=\"color:#ff2e17;text-transform:uppercase\"><strong>La audiencia de control de detenci\u00f3n y sus repercusiones a trav\u00e9s del proceso penal <\/strong><\/h4>\n\n\n\n<p><strong>Autores:<\/strong>&nbsp;<a rel=\"noreferrer noopener\" href=\"https:\/\/www.uandes.cl\/personas\/gonzalo-hoyl-moreno\/\" target=\"_blank\">Gonzalo Hoyl<\/a> (director), et. al.<br><strong>Editorial:<\/strong> Tirant lo Blanch&nbsp;&nbsp;&nbsp;&nbsp;&nbsp;&nbsp;&nbsp;&nbsp;<br><strong>P\u00e1ginas:&nbsp;<\/strong>272<\/p>\n\n\n\n<p><strong>Resumen:<\/strong>&nbsp;Este libro recoge las principales discusiones que se pueden dar en la audiencia de control de la detenci\u00f3n, cuyas repercusiones impactar\u00e1n durante todo el proceso. La declaraci\u00f3n de ilegalidad en la audiencia de control, la audiencia de preparaci\u00f3n de juicio oral, etc. Todos estos temas est\u00e1n tratados en la obra, que contiene tambi\u00e9n varias citas de jurisprudencia y est\u00e1 realizada con un enfoque pr\u00e1ctico, que permita a los operadores jur\u00eddicos sustentar sus argumentaciones en las audiencias. (<a href=\"https:\/\/www.uandes.cl\/noticias\/libro-la-audiencia-de-control-de-detencion-y-sus-repercusiones-a-traves-del-proceso-penal\/\" target=\"_blank\" rel=\"noreferrer noopener\">Ver m\u00e1s<\/a>)<\/p>\n<\/div><\/div>\n<\/div><\/div><\/div><\/div><\/div><\/div>\n\n\n\n<div class=\"alignfull wp-block-ugb-container ugb-container borde ugb-54abfef ugb-container--v2 ugb-container--design-plain ugb-main-block ugb-main-block--inner-center ugb--has-block-background\"><style>.ugb-54abfef.ugb-container{background-color:#ffffff}.ugb-54abfef{padding:0 !important}.ugb-54abfef.ugb-container:before{background-color:#ffffff}<\/style><div class=\"ugb-inner-block ugb-inner-block--center\"><div class=\"ugb-block-content\"><div class=\"ugb-container__wrapper ugb-54abfef-wrapper\"><div class=\"ugb-container__side\"><div class=\"ugb-container__content-wrapper ugb-54abfef-content-wrapper\">\n<div class=\"wp-block-media-text alignfull is-stacked-on-mobile is-vertically-aligned-center libro\" style=\"grid-template-columns:24% auto\"><figure class=\"wp-block-media-text__media\"><img decoding=\"async\" loading=\"lazy\" width=\"450\" height=\"655\" src=\"https:\/\/revistacampus.uandes.cl\/2022\/wp-content\/uploads\/2022\/08\/10-CURSO-DE-DERECHO-PROCESAL-CIVIL_romero_R.jpg\" alt=\"\" class=\"wp-image-7424 size-full\" srcset=\"https:\/\/revistacampus.uandes.cl\/2022\/wp-content\/uploads\/2022\/08\/10-CURSO-DE-DERECHO-PROCESAL-CIVIL_romero_R.jpg 450w, https:\/\/revistacampus.uandes.cl\/2022\/wp-content\/uploads\/2022\/08\/10-CURSO-DE-DERECHO-PROCESAL-CIVIL_romero_R-206x300.jpg 206w\" sizes=\"(max-width: 450px) 100vw, 450px\" \/><\/figure><div class=\"wp-block-media-text__content\">\n<h4 class=\"has-text-color wp-block-heading\" style=\"color:#ff2e17;text-transform:uppercase\"><strong>Curso de Derecho Procesal Civil<\/strong><br><strong>Tomo V. Los medios de impugnaci\u00f3n<\/strong><\/h4>\n\n\n\n<p><strong>Autor:<\/strong>&nbsp;<a href=\"https:\/\/www.uandes.cl\/personas\/alejandro-romero-seguel\/\" target=\"_blank\" rel=\"noreferrer noopener\">Alejandro Romero<\/a><br><strong>Editorial:<\/strong> Thomson Reuters<br><strong>P\u00e1ginas:&nbsp;<\/strong>368&nbsp;&nbsp;&nbsp;&nbsp;&nbsp;&nbsp;&nbsp;&nbsp;&nbsp;&nbsp;<\/p>\n\n\n\n<p><strong>Resumen:<\/strong>&nbsp;En este tomo del Curso de Derecho Procesal Civil se estudian los medios de impugnaci\u00f3n previstos en el C\u00f3digo de Procedimiento Civil y el recurso de queja contenido en el C\u00f3digo Org\u00e1nico de Tribunales. El trabajo presenta un estudio de la tramitaci\u00f3n de los recursos seg\u00fan la ley de tramitaci\u00f3n electr\u00f3nica, incluyendo un an\u00e1lisis de varios problemas sobre los efectos de los recursos. El uso de jurisprudencia permite conocer los criterios en los temas m\u00e1s relevantes abordados en este tomo.&nbsp;(<a href=\"https:\/\/www.uandes.cl\/noticias\/alejandro-romero-publica-v-tomo-del-libro-curso-de-derecho-procesal-civil\/\" target=\"_blank\" rel=\"noreferrer noopener\">Ver m\u00e1s<\/a>)<\/p>\n<\/div><\/div>\n<\/div><\/div><\/div><\/div><\/div><\/div>\n\n\n\n<div class=\"alignfull wp-block-ugb-container ugb-container borde ugb-0d18ea8 ugb-container--v2 ugb-container--design-plain ugb-main-block ugb-main-block--inner-center ugb--has-block-background\"><style>.ugb-0d18ea8.ugb-container{background-color:#ededed}.ugb-0d18ea8{padding:0 !important}.ugb-0d18ea8.ugb-container:before{background-color:#ededed}<\/style><div class=\"ugb-inner-block ugb-inner-block--center\"><div class=\"ugb-block-content\"><div class=\"ugb-container__wrapper ugb-0d18ea8-wrapper\"><div class=\"ugb-container__side\"><div class=\"ugb-container__content-wrapper ugb-0d18ea8-content-wrapper\">\n<div class=\"wp-block-media-text alignfull is-stacked-on-mobile is-vertically-aligned-center libro\" style=\"grid-template-columns:24% auto\"><figure class=\"wp-block-media-text__media\"><img decoding=\"async\" loading=\"lazy\" width=\"664\" height=\"1024\" src=\"https:\/\/revistacampus.uandes.cl\/2022\/wp-content\/uploads\/2022\/08\/edition-130933-664x1024.jpg\" alt=\"\" class=\"wp-image-7425 size-full\" srcset=\"https:\/\/revistacampus.uandes.cl\/2022\/wp-content\/uploads\/2022\/08\/edition-130933-664x1024.jpg 664w, https:\/\/revistacampus.uandes.cl\/2022\/wp-content\/uploads\/2022\/08\/edition-130933-195x300.jpg 195w, https:\/\/revistacampus.uandes.cl\/2022\/wp-content\/uploads\/2022\/08\/edition-130933-768x1184.jpg 768w, https:\/\/revistacampus.uandes.cl\/2022\/wp-content\/uploads\/2022\/08\/edition-130933-996x1536.jpg 996w, https:\/\/revistacampus.uandes.cl\/2022\/wp-content\/uploads\/2022\/08\/edition-130933-1329x2048.jpg 1329w, https:\/\/revistacampus.uandes.cl\/2022\/wp-content\/uploads\/2022\/08\/edition-130933-480x740.jpg 480w, https:\/\/revistacampus.uandes.cl\/2022\/wp-content\/uploads\/2022\/08\/edition-130933-scaled.jpg 1661w\" sizes=\"(max-width: 664px) 100vw, 664px\" \/><\/figure><div class=\"wp-block-media-text__content\">\n<h4 class=\"has-text-color wp-block-heading\" style=\"color:#ff2e17;text-transform:uppercase\"><strong>La Virgen Mar\u00eda<\/strong><\/h4>\n\n\n\n<p><strong>Autor:<\/strong> <a href=\"https:\/\/www.uandes.cl\/personas\/padre-jose-miguel-ibanez\/\" target=\"_blank\" rel=\"noreferrer noopener\">P. Jos\u00e9 Miguel Ib\u00e1\u00f1ez Langlois<\/a> &nbsp;&nbsp;&nbsp;&nbsp;&nbsp;<br><strong>Editorial:<\/strong> RIALP&nbsp;&nbsp;&nbsp;&nbsp;&nbsp;&nbsp;&nbsp;<br><strong>P\u00e1ginas:&nbsp;<\/strong>254<\/p>\n\n\n\n<p><strong>Resumen:<\/strong>&nbsp;No son muchas las narraciones de la vida de Mar\u00eda que se circunscriban a los datos de la Escritura, pero es tal la intensidad de esos pasajes que el autor se ha atrevido a explayarlos, en lenguaje com\u00fan y directo, para acercarlos a los lectores. Esta decisi\u00f3n de difundir la figura de Mar\u00eda a trav\u00e9s de sus hechos, dichos y silencios, sin apenas comentarios o citas, no le impide recrear con la imaginaci\u00f3n lo que se desprende del propio texto, logrando p\u00e1ginas muy bellas que facilitan la contemplaci\u00f3n amorosa de Mar\u00eda.<\/p>\n<\/div><\/div>\n<\/div><\/div><\/div><\/div><\/div><\/div>\n\n\n\n<div class=\"alignfull wp-block-ugb-container ugb-container borde ugb-e95e830 ugb-container--v2 ugb-container--design-plain ugb-main-block ugb-main-block--inner-center ugb--has-block-background\"><style>.ugb-e95e830.ugb-container{background-color:#ffffff}.ugb-e95e830{padding:0 !important}.ugb-e95e830.ugb-container:before{background-color:#ffffff}<\/style><div class=\"ugb-inner-block ugb-inner-block--center\"><div class=\"ugb-block-content\"><div class=\"ugb-container__wrapper ugb-e95e830-wrapper\"><div class=\"ugb-container__side\"><div class=\"ugb-container__content-wrapper ugb-e95e830-content-wrapper\">\n<div class=\"wp-block-media-text alignfull is-stacked-on-mobile is-vertically-aligned-center libro\" style=\"grid-template-columns:24% auto\"><figure class=\"wp-block-media-text__media\"><img decoding=\"async\" loading=\"lazy\" width=\"671\" height=\"1024\" src=\"https:\/\/revistacampus.uandes.cl\/2022\/wp-content\/uploads\/2022\/08\/Tapa_eutanasia-671x1024.jpg\" alt=\"\" class=\"wp-image-7426 size-full\" srcset=\"https:\/\/revistacampus.uandes.cl\/2022\/wp-content\/uploads\/2022\/08\/Tapa_eutanasia-671x1024.jpg 671w, https:\/\/revistacampus.uandes.cl\/2022\/wp-content\/uploads\/2022\/08\/Tapa_eutanasia-197x300.jpg 197w, https:\/\/revistacampus.uandes.cl\/2022\/wp-content\/uploads\/2022\/08\/Tapa_eutanasia-768x1172.jpg 768w, https:\/\/revistacampus.uandes.cl\/2022\/wp-content\/uploads\/2022\/08\/Tapa_eutanasia-1007x1536.jpg 1007w, https:\/\/revistacampus.uandes.cl\/2022\/wp-content\/uploads\/2022\/08\/Tapa_eutanasia-1342x2048.jpg 1342w, https:\/\/revistacampus.uandes.cl\/2022\/wp-content\/uploads\/2022\/08\/Tapa_eutanasia-480x732.jpg 480w, https:\/\/revistacampus.uandes.cl\/2022\/wp-content\/uploads\/2022\/08\/Tapa_eutanasia.jpg 1663w\" sizes=\"(max-width: 671px) 100vw, 671px\" \/><\/figure><div class=\"wp-block-media-text__content\">\n<h4 class=\"has-text-color wp-block-heading\" style=\"color:#ff2e17;text-transform:uppercase\"><strong>La eutanasia y el suicidio asistido<\/strong><\/h4>\n\n\n\n<p><strong>Editor:<\/strong>&nbsp;<a rel=\"noreferrer noopener\" href=\"https:\/\/www.uandes.cl\/personas\/juan-eduardo-carreno-pavez\/\" target=\"_blank\">Juan Eduardo Carre\u00f1o<\/a><br><strong>Editorial:<\/strong> EUNSA. Ediciones Universidad de Navarra<br><strong>P\u00e1ginas:&nbsp;<\/strong>228<\/p>\n\n\n\n<p><strong>Resumen:<\/strong>&nbsp;No pocos hallan hoy el remedio a un sufrimiento aparentemente sin sentido en una muerte provocada. Los argumentos m\u00e1s frecuentes apelan a la autonom\u00eda individual y a la compasi\u00f3n por el que sufre. Este texto presenta una propuesta alternativa, basada en la primac\u00eda ontol\u00f3gica de la vida sobre la muerte, el valor intr\u00ednseco de cada vida humana y en una conceptualizaci\u00f3n de la libertad que supera la perspectiva moderna de la mera autodeterminaci\u00f3n. Desde diversos enfoques disciplinarios, sus art\u00edculos apoyan la tesis de que la manera realmente compasiva de tratar al sufriente no es matarlo, sino acompa\u00f1arlo y aliviarlo con cuidado, amor y respeto.&nbsp;(<a href=\"https:\/\/www.uandes.cl\/noticias\/de-autoria-de-la-uandes-se-presento-la-eutanasia-y-el-suicidio-asistido-una-mirada-multidisciplinaria\/\" target=\"_blank\" rel=\"noreferrer noopener\">Ver m\u00e1s<\/a>)<\/p>\n<\/div><\/div>\n<\/div><\/div><\/div><\/div><\/div><\/div>\n","protected":false},"excerpt":{"rendered":"<p>Los libros publicados durante 2021 abordan una amplia variedad de temas, desde la literatura y la historia hasta la econom\u00eda, pasando por la educaci\u00f3n, la fe, la Constituci\u00f3n y otras ciencias.<\/p>\n","protected":false},"author":2,"featured_media":7403,"comment_status":"open","ping_status":"open","sticky":false,"template":"","format":"standard","meta":{"inline_featured_image":false,"_mi_skip_tracking":false,"_monsterinsights_sitenote_active":false,"_monsterinsights_sitenote_note":"","_monsterinsights_sitenote_category":0,"footnotes":""},"categories":[50],"tags":[],"featured_image_urls":{"full":["https:\/\/revistacampus.uandes.cl\/2022\/wp-content\/uploads\/2022\/08\/MG_0066.jpg",1040,693,false],"thumbnail":["https:\/\/revistacampus.uandes.cl\/2022\/wp-content\/uploads\/2022\/08\/MG_0066-150x150.jpg",150,150,true],"medium":["https:\/\/revistacampus.uandes.cl\/2022\/wp-content\/uploads\/2022\/08\/MG_0066-300x200.jpg",300,200,true],"medium_large":["https:\/\/revistacampus.uandes.cl\/2022\/wp-content\/uploads\/2022\/08\/MG_0066-768x512.jpg",768,512,true],"large":["https:\/\/revistacampus.uandes.cl\/2022\/wp-content\/uploads\/2022\/08\/MG_0066-1024x682.jpg",1024,682,true],"1536x1536":["https:\/\/revistacampus.uandes.cl\/2022\/wp-content\/uploads\/2022\/08\/MG_0066.jpg",1040,693,false],"2048x2048":["https:\/\/revistacampus.uandes.cl\/2022\/wp-content\/uploads\/2022\/08\/MG_0066.jpg",1040,693,false],"thumbnail-medium":["https:\/\/revistacampus.uandes.cl\/2022\/wp-content\/uploads\/2022\/08\/MG_0066-480x384.jpg",480,384,true],"thumbnail-square":["https:\/\/revistacampus.uandes.cl\/2022\/wp-content\/uploads\/2022\/08\/MG_0066-480x480.jpg",480,480,true],"thumbnail-portrait":["https:\/\/revistacampus.uandes.cl\/2022\/wp-content\/uploads\/2022\/08\/MG_0066-480x600.jpg",480,600,true],"thumbnail-large":["https:\/\/revistacampus.uandes.cl\/2022\/wp-content\/uploads\/2022\/08\/MG_0066-720x480.jpg",720,480,true],"thumbnail-medium-nocrop":["https:\/\/revistacampus.uandes.cl\/2022\/wp-content\/uploads\/2022\/08\/MG_0066-480x320.jpg",480,320,true]},"post_excerpt_stackable":"<p>Los libros publicados durante 2021 abordan una amplia variedad de temas, desde la literatura y la historia hasta la econom\u00eda, pasando por la educaci\u00f3n, la fe, la Constituci\u00f3n y otras ciencias.<\/p>\n","category_list":"<a href=\"https:\/\/revistacampus.uandes.cl\/2022\/category\/investigacion-al-servicio-de-la-sociedad\/\" rel=\"category tag\">Investigaci\u00f3n al servicio de la sociedad<\/a>","author_info":{"name":"Revista Campus","url":"https:\/\/revistacampus.uandes.cl\/2022\/author\/campus2020\/"},"comments_num":"0 comments","featured_image_urls_v2":{"full":["https:\/\/revistacampus.uandes.cl\/2022\/wp-content\/uploads\/2022\/08\/MG_0066.jpg",1040,693,false],"thumbnail":["https:\/\/revistacampus.uandes.cl\/2022\/wp-content\/uploads\/2022\/08\/MG_0066-150x150.jpg",150,150,true],"medium":["https:\/\/revistacampus.uandes.cl\/2022\/wp-content\/uploads\/2022\/08\/MG_0066-300x200.jpg",300,200,true],"medium_large":["https:\/\/revistacampus.uandes.cl\/2022\/wp-content\/uploads\/2022\/08\/MG_0066-768x512.jpg",768,512,true],"large":["https:\/\/revistacampus.uandes.cl\/2022\/wp-content\/uploads\/2022\/08\/MG_0066-1024x682.jpg",1024,682,true],"1536x1536":["https:\/\/revistacampus.uandes.cl\/2022\/wp-content\/uploads\/2022\/08\/MG_0066.jpg",1040,693,false],"2048x2048":["https:\/\/revistacampus.uandes.cl\/2022\/wp-content\/uploads\/2022\/08\/MG_0066.jpg",1040,693,false],"thumbnail-medium":["https:\/\/revistacampus.uandes.cl\/2022\/wp-content\/uploads\/2022\/08\/MG_0066-480x384.jpg",480,384,true],"thumbnail-square":["https:\/\/revistacampus.uandes.cl\/2022\/wp-content\/uploads\/2022\/08\/MG_0066-480x480.jpg",480,480,true],"thumbnail-portrait":["https:\/\/revistacampus.uandes.cl\/2022\/wp-content\/uploads\/2022\/08\/MG_0066-480x600.jpg",480,600,true],"thumbnail-large":["https:\/\/revistacampus.uandes.cl\/2022\/wp-content\/uploads\/2022\/08\/MG_0066-720x480.jpg",720,480,true],"thumbnail-medium-nocrop":["https:\/\/revistacampus.uandes.cl\/2022\/wp-content\/uploads\/2022\/08\/MG_0066-480x320.jpg",480,320,true]},"post_excerpt_stackable_v2":"<p>Los libros publicados durante 2021 abordan una amplia variedad de temas, desde la literatura y la historia hasta la econom\u00eda, pasando por la educaci\u00f3n, la fe, la Constituci\u00f3n y otras ciencias.<\/p>\n","category_list_v2":"<a href=\"https:\/\/revistacampus.uandes.cl\/2022\/category\/investigacion-al-servicio-de-la-sociedad\/\" rel=\"category tag\">Investigaci\u00f3n al servicio de la sociedad<\/a>","author_info_v2":{"name":"Revista Campus","url":"https:\/\/revistacampus.uandes.cl\/2022\/author\/campus2020\/"},"comments_num_v2":"0 comments","_links":{"self":[{"href":"https:\/\/revistacampus.uandes.cl\/2022\/wp-json\/wp\/v2\/posts\/6619"}],"collection":[{"href":"https:\/\/revistacampus.uandes.cl\/2022\/wp-json\/wp\/v2\/posts"}],"about":[{"href":"https:\/\/revistacampus.uandes.cl\/2022\/wp-json\/wp\/v2\/types\/post"}],"author":[{"embeddable":true,"href":"https:\/\/revistacampus.uandes.cl\/2022\/wp-json\/wp\/v2\/users\/2"}],"replies":[{"embeddable":true,"href":"https:\/\/revistacampus.uandes.cl\/2022\/wp-json\/wp\/v2\/comments?post=6619"}],"version-history":[{"count":27,"href":"https:\/\/revistacampus.uandes.cl\/2022\/wp-json\/wp\/v2\/posts\/6619\/revisions"}],"predecessor-version":[{"id":8244,"href":"https:\/\/revistacampus.uandes.cl\/2022\/wp-json\/wp\/v2\/posts\/6619\/revisions\/8244"}],"wp:featuredmedia":[{"embeddable":true,"href":"https:\/\/revistacampus.uandes.cl\/2022\/wp-json\/wp\/v2\/media\/7403"}],"wp:attachment":[{"href":"https:\/\/revistacampus.uandes.cl\/2022\/wp-json\/wp\/v2\/media?parent=6619"}],"wp:term":[{"taxonomy":"category","embeddable":true,"href":"https:\/\/revistacampus.uandes.cl\/2022\/wp-json\/wp\/v2\/categories?post=6619"},{"taxonomy":"post_tag","embeddable":true,"href":"https:\/\/revistacampus.uandes.cl\/2022\/wp-json\/wp\/v2\/tags?post=6619"}],"curies":[{"name":"wp","href":"https:\/\/api.w.org\/{rel}","templated":true}]}}