{"id":6614,"date":"2022-07-04T18:56:00","date_gmt":"2022-07-04T22:56:00","guid":{"rendered":"https:\/\/revistacampus.uandes.cl\/2022\/?p=6614"},"modified":"2022-09-09T10:33:20","modified_gmt":"2022-09-09T14:33:20","slug":"como-evitar-la-metastasis-en-cancer-oral","status":"publish","type":"post","link":"https:\/\/revistacampus.uandes.cl\/2022\/como-evitar-la-metastasis-en-cancer-oral\/","title":{"rendered":"C\u00f3mo evitar la met\u00e1stasis en c\u00e1ncer oral"},"content":{"rendered":"\n<p class=\"has-text-align-left\"><strong>Entre 2% y 4% de los c\u00e1nceres de la poblaci\u00f3n corresponden a c\u00e1ncer de boca y, aproximadamente, 50% de los casos diagnosticados desarrollan met\u00e1stasis.<\/strong><\/p>\n\n\n\n<div style=\"height:50px\" aria-hidden=\"true\" class=\"wp-block-spacer\"><\/div>\n\n\n\n<div class=\"wp-block-stackable-separator alignfull stk-block-separator stk--no-padding stk-block stk-7a95aa3\" data-block-id=\"7a95aa3\"><style>.stk-7a95aa3{transform:scaleX(-1) scaleY(-1) !important}.stk-7a95aa3 svg{fill:#000000 !important;filter:none !important}.stk-7a95aa3 .stk-block-separator__inner{height:50px !important}<\/style><div class=\"stk-block-separator__inner\"><svg xmlns=\"http:\/\/www.w3.org\/2000\/svg\" viewBox=\"0 0 1600 200\" class=\"stk-separator__layer-1\" preserveAspectRatio=\"none\" aria-hidden=\"true\"><path d=\"M-10 210h1620V105.2H-10z\"><\/path><\/svg><\/div><\/div>\n\n\n\n<div class=\"wp-block-ugb-columns ugb-columns ugb-e7cff71 ugb-columns--design-plain ugb-columns--columns-2 ugb-main-block\"><style>.ugb-e7cff71 > .ugb-inner-block > .ugb-block-content > .ugb-columns__item{grid-template-columns:0.78fr 1.22fr !important}.ugb-e7cff71-content-wrapper > .ugb-column{align-items:center !important}.ugb-e7cff71-content-wrapper > .ugb-column > .ugb-inner-block{height:auto !important}<\/style><div class=\"ugb-inner-block\"><div class=\"ugb-block-content\"><div class=\"ugb-columns__item ugb-e7cff71-content-wrapper\">\n<div class=\"wp-block-ugb-column ugb-column ugb-5614399 ugb-column--design-plain ugb-main-block\"><div class=\"ugb-inner-block\"><div class=\"ugb-block-content\"><div class=\"ugb-column__item ugb-5614399-column-wrapper\"><div class=\"ugb-column__content-wrapper\">\n<figure class=\"wp-block-image size-full is-resized is-style-rounded\"><img decoding=\"async\" loading=\"lazy\" src=\"https:\/\/revistacampus.uandes.cl\/2022\/wp-content\/uploads\/2022\/08\/MG_08892.jpg\" alt=\"\" class=\"wp-image-7373\" width=\"216\" height=\"216\" srcset=\"https:\/\/revistacampus.uandes.cl\/2022\/wp-content\/uploads\/2022\/08\/MG_08892.jpg 432w, https:\/\/revistacampus.uandes.cl\/2022\/wp-content\/uploads\/2022\/08\/MG_08892-300x300.jpg 300w, https:\/\/revistacampus.uandes.cl\/2022\/wp-content\/uploads\/2022\/08\/MG_08892-150x150.jpg 150w\" sizes=\"(max-width: 216px) 100vw, 216px\" \/><\/figure>\n<\/div><\/div><\/div><\/div><\/div>\n\n\n\n<div class=\"wp-block-ugb-column ugb-column ugb-0613b7e ugb-column--design-plain ugb-main-block\"><div class=\"ugb-inner-block\"><div class=\"ugb-block-content\"><div class=\"ugb-column__item ugb-0613b7e-column-wrapper\"><div class=\"ugb-column__content-wrapper\">\n<p>Evitar la met\u00e1stasis en c\u00e1ncer oral o de boca, a trav\u00e9s del estudio de los mecanismos moleculares responsables del crecimiento y la migraci\u00f3n del c\u00e1ncer, es lo que busca lograr un estudio de la <a href=\"https:\/\/www.uandes.cl\/carrera\/odontologia\/\" target=\"_blank\" rel=\"noreferrer noopener\">Facultad de Odontolog\u00eda<\/a>, liderado por el profesor <strong><a href=\"https:\/\/www.uandes.cl\/noticias\/dr-wilfredo-gonzalez-se-integra-a-la-facultad-de-odontologia\/\">Wilfredo Gonz\u00e1lez<\/a><\/strong> y financiado por la <strong><a href=\"https:\/\/www.anid.cl\/\">Agencia Nacional de Investigaci\u00f3n y Desarrollo de Chile (ANID)<\/a><\/strong>.&nbsp;<\/p>\n<\/div><\/div><\/div><\/div><\/div>\n<\/div><\/div><\/div><\/div>\n\n\n\n<p>Los mecanismos moleculares son los responsables de generar el avance de la enfermedad o met\u00e1stasis, es decir, que las c\u00e9lulas malignas se implanten en un sector distinto a donde se origin\u00f3 el c\u00e1ncer. Por lo tanto, <strong>el objetivo de este estudio es evitar que las c\u00e9lulas del c\u00e1ncer viajen hacia los sitios metast\u00e1sicos -y se queden con- centradas en el sitio primario-, para tratar mejor la enfermedad<\/strong>.&nbsp;<\/p>\n\n\n\n<p>\u201cEstudiamos un mecanismo molecular espec\u00edfico que est\u00e1 asociado a una quimioquina. Esta es una mol\u00e9cula, producida por ciertas c\u00e9lulas, que a trav\u00e9s de se\u00f1ales qu\u00edmicas hace que las c\u00e9lulas vayan hacia el lugar de met\u00e1stasis. Lo que queremos es evitar ese viaje\u201d, explica el acad\u00e9mico.&nbsp;<\/p>\n\n\n\n<p>El especialista indica que <strong>esto se podr\u00eda lograr a trav\u00e9s de la inhibici\u00f3n de la comunicaci\u00f3n entre quimioquinas y receptores expresados por las c\u00e9lulas del c\u00e1ncer<\/strong>. \u201cDe esta forma se podr\u00eda evitar que la c\u00e9lula del c\u00e1ncer viaje y se genere met\u00e1stasis\u201d.&nbsp;<\/p>\n\n\n\n<p>Si bien este mecanismo asociado al eje ligando-receptor de quimioquinas se est\u00e1 estudiando en c\u00e1ncer oral, tambi\u00e9n es descrito en otros tipos de c\u00e1ncer como el de mama, g\u00e1strico y melanoma, y se ha referido que tiene un rol en diferentes fases del desarrollo del c\u00e1ncer, desde la transici\u00f3n epitelial mesenquimal hasta la met\u00e1stasis.&nbsp;<\/p>\n\n\n\n<p><strong>Actualmente el proyecto se encuentra en el \u00faltimo a\u00f1o de ejecuci\u00f3n<\/strong> y se han realizado estudios en cultivos celulares de c\u00e9lulas de c\u00e1ncer humanas, as\u00ed como la marcaci\u00f3n de las mol\u00e9culas de este eje en tumores de pacientes con c\u00e1ncer.&nbsp;<\/p>\n\n\n\n<div class=\"alignfull wp-block-ugb-container ugb-container borde ugb-335ba01 ugb-container--v2 ugb-container--design-plain ugb-main-block ugb-main-block--inner-center ugb--has-block-background\"><style>.ugb-335ba01.ugb-container{background-color:#dcd8e7}.ugb-335ba01{padding:0 !important}.ugb-335ba01.ugb-container:before{background-color:#dcd8e7}<\/style><div class=\"ugb-inner-block ugb-inner-block--center\"><div class=\"ugb-block-content\"><div class=\"ugb-container__wrapper ugb-335ba01-wrapper\"><div class=\"ugb-container__side\"><div class=\"ugb-container__content-wrapper ugb-335ba01-content-wrapper\">\n<div class=\"wp-block-ugb-columns ugb-columns ugb-78378fc ugb-columns--design-plain ugb-columns--columns-2 ugb-main-block\"><div class=\"ugb-inner-block\"><div class=\"ugb-block-content\"><div class=\"ugb-columns__item ugb-78378fc-content-wrapper\">\n<div class=\"wp-block-ugb-column ugb-column ugb-5bc1da4 ugb-column--design-plain ugb-main-block\"><style>.ugb-5bc1da4 > .ugb-inner-block > .ugb-block-content > *{justify-content:center !important}<\/style><div class=\"ugb-inner-block\"><div class=\"ugb-block-content\"><div class=\"ugb-column__item ugb-5bc1da4-column-wrapper\"><div class=\"ugb-column__content-wrapper\">\n<figure class=\"wp-block-image size-full\"><img decoding=\"async\" loading=\"lazy\" width=\"756\" height=\"567\" src=\"https:\/\/revistacampus.uandes.cl\/2022\/wp-content\/uploads\/2022\/08\/20x_CCR5_Campus.jpg\" alt=\"\" class=\"wp-image-7376\" srcset=\"https:\/\/revistacampus.uandes.cl\/2022\/wp-content\/uploads\/2022\/08\/20x_CCR5_Campus.jpg 756w, https:\/\/revistacampus.uandes.cl\/2022\/wp-content\/uploads\/2022\/08\/20x_CCR5_Campus-300x225.jpg 300w, https:\/\/revistacampus.uandes.cl\/2022\/wp-content\/uploads\/2022\/08\/20x_CCR5_Campus-480x360.jpg 480w\" sizes=\"(max-width: 756px) 100vw, 756px\" \/><\/figure>\n<\/div><\/div><\/div><\/div><\/div>\n\n\n\n<div class=\"wp-block-ugb-column ugb-column ugb-f12636f ugb-column--design-plain ugb-main-block\"><div class=\"ugb-inner-block\"><div class=\"ugb-block-content\"><div class=\"ugb-column__item ugb-f12636f-column-wrapper\"><div class=\"ugb-column__content-wrapper\">\n<h4 class=\"wp-block-heading\"><strong>C\u00c1NCER ORAL O DE BOCA&nbsp;<\/strong><\/h4>\n\n\n\n<p><strong>En Chile se ubica entre el noveno y d\u00e9cimo c\u00e1ncer m\u00e1s frecuente en la poblaci\u00f3n, siendo m\u00e1s com\u00fan en hombres mayores de 40 a\u00f1os con factores de riesgo, tales como fumar y beber alcohol<\/strong>. Sin embargo, actualmente la epidemiolog\u00eda de este c\u00e1ncer ha ido variando. \u201cHemos diagnosticado m\u00e1s c\u00e1nceres de boca en pacientes j\u00f3venes y mujeres sobre los 60 a\u00f1os sin factores de riesgo cl\u00e1sicos, generalmente asociado a factores gen\u00e9ticos y al virus papiloma humano, por lo que estrategias de prevenci\u00f3n y el diagn\u00f3stico en fases tempranas son fundamentales\u201d, explica el Dr. Gonz\u00e1lez.&nbsp;<\/p>\n<\/div><\/div><\/div><\/div><\/div>\n<\/div><\/div><\/div><\/div>\n<\/div><\/div><\/div><\/div><\/div><\/div>\n\n\n\n<p><\/p>\n\n\n\n<p style=\"font-size:15px\">Por: <a href=\"https:\/\/www.uandes.cl\/personas\/lucas-bizzarri\/\" target=\"_blank\" rel=\"noreferrer noopener\">Lucas Bizzarri<\/a><\/p>\n","protected":false},"excerpt":{"rendered":"<p>Entre 2% y 4% de los c\u00e1nceres de la poblaci\u00f3n corresponden a c\u00e1ncer de boca y, aproximadamente, 50% de los casos diagnosticados desarrollan met\u00e1stasis. Evitar la met\u00e1stasis en c\u00e1ncer oral o de boca, a trav\u00e9s del estudio de los mecanismos moleculares responsables del crecimiento y la migraci\u00f3n del c\u00e1ncer, es lo que busca lograr un estudio de la Facultad de Odontolog\u00eda, liderado por el profesor Wilfredo Gonz\u00e1lez y financiado por la Agencia Nacional de Investigaci\u00f3n y Desarrollo de Chile (ANID).&nbsp; Los mecanismos moleculares son los responsables de generar el avance de la enfermedad o met\u00e1stasis, es decir, que las c\u00e9lulas<\/p>\n","protected":false},"author":2,"featured_media":7755,"comment_status":"open","ping_status":"open","sticky":false,"template":"","format":"standard","meta":{"inline_featured_image":false,"_mi_skip_tracking":false,"_monsterinsights_sitenote_active":false,"_monsterinsights_sitenote_note":"","_monsterinsights_sitenote_category":0,"footnotes":""},"categories":[50],"tags":[],"featured_image_urls":{"full":["https:\/\/revistacampus.uandes.cl\/2022\/wp-content\/uploads\/2022\/08\/image-7.png",1024,683,false],"thumbnail":["https:\/\/revistacampus.uandes.cl\/2022\/wp-content\/uploads\/2022\/08\/image-7-150x150.png",150,150,true],"medium":["https:\/\/revistacampus.uandes.cl\/2022\/wp-content\/uploads\/2022\/08\/image-7-300x200.png",300,200,true],"medium_large":["https:\/\/revistacampus.uandes.cl\/2022\/wp-content\/uploads\/2022\/08\/image-7-768x512.png",768,512,true],"large":["https:\/\/revistacampus.uandes.cl\/2022\/wp-content\/uploads\/2022\/08\/image-7.png",1024,683,false],"1536x1536":["https:\/\/revistacampus.uandes.cl\/2022\/wp-content\/uploads\/2022\/08\/image-7.png",1024,683,false],"2048x2048":["https:\/\/revistacampus.uandes.cl\/2022\/wp-content\/uploads\/2022\/08\/image-7.png",1024,683,false],"thumbnail-medium":["https:\/\/revistacampus.uandes.cl\/2022\/wp-content\/uploads\/2022\/08\/image-7-480x384.png",480,384,true],"thumbnail-square":["https:\/\/revistacampus.uandes.cl\/2022\/wp-content\/uploads\/2022\/08\/image-7-480x480.png",480,480,true],"thumbnail-portrait":["https:\/\/revistacampus.uandes.cl\/2022\/wp-content\/uploads\/2022\/08\/image-7-480x600.png",480,600,true],"thumbnail-large":["https:\/\/revistacampus.uandes.cl\/2022\/wp-content\/uploads\/2022\/08\/image-7-720x480.png",720,480,true],"thumbnail-medium-nocrop":["https:\/\/revistacampus.uandes.cl\/2022\/wp-content\/uploads\/2022\/08\/image-7-480x320.png",480,320,true]},"post_excerpt_stackable":"<p>Entre 2% y 4% de los c\u00e1nceres de la poblaci\u00f3n corresponden a c\u00e1ncer de boca y, aproximadamente, 50% de los casos diagnosticados desarrollan met\u00e1stasis. Evitar la met\u00e1stasis en c\u00e1ncer oral o de boca, a trav\u00e9s del estudio de los mecanismos moleculares responsables del crecimiento y la migraci\u00f3n del c\u00e1ncer, es lo que busca lograr un estudio de la Facultad de Odontolog\u00eda, liderado por el profesor Wilfredo Gonz\u00e1lez y financiado por la Agencia Nacional de Investigaci\u00f3n y Desarrollo de Chile (ANID).&nbsp; Los mecanismos moleculares son los responsables de generar el avance de la enfermedad o met\u00e1stasis, es decir, que las c\u00e9lulas&hellip;<\/p>\n","category_list":"<a href=\"https:\/\/revistacampus.uandes.cl\/2022\/category\/investigacion-al-servicio-de-la-sociedad\/\" rel=\"category tag\">Investigaci\u00f3n al servicio de la sociedad<\/a>","author_info":{"name":"Revista Campus","url":"https:\/\/revistacampus.uandes.cl\/2022\/author\/campus2020\/"},"comments_num":"0 comments","featured_image_urls_v2":{"full":["https:\/\/revistacampus.uandes.cl\/2022\/wp-content\/uploads\/2022\/08\/image-7.png",1024,683,false],"thumbnail":["https:\/\/revistacampus.uandes.cl\/2022\/wp-content\/uploads\/2022\/08\/image-7-150x150.png",150,150,true],"medium":["https:\/\/revistacampus.uandes.cl\/2022\/wp-content\/uploads\/2022\/08\/image-7-300x200.png",300,200,true],"medium_large":["https:\/\/revistacampus.uandes.cl\/2022\/wp-content\/uploads\/2022\/08\/image-7-768x512.png",768,512,true],"large":["https:\/\/revistacampus.uandes.cl\/2022\/wp-content\/uploads\/2022\/08\/image-7.png",1024,683,false],"1536x1536":["https:\/\/revistacampus.uandes.cl\/2022\/wp-content\/uploads\/2022\/08\/image-7.png",1024,683,false],"2048x2048":["https:\/\/revistacampus.uandes.cl\/2022\/wp-content\/uploads\/2022\/08\/image-7.png",1024,683,false],"thumbnail-medium":["https:\/\/revistacampus.uandes.cl\/2022\/wp-content\/uploads\/2022\/08\/image-7-480x384.png",480,384,true],"thumbnail-square":["https:\/\/revistacampus.uandes.cl\/2022\/wp-content\/uploads\/2022\/08\/image-7-480x480.png",480,480,true],"thumbnail-portrait":["https:\/\/revistacampus.uandes.cl\/2022\/wp-content\/uploads\/2022\/08\/image-7-480x600.png",480,600,true],"thumbnail-large":["https:\/\/revistacampus.uandes.cl\/2022\/wp-content\/uploads\/2022\/08\/image-7-720x480.png",720,480,true],"thumbnail-medium-nocrop":["https:\/\/revistacampus.uandes.cl\/2022\/wp-content\/uploads\/2022\/08\/image-7-480x320.png",480,320,true]},"post_excerpt_stackable_v2":"<p>Entre 2% y 4% de los c\u00e1nceres de la poblaci\u00f3n corresponden a c\u00e1ncer de boca y, aproximadamente, 50% de los casos diagnosticados desarrollan met\u00e1stasis. Evitar la met\u00e1stasis en c\u00e1ncer oral o de boca, a trav\u00e9s del estudio de los mecanismos moleculares responsables del crecimiento y la migraci\u00f3n del c\u00e1ncer, es lo que busca lograr un estudio de la Facultad de Odontolog\u00eda, liderado por el profesor Wilfredo Gonz\u00e1lez y financiado por la Agencia Nacional de Investigaci\u00f3n y Desarrollo de Chile (ANID).&nbsp; Los mecanismos moleculares son los responsables de generar el avance de la enfermedad o met\u00e1stasis, es decir, que las c\u00e9lulas&hellip;<\/p>\n","category_list_v2":"<a href=\"https:\/\/revistacampus.uandes.cl\/2022\/category\/investigacion-al-servicio-de-la-sociedad\/\" rel=\"category tag\">Investigaci\u00f3n al servicio de la sociedad<\/a>","author_info_v2":{"name":"Revista Campus","url":"https:\/\/revistacampus.uandes.cl\/2022\/author\/campus2020\/"},"comments_num_v2":"0 comments","_links":{"self":[{"href":"https:\/\/revistacampus.uandes.cl\/2022\/wp-json\/wp\/v2\/posts\/6614"}],"collection":[{"href":"https:\/\/revistacampus.uandes.cl\/2022\/wp-json\/wp\/v2\/posts"}],"about":[{"href":"https:\/\/revistacampus.uandes.cl\/2022\/wp-json\/wp\/v2\/types\/post"}],"author":[{"embeddable":true,"href":"https:\/\/revistacampus.uandes.cl\/2022\/wp-json\/wp\/v2\/users\/2"}],"replies":[{"embeddable":true,"href":"https:\/\/revistacampus.uandes.cl\/2022\/wp-json\/wp\/v2\/comments?post=6614"}],"version-history":[{"count":12,"href":"https:\/\/revistacampus.uandes.cl\/2022\/wp-json\/wp\/v2\/posts\/6614\/revisions"}],"predecessor-version":[{"id":8227,"href":"https:\/\/revistacampus.uandes.cl\/2022\/wp-json\/wp\/v2\/posts\/6614\/revisions\/8227"}],"wp:featuredmedia":[{"embeddable":true,"href":"https:\/\/revistacampus.uandes.cl\/2022\/wp-json\/wp\/v2\/media\/7755"}],"wp:attachment":[{"href":"https:\/\/revistacampus.uandes.cl\/2022\/wp-json\/wp\/v2\/media?parent=6614"}],"wp:term":[{"taxonomy":"category","embeddable":true,"href":"https:\/\/revistacampus.uandes.cl\/2022\/wp-json\/wp\/v2\/categories?post=6614"},{"taxonomy":"post_tag","embeddable":true,"href":"https:\/\/revistacampus.uandes.cl\/2022\/wp-json\/wp\/v2\/tags?post=6614"}],"curies":[{"name":"wp","href":"https:\/\/api.w.org\/{rel}","templated":true}]}}