{"id":6611,"date":"2022-07-05T18:48:00","date_gmt":"2022-07-05T22:48:00","guid":{"rendered":"https:\/\/revistacampus.uandes.cl\/2022\/?p=6611"},"modified":"2022-09-09T10:33:20","modified_gmt":"2022-09-09T14:33:20","slug":"academicos-de-ingenieria-desarrollan-proyectos-con-inteligencia-artificial","status":"publish","type":"post","link":"https:\/\/revistacampus.uandes.cl\/2022\/academicos-de-ingenieria-desarrollan-proyectos-con-inteligencia-artificial\/","title":{"rendered":"Acad\u00e9micos de Ingenier\u00eda desarrollan proyectos con Inteligencia Artificial"},"content":{"rendered":"\n<p class=\"has-text-align-left\"><strong>Un software que detecta enfermedades oculares y una aplicaci\u00f3n que revela \u00e1rboles con peligro de caer en la v\u00eda p\u00fablica son algunos de los avances implementados por los investigadores de la <a href=\"https:\/\/www.uandes.cl\/facultad\/facultad-de-ingenieria-y-ciencias-aplicadas\/\" target=\"_blank\" rel=\"noreferrer noopener\">Facultad de Ingenier\u00eda y Ciencias Aplicadas.<\/a><\/strong><\/p>\n\n\n\n<div style=\"height:50px\" aria-hidden=\"true\" class=\"wp-block-spacer\"><\/div>\n\n\n\n<div class=\"wp-block-stackable-separator alignfull stk-block-separator stk--no-padding stk-block stk-7a95aa3\" data-block-id=\"7a95aa3\"><style>.stk-7a95aa3{transform:scaleX(-1) scaleY(-1) !important}.stk-7a95aa3 svg{fill:#000000 !important;filter:none !important}.stk-7a95aa3 .stk-block-separator__inner{height:50px !important}<\/style><div class=\"stk-block-separator__inner\"><svg xmlns=\"http:\/\/www.w3.org\/2000\/svg\" viewBox=\"0 0 1600 200\" class=\"stk-separator__layer-1\" preserveAspectRatio=\"none\" aria-hidden=\"true\"><path d=\"M-10 210h1620V105.2H-10z\"><\/path><\/svg><\/div><\/div>\n\n\n\n<p>La Inteligencia Artificial (IA) est\u00e1 inserta en nuestras rutinas diarias en cosas tan simples como cuando buscamos una direcci\u00f3n en una aplicaci\u00f3n de celular, ponemos una <em>playlist <\/em>de m\u00fasica o cuando las RRSS nos sugieren contenido seg\u00fan nuestros intereses. En esta l\u00ednea, acad\u00e9micos de <strong><a href=\"https:\/\/www.uandes.cl\/\" target=\"_blank\" rel=\"noreferrer noopener\">nuestra casa de estudios <\/a><\/strong>tambi\u00e9n desarrollan investigaciones y proyectos que utilizan IA y que ser\u00e1n muy beneficiosos para la poblaci\u00f3n.<\/p>\n\n\n\n<p>En el \u00e1mbito de la medicina, la acad\u00e9mica de <strong><a href=\"https:\/\/www.uandes.cl\/facultad\/facultad-de-ingenieria-y-ciencias-aplicadas\/\">Ingenier\u00eda<\/a><\/strong> <strong><a href=\"https:\/\/www.uandes.cl\/personas\/carla-vairetti\/\" target=\"_blank\" rel=\"noreferrer noopener\">Carla Vairetti<\/a><\/strong> colabora en el desarrollo de un <strong><a href=\"https:\/\/www.uandes.cl\/noticias\/academica-uandes-colabora-en-desarrollo-de-software-que-permitira-realizar-diagnostico-de-dano-en-la-retina\/\" target=\"_blank\" rel=\"noreferrer noopener\"><em>software <\/em>que utiliza IA para detectar da\u00f1os en la retina externa.<\/a><\/strong> Este se implementar\u00e1 en una plataforma tecnol\u00f3gica online y <strong>permitir\u00e1 analizar las im\u00e1genes para la detecci\u00f3n temprana de da\u00f1o ocular.<\/strong><\/p>\n\n\n\n<div class=\"wp-block-ugb-columns ugb-columns ugb-c6f4652 ugb-columns--design-plain ugb-columns--columns-2 ugb-main-block\"><div class=\"ugb-inner-block\"><div class=\"ugb-block-content\"><div class=\"ugb-columns__item ugb-c6f4652-content-wrapper\">\n<div class=\"wp-block-ugb-column ugb-column ugb-02f8e6e ugb-column--design-plain ugb-main-block\"><style>.ugb-02f8e6e > .ugb-inner-block > .ugb-block-content > *{justify-content:center !important}<\/style><div class=\"ugb-inner-block\"><div class=\"ugb-block-content\"><div class=\"ugb-column__item ugb-02f8e6e-column-wrapper\"><div class=\"ugb-column__content-wrapper\">\n<figure class=\"wp-block-image size-full is-resized is-style-rounded\"><img decoding=\"async\" loading=\"lazy\" src=\"https:\/\/revistacampus.uandes.cl\/2022\/wp-content\/uploads\/2022\/08\/carla-vairetti2.jpg\" alt=\"\" class=\"wp-image-7358\" width=\"363\" height=\"363\" srcset=\"https:\/\/revistacampus.uandes.cl\/2022\/wp-content\/uploads\/2022\/08\/carla-vairetti2.jpg 726w, https:\/\/revistacampus.uandes.cl\/2022\/wp-content\/uploads\/2022\/08\/carla-vairetti2-300x300.jpg 300w, https:\/\/revistacampus.uandes.cl\/2022\/wp-content\/uploads\/2022\/08\/carla-vairetti2-150x150.jpg 150w, https:\/\/revistacampus.uandes.cl\/2022\/wp-content\/uploads\/2022\/08\/carla-vairetti2-480x480.jpg 480w\" sizes=\"(max-width: 363px) 100vw, 363px\" \/><\/figure>\n<\/div><\/div><\/div><\/div><\/div>\n\n\n\n<div class=\"wp-block-ugb-column ugb-column ugb-708435f ugb-column--design-plain ugb-main-block\"><style>.ugb-708435f > .ugb-inner-block > .ugb-block-content > *{justify-content:center !important}<\/style><div class=\"ugb-inner-block\"><div class=\"ugb-block-content\"><div class=\"ugb-column__item ugb-708435f-column-wrapper\"><div class=\"ugb-column__content-wrapper\">\n<div class=\"aligncenter wp-block-ugb-icon ugb-icon ugb-fd0aebc ugb-icon--v2 ugb-icon--design-basic ugb-main-block\"><style>.ugb-fd0aebc .ugb-icon__icon .ugb-icon-inner-svg,.ugb-fd0aebc .ugb-icon__icon .ugb-icon-inner-svg svg{width:100px !important;height:100px !important}.ugb-fd0aebc .ugb-icon__icon .ugb-icon-inner-svg{color:#cf2e2e !important}.ugb-fd0aebc .ugb-icon__icon{margin-bottom:-18px !important}.ugb-fd0aebc .ugb-icon__icon .ugb-icon-inner-svg,.ugb-fd0aebc .ugb-icon__icon .ugb-icon-inner-svg svg *{color:#cf2e2e !important;fill:#cf2e2e !important}@media screen and (min-width:768px){.ugb-fd0aebc > .ugb-inner-block > .ugb-block-content > *{padding-top:0px !important;padding-bottom:0px !important;padding-right:0px !important;padding-left:0px !important}}<\/style><div class=\"ugb-inner-block\"><div class=\"ugb-block-content\"><div class=\"ugb-icon__content-wrapper\"><div class=\"ugb-icon__item ugb-icon__item1\"><div class=\"ugb-icon__icon\" rel=\"\"><div class=\"ugb-icon-inner-svg\"><svg class=\"ugb-custom-icon\" xmlns=\"http:\/\/www.w3.org\/2000\/svg\" viewBox=\"0 0 63.67 42.72\"><defs><style>.cls-1{fill:#d67c1c;}<\/style><\/defs><g id=\"Capa_2\" data-name=\"Capa 2\"><g id=\"Capa_1-2\" data-name=\"Capa 1\"><path class=\"cls-1\" d=\"M16.21,42.72c7.34,0,14.32-5.68,14.32-13.13s-5.32-12.67-12.9-12.67c-9,0-10.17-3.07-10.17-4.61C7.46,9,9.35,5.44,20.71,1.07L20.36,0C10.18,2.84,0,9.94,0,24.74c0,7.21,3.2,18,16.21,18m33.14,0c7.34,0,14.32-5.68,14.32-13.13s-5.32-12.67-12.9-12.67c-9,0-10.18-3.07-10.18-4.61,0-3.31,1.9-6.87,13.26-11.24L53.49,0C43.32,2.84,33.14,9.94,33.14,24.74c0,7.21,3.19,18,16.21,18\"><\/path><\/g><\/g><\/svg><\/div><\/div><\/div><\/div><\/div><\/div><\/div>\n\n\n\n<p class=\"has-text-align-center\"><strong><em>\u201cEstoy motivada aprendiendo de la transdisciplinariedad: delincuencia, medicina, <\/em><\/strong><strong><em>finanzas, leyes, entre <\/em><\/strong><strong><em>otras \u00e1reas. El trabajo en conjunto puede generar grandes resultados\u201d<\/em><\/strong><\/p>\n\n\n\n<p class=\"has-text-align-center\" style=\"font-size:15px\"><strong><a href=\"https:\/\/www.uandes.cl\/personas\/carla-vairetti\/\" target=\"_blank\" rel=\"noreferrer noopener\">Carla Vairetti<\/a>,<\/strong> doctora en Ciencias de la Computaci\u00f3n<\/p>\n<\/div><\/div><\/div><\/div><\/div>\n<\/div><\/div><\/div><\/div>\n\n\n\n<p>\u201cIntegrar el procesamiento autom\u00e1tico de im\u00e1genes de la retina, adquiridas mediante una tomograf\u00eda, con la utilizaci\u00f3n de modelos de clasificaci\u00f3n y algoritmos con IA, constituye una<strong> herramienta de alerta temprana y de priorizaci\u00f3n de la atenci\u00f3n de los pacientes.<\/strong> En cuanto se realiza el diagn\u00f3stico, con ayuda de la IA se va a saber de forma inmediata si el paciente posee un potencial da\u00f1o en esa \u00e1rea y -solo en ese caso- deber\u00e1 visitar al oftalm\u00f3logo\u201d, detalla <a href=\"https:\/\/www.uandes.cl\/personas\/carla-vairetti\/\" target=\"_blank\" rel=\"noreferrer noopener\"><strong>Carla Vaire<\/strong><\/a><strong><a href=\"https:\/\/www.uandes.cl\/personas\/carla-vairetti\/\">tti<\/a>,<\/strong> quien actualmente es vicepresidente del cap\u00edtulo chileno de Inteligencia Computacional.<\/p>\n\n\n\n<p>Este proyecto es parte de la tesis de mag\u00edster de Sof\u00eda Valdivieso, alumna de la <strong><a href=\"https:\/\/www.uandes.cl\/facultad\/facultad-de-ingenieria-y-ciencias-aplicadas\/\" target=\"_blank\" rel=\"noreferrer noopener\">Facultad de Ingenier\u00eda y Ciencias Aplicadas<\/a><\/strong>, en el que colaboran investigadores del centro basal ANID <em>Instituto de Sistemas Complejos de Ingenier\u00eda <\/em>(ISCI), al que pertenece <strong><a href=\"https:\/\/www.uandes.cl\/personas\/carla-vairetti\/\" target=\"_blank\" rel=\"noreferrer noopener\">Carla Vairetti<\/a><\/strong>, y del laboratorio de Enfermedades Autoinmunes Oculares y Sist\u00e9micas.<\/p>\n\n\n\n<p>Para desarrollar aplicaciones con Inteligencia Artificial es necesario contar con un n\u00famero muy elevado de datos, que hacen que la IA se retroalimente y pueda aprender, mejorar y crecer en sus funciones. En esta l\u00ednea, <strong><a href=\"https:\/\/www.uandes.cl\/personas\/carla-vairetti\/\" target=\"_blank\" rel=\"noreferrer noopener\">Carla Vairetti<\/a><\/strong> public\u00f3 un libro, en conjunto con el acad\u00e9mico de la Universidad de Chile Sebasti\u00e1n Maldonado, llamado <strong><a href=\"https:\/\/www.uandes.cl\/noticias\/academica-carla-vairetti-publica-libro-sobre-analytics-y-big-data\/\" target=\"_blank\" rel=\"noreferrer noopener\">\u201cAnalytics y Big Data. Ciencia de los datos aplicada al mundo de los negocios\u201d, <\/a><\/strong>donde explica una perspectiva general de las t\u00e9cnicas y aplicaciones asociadas a la anal\u00edtica de negocios e incluye laboratorios paso a paso para la implementaci\u00f3n de estas herramientas.<\/p>\n\n\n\n<div class=\"wp-block-ugb-columns ugb-columns ugb-899ed86 ugb-columns--design-plain ugb-columns--columns-2 ugb-main-block\"><div class=\"ugb-inner-block\"><div class=\"ugb-block-content\"><div class=\"ugb-columns__item ugb-899ed86-content-wrapper\">\n<div class=\"wp-block-ugb-column ugb-column ugb-c9d60f3 ugb-column--design-plain ugb-main-block\"><style>.ugb-c9d60f3 > .ugb-inner-block > .ugb-block-content > *{justify-content:center !important}<\/style><div class=\"ugb-inner-block\"><div class=\"ugb-block-content\"><div class=\"ugb-column__item ugb-c9d60f3-column-wrapper\"><div class=\"ugb-column__content-wrapper\">\n<figure class=\"wp-block-image size-full is-style-rounded\"><img decoding=\"async\" loading=\"lazy\" width=\"726\" height=\"726\" src=\"https:\/\/revistacampus.uandes.cl\/2022\/wp-content\/uploads\/2022\/08\/jose-francisco-del-piano-2.jpg\" alt=\"\" class=\"wp-image-7362\" srcset=\"https:\/\/revistacampus.uandes.cl\/2022\/wp-content\/uploads\/2022\/08\/jose-francisco-del-piano-2.jpg 726w, https:\/\/revistacampus.uandes.cl\/2022\/wp-content\/uploads\/2022\/08\/jose-francisco-del-piano-2-300x300.jpg 300w, https:\/\/revistacampus.uandes.cl\/2022\/wp-content\/uploads\/2022\/08\/jose-francisco-del-piano-2-150x150.jpg 150w, https:\/\/revistacampus.uandes.cl\/2022\/wp-content\/uploads\/2022\/08\/jose-francisco-del-piano-2-480x480.jpg 480w\" sizes=\"(max-width: 726px) 100vw, 726px\" \/><\/figure>\n<\/div><\/div><\/div><\/div><\/div>\n\n\n\n<div class=\"wp-block-ugb-column ugb-column ugb-fb79c13 ugb-column--design-plain ugb-main-block\"><style>.ugb-fb79c13 > .ugb-inner-block > .ugb-block-content > *{justify-content:center !important}<\/style><div class=\"ugb-inner-block\"><div class=\"ugb-block-content\"><div class=\"ugb-column__item ugb-fb79c13-column-wrapper\"><div class=\"ugb-column__content-wrapper\">\n<div class=\"aligncenter wp-block-ugb-icon ugb-icon ugb-4b37e38 ugb-icon--v2 ugb-icon--design-basic ugb-main-block\"><style>.ugb-4b37e38 .ugb-icon__icon .ugb-icon-inner-svg,.ugb-4b37e38 .ugb-icon__icon .ugb-icon-inner-svg svg{width:100px !important;height:100px !important}.ugb-4b37e38 .ugb-icon__icon .ugb-icon-inner-svg{color:#cf2e2e !important}.ugb-4b37e38 .ugb-icon__icon{margin-bottom:-18px !important}.ugb-4b37e38 .ugb-icon__icon .ugb-icon-inner-svg,.ugb-4b37e38 .ugb-icon__icon .ugb-icon-inner-svg svg *{color:#cf2e2e !important;fill:#cf2e2e !important}@media screen and (min-width:768px){.ugb-4b37e38 > .ugb-inner-block > .ugb-block-content > *{padding-top:0px !important;padding-bottom:0px !important;padding-right:0px !important;padding-left:0px !important}}<\/style><div class=\"ugb-inner-block\"><div class=\"ugb-block-content\"><div class=\"ugb-icon__content-wrapper\"><div class=\"ugb-icon__item ugb-icon__item1\"><div class=\"ugb-icon__icon\" rel=\"\"><div class=\"ugb-icon-inner-svg\"><svg class=\"ugb-custom-icon\" xmlns=\"http:\/\/www.w3.org\/2000\/svg\" viewBox=\"0 0 63.67 42.72\"><defs><style>.cls-1{fill:#d67c1c;}<\/style><\/defs><g id=\"Capa_2\" data-name=\"Capa 2\"><g id=\"Capa_1-2\" data-name=\"Capa 1\"><path class=\"cls-1\" d=\"M16.21,42.72c7.34,0,14.32-5.68,14.32-13.13s-5.32-12.67-12.9-12.67c-9,0-10.17-3.07-10.17-4.61C7.46,9,9.35,5.44,20.71,1.07L20.36,0C10.18,2.84,0,9.94,0,24.74c0,7.21,3.2,18,16.21,18m33.14,0c7.34,0,14.32-5.68,14.32-13.13s-5.32-12.67-12.9-12.67c-9,0-10.18-3.07-10.18-4.61,0-3.31,1.9-6.87,13.26-11.24L53.49,0C43.32,2.84,33.14,9.94,33.14,24.74c0,7.21,3.19,18,16.21,18\"><\/path><\/g><\/g><\/svg><\/div><\/div><\/div><\/div><\/div><\/div><\/div>\n\n\n\n<p class=\"has-text-align-center\"><strong><em><strong><em>\u201cEstudiamos el uso de la visi\u00f3n artificial para detectar y evaluar los hazard-trees, o \u00e1rboles peligrosos para la poblaci\u00f3n\u201d<\/em><\/strong><\/em><\/strong><\/p>\n\n\n\n<p class=\"has-text-align-center\" style=\"font-size:15px\"><strong><strong><a href=\"https:\/\/www.uandes.cl\/personas\/jose-francisco-del-piano\/\" target=\"_blank\" rel=\"noreferrer noopener\">Jos\u00e9 Delpiano<\/a><\/strong><\/strong>, doctor en Ingenier\u00eda El\u00e9ctrica<\/p>\n<\/div><\/div><\/div><\/div><\/div>\n<\/div><\/div><\/div><\/div>\n\n\n\n<p>Adem\u00e1s, la <strong>ganadora de una beca para el primer Programa de Liderazgo Femenino en Ciencias (LI*FE), del Ministerio de Ciencias, participa en dos proyectos Fondef en el \u00e1rea de Derecho<\/strong>. En el primero, sobre anal\u00edtica criminal, trabajar\u00e1 junto a acad\u00e9micos de las universidades de Chile y del B\u00edo B\u00edo, en una plataforma tecnol\u00f3gica que permita analizar la informaci\u00f3n disponible para la investigaci\u00f3n delictual y as\u00ed identificar bandas u otras asociaciones entre imputados y causas. En el segundo proyecto colabora con el decano de la <strong><a href=\"https:\/\/www.uandes.cl\/carrera\/derecho\/\" target=\"_blank\" rel=\"noreferrer noopener\">Facultad de Derecho UANDES<\/a><\/strong>, <strong><a href=\"https:\/\/www.uandes.cl\/personas\/jose-ignacio-martinez-estay\/\" target=\"_blank\" rel=\"noreferrer noopener\">Jos\u00e9 Ignacio Mart\u00ednez<\/a><\/strong>, y el acad\u00e9mico de la <strong><a href=\"https:\/\/www.uandes.cl\/facultad\/facultad-de-ingenieria-y-ciencias-aplicadas\/\" target=\"_blank\" rel=\"noreferrer noopener\">Facultad de Ingenier\u00eda y Ciencias Aplicadas<\/a><\/strong> <strong><a href=\"https:\/\/www.uandes.cl\/personas\/sergio-quijada\/\">Sergio Quijada<\/a><\/strong>, para el desarrollo de una <strong>herramienta computacional para la certeza jur\u00eddica en materia ambiental. <\/strong>Ambos proyectos generan memorias de pregrado y tesis de postgrado de alumnos de esta Facultad.<\/p>\n\n\n\n<div class=\"wp-block-ugb-columns ugb-columns ugb-833cdcf ugb-columns--design-plain ugb-columns--columns-2 ugb-main-block\"><style>.ugb-833cdcf > .ugb-inner-block > .ugb-block-content > .ugb-columns__item{grid-template-columns:0.82fr 1.18fr !important}.ugb-833cdcf-content-wrapper > .ugb-column{align-items:center !important}.ugb-833cdcf-content-wrapper > .ugb-column > .ugb-inner-block{height:auto !important}<\/style><div class=\"ugb-inner-block\"><div class=\"ugb-block-content\"><div class=\"ugb-columns__item ugb-833cdcf-content-wrapper\">\n<div class=\"wp-block-ugb-column ugb-column ugb-1a7b1b7 ugb-column--design-plain ugb-main-block\"><div class=\"ugb-inner-block\"><div class=\"ugb-block-content\"><div class=\"ugb-column__item ugb-1a7b1b7-column-wrapper\"><div class=\"ugb-column__content-wrapper\">\n<p><strong>\u00c1RBOLES URBANOS<\/strong><\/p>\n\n\n\n<p>Otros investigadores de <strong><a href=\"https:\/\/www.uandes.cl\/facultad\/facultad-de-ingenieria-y-ciencias-aplicadas\/\" target=\"_blank\" rel=\"noreferrer noopener\">Ingenier\u00eda <\/a><\/strong>tambi\u00e9n han aplicado la IA en proyectos relacionados con el cuidado medioambiental, <strong><a href=\"https:\/\/www.uandes.cl\/noticias\/investigadores-uandes-obtienen-fondo-para-estudiar-la-deteccion-de-arboles-con-peligro-de-caida\/\" target=\"_blank\" rel=\"noreferrer noopener\">identificando y evaluando \u00e1rboles que est\u00e1n da\u00f1ados en la v\u00eda p\u00fablica y que pueden generar diversos problemas<\/a><\/strong>, como cortes de luz y accidentes que afecten a personas o infraestructura, por ejemplo.<\/p>\n<\/div><\/div><\/div><\/div><\/div>\n\n\n\n<div class=\"wp-block-ugb-column ugb-column ugb-383fdde ugb-column--design-plain ugb-main-block\"><div class=\"ugb-inner-block\"><div class=\"ugb-block-content\"><div class=\"ugb-column__item ugb-383fdde-column-wrapper\"><div class=\"ugb-column__content-wrapper\">\n<figure class=\"wp-block-image size-full\"><img decoding=\"async\" loading=\"lazy\" width=\"498\" height=\"627\" src=\"https:\/\/revistacampus.uandes.cl\/2022\/wp-content\/uploads\/2022\/08\/IA-2-copi2a.jpg\" alt=\"\" class=\"wp-image-7364\" srcset=\"https:\/\/revistacampus.uandes.cl\/2022\/wp-content\/uploads\/2022\/08\/IA-2-copi2a.jpg 498w, https:\/\/revistacampus.uandes.cl\/2022\/wp-content\/uploads\/2022\/08\/IA-2-copi2a-238x300.jpg 238w, https:\/\/revistacampus.uandes.cl\/2022\/wp-content\/uploads\/2022\/08\/IA-2-copi2a-480x604.jpg 480w\" sizes=\"(max-width: 498px) 100vw, 498px\" \/><\/figure>\n<\/div><\/div><\/div><\/div><\/div>\n<\/div><\/div><\/div><\/div>\n\n\n\n<p>Los profesores <strong><a href=\"https:\/\/www.uandes.cl\/personas\/jose-francisco-del-piano\/\" target=\"_blank\" rel=\"noreferrer noopener\">Jos\u00e9 Delpiano<\/a><\/strong>, <strong><a href=\"https:\/\/www.uandes.cl\/personas\/jose-manuel-saavedra-rondo\/\" target=\"_blank\" rel=\"noreferrer noopener\">Jos\u00e9 Manuel Saavedra <\/a><\/strong>y <strong><a href=\"https:\/\/www.uandes.cl\/personas\/matias-recabarren\/\" target=\"_blank\" rel=\"noreferrer noopener\">Mat\u00edas Recabarren<\/a><\/strong>, junto su par de la Universidad de Talca Mauricio Ponce, se adjudicaron recursos otorgados por la fundaci\u00f3n norteamericana <strong><a href=\"https:\/\/treefund.org\/?doing_wp_cron=1662485299.7673881053924560546875\" target=\"_blank\" rel=\"noreferrer noopener\">TREE Fund <\/a><\/strong>para <strong>estudiar el uso de la visi\u00f3n artificial para detectar y evaluar \u00e1rboles peligrosos para la poblaci\u00f3n. <\/strong>\u201cLas im\u00e1genes de los \u00e1rboles permitir\u00e1n entrenar modelos de IA, as\u00ed como evaluar y monitorear el riesgo de ca\u00edda de \u00e1rboles y ramas en cualquier comuna del pa\u00eds para evitar posibles accidentes\u201d, explica Delpiano, quien ha sido miembro del directorio del cap\u00edtulo chileno de Inteligencia Computacional en varias ocasiones.<\/p>\n\n\n\n<p style=\"font-size:15px\">Por: <a href=\"https:\/\/www.uandes.cl\/personas\/marisol-grisanti\/\" target=\"_blank\" rel=\"noreferrer noopener\">Marisol Grisanti<\/a><\/p>\n","protected":false},"excerpt":{"rendered":"<p>Un software que detecta enfermedades oculares y una aplicaci\u00f3n que revela \u00e1rboles con peligro de caer en la v\u00eda p\u00fablica son algunos de los avances implementados por los investigadores de la Facultad de Ingenier\u00eda y Ciencias Aplicadas. La Inteligencia Artificial (IA) est\u00e1 inserta en nuestras rutinas diarias en cosas tan simples como cuando buscamos una direcci\u00f3n en una aplicaci\u00f3n de celular, ponemos una playlist de m\u00fasica o cuando las RRSS nos sugieren contenido seg\u00fan nuestros intereses. En esta l\u00ednea, acad\u00e9micos de nuestra casa de estudios tambi\u00e9n desarrollan investigaciones y proyectos que utilizan IA y que ser\u00e1n muy beneficiosos para la<\/p>\n","protected":false},"author":2,"featured_media":7356,"comment_status":"open","ping_status":"open","sticky":false,"template":"","format":"standard","meta":{"inline_featured_image":false,"_mi_skip_tracking":false,"_monsterinsights_sitenote_active":false,"_monsterinsights_sitenote_note":"","_monsterinsights_sitenote_category":0,"footnotes":""},"categories":[50],"tags":[],"featured_image_urls":{"full":["https:\/\/revistacampus.uandes.cl\/2022\/wp-content\/uploads\/2022\/08\/IA2.jpg",1001,973,false],"thumbnail":["https:\/\/revistacampus.uandes.cl\/2022\/wp-content\/uploads\/2022\/08\/IA2-150x150.jpg",150,150,true],"medium":["https:\/\/revistacampus.uandes.cl\/2022\/wp-content\/uploads\/2022\/08\/IA2-300x292.jpg",300,292,true],"medium_large":["https:\/\/revistacampus.uandes.cl\/2022\/wp-content\/uploads\/2022\/08\/IA2-768x747.jpg",768,747,true],"large":["https:\/\/revistacampus.uandes.cl\/2022\/wp-content\/uploads\/2022\/08\/IA2.jpg",1001,973,false],"1536x1536":["https:\/\/revistacampus.uandes.cl\/2022\/wp-content\/uploads\/2022\/08\/IA2.jpg",1001,973,false],"2048x2048":["https:\/\/revistacampus.uandes.cl\/2022\/wp-content\/uploads\/2022\/08\/IA2.jpg",1001,973,false],"thumbnail-medium":["https:\/\/revistacampus.uandes.cl\/2022\/wp-content\/uploads\/2022\/08\/IA2-480x384.jpg",480,384,true],"thumbnail-square":["https:\/\/revistacampus.uandes.cl\/2022\/wp-content\/uploads\/2022\/08\/IA2-480x480.jpg",480,480,true],"thumbnail-portrait":["https:\/\/revistacampus.uandes.cl\/2022\/wp-content\/uploads\/2022\/08\/IA2-480x600.jpg",480,600,true],"thumbnail-large":["https:\/\/revistacampus.uandes.cl\/2022\/wp-content\/uploads\/2022\/08\/IA2-720x480.jpg",720,480,true],"thumbnail-medium-nocrop":["https:\/\/revistacampus.uandes.cl\/2022\/wp-content\/uploads\/2022\/08\/IA2-480x467.jpg",480,467,true]},"post_excerpt_stackable":"<p>Un software que detecta enfermedades oculares y una aplicaci\u00f3n que revela \u00e1rboles con peligro de caer en la v\u00eda p\u00fablica son algunos de los avances implementados por los investigadores de la Facultad de Ingenier\u00eda y Ciencias Aplicadas. La Inteligencia Artificial (IA) est\u00e1 inserta en nuestras rutinas diarias en cosas tan simples como cuando buscamos una direcci\u00f3n en una aplicaci\u00f3n de celular, ponemos una playlist de m\u00fasica o cuando las RRSS nos sugieren contenido seg\u00fan nuestros intereses. En esta l\u00ednea, acad\u00e9micos de nuestra casa de estudios tambi\u00e9n desarrollan investigaciones y proyectos que utilizan IA y que ser\u00e1n muy beneficiosos para la&hellip;<\/p>\n","category_list":"<a href=\"https:\/\/revistacampus.uandes.cl\/2022\/category\/investigacion-al-servicio-de-la-sociedad\/\" rel=\"category tag\">Investigaci\u00f3n al servicio de la sociedad<\/a>","author_info":{"name":"Revista Campus","url":"https:\/\/revistacampus.uandes.cl\/2022\/author\/campus2020\/"},"comments_num":"0 comments","featured_image_urls_v2":{"full":["https:\/\/revistacampus.uandes.cl\/2022\/wp-content\/uploads\/2022\/08\/IA2.jpg",1001,973,false],"thumbnail":["https:\/\/revistacampus.uandes.cl\/2022\/wp-content\/uploads\/2022\/08\/IA2-150x150.jpg",150,150,true],"medium":["https:\/\/revistacampus.uandes.cl\/2022\/wp-content\/uploads\/2022\/08\/IA2-300x292.jpg",300,292,true],"medium_large":["https:\/\/revistacampus.uandes.cl\/2022\/wp-content\/uploads\/2022\/08\/IA2-768x747.jpg",768,747,true],"large":["https:\/\/revistacampus.uandes.cl\/2022\/wp-content\/uploads\/2022\/08\/IA2.jpg",1001,973,false],"1536x1536":["https:\/\/revistacampus.uandes.cl\/2022\/wp-content\/uploads\/2022\/08\/IA2.jpg",1001,973,false],"2048x2048":["https:\/\/revistacampus.uandes.cl\/2022\/wp-content\/uploads\/2022\/08\/IA2.jpg",1001,973,false],"thumbnail-medium":["https:\/\/revistacampus.uandes.cl\/2022\/wp-content\/uploads\/2022\/08\/IA2-480x384.jpg",480,384,true],"thumbnail-square":["https:\/\/revistacampus.uandes.cl\/2022\/wp-content\/uploads\/2022\/08\/IA2-480x480.jpg",480,480,true],"thumbnail-portrait":["https:\/\/revistacampus.uandes.cl\/2022\/wp-content\/uploads\/2022\/08\/IA2-480x600.jpg",480,600,true],"thumbnail-large":["https:\/\/revistacampus.uandes.cl\/2022\/wp-content\/uploads\/2022\/08\/IA2-720x480.jpg",720,480,true],"thumbnail-medium-nocrop":["https:\/\/revistacampus.uandes.cl\/2022\/wp-content\/uploads\/2022\/08\/IA2-480x467.jpg",480,467,true]},"post_excerpt_stackable_v2":"<p>Un software que detecta enfermedades oculares y una aplicaci\u00f3n que revela \u00e1rboles con peligro de caer en la v\u00eda p\u00fablica son algunos de los avances implementados por los investigadores de la Facultad de Ingenier\u00eda y Ciencias Aplicadas. La Inteligencia Artificial (IA) est\u00e1 inserta en nuestras rutinas diarias en cosas tan simples como cuando buscamos una direcci\u00f3n en una aplicaci\u00f3n de celular, ponemos una playlist de m\u00fasica o cuando las RRSS nos sugieren contenido seg\u00fan nuestros intereses. En esta l\u00ednea, acad\u00e9micos de nuestra casa de estudios tambi\u00e9n desarrollan investigaciones y proyectos que utilizan IA y que ser\u00e1n muy beneficiosos para la&hellip;<\/p>\n","category_list_v2":"<a href=\"https:\/\/revistacampus.uandes.cl\/2022\/category\/investigacion-al-servicio-de-la-sociedad\/\" rel=\"category tag\">Investigaci\u00f3n al servicio de la sociedad<\/a>","author_info_v2":{"name":"Revista Campus","url":"https:\/\/revistacampus.uandes.cl\/2022\/author\/campus2020\/"},"comments_num_v2":"0 comments","_links":{"self":[{"href":"https:\/\/revistacampus.uandes.cl\/2022\/wp-json\/wp\/v2\/posts\/6611"}],"collection":[{"href":"https:\/\/revistacampus.uandes.cl\/2022\/wp-json\/wp\/v2\/posts"}],"about":[{"href":"https:\/\/revistacampus.uandes.cl\/2022\/wp-json\/wp\/v2\/types\/post"}],"author":[{"embeddable":true,"href":"https:\/\/revistacampus.uandes.cl\/2022\/wp-json\/wp\/v2\/users\/2"}],"replies":[{"embeddable":true,"href":"https:\/\/revistacampus.uandes.cl\/2022\/wp-json\/wp\/v2\/comments?post=6611"}],"version-history":[{"count":15,"href":"https:\/\/revistacampus.uandes.cl\/2022\/wp-json\/wp\/v2\/posts\/6611\/revisions"}],"predecessor-version":[{"id":8110,"href":"https:\/\/revistacampus.uandes.cl\/2022\/wp-json\/wp\/v2\/posts\/6611\/revisions\/8110"}],"wp:featuredmedia":[{"embeddable":true,"href":"https:\/\/revistacampus.uandes.cl\/2022\/wp-json\/wp\/v2\/media\/7356"}],"wp:attachment":[{"href":"https:\/\/revistacampus.uandes.cl\/2022\/wp-json\/wp\/v2\/media?parent=6611"}],"wp:term":[{"taxonomy":"category","embeddable":true,"href":"https:\/\/revistacampus.uandes.cl\/2022\/wp-json\/wp\/v2\/categories?post=6611"},{"taxonomy":"post_tag","embeddable":true,"href":"https:\/\/revistacampus.uandes.cl\/2022\/wp-json\/wp\/v2\/tags?post=6611"}],"curies":[{"name":"wp","href":"https:\/\/api.w.org\/{rel}","templated":true}]}}