{"id":6609,"date":"2022-07-06T18:37:00","date_gmt":"2022-07-06T22:37:00","guid":{"rendered":"https:\/\/revistacampus.uandes.cl\/2022\/?p=6609"},"modified":"2022-09-09T10:32:45","modified_gmt":"2022-09-09T14:32:45","slug":"centro-impact-salud-personalizada-y-tratamientos-de-vanguardia","status":"publish","type":"post","link":"https:\/\/revistacampus.uandes.cl\/2022\/centro-impact-salud-personalizada-y-tratamientos-de-vanguardia\/","title":{"rendered":"Centro IMPACT: <br><span class=\"subtitulo\">Salud personalizada y tratamientos de vanguardia<\/span>"},"content":{"rendered":"\n<p><strong>Este polo cient\u00edfico potenciar\u00e1 nuevas l\u00edneas de desarrollo formando a alumnos de postgrado, impulsando el estudio de enfermedades y proponiendo terapias innovadoras que beneficiar\u00e1n a todos los chilenos. Es el proyecto m\u00e1s importante que la UANDES se ha atribuido en cuanto a recursos.<\/strong><\/p>\n\n\n\n<div style=\"height:50px\" aria-hidden=\"true\" class=\"wp-block-spacer\"><\/div>\n\n\n\n<div class=\"wp-block-stackable-separator alignfull stk-block-separator stk--no-padding stk-block stk-7a95aa3\" data-block-id=\"7a95aa3\"><style>.stk-7a95aa3{transform:scaleX(-1) scaleY(-1) !important}.stk-7a95aa3 svg{fill:#000000 !important;filter:none !important}.stk-7a95aa3 .stk-block-separator__inner{height:50px !important}<\/style><div class=\"stk-block-separator__inner\"><svg xmlns=\"http:\/\/www.w3.org\/2000\/svg\" viewBox=\"0 0 1600 200\" class=\"stk-separator__layer-1\" preserveAspectRatio=\"none\" aria-hidden=\"true\"><path d=\"M-10 210h1620V105.2H-10z\"><\/path><\/svg><\/div><\/div>\n\n\n\n<p><strong><span style=\"color: #d95c6a;\" class=\"stk-highlight\">IMPACT<\/span>.<\/strong> Una sigla potente, que hace referencia al efecto que aspira a generar en la Universidad y, especialmente, en la sociedad. El <em><strong>Center of Interventional Medicine for Precision and Advanced Cellular Therapy<\/strong><\/em> (<a rel=\"noreferrer noopener\" href=\"https:\/\/www.linkedin.com\/company\/impact-center-of-interventional-medicine-for-precision-and-advanced-cellular-therapy\/?originalSubdomain=cl\" target=\"_blank\">contacto<\/a>) viene a fortalecer la investigaci\u00f3n en terapia celular que la UANDES realiza hace m\u00e1s de una d\u00e9cada, potenciando nuevas l\u00edneas de estudio y el desarrollo de biomateriales, ingenier\u00eda m\u00e9dica y dispositivos biom\u00e9dicos, <strong>llev\u00e1ndolos del laboratorio a los pacientes<\/strong>. Asimismo, busca aportar soluciones novedosas con <strong>inteligencia artificial (IA)<\/strong>, con el objetivo de mejorar el aprendizaje autom\u00e1tico para im\u00e1genes m\u00e9dicas basadas en predicciones y diagn\u00f3stico temprano para enfermedades articulares y perinatales.<\/p>\n\n\n\n<p>\u201cQueremos impactar de manera significativa en la calidad de vida de las personas. Nuestra aspiraci\u00f3n es cerrar la brecha entre la investigaci\u00f3n cient\u00edfica y la pr\u00e1ctica cl\u00ednica, transformando las terapias de precisi\u00f3n y avanzadas que hoy son inaccesibles, complicadas o muy costosas en algo accesible, asequible y sencillo\u201d, explica <strong><a rel=\"noreferrer noopener\" href=\"https:\/\/www.uandes.cl\/personas\/maroun-khoury-abboud\/\" target=\"_blank\">Maroun Khoury<\/a>, director cient\u00edfico de IMPACT, acad\u00e9mico de la <a rel=\"noreferrer noopener\" href=\"https:\/\/www.uandes.cl\/facultad\/facultad-de-medicina\/\" target=\"_blank\">Facultad de Medicina<\/a>, investigador del <a rel=\"noreferrer noopener\" href=\"https:\/\/www.uandes.cl\/ciib\/\" target=\"_blank\">Centro de Investigaci\u00f3n e Innovaci\u00f3n Biom\u00e9dica (CiiB)<\/a> y director cient\u00edfico del <em>spin off <\/em>UANDES <a rel=\"noreferrer noopener\" href=\"https:\/\/www.c4c.cl\/\" target=\"_blank\">Cells for Cells<\/a> (C4C).<\/strong><\/p>\n\n\n\n<p>\u201cEste nuevo y gran proyecto debiera contribuir a hacer de nuestra cl\u00ednica universitaria un centro donde los grandes desarrollos, las innovaciones cient\u00edficas, cl\u00ednicas y tecnol\u00f3gicas encuentren su propio sitio\u201d, agrega el <strong>acad\u00e9mico de la Facultad de Medicina y reumat\u00f3logo de la <a rel=\"noreferrer noopener\" href=\"http:\/\/www.clinicauandes.cl\" target=\"_blank\">Cl\u00ednica UANDES<\/a>, <a rel=\"noreferrer noopener\" href=\"https:\/\/www.uandes.cl\/personas\/fernando-figueroa-elizalde-2\/\" target=\"_blank\">Fernando Figueroa<\/a><\/strong>, quien apuesta a que \u201cva a generar un nuevo polo de desarrollo tecnol\u00f3gico en Chile y va a acarrear bienestar no solo para pacientes, sino que un crecimiento econ\u00f3mico para el pa\u00eds\u201d.<\/p>\n\n\n\n<figure class=\"wp-block-embed is-type-video is-provider-youtube wp-block-embed-youtube wp-embed-aspect-16-9 wp-has-aspect-ratio\"><div class=\"wp-block-embed__wrapper\">\n<iframe loading=\"lazy\" title=\"IMPACT\" width=\"1080\" height=\"608\" src=\"https:\/\/www.youtube.com\/embed\/4795HGtfSBA?start=2&#038;feature=oembed\" frameborder=\"0\" allow=\"accelerometer; autoplay; clipboard-write; encrypted-media; gyroscope; picture-in-picture\" allowfullscreen><\/iframe>\n<\/div><\/figure>\n\n\n\n<h4 class=\"wp-block-heading\"><strong>APORTE A LA SALUD P\u00daBLICA Y PRIVADA<\/strong><\/h4>\n\n\n\n<p>El Centro tendr\u00e1 un rol muy importante en cuanto al servicio que prestar\u00e1 a la sociedad, pues generar\u00e1 tratamientos que hoy solo son accesibles fuera del pa\u00eds. \u201c<strong>IMPACT <\/strong>va a enfocarse en terapias personalizadas, esto significa que se van a estudiar a precisi\u00f3n el origen y desarrollo de diferentes enfermedades para poder tratarlas de manera espec\u00edfica y no de manera gen\u00e9rica, desde el diagn\u00f3stico hasta el tratamiento\u201d, cuenta <strong><a rel=\"noreferrer noopener\" href=\"https:\/\/www.uandes.cl\/personas\/francisca-alcayaga-miranda\/\" target=\"_blank\">Francisca Alcayaga<\/a>, investigadora de IMPACT y de C4C<\/strong>.<\/p>\n\n\n\n<figure class=\"wp-block-image size-large\"><img decoding=\"async\" loading=\"lazy\" width=\"1024\" height=\"410\" src=\"https:\/\/revistacampus.uandes.cl\/2022\/wp-content\/uploads\/2022\/08\/Portada-horizontal-1024x410.jpg\" alt=\"\" class=\"wp-image-8017\" srcset=\"https:\/\/revistacampus.uandes.cl\/2022\/wp-content\/uploads\/2022\/08\/Portada-horizontal-1024x410.jpg 1024w, https:\/\/revistacampus.uandes.cl\/2022\/wp-content\/uploads\/2022\/08\/Portada-horizontal-300x120.jpg 300w, https:\/\/revistacampus.uandes.cl\/2022\/wp-content\/uploads\/2022\/08\/Portada-horizontal-768x307.jpg 768w, https:\/\/revistacampus.uandes.cl\/2022\/wp-content\/uploads\/2022\/08\/Portada-horizontal-1536x614.jpg 1536w, https:\/\/revistacampus.uandes.cl\/2022\/wp-content\/uploads\/2022\/08\/Portada-horizontal-480x192.jpg 480w, https:\/\/revistacampus.uandes.cl\/2022\/wp-content\/uploads\/2022\/08\/Portada-horizontal.jpg 2000w\" sizes=\"(max-width: 1024px) 100vw, 1024px\" \/><\/figure>\n\n\n\n<div class=\"wp-block-ugb-columns ugb-columns ugb-883edbd ugb-columns--design-plain ugb-columns--columns-2 ugb-main-block\"><style>.ugb-883edbd > .ugb-inner-block > .ugb-block-content > .ugb-columns__item{grid-template-columns:0.80fr 1.20fr !important}.ugb-883edbd-content-wrapper > .ugb-column{align-items:center !important}.ugb-883edbd-content-wrapper > .ugb-column > .ugb-inner-block{height:auto !important}<\/style><div class=\"ugb-inner-block\"><div class=\"ugb-block-content\"><div class=\"ugb-columns__item ugb-883edbd-content-wrapper\">\n<div class=\"wp-block-ugb-column ugb-column ugb-6bb8c85 ugb-column--design-plain ugb-main-block\"><div class=\"ugb-inner-block\"><div class=\"ugb-block-content\"><div class=\"ugb-column__item ugb-6bb8c85-column-wrapper\"><div class=\"ugb-column__content-wrapper\"><div class=\"wp-block-image is-style-rounded\">\n<figure class=\"aligncenter size-full is-resized\"><img decoding=\"async\" loading=\"lazy\" src=\"https:\/\/revistacampus.uandes.cl\/2022\/wp-content\/uploads\/2022\/09\/Francisca-Alcayaga.png\" alt=\"\" class=\"wp-image-7963\" width=\"250\" height=\"250\" srcset=\"https:\/\/revistacampus.uandes.cl\/2022\/wp-content\/uploads\/2022\/09\/Francisca-Alcayaga.png 1024w, https:\/\/revistacampus.uandes.cl\/2022\/wp-content\/uploads\/2022\/09\/Francisca-Alcayaga-300x300.png 300w, https:\/\/revistacampus.uandes.cl\/2022\/wp-content\/uploads\/2022\/09\/Francisca-Alcayaga-150x150.png 150w, https:\/\/revistacampus.uandes.cl\/2022\/wp-content\/uploads\/2022\/09\/Francisca-Alcayaga-768x768.png 768w, https:\/\/revistacampus.uandes.cl\/2022\/wp-content\/uploads\/2022\/09\/Francisca-Alcayaga-480x480.png 480w\" sizes=\"(max-width: 250px) 100vw, 250px\" \/><\/figure><\/div><\/div><\/div><\/div><\/div><\/div>\n\n\n\n<div class=\"wp-block-ugb-column ugb-column ugb-194b37a ugb-column--design-plain ugb-main-block\"><style>.ugb-194b37a > .ugb-inner-block > .ugb-block-content > *{justify-content:center !important}<\/style><div class=\"ugb-inner-block\"><div class=\"ugb-block-content\"><div class=\"ugb-column__item ugb-194b37a-column-wrapper\"><div class=\"ugb-column__content-wrapper\">\n<div class=\"aligncenter wp-block-ugb-icon ugb-icon ugb-fd0aebc ugb-icon--v2 ugb-icon--design-basic ugb-main-block\"><style>.ugb-fd0aebc .ugb-icon__icon .ugb-icon-inner-svg,.ugb-fd0aebc .ugb-icon__icon .ugb-icon-inner-svg svg{width:100px !important;height:100px !important}.ugb-fd0aebc .ugb-icon__icon .ugb-icon-inner-svg{color:#cf2e2e !important}.ugb-fd0aebc .ugb-icon__icon{margin-bottom:-18px !important}.ugb-fd0aebc .ugb-icon__icon .ugb-icon-inner-svg,.ugb-fd0aebc .ugb-icon__icon .ugb-icon-inner-svg svg *{color:#cf2e2e !important;fill:#cf2e2e !important}@media screen and (min-width:768px){.ugb-fd0aebc > .ugb-inner-block > .ugb-block-content > *{padding-top:0px !important;padding-bottom:0px !important;padding-right:0px !important;padding-left:0px !important}}<\/style><div class=\"ugb-inner-block\"><div class=\"ugb-block-content\"><div class=\"ugb-icon__content-wrapper\"><div class=\"ugb-icon__item ugb-icon__item1\"><div class=\"ugb-icon__icon\" rel=\"\"><div class=\"ugb-icon-inner-svg\"><svg class=\"ugb-custom-icon\" xmlns=\"http:\/\/www.w3.org\/2000\/svg\" viewBox=\"0 0 63.67 42.72\"><defs><style>.cls-1{fill:#d67c1c;}<\/style><\/defs><g id=\"Capa_2\" data-name=\"Capa 2\"><g id=\"Capa_1-2\" data-name=\"Capa 1\"><path class=\"cls-1\" d=\"M16.21,42.72c7.34,0,14.32-5.68,14.32-13.13s-5.32-12.67-12.9-12.67c-9,0-10.17-3.07-10.17-4.61C7.46,9,9.35,5.44,20.71,1.07L20.36,0C10.18,2.84,0,9.94,0,24.74c0,7.21,3.2,18,16.21,18m33.14,0c7.34,0,14.32-5.68,14.32-13.13s-5.32-12.67-12.9-12.67c-9,0-10.18-3.07-10.18-4.61,0-3.31,1.9-6.87,13.26-11.24L53.49,0C43.32,2.84,33.14,9.94,33.14,24.74c0,7.21,3.19,18,16.21,18\"><\/path><\/g><\/g><\/svg><\/div><\/div><\/div><\/div><\/div><\/div><\/div>\n\n\n\n<p class=\"has-text-align-center\"><strong><em>\u201cLa formaci\u00f3n de IMPACT va a redundar en un beneficio para la salud p\u00fablica y privada del pa\u00eds, porque todos los datos, terapias, diagn\u00f3sticos de precisi\u00f3n que se hagan van a ir en directo beneficio de la poblaci\u00f3n. No es algo propio para la Universidad, es algo propio para los pacientes\u201d.<\/em><\/strong><\/p>\n\n\n\n<p class=\"has-text-align-center\" style=\"font-size:15px\"><strong>Francisca Alcayaga,<\/strong> investigadora de IMPACT<\/p>\n<\/div><\/div><\/div><\/div><\/div>\n<\/div><\/div><\/div><\/div>\n\n\n\n<p>\u201cCuando un paciente tiene c\u00e1ncer, uno lo trata gen\u00e9ricamente con quimio o radioterapia, sin investigar precisamente cu\u00e1l es el origen de ese c\u00e1ncer. Si uno logra detectar cu\u00e1l es la mutaci\u00f3n que le da origen, puede tratar espec\u00edficamente esa mutaci\u00f3n, en vez de entregar una terapia gen\u00e9rica, que puede generar efectos secundarios\u201d, ejemplifica.<\/p>\n\n\n\n<p>\u201cVamos a iniciar con cuatro tecnolog\u00edas, pero la idea es tener un efecto contagioso y llevar la ciencia a muchos m\u00e1s \u00e1mbitos de la biomedicina\u201d, proyecta <strong>Maroun Khoury<\/strong>. Se trata de <strong>cuatro aplicaciones cl\u00ednicas<\/strong> muy relevantes a nivel de prevalencia y de calidad de vida, pues est\u00e1n relacionadas a enfermedades como c\u00e1ncer; enfermedades inflamatorias, como osteoartritis; enfermedades degenerativas o neuronales, y enfermedades perinatales o complicaciones del embarazo.<\/p>\n\n\n\n<figure class=\"wp-block-image size-large\"><img decoding=\"async\" loading=\"lazy\" width=\"1024\" height=\"682\" src=\"https:\/\/revistacampus.uandes.cl\/2022\/wp-content\/uploads\/2022\/08\/d604d679-a6c1-4fcf-a1ce-d15e0d649830-1024x682.jpeg\" alt=\"\" class=\"wp-image-7346\" srcset=\"https:\/\/revistacampus.uandes.cl\/2022\/wp-content\/uploads\/2022\/08\/d604d679-a6c1-4fcf-a1ce-d15e0d649830-1024x682.jpeg 1024w, https:\/\/revistacampus.uandes.cl\/2022\/wp-content\/uploads\/2022\/08\/d604d679-a6c1-4fcf-a1ce-d15e0d649830-300x200.jpeg 300w, https:\/\/revistacampus.uandes.cl\/2022\/wp-content\/uploads\/2022\/08\/d604d679-a6c1-4fcf-a1ce-d15e0d649830-768x511.jpeg 768w, https:\/\/revistacampus.uandes.cl\/2022\/wp-content\/uploads\/2022\/08\/d604d679-a6c1-4fcf-a1ce-d15e0d649830-720x480.jpeg 720w, https:\/\/revistacampus.uandes.cl\/2022\/wp-content\/uploads\/2022\/08\/d604d679-a6c1-4fcf-a1ce-d15e0d649830-480x320.jpeg 480w, https:\/\/revistacampus.uandes.cl\/2022\/wp-content\/uploads\/2022\/08\/d604d679-a6c1-4fcf-a1ce-d15e0d649830.jpeg 1134w\" sizes=\"(max-width: 1024px) 100vw, 1024px\" \/><\/figure>\n\n\n\n<p>\u201cLa tecnolog\u00eda que vamos a investigar, a expandir y aplicar corresponde a <strong>terapia avanzada, como la terapia celular y acelular; la ingenier\u00eda de tejidos con biomateriales; inteligencia artificial aplicada a la adquisici\u00f3n e interpretaci\u00f3n de im\u00e1genes, y una plataforma cl\u00ednica que puede trasladar este conocimiento bajo el concepto de ensayo cl\u00ednico<\/strong>\u201d, precisa el director del Centro.<\/p>\n\n\n\n<div class=\"wp-block-ugb-columns ugb-columns ugb-24267ec ugb-columns--design-plain ugb-columns--columns-2 ugb-main-block\"><style>.ugb-24267ec > .ugb-inner-block > .ugb-block-content > .ugb-columns__item{grid-template-columns:0.80fr 1.20fr !important}<\/style><div class=\"ugb-inner-block\"><div class=\"ugb-block-content\"><div class=\"ugb-columns__item ugb-24267ec-content-wrapper\">\n<div class=\"wp-block-ugb-column ugb-column ugb-1ca7147 ugb-column--design-plain ugb-main-block\"><style>.ugb-1ca7147 > .ugb-inner-block > .ugb-block-content > *{justify-content:center !important}<\/style><div class=\"ugb-inner-block\"><div class=\"ugb-block-content\"><div class=\"ugb-column__item ugb-1ca7147-column-wrapper\"><div class=\"ugb-column__content-wrapper\"><div class=\"wp-block-image is-style-rounded\">\n<figure class=\"aligncenter size-full is-resized\"><img decoding=\"async\" loading=\"lazy\" src=\"https:\/\/revistacampus.uandes.cl\/2022\/wp-content\/uploads\/2022\/09\/Dr.-Maroun-Khoury.jpg\" alt=\"\" class=\"wp-image-7965\" width=\"250\" height=\"250\" srcset=\"https:\/\/revistacampus.uandes.cl\/2022\/wp-content\/uploads\/2022\/09\/Dr.-Maroun-Khoury.jpg 1024w, https:\/\/revistacampus.uandes.cl\/2022\/wp-content\/uploads\/2022\/09\/Dr.-Maroun-Khoury-300x300.jpg 300w, https:\/\/revistacampus.uandes.cl\/2022\/wp-content\/uploads\/2022\/09\/Dr.-Maroun-Khoury-150x150.jpg 150w, https:\/\/revistacampus.uandes.cl\/2022\/wp-content\/uploads\/2022\/09\/Dr.-Maroun-Khoury-768x768.jpg 768w, https:\/\/revistacampus.uandes.cl\/2022\/wp-content\/uploads\/2022\/09\/Dr.-Maroun-Khoury-480x480.jpg 480w\" sizes=\"(max-width: 250px) 100vw, 250px\" \/><\/figure><\/div><\/div><\/div><\/div><\/div><\/div>\n\n\n\n<div class=\"wp-block-ugb-column ugb-column ugb-d534233 ugb-column--design-plain ugb-main-block\"><style>.ugb-d534233 > .ugb-inner-block > .ugb-block-content > *{justify-content:center !important}<\/style><div class=\"ugb-inner-block\"><div class=\"ugb-block-content\"><div class=\"ugb-column__item ugb-d534233-column-wrapper\"><div class=\"ugb-column__content-wrapper\">\n<div class=\"aligncenter wp-block-ugb-icon ugb-icon ugb-53fbb57 ugb-icon--v2 ugb-icon--design-basic ugb-main-block\"><style>.ugb-53fbb57 .ugb-icon__icon .ugb-icon-inner-svg,.ugb-53fbb57 .ugb-icon__icon .ugb-icon-inner-svg svg{width:100px !important;height:100px !important}.ugb-53fbb57 .ugb-icon__icon .ugb-icon-inner-svg{color:#cf2e2e !important}.ugb-53fbb57 .ugb-icon__icon{margin-bottom:-18px !important}.ugb-53fbb57 .ugb-icon__icon .ugb-icon-inner-svg,.ugb-53fbb57 .ugb-icon__icon .ugb-icon-inner-svg svg *{color:#cf2e2e !important;fill:#cf2e2e !important}@media screen and (min-width:768px){.ugb-53fbb57 > .ugb-inner-block > .ugb-block-content > *{padding-top:0px !important;padding-bottom:0px !important;padding-right:0px !important;padding-left:0px !important}}<\/style><div class=\"ugb-inner-block\"><div class=\"ugb-block-content\"><div class=\"ugb-icon__content-wrapper\"><div class=\"ugb-icon__item ugb-icon__item1\"><div class=\"ugb-icon__icon\" rel=\"\"><div class=\"ugb-icon-inner-svg\"><svg class=\"ugb-custom-icon\" xmlns=\"http:\/\/www.w3.org\/2000\/svg\" viewBox=\"0 0 63.67 42.72\"><defs><style>.cls-1{fill:#d67c1c;}<\/style><\/defs><g id=\"Capa_2\" data-name=\"Capa 2\"><g id=\"Capa_1-2\" data-name=\"Capa 1\"><path class=\"cls-1\" d=\"M16.21,42.72c7.34,0,14.32-5.68,14.32-13.13s-5.32-12.67-12.9-12.67c-9,0-10.17-3.07-10.17-4.61C7.46,9,9.35,5.44,20.71,1.07L20.36,0C10.18,2.84,0,9.94,0,24.74c0,7.21,3.2,18,16.21,18m33.14,0c7.34,0,14.32-5.68,14.32-13.13s-5.32-12.67-12.9-12.67c-9,0-10.18-3.07-10.18-4.61,0-3.31,1.9-6.87,13.26-11.24L53.49,0C43.32,2.84,33.14,9.94,33.14,24.74c0,7.21,3.19,18,16.21,18\"><\/path><\/g><\/g><\/svg><\/div><\/div><\/div><\/div><\/div><\/div><\/div>\n\n\n\n<p class=\"has-text-align-center\"><strong><em>\u201cEl Centro de Excelencia IMPACT quiere ser este puente entre la ciencia traslacional y la cl\u00ednica\u201d.<\/em><\/strong><\/p>\n\n\n\n<p class=\"has-text-align-center\" style=\"font-size:15px\"><strong>Maroun Khoury,<\/strong> director del Centro IMPACT<\/p>\n<\/div><\/div><\/div><\/div><\/div>\n<\/div><\/div><\/div><\/div>\n\n\n\n<p>\u201cEs un proyecto a largo plazo para el desarrollo de terapias personalizadas&#8230; Involucra el desarrollo de investigaci\u00f3n cl\u00ednica y cient\u00edfica de gran vinculaci\u00f3n entre distintas disciplinas, entre los cient\u00edficos, los bi\u00f3logos celulares y moleculares, as\u00ed como m\u00e9dicos de distintas especializaciones, para poder llegar a los pacientes no solo con terapias efectivas y seguras, sino tambi\u00e9n con mejores m\u00e9todos de diagn\u00f3stico para  mejorar la salud p\u00fablica y privada\u201d, agrega <strong>Francisca Alcayaga<\/strong>.<\/p>\n\n\n\n<h4 class=\"wp-block-heading\"><strong>EL ORIGEN DEL PROYECTO<\/strong><\/h4>\n\n\n\n<iframe loading=\"lazy\" width=\"1280\" height=\"720\" src=\"https:\/\/www.youtube.com\/embed\/xsX3qz15LnI\" title=\"Centro de Excelencia Cient\u00edfica y Tecnol\u00f3gica, IMPACT\" frameborder=\"0\" allow=\"accelerometer; autoplay; clipboard-write; encrypted-media; gyroscope; picture-in-picture\" allowfullscreen=\"\"><\/iframe>\n\n\n\n<p>El <strong>Centro IMPACT surge gracias a la <a rel=\"noreferrer noopener\" href=\"https:\/\/www.uandes.cl\/noticias\/universidad-de-los-andes-se-adjudica-fondos-para-implementar-un-centro-cientifico-de-excelencia-en-terapia-celular\/\" target=\"_blank\">adjudicaci\u00f3n del IV Concurso Nacional de Financiamiento Basal para Centros Cient\u00edficos y Tecnol\u00f3gicos de Excelencia<\/a><\/strong>, que impulsar\u00e1 alianzas biotecnol\u00f3gicas y cl\u00ednicas para la traslaci\u00f3n de terapias avanzadas durante la pr\u00f3xima d\u00e9cada. Se trata del proyecto m\u00e1s importante que la Universidad se ha atribuido en cuanto a recursos, con un presupuesto total de $12.800 millones para los primeros cinco a\u00f1os, de los cuales $6.400 millones corresponden a aporte estatal.<\/p>\n\n\n\n<p>Este financiamiento implica la <strong>cooperaci\u00f3n entre la UANDES, la Cl\u00ednica UANDES, el <em>spin off <\/em>C4C y las universidades de Chile, Cat\u00f3lica de Chile, Cat\u00f3lica de Valpara\u00edso y de La Frontera<\/strong>. Este esp\u00edritu colaborativo se plasmar\u00e1, adem\u00e1s, en el trabajo multidisciplinario entre distintas facultades, como Medicina, Odontolog\u00eda, Ingenier\u00eda y Comunicaci\u00f3n.<\/p>\n\n\n\n<p>\u201cLa adjudicaci\u00f3n misma de un centro basal relacionada a un \u00e1rea donde la UANDES es bastante conocida a nivel nacional e internacional es demasiado relevante, porque hoy existe una cl\u00ednica universitaria y un centro de investigaci\u00f3n universitario, pero faltaba este puente. Hoy el <strong>Centro IMPACT<\/strong> quiere ser este puente entre la ciencia traslacional y la qu\u00edmica\u201d, asegura <strong>Maroun Khoury<\/strong>.<\/p>\n\n\n\n<div class=\"wp-block-ugb-columns ugb-columns ugb-ed202a5 ugb-columns--design-plain ugb-columns--columns-2 ugb-main-block\"><div class=\"ugb-inner-block\"><div class=\"ugb-block-content\"><div class=\"ugb-columns__item ugb-ed202a5-content-wrapper\">\n<div class=\"wp-block-ugb-column ugb-column ugb-c6dff7b ugb-column--design-plain ugb-main-block\"><div class=\"ugb-inner-block\"><div class=\"ugb-block-content\"><div class=\"ugb-column__item ugb-c6dff7b-column-wrapper\"><div class=\"ugb-column__content-wrapper\">\n<div class=\"aligncenter wp-block-ugb-icon ugb-icon ugb-e1a3405 ugb-icon--v2 ugb-icon--design-basic ugb-main-block\"><style>.ugb-e1a3405 .ugb-icon__icon .ugb-icon-inner-svg,.ugb-e1a3405 .ugb-icon__icon .ugb-icon-inner-svg svg{width:100px !important;height:100px !important}.ugb-e1a3405 .ugb-icon__icon .ugb-icon-inner-svg{color:#cf2e2e !important}.ugb-e1a3405 .ugb-icon__icon{margin-bottom:-18px !important}.ugb-e1a3405 .ugb-icon__icon .ugb-icon-inner-svg,.ugb-e1a3405 .ugb-icon__icon .ugb-icon-inner-svg svg *{color:#cf2e2e !important;fill:#cf2e2e !important}@media screen and (min-width:768px){.ugb-e1a3405 > .ugb-inner-block > .ugb-block-content > *{padding-top:0px !important;padding-bottom:0px !important;padding-right:0px !important;padding-left:0px !important}}<\/style><div class=\"ugb-inner-block\"><div class=\"ugb-block-content\"><div class=\"ugb-icon__content-wrapper\"><div class=\"ugb-icon__item ugb-icon__item1\"><div class=\"ugb-icon__icon\" rel=\"\"><div class=\"ugb-icon-inner-svg\"><svg class=\"ugb-custom-icon\" xmlns=\"http:\/\/www.w3.org\/2000\/svg\" viewBox=\"0 0 63.67 42.72\"><defs><style>.cls-1{fill:#d67c1c;}<\/style><\/defs><g id=\"Capa_2\" data-name=\"Capa 2\"><g id=\"Capa_1-2\" data-name=\"Capa 1\"><path class=\"cls-1\" d=\"M16.21,42.72c7.34,0,14.32-5.68,14.32-13.13s-5.32-12.67-12.9-12.67c-9,0-10.17-3.07-10.17-4.61C7.46,9,9.35,5.44,20.71,1.07L20.36,0C10.18,2.84,0,9.94,0,24.74c0,7.21,3.2,18,16.21,18m33.14,0c7.34,0,14.32-5.68,14.32-13.13s-5.32-12.67-12.9-12.67c-9,0-10.18-3.07-10.18-4.61,0-3.31,1.9-6.87,13.26-11.24L53.49,0C43.32,2.84,33.14,9.94,33.14,24.74c0,7.21,3.19,18,16.21,18\"><\/path><\/g><\/g><\/svg><\/div><\/div><\/div><\/div><\/div><\/div><\/div>\n\n\n\n<p class=\"has-text-align-left\"><strong><em>\u201cTanto el CiiB como IMPACT se vinculan directamente con el Doctorado en Biomedicina, cuyos estudiantes est\u00e1n inmersos en este ambiente multidisciplinario, asociativo y colaborativo (&#8230;) Nuestros objetivos comunes tienen que ver con lo cient\u00edfico, pero tambi\u00e9n con la capacidad de formar nuevas generaciones\u201d.<\/em><\/strong><\/p>\n\n\n\n<p class=\"has-text-align-center\"><strong>Federico B\u00e1tiz<\/strong>, director del CiiB<\/p>\n<\/div><\/div><\/div><\/div><\/div>\n\n\n\n<div class=\"wp-block-ugb-column ugb-column ugb-7d793d5 ugb-column--design-plain ugb-main-block\"><style>.ugb-7d793d5 > .ugb-inner-block > .ugb-block-content > *{justify-content:center !important}<\/style><div class=\"ugb-inner-block\"><div class=\"ugb-block-content\"><div class=\"ugb-column__item ugb-7d793d5-column-wrapper\"><div class=\"ugb-column__content-wrapper\">\n<figure class=\"wp-block-image size-full\"><img decoding=\"async\" loading=\"lazy\" width=\"827\" height=\"754\" src=\"https:\/\/revistacampus.uandes.cl\/2022\/wp-content\/uploads\/2022\/08\/Impact-Batis2.jpg\" alt=\"\" class=\"wp-image-7351\" srcset=\"https:\/\/revistacampus.uandes.cl\/2022\/wp-content\/uploads\/2022\/08\/Impact-Batis2.jpg 827w, https:\/\/revistacampus.uandes.cl\/2022\/wp-content\/uploads\/2022\/08\/Impact-Batis2-300x274.jpg 300w, https:\/\/revistacampus.uandes.cl\/2022\/wp-content\/uploads\/2022\/08\/Impact-Batis2-768x700.jpg 768w, https:\/\/revistacampus.uandes.cl\/2022\/wp-content\/uploads\/2022\/08\/Impact-Batis2-480x438.jpg 480w\" sizes=\"(max-width: 827px) 100vw, 827px\" \/><\/figure>\n<\/div><\/div><\/div><\/div><\/div>\n<\/div><\/div><\/div><\/div>\n\n\n\n<h4 class=\"wp-block-heading\"><strong>M\u00c1S QUE EL \u201cSUE\u00d1O DE UNA NOCHE\u201d<\/strong><\/h4>\n\n\n\n<p><strong>IMPACT <\/strong>no solo marca el inicio de un nuevo y revolucionario desaf\u00edo, tambi\u00e9n viene a coronar un trabajo de largo aliento que parti\u00f3 en 1991 con la <a href=\"https:\/\/www.uandes.cl\/noticias\/facultad-de-medicina-celebra-sus-primeros-30-anos\/\" target=\"_blank\" rel=\"noreferrer noopener\">inauguraci\u00f3n de la Facultad de Medicina en el Palacio Piwonka<\/a>, en calle Ej\u00e9rcito. \u201cNo sale del sue\u00f1o de una noche, m\u00e1s bien nace de un experimento a muy larga escala que hizo la Universidad poniendo a un grupo de cient\u00edficos en un peque\u00f1o espacio, construyendo un peque\u00f1o laboratorio con recursos limitados y con la hip\u00f3tesis de que la ciencia puede crear m\u00e1s ciencia\u201d, subraya <strong>Maroun Khoury<\/strong>.<\/p>\n\n\n\n<p>La <strong>investigadora de la Facultad de Medicina <a rel=\"noreferrer noopener\" href=\"https:\/\/www.uandes.cl\/personas\/ursula-wyneken-hempel\/\" target=\"_blank\">\u00darsula Wyneken<\/a><\/strong> ha sido testigo y protagonista del proceso. \u201cTen\u00edamos mucha ilusi\u00f3n y no sab\u00edamos exactamente ilusi\u00f3n de qu\u00e9\u201d, rememora. \u201c\u00c9ramos tres grupos peque\u00f1itos de investigaci\u00f3n, cada uno compuesto por dos o tres personas\u201d.<\/p>\n\n\n\n<div class=\"wp-block-ugb-columns ugb-columns ugb-9cd3edf ugb-columns--design-plain ugb-columns--columns-2 ugb-main-block\"><div class=\"ugb-inner-block\"><div class=\"ugb-block-content\"><div class=\"ugb-columns__item ugb-9cd3edf-content-wrapper\">\n<div class=\"wp-block-ugb-column ugb-column ugb-6bb11be ugb-column--design-plain ugb-main-block\"><style>.ugb-6bb11be > .ugb-inner-block > .ugb-block-content > *{justify-content:center !important}<\/style><div class=\"ugb-inner-block\"><div class=\"ugb-block-content\"><div class=\"ugb-column__item ugb-6bb11be-column-wrapper\"><div class=\"ugb-column__content-wrapper\">\n<figure class=\"wp-block-image size-full\"><img decoding=\"async\" loading=\"lazy\" width=\"440\" height=\"435\" src=\"https:\/\/revistacampus.uandes.cl\/2022\/wp-content\/uploads\/2022\/08\/image-6.png\" alt=\"\" class=\"wp-image-7481\" srcset=\"https:\/\/revistacampus.uandes.cl\/2022\/wp-content\/uploads\/2022\/08\/image-6.png 440w, https:\/\/revistacampus.uandes.cl\/2022\/wp-content\/uploads\/2022\/08\/image-6-300x297.png 300w\" sizes=\"(max-width: 440px) 100vw, 440px\" \/><\/figure>\n<\/div><\/div><\/div><\/div><\/div>\n\n\n\n<div class=\"wp-block-ugb-column ugb-column ugb-54cae14 ugb-column--design-plain ugb-main-block\"><style>.ugb-54cae14 > .ugb-inner-block > .ugb-block-content > *{justify-content:center !important}<\/style><div class=\"ugb-inner-block\"><div class=\"ugb-block-content\"><div class=\"ugb-column__item ugb-54cae14-column-wrapper\"><div class=\"ugb-column__content-wrapper\">\n<p>\u201cEra un pasillo, donde ten\u00edas los laboratorios y los equipamientos. Hacer cualquier ampliaci\u00f3n o modificaci\u00f3n era complejo, por la forma en que estaban, pero se hac\u00eda ciencia de mucha calidad\u201d, acota el<strong> <a rel=\"noreferrer noopener\" href=\"https:\/\/www.uandes.cl\/personas\/sebastian-illanes-lopez\/\" target=\"_blank\">Dr. Sebasti\u00e1n Illanes<\/a>, investigador de la misma Facultad<\/strong>. \u201cRecuerdo que cuando llev\u00e1bamos dos o tres a\u00f1os instalados nos vino a ver gente muy destacada en investigaci\u00f3n cient\u00edfica y no pod\u00edan creer que en esas piezas produc\u00edamos y ten\u00edamos ideas que persegu\u00edamos y desarroll\u00e1bamos\u201d, agrega \u00darsula Wyneken.<\/p>\n<\/div><\/div><\/div><\/div><\/div>\n<\/div><\/div><\/div><\/div>\n\n\n\n<p>Sue\u00f1os que fueron madurando y creciendo junto con su entorno f\u00edsico, que en 1995 funcionaba ya en el campus San Carlos de Apoquindo y<strong> en 1998 contaba con tres laboratorios: Neurociencias, Fisiolog\u00eda e Inmunolog\u00eda, sumando el de Fisiolog\u00eda de la Reproducci\u00f3n en 2006<\/strong>. Evoluci\u00f3n que en 2011 dio pie a la creaci\u00f3n de <strong>C4C <\/strong>y a la inauguraci\u00f3n del Centro de Investigaci\u00f3n Biom\u00e9dica que, tras incorporar la Innovaci\u00f3n a su sigla, pas\u00f3 a ser el CiiB.<\/p>\n\n\n\n<p>Todo ha \u201ccuajado de manera perfecta\u201d, se\u00f1ala su <strong>actual director, <a href=\"https:\/\/www.uandes.cl\/personas\/luis-federico-batiz\/\" target=\"_blank\" rel=\"noreferrer noopener\">Federico B\u00e1tiz<\/a><\/strong>. \u201c<strong>IMPACT <\/strong>es el logro de una estrategia para desarrollar la investigaci\u00f3n biom\u00e9dica dentro de la Universidad, de favorecer la interacci\u00f3n entre los investigadores, abrir las puertas de los laboratorios para interactuar y generar ideas que permitan que esa interacci\u00f3n se pueda potenciar y proyectar m\u00e1s f\u00e1cilmente a la sociedad\u201d, subraya.<\/p>\n\n\n\n<p>\u201cYo veo a <strong>IMPACT <\/strong>como la culminaci\u00f3n del desarrollo del <strong>CiiB <\/strong>y creo que lo m\u00e1s lindo de este proyecto es que engrana perfectamente con lo que estamos haciendo, para acelerarlo de tal manera de subir varios escalones en un per\u00edodo m\u00e1s corto de tiempo\u201d, acota el Dr. Illanes.<\/p>\n\n\n\n<div class=\"wp-block-columns is-layout-flex wp-container-3 wp-block-columns-is-layout-flex\">\n<div class=\"wp-block-column is-layout-flow wp-block-column-is-layout-flow\">\n<iframe loading=\"lazy\" width=\"1280\" height=\"720\" src=\"https:\/\/www.youtube.com\/embed\/1Fqn98WowLs\" title=\"IMPACT - Fernando Figueroa\" frameborder=\"0\" allow=\"accelerometer; autoplay; clipboard-write; encrypted-media; gyroscope; picture-in-picture\" allowfullscreen=\"\"><\/iframe>\n<\/div>\n\n\n\n<div class=\"wp-block-column is-layout-flow wp-block-column-is-layout-flow\">\n<iframe loading=\"lazy\" width=\"1280\" height=\"720\" src=\"https:\/\/www.youtube.com\/embed\/uxWhhSnQCFY\" title=\"Investigaci\u00f3n e Innovaci\u00f3n en la UANDES\" frameborder=\"0\" allow=\"accelerometer; autoplay; clipboard-write; encrypted-media; gyroscope; picture-in-picture\" allowfullscreen=\"\"><\/iframe>\n<\/div>\n<\/div>\n\n\n\n<h4 class=\"wp-block-heading\"><strong>APOYO DESDE INNOVACI\u00d3N<\/strong><\/h4>\n\n\n\n<p>La <a rel=\"noreferrer noopener\" href=\"https:\/\/www.uandes.cl\/innovacion\/visitante-investigador\/\" target=\"_blank\">Direcci\u00f3n de Innovaci\u00f3n<\/a> apoyar\u00e1 la gesti\u00f3n de <strong>IMPACT <\/strong>para asegurar los procesos de transferencia tecnol\u00f3gica, \u201cmediante estrategias de propiedad intelectual, as\u00ed como buscando los mejores socios comerciales para internacionalizar los productos y servicios que vamos a generar\u201d, precisa <strong><a rel=\"noreferrer noopener\" href=\"https:\/\/www.uandes.cl\/personas\/anil-sadarangani-khianey\/\" target=\"_blank\">Anil Sadarangani<\/a>, director del \u00e1rea<\/strong>.<\/p>\n\n\n\n<p>Asimismo, destaca el perfil colaborativo del proyecto, \u201cel cual permitir\u00e1 cocrear distintas iniciativas en las que otras universidades aportar\u00e1n su conocimiento local y su impacto regional\u201d. Adicionalmente, cuenta que se involucrar\u00e1n \u201cen la formaci\u00f3n de cient\u00edficos en los \u00e1mbitos de negocios y de empresarios en temas cient\u00edficos, para que haya una relaci\u00f3n bidireccional m\u00e1s fluida\u201d.<\/p>\n\n\n\n<div class=\"alignfull wp-block-ugb-container ugb-container borde ugb-355e1ce ugb-container--v2 ugb-container--design-plain ugb-main-block ugb-main-block--inner-center ugb--has-block-background\"><style>.ugb-355e1ce.ugb-container{background-color:#ededed}.ugb-355e1ce{padding:0 !important}.ugb-355e1ce.ugb-container:before{background-color:#ededed}<\/style><div class=\"ugb-inner-block ugb-inner-block--center\"><div class=\"ugb-block-content\"><div class=\"ugb-container__wrapper ugb-355e1ce-wrapper\"><div class=\"ugb-container__side\"><div class=\"ugb-container__content-wrapper ugb-355e1ce-content-wrapper\">\n<div class=\"wp-block-ugb-columns ugb-columns ugb-9afd35e ugb-columns--design-plain ugb-columns--columns-2 ugb-main-block\"><div class=\"ugb-inner-block\"><div class=\"ugb-block-content\"><div class=\"ugb-columns__item ugb-9afd35e-content-wrapper\">\n<div class=\"wp-block-ugb-column ugb-column ugb-7da1b25 ugb-column--design-plain ugb-main-block\"><style>.ugb-7da1b25 > .ugb-inner-block > .ugb-block-content > *{justify-content:center !important}<\/style><div class=\"ugb-inner-block\"><div class=\"ugb-block-content\"><div class=\"ugb-column__item ugb-7da1b25-column-wrapper\"><div class=\"ugb-column__content-wrapper\">\n<figure class=\"wp-block-image size-full\"><img decoding=\"async\" loading=\"lazy\" width=\"827\" height=\"732\" src=\"https:\/\/revistacampus.uandes.cl\/2022\/wp-content\/uploads\/2022\/08\/Impact-3-copia2.png\" alt=\"\" class=\"wp-image-7353\" srcset=\"https:\/\/revistacampus.uandes.cl\/2022\/wp-content\/uploads\/2022\/08\/Impact-3-copia2.png 827w, https:\/\/revistacampus.uandes.cl\/2022\/wp-content\/uploads\/2022\/08\/Impact-3-copia2-300x266.png 300w, https:\/\/revistacampus.uandes.cl\/2022\/wp-content\/uploads\/2022\/08\/Impact-3-copia2-768x680.png 768w, https:\/\/revistacampus.uandes.cl\/2022\/wp-content\/uploads\/2022\/08\/Impact-3-copia2-480x425.png 480w\" sizes=\"(max-width: 827px) 100vw, 827px\" \/><\/figure>\n<\/div><\/div><\/div><\/div><\/div>\n\n\n\n<div class=\"wp-block-ugb-column ugb-column ugb-4efd5bd ugb-column--design-plain ugb-main-block\"><div class=\"ugb-inner-block\"><div class=\"ugb-block-content\"><div class=\"ugb-column__item ugb-4efd5bd-column-wrapper\"><div class=\"ugb-column__content-wrapper\">\n<h4 class=\"wp-block-heading\"><strong>COMUNICAR DE MANERA SENCILLA<\/strong><\/h4>\n\n\n\n<p>\u201cEs una oportunidad para fortalecer nuestra l\u00ednea de comunicaci\u00f3n y salud, que consolida nuestra propuesta de servir como v\u00ednculo entre la producci\u00f3n cient\u00edfica y la sociedad\u201d, comenta <strong><a rel=\"noreferrer noopener\" href=\"https:\/\/www.uandes.cl\/personas\/cristobal-benavides-almarza\/\" target=\"_blank\">Crist\u00f3bal Benavides<\/a>, decano de la <a rel=\"noreferrer noopener\" href=\"https:\/\/www.uandes.cl\/facultad\/facultad-de-comunicacion\/\" target=\"_blank\">Facultad de Comunicaci\u00f3n<\/a><\/strong>.<\/p>\n\n\n\n<p>\u201cQueremos comunicar en t\u00e9rminos sencillos los avances complejos que esta iniciativa desarrollar\u00e1\u201d, agrega sobre el apoyo que prestar\u00e1 su unidad, a trav\u00e9s de asesor\u00edas comunicacionales a cient\u00edficos \u201cpara ayudarlos a traducir sus avances en mensajes simples, cursos y programas de educaci\u00f3n continua, seminarios y podcast informativos. Adem\u00e1s, se crear\u00e1 una aplicaci\u00f3n cuyo contenido ser\u00e1 difundido por redes sociales, con el fin de acercar el contenido de manera did\u00e1ctica y \u00fatil\u201d.<\/p>\n<\/div><\/div><\/div><\/div><\/div>\n<\/div><\/div><\/div><\/div>\n<\/div><\/div><\/div><\/div><\/div><\/div>\n\n\n\n<p><\/p>\n\n\n\n<p style=\"font-size:15px\">Por: Andrea de la Cruz<\/p>\n","protected":false},"excerpt":{"rendered":"<p>Este polo cient\u00edfico potenciar\u00e1 nuevas l\u00edneas de desarrollo formando a alumnos de postgrado, impulsando el estudio de enfermedades y proponiendo terapias innovadoras que beneficiar\u00e1n a todos los chilenos. Es el proyecto m\u00e1s importante que la UANDES se ha atribuido en cuanto a recursos. IMPACT. Una sigla potente, que hace referencia al efecto que aspira a generar en la Universidad y, especialmente, en la sociedad. El Center of Interventional Medicine for Precision and Advanced Cellular Therapy (contacto) viene a fortalecer la investigaci\u00f3n en terapia celular que la UANDES realiza hace m\u00e1s de una d\u00e9cada, potenciando nuevas l\u00edneas de estudio y el<\/p>\n","protected":false},"author":2,"featured_media":7344,"comment_status":"open","ping_status":"open","sticky":false,"template":"","format":"standard","meta":{"inline_featured_image":false,"_mi_skip_tracking":false,"_monsterinsights_sitenote_active":false,"_monsterinsights_sitenote_note":"","_monsterinsights_sitenote_category":0,"footnotes":""},"categories":[50],"tags":[],"featured_image_urls":{"full":["https:\/\/revistacampus.uandes.cl\/2022\/wp-content\/uploads\/2022\/08\/Impact-editable-copia.jpg",1107,621,false],"thumbnail":["https:\/\/revistacampus.uandes.cl\/2022\/wp-content\/uploads\/2022\/08\/Impact-editable-copia-150x150.jpg",150,150,true],"medium":["https:\/\/revistacampus.uandes.cl\/2022\/wp-content\/uploads\/2022\/08\/Impact-editable-copia-300x168.jpg",300,168,true],"medium_large":["https:\/\/revistacampus.uandes.cl\/2022\/wp-content\/uploads\/2022\/08\/Impact-editable-copia-768x431.jpg",768,431,true],"large":["https:\/\/revistacampus.uandes.cl\/2022\/wp-content\/uploads\/2022\/08\/Impact-editable-copia-1024x574.jpg",1024,574,true],"1536x1536":["https:\/\/revistacampus.uandes.cl\/2022\/wp-content\/uploads\/2022\/08\/Impact-editable-copia.jpg",1107,621,false],"2048x2048":["https:\/\/revistacampus.uandes.cl\/2022\/wp-content\/uploads\/2022\/08\/Impact-editable-copia.jpg",1107,621,false],"thumbnail-medium":["https:\/\/revistacampus.uandes.cl\/2022\/wp-content\/uploads\/2022\/08\/Impact-editable-copia-480x384.jpg",480,384,true],"thumbnail-square":["https:\/\/revistacampus.uandes.cl\/2022\/wp-content\/uploads\/2022\/08\/Impact-editable-copia-480x480.jpg",480,480,true],"thumbnail-portrait":["https:\/\/revistacampus.uandes.cl\/2022\/wp-content\/uploads\/2022\/08\/Impact-editable-copia-480x600.jpg",480,600,true],"thumbnail-large":["https:\/\/revistacampus.uandes.cl\/2022\/wp-content\/uploads\/2022\/08\/Impact-editable-copia-720x480.jpg",720,480,true],"thumbnail-medium-nocrop":["https:\/\/revistacampus.uandes.cl\/2022\/wp-content\/uploads\/2022\/08\/Impact-editable-copia-480x269.jpg",480,269,true]},"post_excerpt_stackable":"<p>Este polo cient\u00edfico potenciar\u00e1 nuevas l\u00edneas de desarrollo formando a alumnos de postgrado, impulsando el estudio de enfermedades y proponiendo terapias innovadoras que beneficiar\u00e1n a todos los chilenos. Es el proyecto m\u00e1s importante que la UANDES se ha atribuido en cuanto a recursos. IMPACT. Una sigla potente, que hace referencia al efecto que aspira a generar en la Universidad y, especialmente, en la sociedad. El Center of Interventional Medicine for Precision and Advanced Cellular Therapy (contacto) viene a fortalecer la investigaci\u00f3n en terapia celular que la UANDES realiza hace m\u00e1s de una d\u00e9cada, potenciando nuevas l\u00edneas de estudio y el&hellip;<\/p>\n","category_list":"<a href=\"https:\/\/revistacampus.uandes.cl\/2022\/category\/investigacion-al-servicio-de-la-sociedad\/\" rel=\"category tag\">Investigaci\u00f3n al servicio de la sociedad<\/a>","author_info":{"name":"Revista Campus","url":"https:\/\/revistacampus.uandes.cl\/2022\/author\/campus2020\/"},"comments_num":"0 comments","featured_image_urls_v2":{"full":["https:\/\/revistacampus.uandes.cl\/2022\/wp-content\/uploads\/2022\/08\/Impact-editable-copia.jpg",1107,621,false],"thumbnail":["https:\/\/revistacampus.uandes.cl\/2022\/wp-content\/uploads\/2022\/08\/Impact-editable-copia-150x150.jpg",150,150,true],"medium":["https:\/\/revistacampus.uandes.cl\/2022\/wp-content\/uploads\/2022\/08\/Impact-editable-copia-300x168.jpg",300,168,true],"medium_large":["https:\/\/revistacampus.uandes.cl\/2022\/wp-content\/uploads\/2022\/08\/Impact-editable-copia-768x431.jpg",768,431,true],"large":["https:\/\/revistacampus.uandes.cl\/2022\/wp-content\/uploads\/2022\/08\/Impact-editable-copia-1024x574.jpg",1024,574,true],"1536x1536":["https:\/\/revistacampus.uandes.cl\/2022\/wp-content\/uploads\/2022\/08\/Impact-editable-copia.jpg",1107,621,false],"2048x2048":["https:\/\/revistacampus.uandes.cl\/2022\/wp-content\/uploads\/2022\/08\/Impact-editable-copia.jpg",1107,621,false],"thumbnail-medium":["https:\/\/revistacampus.uandes.cl\/2022\/wp-content\/uploads\/2022\/08\/Impact-editable-copia-480x384.jpg",480,384,true],"thumbnail-square":["https:\/\/revistacampus.uandes.cl\/2022\/wp-content\/uploads\/2022\/08\/Impact-editable-copia-480x480.jpg",480,480,true],"thumbnail-portrait":["https:\/\/revistacampus.uandes.cl\/2022\/wp-content\/uploads\/2022\/08\/Impact-editable-copia-480x600.jpg",480,600,true],"thumbnail-large":["https:\/\/revistacampus.uandes.cl\/2022\/wp-content\/uploads\/2022\/08\/Impact-editable-copia-720x480.jpg",720,480,true],"thumbnail-medium-nocrop":["https:\/\/revistacampus.uandes.cl\/2022\/wp-content\/uploads\/2022\/08\/Impact-editable-copia-480x269.jpg",480,269,true]},"post_excerpt_stackable_v2":"<p>Este polo cient\u00edfico potenciar\u00e1 nuevas l\u00edneas de desarrollo formando a alumnos de postgrado, impulsando el estudio de enfermedades y proponiendo terapias innovadoras que beneficiar\u00e1n a todos los chilenos. Es el proyecto m\u00e1s importante que la UANDES se ha atribuido en cuanto a recursos. IMPACT. Una sigla potente, que hace referencia al efecto que aspira a generar en la Universidad y, especialmente, en la sociedad. El Center of Interventional Medicine for Precision and Advanced Cellular Therapy (contacto) viene a fortalecer la investigaci\u00f3n en terapia celular que la UANDES realiza hace m\u00e1s de una d\u00e9cada, potenciando nuevas l\u00edneas de estudio y el&hellip;<\/p>\n","category_list_v2":"<a href=\"https:\/\/revistacampus.uandes.cl\/2022\/category\/investigacion-al-servicio-de-la-sociedad\/\" rel=\"category tag\">Investigaci\u00f3n al servicio de la sociedad<\/a>","author_info_v2":{"name":"Revista Campus","url":"https:\/\/revistacampus.uandes.cl\/2022\/author\/campus2020\/"},"comments_num_v2":"0 comments","_links":{"self":[{"href":"https:\/\/revistacampus.uandes.cl\/2022\/wp-json\/wp\/v2\/posts\/6609"}],"collection":[{"href":"https:\/\/revistacampus.uandes.cl\/2022\/wp-json\/wp\/v2\/posts"}],"about":[{"href":"https:\/\/revistacampus.uandes.cl\/2022\/wp-json\/wp\/v2\/types\/post"}],"author":[{"embeddable":true,"href":"https:\/\/revistacampus.uandes.cl\/2022\/wp-json\/wp\/v2\/users\/2"}],"replies":[{"embeddable":true,"href":"https:\/\/revistacampus.uandes.cl\/2022\/wp-json\/wp\/v2\/comments?post=6609"}],"version-history":[{"count":21,"href":"https:\/\/revistacampus.uandes.cl\/2022\/wp-json\/wp\/v2\/posts\/6609\/revisions"}],"predecessor-version":[{"id":8255,"href":"https:\/\/revistacampus.uandes.cl\/2022\/wp-json\/wp\/v2\/posts\/6609\/revisions\/8255"}],"wp:featuredmedia":[{"embeddable":true,"href":"https:\/\/revistacampus.uandes.cl\/2022\/wp-json\/wp\/v2\/media\/7344"}],"wp:attachment":[{"href":"https:\/\/revistacampus.uandes.cl\/2022\/wp-json\/wp\/v2\/media?parent=6609"}],"wp:term":[{"taxonomy":"category","embeddable":true,"href":"https:\/\/revistacampus.uandes.cl\/2022\/wp-json\/wp\/v2\/categories?post=6609"},{"taxonomy":"post_tag","embeddable":true,"href":"https:\/\/revistacampus.uandes.cl\/2022\/wp-json\/wp\/v2\/tags?post=6609"}],"curies":[{"name":"wp","href":"https:\/\/api.w.org\/{rel}","templated":true}]}}