{"id":6607,"date":"2022-07-03T18:24:00","date_gmt":"2022-07-03T22:24:00","guid":{"rendered":"https:\/\/revistacampus.uandes.cl\/2022\/?p=6607"},"modified":"2022-09-09T10:32:55","modified_gmt":"2022-09-09T14:32:55","slug":"destacadosinvestigacion","status":"publish","type":"post","link":"https:\/\/revistacampus.uandes.cl\/2022\/destacadosinvestigacion\/","title":{"rendered":"Destacados Investigaci\u00f3n"},"content":{"rendered":"\n<div style=\"height:50px\" aria-hidden=\"true\" class=\"wp-block-spacer\"><\/div>\n\n\n\n<div class=\"wp-block-stackable-separator alignfull stk-block-separator stk--no-padding stk-block stk-7a95aa3\" data-block-id=\"7a95aa3\"><style>.stk-7a95aa3{transform:scaleX(-1) scaleY(-1) !important}.stk-7a95aa3 svg{fill:#000000 !important;filter:none !important}.stk-7a95aa3 .stk-block-separator__inner{height:50px !important}<\/style><div class=\"stk-block-separator__inner\"><svg xmlns=\"http:\/\/www.w3.org\/2000\/svg\" viewBox=\"0 0 1600 200\" class=\"stk-separator__layer-1\" preserveAspectRatio=\"none\" aria-hidden=\"true\"><path d=\"M-10 210h1620V105.2H-10z\"><\/path><\/svg><\/div><\/div>\n\n\n\n<div class=\"alignfull wp-block-ugb-container ugb-container borde ugb-65b1536 ugb-container--v2 ugb-container--design-plain ugb-main-block ugb-main-block--inner-center ugb--has-block-background\"><style>.ugb-65b1536.ugb-container{background-color:#d7e2e6}.ugb-65b1536{padding:0 !important}.ugb-65b1536.ugb-container:before{background-color:#d7e2e6}<\/style><div class=\"ugb-inner-block ugb-inner-block--center\"><div class=\"ugb-block-content\"><div class=\"ugb-container__wrapper ugb-65b1536-wrapper\"><div class=\"ugb-container__side\"><div class=\"ugb-container__content-wrapper ugb-65b1536-content-wrapper\">\n<div class=\"wp-block-ugb-columns ugb-columns ugb-73617ca ugb-columns--design-plain ugb-columns--columns-2 ugb-main-block\"><style>.ugb-73617ca > .ugb-inner-block > .ugb-block-content > .ugb-columns__item{grid-template-columns:0.90fr 1.10fr !important}.ugb-73617ca-content-wrapper > .ugb-column{align-items:center !important}.ugb-73617ca-content-wrapper > .ugb-column > .ugb-inner-block{height:auto !important}<\/style><div class=\"ugb-inner-block\"><div class=\"ugb-block-content\"><div class=\"ugb-columns__item ugb-73617ca-content-wrapper\">\n<div class=\"wp-block-ugb-column ugb-column ugb-92271c6 ugb-column--design-plain ugb-main-block\"><div class=\"ugb-inner-block\"><div class=\"ugb-block-content\"><div class=\"ugb-column__item ugb-92271c6-column-wrapper\"><div class=\"ugb-column__content-wrapper\">\n<figure class=\"wp-block-image size-full\"><img decoding=\"async\" loading=\"lazy\" width=\"850\" height=\"567\" src=\"https:\/\/revistacampus.uandes.cl\/2022\/wp-content\/uploads\/2022\/08\/03-Nuevo-Comite-Etico-Cientifico.jpg\" alt=\"\" class=\"wp-image-7326\" srcset=\"https:\/\/revistacampus.uandes.cl\/2022\/wp-content\/uploads\/2022\/08\/03-Nuevo-Comite-Etico-Cientifico.jpg 850w, https:\/\/revistacampus.uandes.cl\/2022\/wp-content\/uploads\/2022\/08\/03-Nuevo-Comite-Etico-Cientifico-300x200.jpg 300w, https:\/\/revistacampus.uandes.cl\/2022\/wp-content\/uploads\/2022\/08\/03-Nuevo-Comite-Etico-Cientifico-768x512.jpg 768w, https:\/\/revistacampus.uandes.cl\/2022\/wp-content\/uploads\/2022\/08\/03-Nuevo-Comite-Etico-Cientifico-720x480.jpg 720w, https:\/\/revistacampus.uandes.cl\/2022\/wp-content\/uploads\/2022\/08\/03-Nuevo-Comite-Etico-Cientifico-480x320.jpg 480w\" sizes=\"(max-width: 850px) 100vw, 850px\" \/><\/figure>\n<\/div><\/div><\/div><\/div><\/div>\n\n\n\n<div class=\"wp-block-ugb-column ugb-column ugb-f58d07b ugb-column--design-plain ugb-main-block\"><div class=\"ugb-inner-block\"><div class=\"ugb-block-content\"><div class=\"ugb-column__item ugb-f58d07b-column-wrapper\"><div class=\"ugb-column__content-wrapper\">\n<h4 class=\"wp-block-heading\"><strong>Nuevo Comit\u00e9 \u00c9tico Cient\u00edfico<\/strong><\/h4>\n\n\n\n<p>En diciembre, la directiva del <a href=\"https:\/\/www.uandes.cl\/investigacion\/comite-etico-cientifico\/\" target=\"_blank\" rel=\"noreferrer noopener\">Comit\u00e9 \u00c9tico Cient\u00edfico<\/a> eligi\u00f3 a sus nuevos miembros, renovando as\u00ed la mesa que presid\u00eda <a href=\"https:\/\/www.uandes.cl\/personas\/juan-eduardo-carreno-pavez\/\" target=\"_blank\" rel=\"noreferrer noopener\">Juan Carre\u00f1o<\/a>, acad\u00e9mico de las facultades de <a href=\"https:\/\/www.uandes.cl\/facultad\/facultad-de-medicina\/\" target=\"_blank\" rel=\"noreferrer noopener\">Medicina <\/a>y de <a href=\"https:\/\/www.uandes.cl\/facultad\/facultad-de-filosofia-y-humanidades\/\" target=\"_blank\" rel=\"noreferrer noopener\">Filosof\u00eda y Humanidades<\/a>. <a href=\"https:\/\/www.uandes.cl\/personas\/ximena-farfan-zuniga\/\" target=\"_blank\" rel=\"noreferrer noopener\">Ximena Farf\u00e1n<\/a>, profesora e investigadora de la <a href=\"https:\/\/www.uandes.cl\/facultad\/facultad-de-enfermeria-y-obstetricia\/\" target=\"_blank\" rel=\"noreferrer noopener\">Facultad de Enfermer\u00eda y Obstetricia<\/a>, asumi\u00f3 entonces como presidenta del \u00f3rgano, que debe velar por que la investigaci\u00f3n respete la dignidad de las personas que participen en ella. Junto con este nombramiento, se decidi\u00f3 la incorporaci\u00f3n de <a href=\"https:\/\/www.uandes.cl\/personas\/carlos-cabezon-gil\/\" target=\"_blank\" rel=\"noreferrer noopener\">Carlos Cabez\u00f3n<\/a>, acad\u00e9mico de la Facultad de Medicina y m\u00e9dico de la <a href=\"http:\/\/www.clinicauandes.cl\" target=\"_blank\" rel=\"noreferrer noopener\">Cl\u00ednica Universidad de los Andes<\/a>, como vicepresidente, y de la profesora <a href=\"https:\/\/www.uandes.cl\/personas\/francisca-reyes-arellano\/\" target=\"_blank\" rel=\"noreferrer noopener\">Francisca Reyes<\/a>, de la <a href=\"https:\/\/www.uandes.cl\/carrera\/derecho\/\" target=\"_blank\" rel=\"noreferrer noopener\">Facultad de Derecho<\/a>, como secretaria ejecutiva. (<a href=\"https:\/\/www.uandes.cl\/noticias\/se-renueva-la-directiva-del-comite-etico-cientifico\/\" target=\"_blank\" rel=\"noreferrer noopener\">Ver m\u00e1s<\/a>)<\/p>\n<\/div><\/div><\/div><\/div><\/div>\n<\/div><\/div><\/div><\/div>\n<\/div><\/div><\/div><\/div><\/div><\/div>\n\n\n\n<h4 class=\"wp-block-heading\"><strong><span style=\"color: #60bcc5;\" class=\"ugb-highlight\">Reconocimientos internacionales en salud<\/span><\/strong><\/h4>\n\n\n\n<div class=\"wp-block-columns is-layout-flex wp-container-3 wp-block-columns-is-layout-flex\">\n<div class=\"wp-block-column is-layout-flow wp-block-column-is-layout-flow\"><div class=\"wp-block-image is-style-rounded\">\n<figure class=\"aligncenter size-full is-resized\"><img decoding=\"async\" loading=\"lazy\" src=\"https:\/\/revistacampus.uandes.cl\/2022\/wp-content\/uploads\/2022\/09\/perfil2-_0000_01-Reconocimientos-internacionales-en-salud-Fernando-Figueroa.jpg\" alt=\"\" class=\"wp-image-7762\" width=\"286\" height=\"286\" srcset=\"https:\/\/revistacampus.uandes.cl\/2022\/wp-content\/uploads\/2022\/09\/perfil2-_0000_01-Reconocimientos-internacionales-en-salud-Fernando-Figueroa.jpg 571w, https:\/\/revistacampus.uandes.cl\/2022\/wp-content\/uploads\/2022\/09\/perfil2-_0000_01-Reconocimientos-internacionales-en-salud-Fernando-Figueroa-300x300.jpg 300w, https:\/\/revistacampus.uandes.cl\/2022\/wp-content\/uploads\/2022\/09\/perfil2-_0000_01-Reconocimientos-internacionales-en-salud-Fernando-Figueroa-150x150.jpg 150w, https:\/\/revistacampus.uandes.cl\/2022\/wp-content\/uploads\/2022\/09\/perfil2-_0000_01-Reconocimientos-internacionales-en-salud-Fernando-Figueroa-480x481.jpg 480w\" sizes=\"(max-width: 286px) 100vw, 286px\" \/><figcaption><br>Fernando Figueroa<\/figcaption><\/figure><\/div><\/div>\n\n\n\n<div class=\"wp-block-column is-layout-flow wp-block-column-is-layout-flow\"><div class=\"wp-block-image is-style-rounded\">\n<figure class=\"aligncenter size-full is-resized\"><img decoding=\"async\" loading=\"lazy\" src=\"https:\/\/revistacampus.uandes.cl\/2022\/wp-content\/uploads\/2022\/09\/perfil2-_0001_01-Reconocimientos-internacionales-en-salud-Alfonso-Valenzuela.jpg\" alt=\"\" class=\"wp-image-7763\" width=\"286\" height=\"286\" srcset=\"https:\/\/revistacampus.uandes.cl\/2022\/wp-content\/uploads\/2022\/09\/perfil2-_0001_01-Reconocimientos-internacionales-en-salud-Alfonso-Valenzuela.jpg 571w, https:\/\/revistacampus.uandes.cl\/2022\/wp-content\/uploads\/2022\/09\/perfil2-_0001_01-Reconocimientos-internacionales-en-salud-Alfonso-Valenzuela-300x300.jpg 300w, https:\/\/revistacampus.uandes.cl\/2022\/wp-content\/uploads\/2022\/09\/perfil2-_0001_01-Reconocimientos-internacionales-en-salud-Alfonso-Valenzuela-150x150.jpg 150w, https:\/\/revistacampus.uandes.cl\/2022\/wp-content\/uploads\/2022\/09\/perfil2-_0001_01-Reconocimientos-internacionales-en-salud-Alfonso-Valenzuela-480x481.jpg 480w\" sizes=\"(max-width: 286px) 100vw, 286px\" \/><figcaption><br>Alfonso Valenzuela<\/figcaption><\/figure><\/div><\/div>\n<\/div>\n\n\n\n<p>Los acad\u00e9micos <a rel=\"noreferrer noopener\" href=\"https:\/\/www.uandes.cl\/personas\/fernando-figueroa-elizalde-2\/\" target=\"_blank\">Fernando Figueroa<\/a>, de la <a rel=\"noreferrer noopener\" href=\"https:\/\/www.uandes.cl\/facultad\/facultad-de-medicina\/\" target=\"_blank\">Facultad de Medicina<\/a>, y <a rel=\"noreferrer noopener\" href=\"https:\/\/www.uandes.cl\/personas\/alfonso-valenzuela-bonomo-2\/\" target=\"_blank\">Alfonso Valenzuela<\/a>, de Medicina y <a rel=\"noreferrer noopener\" href=\"https:\/\/www.uandes.cl\/carrera\/odontologia\/\" target=\"_blank\">Odontolog\u00eda<\/a>, fueron reconocidos por su aporte a la salud. El <a href=\"https:\/\/www.uandes.cl\/noticias\/academico-de-la-facultad-de-medicina-recibe-el-premio-h-ralph-schumacher-2021\/\" target=\"_blank\" rel=\"noreferrer noopener\">Dr. Figueroa recibi\u00f3 el premio <em>H. Ralph Schumacher 2021<\/em><\/a><em> <\/em>de la Liga PANLAR, que abarca las asociaciones de reumatolog\u00eda de Am\u00e9rica, por su investigaci\u00f3n que busca someter a ensayo cl\u00ednico un nuevo preparado de c\u00e9lulas madre mesenquimales para personas con artrosis de rodilla (OA). Y el profesor <a href=\"https:\/\/www.uandes.cl\/noticias\/academico-de-la-universidad-es-reconocido-dentro-de-ranking-de-la-universidad-de-stanford\/\" target=\"_blank\" rel=\"noreferrer noopener\">Valenzuela fue considerado en un ranking de la Universidad de Stanford<\/a>, que midi\u00f3 el trabajo de 100 mil cient\u00edficos de todo el mundo, entregando informaci\u00f3n estandarizada sobre el impacto de las actividades de los cient\u00edficos durante un a\u00f1o y a lo largo de su carrera.<\/p>\n\n\n\n<div class=\"alignfull wp-block-ugb-container ugb-container borde ugb-1a68858 ugb-container--v2 ugb-container--design-plain ugb-main-block ugb-main-block--inner-center ugb--has-block-background\"><style>.ugb-1a68858 .ugb-inner-block{text-align:center}.ugb-1a68858.ugb-container{background-color:#d7e2e6}.ugb-1a68858{padding:0 !important}.ugb-1a68858.ugb-container:before{background-color:#d7e2e6}@media screen and (min-width:768px){.ugb-1a68858.ugb-container{padding-right:18px !important;padding-left:18px !important}}<\/style><div class=\"ugb-inner-block ugb-inner-block--center\"><div class=\"ugb-block-content\"><div class=\"ugb-container__wrapper ugb-1a68858-wrapper\"><div class=\"ugb-container__side\"><div class=\"ugb-container__content-wrapper ugb-1a68858-content-wrapper\">\n<div class=\"wp-block-ugb-columns ugb-columns ugb-7bd2822 ugb-columns--design-plain ugb-columns--columns-2 ugb-main-block\"><style>.ugb-7bd2822 > .ugb-inner-block > .ugb-block-content > .ugb-columns__item{grid-template-columns:0.80fr 1.20fr !important}.ugb-7bd2822-content-wrapper > .ugb-column{align-items:center !important}.ugb-7bd2822-content-wrapper > .ugb-column > .ugb-inner-block{height:auto !important}<\/style><div class=\"ugb-inner-block\"><div class=\"ugb-block-content\"><div class=\"ugb-columns__item ugb-7bd2822-content-wrapper\">\n<div class=\"wp-block-ugb-column ugb-column ugb-7b51a55 ugb-column--design-plain ugb-main-block\"><div class=\"ugb-inner-block\"><div class=\"ugb-block-content\"><div class=\"ugb-column__item ugb-7b51a55-column-wrapper\"><div class=\"ugb-column__content-wrapper\">\n<figure class=\"wp-block-image size-large\"><img decoding=\"async\" loading=\"lazy\" width=\"1024\" height=\"768\" src=\"https:\/\/revistacampus.uandes.cl\/2022\/wp-content\/uploads\/2022\/08\/04-Historica-tasa-de-adjudicacion-Fondecyt-B-1024x768.jpg\" alt=\"\" class=\"wp-image-7329\" srcset=\"https:\/\/revistacampus.uandes.cl\/2022\/wp-content\/uploads\/2022\/08\/04-Historica-tasa-de-adjudicacion-Fondecyt-B-1024x768.jpg 1024w, https:\/\/revistacampus.uandes.cl\/2022\/wp-content\/uploads\/2022\/08\/04-Historica-tasa-de-adjudicacion-Fondecyt-B-300x225.jpg 300w, https:\/\/revistacampus.uandes.cl\/2022\/wp-content\/uploads\/2022\/08\/04-Historica-tasa-de-adjudicacion-Fondecyt-B-768x576.jpg 768w, https:\/\/revistacampus.uandes.cl\/2022\/wp-content\/uploads\/2022\/08\/04-Historica-tasa-de-adjudicacion-Fondecyt-B-480x360.jpg 480w, https:\/\/revistacampus.uandes.cl\/2022\/wp-content\/uploads\/2022\/08\/04-Historica-tasa-de-adjudicacion-Fondecyt-B.jpg 1417w\" sizes=\"(max-width: 1024px) 100vw, 1024px\" \/><\/figure>\n<\/div><\/div><\/div><\/div><\/div>\n\n\n\n<div class=\"wp-block-ugb-column ugb-column ugb-0a3038f ugb-column--design-plain ugb-main-block\"><div class=\"ugb-inner-block\"><div class=\"ugb-block-content\"><div class=\"ugb-column__item ugb-0a3038f-column-wrapper\"><div class=\"ugb-column__content-wrapper\">\n<h3 class=\"has-text-align-left wp-block-heading\">Hist\u00f3rica tasa de adjudicaci\u00f3n Fondecyt<\/h3>\n\n\n\n<p class=\"has-text-align-left\">En l\u00ednea con el plan de desarrollo universitario en el \u00e1rea de investigaci\u00f3n, en 2022 se logr\u00f3 una hist\u00f3rica tasa de adjudicaci\u00f3n en los concursos Fondecyt Regular y de Iniciaci\u00f3n de la <a href=\"https:\/\/www.anid.cl\/\" target=\"_blank\" rel=\"noreferrer noopener\">ANID<\/a>. En el de Iniciaci\u00f3n se aceptaron 14 propuestas, lo que representa una tasa de adjudicaci\u00f3n de 53%, la m\u00e1s alta que ha tenido la Universidad y muy por sobre el promedio nacional para este concurso, que en a\u00f1os anteriores ha bordeado el 29%. Mientras que, en la postulaci\u00f3n al concurso Regular, se seleccionaron 13 proyectos, lo que signific\u00f3 la mayor tasa de adjudicaci\u00f3n de los \u00faltimos a\u00f1os, alcanzando 42%, un alza de 5 puntos respecto a la convocatoria anterior. (<a href=\"https:\/\/www.uandes.cl\/noticias\/universidad-de-los-andes-logra-cifras-sobre-el-promedio-nacional-en-postulaciones-a-proyectos-fondecyt\/\" target=\"_blank\" rel=\"noreferrer noopener\">Ver m\u00e1s<\/a>)<\/p>\n<\/div><\/div><\/div><\/div><\/div>\n<\/div><\/div><\/div><\/div>\n<\/div><\/div><\/div><\/div><\/div><\/div>\n\n\n\n<div class=\"alignfull wp-block-ugb-container ugb-container borde ugb-b4d8a2f ugb-container--v2 ugb-container--design-plain ugb-main-block ugb-main-block--inner-center ugb--has-block-background\"><style>.ugb-b4d8a2f .ugb-inner-block{text-align:center}.ugb-b4d8a2f{padding:0 !important}@media screen and (min-width:768px){.ugb-b4d8a2f.ugb-container{padding-right:18px !important;padding-left:18px !important}}<\/style><div class=\"ugb-inner-block ugb-inner-block--center\"><div class=\"ugb-block-content\"><div class=\"ugb-container__wrapper ugb-b4d8a2f-wrapper\"><div class=\"ugb-container__side\"><div class=\"ugb-container__content-wrapper ugb-b4d8a2f-content-wrapper\">\n<div class=\"wp-block-ugb-columns ugb-columns ugb-8671acc ugb-columns--design-plain ugb-columns--columns-2 ugb-main-block\"><style>.ugb-8671acc > .ugb-inner-block > .ugb-block-content > .ugb-columns__item{grid-template-columns:0.80fr 1.20fr !important}.ugb-8671acc-content-wrapper > .ugb-column{align-items:center !important}.ugb-8671acc-content-wrapper > .ugb-column > .ugb-inner-block{height:auto !important}<\/style><div class=\"ugb-inner-block\"><div class=\"ugb-block-content\"><div class=\"ugb-columns__item ugb-8671acc-content-wrapper\">\n<div class=\"wp-block-ugb-column ugb-column ugb-c3e47c4 ugb-column--design-plain ugb-main-block\"><div class=\"ugb-inner-block\"><div class=\"ugb-block-content\"><div class=\"ugb-column__item ugb-c3e47c4-column-wrapper\"><div class=\"ugb-column__content-wrapper\">\n<figure class=\"wp-block-image size-large\"><img decoding=\"async\" loading=\"lazy\" width=\"1024\" height=\"683\" src=\"https:\/\/revistacampus.uandes.cl\/2022\/wp-content\/uploads\/2022\/08\/Rosa-Gonzalez-1024x683.jpg\" alt=\"\" class=\"wp-image-7331\" srcset=\"https:\/\/revistacampus.uandes.cl\/2022\/wp-content\/uploads\/2022\/08\/Rosa-Gonzalez-1024x683.jpg 1024w, https:\/\/revistacampus.uandes.cl\/2022\/wp-content\/uploads\/2022\/08\/Rosa-Gonzalez-300x200.jpg 300w, https:\/\/revistacampus.uandes.cl\/2022\/wp-content\/uploads\/2022\/08\/Rosa-Gonzalez-768x512.jpg 768w, https:\/\/revistacampus.uandes.cl\/2022\/wp-content\/uploads\/2022\/08\/Rosa-Gonzalez-720x480.jpg 720w, https:\/\/revistacampus.uandes.cl\/2022\/wp-content\/uploads\/2022\/08\/Rosa-Gonzalez-480x320.jpg 480w, https:\/\/revistacampus.uandes.cl\/2022\/wp-content\/uploads\/2022\/08\/Rosa-Gonzalez.jpg 1417w\" sizes=\"(max-width: 1024px) 100vw, 1024px\" \/><\/figure>\n<\/div><\/div><\/div><\/div><\/div>\n\n\n\n<div class=\"wp-block-ugb-column ugb-column ugb-a211777 ugb-column--design-plain ugb-main-block\"><div class=\"ugb-inner-block\"><div class=\"ugb-block-content\"><div class=\"ugb-column__item ugb-a211777-column-wrapper\"><div class=\"ugb-column__content-wrapper\">\n<h3 class=\"has-text-align-left wp-block-heading\"><span style=\"color: #60bcc5;\" class=\"ugb-highlight\">Premio \u201cMujer en Log\u00edstica\u201d para docente de Ingenier\u00eda Civil<\/span><\/h3>\n\n\n\n<p class=\"has-text-align-left\"><a rel=\"noreferrer noopener\" href=\"https:\/\/www.uandes.cl\/personas\/rosa-gonzalez-ramirez\/\" target=\"_blank\">Rosa Gonz\u00e1lez<\/a>, acad\u00e9mica de la <a rel=\"noreferrer noopener\" href=\"https:\/\/www.uandes.cl\/facultad\/facultad-de-ingenieria-y-ciencias-aplicadas\/\" target=\"_blank\">Facultad de Ingenier\u00eda y Ciencias Aplicadas<\/a>, recibi\u00f3 el Premio Mujer en Log\u00edstica, otorgado por la Asociaci\u00f3n Mexicana de Log\u00edstica, en el Congreso Internacional de Log\u00edstica y Cadena de Suministro. Esta es la primera vez que se otorga este galard\u00f3n, con el que desean inspirar a mujeres que se desarrollen acad\u00e9mica y profesionalmente en este sector. Rosa tambi\u00e9n es miembro del comit\u00e9 editorial de la Revista <em>WMU Journal Of Maritime Affairs<\/em>, en la que asesora y colabora en temas sobre investigaci\u00f3n y estudios mar\u00edtimos. (<a rel=\"noreferrer noopener\" href=\"https:\/\/www.uandes.cl\/noticias\/academica-de-la-facultad-de-ingenieria-y-ciencias-aplicadas-recibe-el-premio-mujer-en-logistica\/\" target=\"_blank\">Ver m\u00e1s<\/a>)<\/p>\n<\/div><\/div><\/div><\/div><\/div>\n<\/div><\/div><\/div><\/div>\n<\/div><\/div><\/div><\/div><\/div><\/div>\n\n\n\n<div class=\"alignfull wp-block-ugb-container ugb-container borde ugb-a01de09 ugb-container--v2 ugb-container--design-plain ugb-main-block ugb-main-block--inner-center ugb--has-block-background\"><style>.ugb-a01de09 .ugb-inner-block{text-align:center}.ugb-a01de09.ugb-container{background-color:#d7e2e6}.ugb-a01de09{padding:0 !important}.ugb-a01de09.ugb-container:before{background-color:#d7e2e6}@media screen and (min-width:768px){.ugb-a01de09.ugb-container{padding-right:18px !important;padding-left:18px !important}}<\/style><div class=\"ugb-inner-block ugb-inner-block--center\"><div class=\"ugb-block-content\"><div class=\"ugb-container__wrapper ugb-a01de09-wrapper\"><div class=\"ugb-container__side\"><div class=\"ugb-container__content-wrapper ugb-a01de09-content-wrapper\">\n<div class=\"wp-block-ugb-columns ugb-columns ugb-87b8fc6 ugb-columns--design-plain ugb-columns--columns-2 ugb-main-block\"><div class=\"ugb-inner-block\"><div class=\"ugb-block-content\"><div class=\"ugb-columns__item ugb-87b8fc6-content-wrapper\">\n<div class=\"wp-block-ugb-column ugb-column ugb-da4f6a1 ugb-column--design-plain ugb-main-block\"><style>.ugb-da4f6a1 > .ugb-inner-block > .ugb-block-content > *{justify-content:center !important}<\/style><div class=\"ugb-inner-block\"><div class=\"ugb-block-content\"><div class=\"ugb-column__item ugb-da4f6a1-column-wrapper\"><div class=\"ugb-column__content-wrapper\">\n<figure class=\"wp-block-image size-large is-resized\"><img decoding=\"async\" loading=\"lazy\" src=\"https:\/\/revistacampus.uandes.cl\/2022\/wp-content\/uploads\/2022\/08\/02-Miembro-de-numero-de-la-Academia-Chilena-de-la-Historia-1024x731.jpg\" alt=\"\" class=\"wp-image-7330\" width=\"512\" height=\"366\" srcset=\"https:\/\/revistacampus.uandes.cl\/2022\/wp-content\/uploads\/2022\/08\/02-Miembro-de-numero-de-la-Academia-Chilena-de-la-Historia-1024x731.jpg 1024w, https:\/\/revistacampus.uandes.cl\/2022\/wp-content\/uploads\/2022\/08\/02-Miembro-de-numero-de-la-Academia-Chilena-de-la-Historia-300x214.jpg 300w, https:\/\/revistacampus.uandes.cl\/2022\/wp-content\/uploads\/2022\/08\/02-Miembro-de-numero-de-la-Academia-Chilena-de-la-Historia-768x548.jpg 768w, https:\/\/revistacampus.uandes.cl\/2022\/wp-content\/uploads\/2022\/08\/02-Miembro-de-numero-de-la-Academia-Chilena-de-la-Historia-480x343.jpg 480w, https:\/\/revistacampus.uandes.cl\/2022\/wp-content\/uploads\/2022\/08\/02-Miembro-de-numero-de-la-Academia-Chilena-de-la-Historia.jpg 1201w\" sizes=\"(max-width: 512px) 100vw, 512px\" \/><\/figure>\n<\/div><\/div><\/div><\/div><\/div>\n\n\n\n<div class=\"wp-block-ugb-column ugb-column ugb-92203f9 ugb-column--design-plain ugb-main-block\"><style>.ugb-92203f9 > .ugb-inner-block > .ugb-block-content > *{justify-content:center !important}<\/style><div class=\"ugb-inner-block\"><div class=\"ugb-block-content\"><div class=\"ugb-column__item ugb-92203f9-column-wrapper\"><div class=\"ugb-column__content-wrapper\">\n<h4 class=\"has-text-align-left wp-block-heading\">Miembro de n\u00famero de la Academia Chilena de la Historia<\/h4>\n\n\n\n<p class=\"has-text-align-left\"><a rel=\"noreferrer noopener\" href=\"https:\/\/www.uandes.cl\/personas\/miguel-donoso-rodriguez\/\" target=\"_blank\">Miguel Donoso Rodr\u00edguez<\/a>, director del <a rel=\"noreferrer noopener\" href=\"https:\/\/www.uandes.cl\/carrera\/instituto-de-literatura\/\" target=\"_blank\">Instituto de Literatura<\/a>, fue nombrado miembro de n\u00famero de la <a rel=\"noreferrer noopener\" href=\"https:\/\/www.institutodechile.cl\/historia\/\" target=\"_blank\">Academia Chilena de la Historia<\/a> del Instituto de Chile. Su candidatura, postulada por el acad\u00e9mico Fernando Silva Vargas, cont\u00f3 con el amplio apoyo de los miembros de la Academia debido a la solidez de sus investigaciones sobre temas hist\u00f3rico-filol\u00f3gicos, especialmente los relativos a la transcripci\u00f3n, estudio y anotaci\u00f3n de cronistas como Alonso de G\u00f3ngora Marmolejo, Alonso Gonz\u00e1lez de N\u00e1jera y Diego de Rosales. (<a href=\"https:\/\/www.uandes.cl\/noticias\/profesor-miguel-donoso-es-nombrado-como-academico-de-numero-de-la-academia-chilena-de-la-historia\/\" target=\"_blank\" rel=\"noreferrer noopener\">Ver m\u00e1s<\/a>)<\/p>\n<\/div><\/div><\/div><\/div><\/div>\n<\/div><\/div><\/div><\/div>\n<\/div><\/div><\/div><\/div><\/div><\/div>\n\n\n\n<h4 class=\"wp-block-heading\"><span style=\"color: #60bcc5;\" class=\"ugb-highlight\">Estudio sobre vida y dignidad humana<\/span><\/h4>\n\n\n\n<figure class=\"wp-block-image size-full\"><img decoding=\"async\" loading=\"lazy\" width=\"850\" height=\"567\" src=\"https:\/\/revistacampus.uandes.cl\/2022\/wp-content\/uploads\/2022\/08\/06-Estudio-sobre-vida-y-dignidad-humana-1.jpg\" alt=\"\" class=\"wp-image-7332\" srcset=\"https:\/\/revistacampus.uandes.cl\/2022\/wp-content\/uploads\/2022\/08\/06-Estudio-sobre-vida-y-dignidad-humana-1.jpg 850w, https:\/\/revistacampus.uandes.cl\/2022\/wp-content\/uploads\/2022\/08\/06-Estudio-sobre-vida-y-dignidad-humana-1-300x200.jpg 300w, https:\/\/revistacampus.uandes.cl\/2022\/wp-content\/uploads\/2022\/08\/06-Estudio-sobre-vida-y-dignidad-humana-1-768x512.jpg 768w, https:\/\/revistacampus.uandes.cl\/2022\/wp-content\/uploads\/2022\/08\/06-Estudio-sobre-vida-y-dignidad-humana-1-720x480.jpg 720w, https:\/\/revistacampus.uandes.cl\/2022\/wp-content\/uploads\/2022\/08\/06-Estudio-sobre-vida-y-dignidad-humana-1-480x320.jpg 480w\" sizes=\"(max-width: 850px) 100vw, 850px\" \/><\/figure>\n\n\n\n<p>Un equipo multidisciplinario, conformado por los acad\u00e9micos <a rel=\"noreferrer noopener\" href=\"https:\/\/www.uandes.cl\/personas\/ximena-farfan-zuniga\/\" target=\"_blank\">Ximena Farf\u00e1n<\/a> y <a rel=\"noreferrer noopener\" href=\"https:\/\/www.uandes.cl\/personas\/paz-moscoso-pavez\/\" target=\"_blank\">Carmen Paz Moscoso<\/a>, de <a rel=\"noreferrer noopener\" href=\"https:\/\/www.uandes.cl\/facultad\/facultad-de-enfermeria-y-obstetricia\/\" target=\"_blank\">Enfermer\u00eda<\/a>; <a rel=\"noreferrer noopener\" href=\"https:\/\/www.uandes.cl\/personas\/rodrigo-guzman-venegas\/\" target=\"_blank\">Rodrigo Guzm\u00e1n<\/a> y <a rel=\"noreferrer noopener\" href=\"https:\/\/www.uandes.cl\/personas\/viviana-opazo-contreras-2\/\" target=\"_blank\">Viviana Opazo<\/a>, de <a rel=\"noreferrer noopener\" href=\"https:\/\/www.uandes.cl\/carrera\/kinesiologia\/\" target=\"_blank\">Kinesiolog\u00eda<\/a>, y <a rel=\"noreferrer noopener\" href=\"https:\/\/www.uandes.cl\/personas\/francisca-reyes-arellano\/\" target=\"_blank\">Francisca Reyes<\/a>, de <a rel=\"noreferrer noopener\" href=\"https:\/\/www.uandes.cl\/carrera\/derecho\/\" target=\"_blank\">Derecho<\/a>, fue el beneficiado con el Fondo interno de Ayuda a la Investigaci\u00f3n (FAI) para \u00c1reas Tem\u00e1ticas Prioritarias. Su proyecto \u201cDignidad en el acto de cuidar: \u00bfC\u00f3mo conciben la dignidad los estudiantes de \u00faltimo a\u00f1o de ciencias de la salud enfrentados al cuidado de la persona doliente?\u201d busca conocer c\u00f3mo los alumnos perciben realmente el concepto de dignidad y c\u00f3mo lo utilizan en la atenci\u00f3n a los pacientes durante sus pr\u00e1cticas cl\u00ednicas. (<a href=\"https:\/\/www.uandes.cl\/noticias\/fai-areas-tematicas-prioritarias-fue-adjudicado-a-equipo-multidisciplinario\/\" target=\"_blank\" rel=\"noreferrer noopener\">Ver m\u00e1s<\/a>)<\/p>\n\n\n\n<p><\/p>\n\n\n\n<div class=\"alignfull wp-block-ugb-container ugb-container borde ugb-8005d43 ugb-container--v2 ugb-container--design-plain ugb-main-block ugb-main-block--inner-center ugb--has-block-background\"><style>.ugb-8005d43 .ugb-inner-block{text-align:center}.ugb-8005d43.ugb-container{background-color:#d7e2e6}.ugb-8005d43{padding:0 !important}.ugb-8005d43.ugb-container:before{background-color:#d7e2e6}@media screen and (min-width:768px){.ugb-8005d43.ugb-container{padding-right:18px !important;padding-left:18px !important}}<\/style><div class=\"ugb-inner-block ugb-inner-block--center\"><div class=\"ugb-block-content\"><div class=\"ugb-container__wrapper ugb-8005d43-wrapper\"><div class=\"ugb-container__side\"><div class=\"ugb-container__content-wrapper ugb-8005d43-content-wrapper\">\n<div class=\"wp-block-ugb-columns ugb-columns ugb-bf39f5a ugb-columns--design-plain ugb-columns--columns-2 ugb-main-block\"><style>.ugb-bf39f5a > .ugb-inner-block > .ugb-block-content > .ugb-columns__item{grid-template-columns:1.06fr 0.94fr !important}.ugb-bf39f5a-content-wrapper > .ugb-column{align-items:center !important}.ugb-bf39f5a-content-wrapper > .ugb-column > .ugb-inner-block{height:auto !important}<\/style><div class=\"ugb-inner-block\"><div class=\"ugb-block-content\"><div class=\"ugb-columns__item ugb-bf39f5a-content-wrapper\">\n<div class=\"wp-block-ugb-column ugb-column ugb-3f875e0 ugb-column--design-plain ugb-main-block\"><div class=\"ugb-inner-block\"><div class=\"ugb-block-content\"><div class=\"ugb-column__item ugb-3f875e0-column-wrapper\"><div class=\"ugb-column__content-wrapper\">\n<figure class=\"wp-block-image size-large\"><img decoding=\"async\" loading=\"lazy\" width=\"1024\" height=\"683\" src=\"https:\/\/revistacampus.uandes.cl\/2022\/wp-content\/uploads\/2022\/08\/10-Simposio-internacional-sobre-biopolimeros-1024x683.jpg\" alt=\"\" class=\"wp-image-7333\" srcset=\"https:\/\/revistacampus.uandes.cl\/2022\/wp-content\/uploads\/2022\/08\/10-Simposio-internacional-sobre-biopolimeros-1024x683.jpg 1024w, https:\/\/revistacampus.uandes.cl\/2022\/wp-content\/uploads\/2022\/08\/10-Simposio-internacional-sobre-biopolimeros-300x200.jpg 300w, https:\/\/revistacampus.uandes.cl\/2022\/wp-content\/uploads\/2022\/08\/10-Simposio-internacional-sobre-biopolimeros-768x512.jpg 768w, https:\/\/revistacampus.uandes.cl\/2022\/wp-content\/uploads\/2022\/08\/10-Simposio-internacional-sobre-biopolimeros-720x480.jpg 720w, https:\/\/revistacampus.uandes.cl\/2022\/wp-content\/uploads\/2022\/08\/10-Simposio-internacional-sobre-biopolimeros-480x320.jpg 480w, https:\/\/revistacampus.uandes.cl\/2022\/wp-content\/uploads\/2022\/08\/10-Simposio-internacional-sobre-biopolimeros.jpg 1417w\" sizes=\"(max-width: 1024px) 100vw, 1024px\" \/><\/figure>\n<\/div><\/div><\/div><\/div><\/div>\n\n\n\n<div class=\"wp-block-ugb-column ugb-column ugb-f93153c ugb-column--design-plain ugb-main-block\"><div class=\"ugb-inner-block\"><div class=\"ugb-block-content\"><div class=\"ugb-column__item ugb-f93153c-column-wrapper\"><div class=\"ugb-column__content-wrapper\">\n<p><\/p>\n\n\n\n<p><\/p>\n\n\n\n<h4 class=\"has-text-align-left wp-block-heading\"><strong><span style=\"color: #000000;\" class=\"stk-highlight\">Dos nuevas tecnolog\u00edas obtuvieron patentes de invenci\u00f3n<\/span><\/strong><\/h4>\n\n\n\n<p class=\"has-text-align-left\">La Oficina de Patentes y Marcas Registradas de Estados Unidos concedi\u00f3 la <a href=\"https:\/\/www.uandes.cl\/noticias\/estados-unidos-concede-patente-a-investigacion-de-la-facultad-de-odontologia-uandes\/\" target=\"_blank\" rel=\"noreferrer noopener\">patente a Pulpa Dental<\/a>, tecnolog\u00eda basada en c\u00e9lulas madre mesenquimales, que significa una importante mejora respecto del tratamiento de conducto convencional, y que fue desarrollada por la investigadora de la <a href=\"https:\/\/www.uandes.cl\/carrera\/odontologia\/\" target=\"_blank\" rel=\"noreferrer noopener\">Facultad de Odontolog\u00eda<\/a>, <a href=\"https:\/\/www.uandes.cl\/personas\/claudia-brizuela-cordero\/\" target=\"_blank\" rel=\"noreferrer noopener\">Claudia Brizuela<\/a>, junto con <a href=\"https:\/\/www.uandes.cl\/personas\/maroun-khoury-abboud\/\" target=\"_blank\" rel=\"noreferrer noopener\">Maroun Khoury<\/a>, investigador de <a href=\"https:\/\/www.uandes.cl\/facultad\/facultad-de-medicina\/\" target=\"_blank\" rel=\"noreferrer noopener\">Medicina <\/a>y director cient\u00edfico de <a href=\"https:\/\/www.c4c.cl\/\" target=\"_blank\" rel=\"noreferrer noopener\">Cells for Cells<\/a>. En tanto, el Instituto Nacional de Propiedad Industrial, INAPI, concedi\u00f3 la <a href=\"https:\/\/www.uandes.cl\/noticias\/inapi-concede-patente-a-tecnologia-uandes\/\" target=\"_blank\" rel=\"noreferrer noopener\">patente al Biopurificador de Aire de Interiores<\/a>, tecnolog\u00eda que remueve contaminantes atmosf\u00e9ricos riesgosos para la salud mediante un proceso biol\u00f3gico, y que fue desarrollada por acad\u00e9micos de la <a href=\"https:\/\/www.uandes.cl\/facultad\/facultad-de-ingenieria-y-ciencias-aplicadas\/\" target=\"_blank\" rel=\"noreferrer noopener\">Facultad de Ingenier\u00eda y Ciencias Aplicadas<\/a>, junto con la Pontificia Universidad Cat\u00f3lica de Valpara\u00edso.<\/p>\n\n\n\n<p><\/p>\n<\/div><\/div><\/div><\/div><\/div>\n<\/div><\/div><\/div><\/div>\n<\/div><\/div><\/div><\/div><\/div><\/div>\n\n\n\n<h4 class=\"wp-block-heading\"><strong><span style=\"color: #60bcc5;\" class=\"ugb-highlight\">23 nuevos doctores UANDES<\/span><\/strong><\/h4>\n\n\n\n<figure class=\"wp-block-image size-large\"><img decoding=\"async\" loading=\"lazy\" width=\"1024\" height=\"682\" src=\"https:\/\/revistacampus.uandes.cl\/2022\/wp-content\/uploads\/2022\/09\/2-nuevos-doctores-UANDES-1024x682.jpg\" alt=\"\" class=\"wp-image-7764\" srcset=\"https:\/\/revistacampus.uandes.cl\/2022\/wp-content\/uploads\/2022\/09\/2-nuevos-doctores-UANDES-1024x682.jpg 1024w, https:\/\/revistacampus.uandes.cl\/2022\/wp-content\/uploads\/2022\/09\/2-nuevos-doctores-UANDES-300x200.jpg 300w, https:\/\/revistacampus.uandes.cl\/2022\/wp-content\/uploads\/2022\/09\/2-nuevos-doctores-UANDES-768x512.jpg 768w, https:\/\/revistacampus.uandes.cl\/2022\/wp-content\/uploads\/2022\/09\/2-nuevos-doctores-UANDES-720x480.jpg 720w, https:\/\/revistacampus.uandes.cl\/2022\/wp-content\/uploads\/2022\/09\/2-nuevos-doctores-UANDES-480x320.jpg 480w, https:\/\/revistacampus.uandes.cl\/2022\/wp-content\/uploads\/2022\/09\/2-nuevos-doctores-UANDES.jpg 1238w\" sizes=\"(max-width: 1024px) 100vw, 1024px\" \/><\/figure>\n\n\n\n<p>En una solemne ceremonia, los miembros del claustro acad\u00e9mico desfilaron desde el edificio Biblioteca hacia el edificio Central, para recibir a los nuevos doctorandos de cinco \u00e1reas del saber -Derecho, Biomedicina, Filosof\u00eda, Historia y Comunicaci\u00f3n- y otorgarles el grado acad\u00e9mico de doctor. \u201cNuestro campus se adorna con los colores de sus vestes y con el espl\u00e9ndido desfile. En cierto sentido -solo en cierto sentido- retrocedemos en el tiempo y nos sumergimos en el esp\u00edritu de Bolonia, Par\u00eds y Salamanca. Hoy hemos investido a 23 doctores de cinco facultades, entre las que se estrena la Facultad de Comunicaci\u00f3n\u201d, expres\u00f3 el <strong>Rector Jos\u00e9 Antonio Guzm\u00e1n<\/strong> al dar inicio a esta nueva ceremonia. (<a href=\"https:\/\/www.uandes.cl\/noticias\/23-nuevos-doctores-se-integran-al-claustro-academico-de-la-uandes\/\" target=\"_blank\" rel=\"noreferrer noopener\">Ver m\u00e1s<\/a>)<\/p>\n\n\n\n<div class=\"alignfull wp-block-ugb-container ugb-container borde ugb-24ab643 ugb-container--v2 ugb-container--design-plain ugb-main-block ugb-main-block--inner-center ugb--has-block-background\"><style>.ugb-24ab643 .ugb-inner-block{text-align:center}.ugb-24ab643.ugb-container{background-color:#d7e2e6}.ugb-24ab643{padding:0 !important}.ugb-24ab643.ugb-container:before{background-color:#d7e2e6}@media screen and (min-width:768px){.ugb-24ab643.ugb-container{padding-right:18px !important;padding-left:18px !important}}<\/style><div class=\"ugb-inner-block ugb-inner-block--center\"><div class=\"ugb-block-content\"><div class=\"ugb-container__wrapper ugb-24ab643-wrapper\"><div class=\"ugb-container__side\"><div class=\"ugb-container__content-wrapper ugb-24ab643-content-wrapper\">\n<div class=\"wp-block-ugb-columns ugb-columns ugb-5dfd0a6 ugb-columns--design-plain ugb-columns--columns-2 ugb-main-block\"><style>.ugb-5dfd0a6-content-wrapper > .ugb-column{align-items:center !important}.ugb-5dfd0a6-content-wrapper > .ugb-column > .ugb-inner-block{height:auto !important}<\/style><div class=\"ugb-inner-block\"><div class=\"ugb-block-content\"><div class=\"ugb-columns__item ugb-5dfd0a6-content-wrapper\">\n<div class=\"wp-block-ugb-column ugb-column ugb-a7190a9 ugb-column--design-plain ugb-main-block\"><style>.ugb-a7190a9 > .ugb-inner-block > .ugb-block-content > *{justify-content:center !important}<\/style><div class=\"ugb-inner-block\"><div class=\"ugb-block-content\"><div class=\"ugb-column__item ugb-a7190a9-column-wrapper\"><div class=\"ugb-column__content-wrapper\">\n<figure class=\"wp-block-image size-large\"><img decoding=\"async\" loading=\"lazy\" width=\"1024\" height=\"815\" src=\"https:\/\/revistacampus.uandes.cl\/2022\/wp-content\/uploads\/2022\/08\/fono209-Ranking-mundial-en-fonoaudiologia--1024x815.jpg\" alt=\"\" class=\"wp-image-7337\" srcset=\"https:\/\/revistacampus.uandes.cl\/2022\/wp-content\/uploads\/2022\/08\/fono209-Ranking-mundial-en-fonoaudiologia--1024x815.jpg 1024w, https:\/\/revistacampus.uandes.cl\/2022\/wp-content\/uploads\/2022\/08\/fono209-Ranking-mundial-en-fonoaudiologia--300x239.jpg 300w, https:\/\/revistacampus.uandes.cl\/2022\/wp-content\/uploads\/2022\/08\/fono209-Ranking-mundial-en-fonoaudiologia--768x611.jpg 768w, https:\/\/revistacampus.uandes.cl\/2022\/wp-content\/uploads\/2022\/08\/fono209-Ranking-mundial-en-fonoaudiologia--480x382.jpg 480w, https:\/\/revistacampus.uandes.cl\/2022\/wp-content\/uploads\/2022\/08\/fono209-Ranking-mundial-en-fonoaudiologia-.jpg 1417w\" sizes=\"(max-width: 1024px) 100vw, 1024px\" \/><\/figure>\n<\/div><\/div><\/div><\/div><\/div>\n\n\n\n<div class=\"wp-block-ugb-column ugb-column ugb-fad03b1 ugb-column--design-plain ugb-main-block\"><style>.ugb-fad03b1 > .ugb-inner-block > .ugb-block-content > *{justify-content:center !important}<\/style><div class=\"ugb-inner-block\"><div class=\"ugb-block-content\"><div class=\"ugb-column__item ugb-fad03b1-column-wrapper\"><div class=\"ugb-column__content-wrapper\">\n<h4 class=\"has-text-align-left wp-block-heading\"><strong><strong><span style=\"color: #000000;\" class=\"stk-highlight\">Ranking mundial en fonoaudiolog\u00eda<\/span><\/strong><\/strong><\/h4>\n\n\n\n<p class=\"has-text-align-left\"><a href=\"https:\/\/www.uandes.cl\/personas\/marco-guzman\/\" target=\"_blank\" rel=\"noreferrer noopener\">Marco Guzm\u00e1n<\/a>, acad\u00e9mico de la <a href=\"https:\/\/www.uandes.cl\/carrera\/fonoaudiologia\/\" target=\"_blank\" rel=\"noreferrer noopener\">Escuela de Fonoaudiolog\u00eda<\/a>, obtuvo el primer lugar en el ranking mundial <em>Expertscape <\/em>de investigaci\u00f3n en el \u00e1rea de <em>Voice Training. <\/em>Este reconocimiento fue otorgado a partir de las 54 publicaciones cient\u00edficas realizadas por \u00e9l entre los a\u00f1os 2011 y 2021, las que han sido citadas m\u00e1s 700 veces durante estos a\u00f1os. Entre estas publicaciones, destaca el art\u00edculo \u201cTracto vocal y funci\u00f3n gl\u00f3tica durante y despu\u00e9s del ejercicio vocal con tubo de resonancia y pajilla\u201d, que ha sido citado 116 veces.<\/p>\n\n\n\n<p class=\"has-text-align-left\">Esta investigaci\u00f3n busca observar los cambios de las cuerdas vocales durante el desarrollo de ejercicios con tubos, utilizando distintos m\u00e9todos, entre los que destaca la tomograf\u00eda computada.<\/p>\n\n\n\n<p><\/p>\n<\/div><\/div><\/div><\/div><\/div>\n<\/div><\/div><\/div><\/div>\n<\/div><\/div><\/div><\/div><\/div><\/div>\n\n\n\n<h4 class=\"wp-block-heading\"><strong><span style=\"color: #60bcc5;\" class=\"ugb-highlight\">Doctorados 100% acreditados<\/span><\/strong><\/h4>\n\n\n\n<figure class=\"wp-block-image size-large\"><img decoding=\"async\" loading=\"lazy\" width=\"1024\" height=\"683\" src=\"https:\/\/revistacampus.uandes.cl\/2022\/wp-content\/uploads\/2022\/08\/medalla-doctorado-1024x683.jpg\" alt=\"\" class=\"wp-image-7339\" srcset=\"https:\/\/revistacampus.uandes.cl\/2022\/wp-content\/uploads\/2022\/08\/medalla-doctorado-1024x683.jpg 1024w, https:\/\/revistacampus.uandes.cl\/2022\/wp-content\/uploads\/2022\/08\/medalla-doctorado-300x200.jpg 300w, https:\/\/revistacampus.uandes.cl\/2022\/wp-content\/uploads\/2022\/08\/medalla-doctorado-768x512.jpg 768w, https:\/\/revistacampus.uandes.cl\/2022\/wp-content\/uploads\/2022\/08\/medalla-doctorado-720x480.jpg 720w, https:\/\/revistacampus.uandes.cl\/2022\/wp-content\/uploads\/2022\/08\/medalla-doctorado-480x320.jpg 480w, https:\/\/revistacampus.uandes.cl\/2022\/wp-content\/uploads\/2022\/08\/medalla-doctorado.jpg 1417w\" sizes=\"(max-width: 1024px) 100vw, 1024px\" \/><\/figure>\n\n\n\n<p>Con la acreditaci\u00f3n del <a href=\"https:\/\/www.uandes.cl\/investigacion-y-doctorado\/doctorados\/doctorado-en-historia\/\" target=\"_blank\" rel=\"noreferrer noopener\">Doctorado en Historia<\/a>, de la <a href=\"https:\/\/www.uandes.cl\/facultad\/facultad-de-filosofia-y-humanidades\/\" target=\"_blank\" rel=\"noreferrer noopener\">Facultad de Filosof\u00eda y Humanidades<\/a>, por cuatro a\u00f1os, y del <a href=\"https:\/\/www.uandes.cl\/investigacion-y-doctorado\/doctorados\/doctorado-en-comunicacion\/\">Doctorado en Comunicaci\u00f3n<\/a>, de la <a href=\"https:\/\/www.uandes.cl\/facultad\/facultad-de-comunicacion\/\" target=\"_blank\" rel=\"noreferrer noopener\">Facultad de Comunicaci\u00f3n<\/a>, por dos a\u00f1os, los seis programas UANDES quedaron acreditados por la <a href=\"http:\/\/www.cnachile.cl\" target=\"_blank\" rel=\"noreferrer noopener\">Comisi\u00f3n Nacional de Acreditaci\u00f3n<\/a> (CNA). Este hito ratifica el trabajo que se viene realizando por un largo per\u00edodo de tiempo y es el reflejo de la calidad de los programas y de sus graduados, quienes reconocen a los claustros acad\u00e9micos por su idoneidad, trato y calidad acad\u00e9mica.<\/p>\n\n\n\n<div class=\"alignfull wp-block-ugb-container ugb-container borde ugb-a531866 ugb-container--v2 ugb-container--design-plain ugb-main-block ugb-main-block--inner-center ugb--has-block-background\"><style>.ugb-a531866 .ugb-inner-block{text-align:center}.ugb-a531866.ugb-container{background-color:#d7e2e6}.ugb-a531866{padding:0 !important}.ugb-a531866.ugb-container:before{background-color:#d7e2e6}@media screen and (min-width:768px){.ugb-a531866.ugb-container{padding-right:18px !important;padding-left:18px !important}}<\/style><div class=\"ugb-inner-block ugb-inner-block--center\"><div class=\"ugb-block-content\"><div class=\"ugb-container__wrapper ugb-a531866-wrapper\"><div class=\"ugb-container__side\"><div class=\"ugb-container__content-wrapper ugb-a531866-content-wrapper\">\n<div class=\"wp-block-ugb-columns ugb-columns ugb-220d29a ugb-columns--design-plain ugb-columns--columns-2 ugb-main-block\"><style>.ugb-220d29a-content-wrapper > .ugb-column{align-items:center !important}.ugb-220d29a-content-wrapper > .ugb-column > .ugb-inner-block{height:auto !important}<\/style><div class=\"ugb-inner-block\"><div class=\"ugb-block-content\"><div class=\"ugb-columns__item ugb-220d29a-content-wrapper\">\n<div class=\"wp-block-ugb-column ugb-column ugb-ec72ee8 ugb-column--design-plain ugb-main-block\"><style>.ugb-ec72ee8 > .ugb-inner-block > .ugb-block-content > *{justify-content:center !important}<\/style><div class=\"ugb-inner-block\"><div class=\"ugb-block-content\"><div class=\"ugb-column__item ugb-ec72ee8-column-wrapper\"><div class=\"ugb-column__content-wrapper\">\n<figure class=\"wp-block-image size-large\"><img decoding=\"async\" loading=\"lazy\" width=\"1024\" height=\"683\" src=\"https:\/\/revistacampus.uandes.cl\/2022\/wp-content\/uploads\/2022\/08\/ALVARO-GARCIA-1024x683.jpeg\" alt=\"\" class=\"wp-image-7340\" srcset=\"https:\/\/revistacampus.uandes.cl\/2022\/wp-content\/uploads\/2022\/08\/ALVARO-GARCIA-1024x683.jpeg 1024w, https:\/\/revistacampus.uandes.cl\/2022\/wp-content\/uploads\/2022\/08\/ALVARO-GARCIA-300x200.jpeg 300w, https:\/\/revistacampus.uandes.cl\/2022\/wp-content\/uploads\/2022\/08\/ALVARO-GARCIA-768x512.jpeg 768w, https:\/\/revistacampus.uandes.cl\/2022\/wp-content\/uploads\/2022\/08\/ALVARO-GARCIA-720x480.jpeg 720w, https:\/\/revistacampus.uandes.cl\/2022\/wp-content\/uploads\/2022\/08\/ALVARO-GARCIA-480x320.jpeg 480w, https:\/\/revistacampus.uandes.cl\/2022\/wp-content\/uploads\/2022\/08\/ALVARO-GARCIA.jpeg 1417w\" sizes=\"(max-width: 1024px) 100vw, 1024px\" \/><\/figure>\n<\/div><\/div><\/div><\/div><\/div>\n\n\n\n<div class=\"wp-block-ugb-column ugb-column ugb-dda3a0e ugb-column--design-plain ugb-main-block\"><style>.ugb-dda3a0e > .ugb-inner-block > .ugb-block-content > *{justify-content:center !important}<\/style><div class=\"ugb-inner-block\"><div class=\"ugb-block-content\"><div class=\"ugb-column__item ugb-dda3a0e-column-wrapper\"><div class=\"ugb-column__content-wrapper\">\n<h4 class=\"has-text-align-left wp-block-heading\"><strong><strong><strong><span style=\"color: #000000;\" class=\"stk-highlight\">Acad\u00e9mico dirige Grupo de Econom\u00eda de Fondecyt<\/span><\/strong><\/strong><\/strong><\/h4>\n\n\n\n<p class=\"has-text-align-left\"><a rel=\"noreferrer noopener\" href=\"https:\/\/www.uandes.cl\/personas\/alvaro-garcia\/\" target=\"_blank\">\u00c1lvaro Garc\u00eda<\/a>, docente de la <a rel=\"noreferrer noopener\" href=\"https:\/\/www.uandes.cl\/facultad\/ciencias-economicas-y-empresariales\/\" target=\"_blank\">Facultad de Ciencias Econ\u00f3micas y Empresariales<\/a>, fue nombrado director del Grupo de Estudios de Econom\u00eda y Administraci\u00f3n de <a rel=\"noreferrer noopener\" href=\"https:\/\/www.conicyt.cl\/fondecyt\/sobre-fondecyt\/que-es-fondecyt\/\" target=\"_blank\">Fondecyt<\/a>, donde eval\u00faan los proyectos cient\u00edficos de econom\u00eda y administraci\u00f3n que ingresan a las categor\u00edas de Posdoctorado, Iniciaci\u00f3n y Regular. Su funci\u00f3n implica, entre otros, velar por que se cumplan los lineamientos dictados por la ANID para la evaluaci\u00f3n de los proyectos Fondecyt, proponer nuevos integrantes al grupo de estudios, validar evaluaciones, presupuestos y dar respuesta a solicitudes de los investigadores. (<a href=\"https:\/\/www.uandes.cl\/noticias\/docente-de-ingenieria-comercial-uandes-fue-nombrado-director-del-grupo-de-estudios-de-economia-y-administracion-de-fondecyt\/\" target=\"_blank\" rel=\"noreferrer noopener\">Ver m\u00e1s<\/a>)<\/p>\n<\/div><\/div><\/div><\/div><\/div>\n<\/div><\/div><\/div><\/div>\n<\/div><\/div><\/div><\/div><\/div><\/div>\n\n\n\n<h4 class=\"wp-block-heading\"><span style=\"color: #60bcc5;\" class=\"ugb-highlight\">Simposio internacional sobre biopol\u00edmeros<\/span><\/h4>\n\n\n\n<figure class=\"wp-block-image size-large\"><img decoding=\"async\" loading=\"lazy\" width=\"1024\" height=\"683\" src=\"https:\/\/revistacampus.uandes.cl\/2022\/wp-content\/uploads\/2022\/08\/10-simposio-biopolimeros-1024x683.jpg\" alt=\"\" class=\"wp-image-7341\" srcset=\"https:\/\/revistacampus.uandes.cl\/2022\/wp-content\/uploads\/2022\/08\/10-simposio-biopolimeros-1024x683.jpg 1024w, https:\/\/revistacampus.uandes.cl\/2022\/wp-content\/uploads\/2022\/08\/10-simposio-biopolimeros-300x200.jpg 300w, https:\/\/revistacampus.uandes.cl\/2022\/wp-content\/uploads\/2022\/08\/10-simposio-biopolimeros-768x512.jpg 768w, https:\/\/revistacampus.uandes.cl\/2022\/wp-content\/uploads\/2022\/08\/10-simposio-biopolimeros-720x480.jpg 720w, https:\/\/revistacampus.uandes.cl\/2022\/wp-content\/uploads\/2022\/08\/10-simposio-biopolimeros-480x320.jpg 480w, https:\/\/revistacampus.uandes.cl\/2022\/wp-content\/uploads\/2022\/08\/10-simposio-biopolimeros.jpg 1417w\" sizes=\"(max-width: 1024px) 100vw, 1024px\" \/><\/figure>\n\n\n\n<p>Acad\u00e9micos e investigadores de la <a rel=\"noreferrer noopener\" href=\"https:\/\/www.uandes.cl\/carrera\/nutricion-y-dietetica\/\" target=\"_blank\">Escuela de Nutrici\u00f3n y Diet\u00e9tica<\/a> y del <a href=\"https:\/\/www.uandes.cl\/ciib\/\" target=\"_blank\" rel=\"noreferrer noopener\">Centro de Investigaci\u00f3n e Innovaci\u00f3n Biom\u00e9dica<\/a> (CiiB) realizaron el <em>3rd International Symposium in Biopolymers (BIOP3): Food Structuring for Better Nutrition and Health<\/em>, instancia que congrega a investigadores nacionales y extranjeros, para compartir los \u00faltimos avances en el \u00e1rea de biomateriales, con especial \u00e9nfasis en aplicaciones en ciencias de alimentos y nutrici\u00f3n, como tambi\u00e9n en biomedicina. Para esta versi\u00f3n, <strong>BIOP3 <\/strong>cont\u00f3 con destacados investigadores provenientes de Reino Unido, Francia y Australia.<\/p>\n","protected":false},"excerpt":{"rendered":"<p>Una hist\u00f3rica tasa de adjudicaci\u00f3n FONDECYT, reconocimientos internacionales a nuestros acad\u00e9micos y el avance de los programas de Doctorado destacan entre los hitos de Investigaci\u00f3n.<\/p>\n","protected":false},"author":2,"featured_media":7324,"comment_status":"open","ping_status":"open","sticky":false,"template":"","format":"standard","meta":{"inline_featured_image":false,"_mi_skip_tracking":false,"_monsterinsights_sitenote_active":false,"_monsterinsights_sitenote_note":"","_monsterinsights_sitenote_category":0,"footnotes":""},"categories":[50],"tags":[],"featured_image_urls":{"full":["https:\/\/revistacampus.uandes.cl\/2022\/wp-content\/uploads\/2022\/08\/06-Estudio-sobre-vida-y-dignidad-humana.jpg",850,567,false],"thumbnail":["https:\/\/revistacampus.uandes.cl\/2022\/wp-content\/uploads\/2022\/08\/06-Estudio-sobre-vida-y-dignidad-humana-150x150.jpg",150,150,true],"medium":["https:\/\/revistacampus.uandes.cl\/2022\/wp-content\/uploads\/2022\/08\/06-Estudio-sobre-vida-y-dignidad-humana-300x200.jpg",300,200,true],"medium_large":["https:\/\/revistacampus.uandes.cl\/2022\/wp-content\/uploads\/2022\/08\/06-Estudio-sobre-vida-y-dignidad-humana-768x512.jpg",768,512,true],"large":["https:\/\/revistacampus.uandes.cl\/2022\/wp-content\/uploads\/2022\/08\/06-Estudio-sobre-vida-y-dignidad-humana.jpg",850,567,false],"1536x1536":["https:\/\/revistacampus.uandes.cl\/2022\/wp-content\/uploads\/2022\/08\/06-Estudio-sobre-vida-y-dignidad-humana.jpg",850,567,false],"2048x2048":["https:\/\/revistacampus.uandes.cl\/2022\/wp-content\/uploads\/2022\/08\/06-Estudio-sobre-vida-y-dignidad-humana.jpg",850,567,false],"thumbnail-medium":["https:\/\/revistacampus.uandes.cl\/2022\/wp-content\/uploads\/2022\/08\/06-Estudio-sobre-vida-y-dignidad-humana-480x384.jpg",480,384,true],"thumbnail-square":["https:\/\/revistacampus.uandes.cl\/2022\/wp-content\/uploads\/2022\/08\/06-Estudio-sobre-vida-y-dignidad-humana-480x480.jpg",480,480,true],"thumbnail-portrait":["https:\/\/revistacampus.uandes.cl\/2022\/wp-content\/uploads\/2022\/08\/06-Estudio-sobre-vida-y-dignidad-humana-480x567.jpg",480,567,true],"thumbnail-large":["https:\/\/revistacampus.uandes.cl\/2022\/wp-content\/uploads\/2022\/08\/06-Estudio-sobre-vida-y-dignidad-humana-720x480.jpg",720,480,true],"thumbnail-medium-nocrop":["https:\/\/revistacampus.uandes.cl\/2022\/wp-content\/uploads\/2022\/08\/06-Estudio-sobre-vida-y-dignidad-humana-480x320.jpg",480,320,true]},"post_excerpt_stackable":"<p>Una hist\u00f3rica tasa de adjudicaci\u00f3n FONDECYT, reconocimientos internacionales a nuestros acad\u00e9micos y el avance de los programas de Doctorado destacan entre los hitos de Investigaci\u00f3n.<\/p>\n","category_list":"<a href=\"https:\/\/revistacampus.uandes.cl\/2022\/category\/investigacion-al-servicio-de-la-sociedad\/\" rel=\"category tag\">Investigaci\u00f3n al servicio de la sociedad<\/a>","author_info":{"name":"Revista Campus","url":"https:\/\/revistacampus.uandes.cl\/2022\/author\/campus2020\/"},"comments_num":"0 comments","featured_image_urls_v2":{"full":["https:\/\/revistacampus.uandes.cl\/2022\/wp-content\/uploads\/2022\/08\/06-Estudio-sobre-vida-y-dignidad-humana.jpg",850,567,false],"thumbnail":["https:\/\/revistacampus.uandes.cl\/2022\/wp-content\/uploads\/2022\/08\/06-Estudio-sobre-vida-y-dignidad-humana-150x150.jpg",150,150,true],"medium":["https:\/\/revistacampus.uandes.cl\/2022\/wp-content\/uploads\/2022\/08\/06-Estudio-sobre-vida-y-dignidad-humana-300x200.jpg",300,200,true],"medium_large":["https:\/\/revistacampus.uandes.cl\/2022\/wp-content\/uploads\/2022\/08\/06-Estudio-sobre-vida-y-dignidad-humana-768x512.jpg",768,512,true],"large":["https:\/\/revistacampus.uandes.cl\/2022\/wp-content\/uploads\/2022\/08\/06-Estudio-sobre-vida-y-dignidad-humana.jpg",850,567,false],"1536x1536":["https:\/\/revistacampus.uandes.cl\/2022\/wp-content\/uploads\/2022\/08\/06-Estudio-sobre-vida-y-dignidad-humana.jpg",850,567,false],"2048x2048":["https:\/\/revistacampus.uandes.cl\/2022\/wp-content\/uploads\/2022\/08\/06-Estudio-sobre-vida-y-dignidad-humana.jpg",850,567,false],"thumbnail-medium":["https:\/\/revistacampus.uandes.cl\/2022\/wp-content\/uploads\/2022\/08\/06-Estudio-sobre-vida-y-dignidad-humana-480x384.jpg",480,384,true],"thumbnail-square":["https:\/\/revistacampus.uandes.cl\/2022\/wp-content\/uploads\/2022\/08\/06-Estudio-sobre-vida-y-dignidad-humana-480x480.jpg",480,480,true],"thumbnail-portrait":["https:\/\/revistacampus.uandes.cl\/2022\/wp-content\/uploads\/2022\/08\/06-Estudio-sobre-vida-y-dignidad-humana-480x567.jpg",480,567,true],"thumbnail-large":["https:\/\/revistacampus.uandes.cl\/2022\/wp-content\/uploads\/2022\/08\/06-Estudio-sobre-vida-y-dignidad-humana-720x480.jpg",720,480,true],"thumbnail-medium-nocrop":["https:\/\/revistacampus.uandes.cl\/2022\/wp-content\/uploads\/2022\/08\/06-Estudio-sobre-vida-y-dignidad-humana-480x320.jpg",480,320,true]},"post_excerpt_stackable_v2":"<p>Una hist\u00f3rica tasa de adjudicaci\u00f3n FONDECYT, reconocimientos internacionales a nuestros acad\u00e9micos y el avance de los programas de Doctorado destacan entre los hitos de Investigaci\u00f3n.<\/p>\n","category_list_v2":"<a href=\"https:\/\/revistacampus.uandes.cl\/2022\/category\/investigacion-al-servicio-de-la-sociedad\/\" rel=\"category tag\">Investigaci\u00f3n al servicio de la sociedad<\/a>","author_info_v2":{"name":"Revista Campus","url":"https:\/\/revistacampus.uandes.cl\/2022\/author\/campus2020\/"},"comments_num_v2":"0 comments","_links":{"self":[{"href":"https:\/\/revistacampus.uandes.cl\/2022\/wp-json\/wp\/v2\/posts\/6607"}],"collection":[{"href":"https:\/\/revistacampus.uandes.cl\/2022\/wp-json\/wp\/v2\/posts"}],"about":[{"href":"https:\/\/revistacampus.uandes.cl\/2022\/wp-json\/wp\/v2\/types\/post"}],"author":[{"embeddable":true,"href":"https:\/\/revistacampus.uandes.cl\/2022\/wp-json\/wp\/v2\/users\/2"}],"replies":[{"embeddable":true,"href":"https:\/\/revistacampus.uandes.cl\/2022\/wp-json\/wp\/v2\/comments?post=6607"}],"version-history":[{"count":23,"href":"https:\/\/revistacampus.uandes.cl\/2022\/wp-json\/wp\/v2\/posts\/6607\/revisions"}],"predecessor-version":[{"id":8176,"href":"https:\/\/revistacampus.uandes.cl\/2022\/wp-json\/wp\/v2\/posts\/6607\/revisions\/8176"}],"wp:featuredmedia":[{"embeddable":true,"href":"https:\/\/revistacampus.uandes.cl\/2022\/wp-json\/wp\/v2\/media\/7324"}],"wp:attachment":[{"href":"https:\/\/revistacampus.uandes.cl\/2022\/wp-json\/wp\/v2\/media?parent=6607"}],"wp:term":[{"taxonomy":"category","embeddable":true,"href":"https:\/\/revistacampus.uandes.cl\/2022\/wp-json\/wp\/v2\/categories?post=6607"},{"taxonomy":"post_tag","embeddable":true,"href":"https:\/\/revistacampus.uandes.cl\/2022\/wp-json\/wp\/v2\/tags?post=6607"}],"curies":[{"name":"wp","href":"https:\/\/api.w.org\/{rel}","templated":true}]}}