{"id":6589,"date":"2022-07-06T16:31:54","date_gmt":"2022-07-06T20:31:54","guid":{"rendered":"https:\/\/revistacampus.uandes.cl\/2022\/?p=6589"},"modified":"2024-03-19T09:24:01","modified_gmt":"2024-03-19T12:24:01","slug":"nueva-carrera-arranca-international-business","status":"publish","type":"post","link":"https:\/\/revistacampus.uandes.cl\/2022\/nueva-carrera-arranca-international-business\/","title":{"rendered":"<span class=\"subtitulo\">Nueva Carrera:<\/span><br> Comienza International Business"},"content":{"rendered":"\n<p><strong>Pionera en Chile, biling\u00fce, con una duraci\u00f3n de ocho semestres y con intercambio en el extranjero obligatorio, esta nueva carrera cuenta con 43 alumnos en su primera generaci\u00f3n. <\/strong><\/p>\n\n\n\n<div style=\"height:50px\" aria-hidden=\"true\" class=\"wp-block-spacer\"><\/div>\n\n\n\n<div class=\"wp-block-stackable-separator alignfull stk-block-separator stk--no-padding stk-block stk-7a95aa3\" data-block-id=\"7a95aa3\"><style>.stk-7a95aa3{transform:scaleX(-1) scaleY(-1) !important}.stk-7a95aa3 svg{fill:#000000 !important;filter:none !important}.stk-7a95aa3 .stk-block-separator__inner{height:50px !important}<\/style><div class=\"stk-block-separator__inner\"><svg xmlns=\"http:\/\/www.w3.org\/2000\/svg\" viewBox=\"0 0 1600 200\" class=\"stk-separator__layer-1\" preserveAspectRatio=\"none\" aria-hidden=\"true\"><path d=\"M-10 210h1620V105.2H-10z\"><\/path><\/svg><\/div><\/div>\n\n\n\n<p>La <strong><a rel=\"noreferrer noopener\" href=\"https:\/\/www.uandes.cl\/facultad\/ciencias-economicas-y-empresariales\/\" target=\"_blank\">Facultad de Ciencias Econ\u00f3micas y Empresariales<\/a><\/strong> cuenta con una nueva carrera de pregrado, que otorga el grado acad\u00e9mico de <em><strong><a href=\"https:\/\/www.uandes.cl\/carreras\/international-business\/\" target=\"_blank\" rel=\"noreferrer noopener\">Bachelor&nbsp;of Science in International Business<\/a><\/strong>, <\/em>en un sistema de 4+1, es decir, si se cursa un a\u00f1o adicional de estudios, se obtiene, adem\u00e1s, el t\u00edtulo de<strong><a href=\"https:\/\/www.uandes.cl\/facultad\/ciencias-economicas-y-empresariales\/\" target=\"_blank\" rel=\"noreferrer noopener\"> Ingenier\u00eda Comercial<\/a><\/strong>. \u201cEste programa <strong>prepara a los estudiantes para desempe\u00f1arse profesionalmente en un entorno internacional. <\/strong>Los j\u00f3venes de hoy tienen acceso a una visi\u00f3n global y les interesa saber de negocios para trabajar en cualquier parte del mundo\u201d, explica la decana <strong><a href=\"https:\/\/www.uandes.cl\/personas\/karin-jurgensen\/\" target=\"_blank\" rel=\"noreferrer noopener\">Karin J\u00fcrgensen.&nbsp;<\/a><\/strong><\/p>\n\n\n\n<div class=\"aligncenter wp-block-ugb-icon ugb-icon ugb-fd0aebc ugb-icon--v2 ugb-icon--design-basic ugb-main-block\"><style>.ugb-fd0aebc .ugb-icon__icon .ugb-icon-inner-svg,.ugb-fd0aebc .ugb-icon__icon .ugb-icon-inner-svg svg{width:100px !important;height:100px !important}.ugb-fd0aebc .ugb-icon__icon .ugb-icon-inner-svg{color:#cf2e2e !important}.ugb-fd0aebc .ugb-icon__icon{margin-bottom:-18px !important}.ugb-fd0aebc .ugb-icon__icon .ugb-icon-inner-svg,.ugb-fd0aebc .ugb-icon__icon .ugb-icon-inner-svg svg *{color:#cf2e2e !important;fill:#cf2e2e !important}@media screen and (min-width:768px){.ugb-fd0aebc > .ugb-inner-block > .ugb-block-content > *{padding-top:0px !important;padding-bottom:0px !important;padding-right:0px !important;padding-left:0px !important}}<\/style><div class=\"ugb-inner-block\"><div class=\"ugb-block-content\"><div class=\"ugb-icon__content-wrapper\"><div class=\"ugb-icon__item ugb-icon__item1\"><div class=\"ugb-icon__icon\" rel=\"\"><div class=\"ugb-icon-inner-svg\"><svg class=\"ugb-custom-icon\" xmlns=\"http:\/\/www.w3.org\/2000\/svg\" viewBox=\"0 0 63.67 42.72\"><defs><style>.cls-1{fill:#d67c1c;}<\/style><\/defs><g id=\"Capa_2\" data-name=\"Capa 2\"><g id=\"Capa_1-2\" data-name=\"Capa 1\"><path class=\"cls-1\" d=\"M16.21,42.72c7.34,0,14.32-5.68,14.32-13.13s-5.32-12.67-12.9-12.67c-9,0-10.17-3.07-10.17-4.61C7.46,9,9.35,5.44,20.71,1.07L20.36,0C10.18,2.84,0,9.94,0,24.74c0,7.21,3.2,18,16.21,18m33.14,0c7.34,0,14.32-5.68,14.32-13.13s-5.32-12.67-12.9-12.67c-9,0-10.18-3.07-10.18-4.61,0-3.31,1.9-6.87,13.26-11.24L53.49,0C43.32,2.84,33.14,9.94,33.14,24.74c0,7.21,3.19,18,16.21,18\"><\/path><\/g><\/g><\/svg><\/div><\/div><\/div><\/div><\/div><\/div><\/div>\n\n\n\n<p class=\"has-text-align-center\"><strong><em>\u201cPara quienes nos gustan los idiomas, es una forma de estudiar en nuestro pa\u00eds una carrera que se ofrece en Estados Unidos y Europa, con un t\u00edtulo reconocido globalmente.\u201d<\/em><\/strong><\/p>\n\n\n\n<p class=\"has-text-align-center\" style=\"font-size:15px\"><strong>Alejandro Rubilar, <\/strong>alumno.<\/p>\n\n\n\n<p>\u201cEn este primer proceso de Admisi\u00f3n 2022 hubo mucho inter\u00e9s de alumnos de todo Chile y de chilenos residentes en el extranjero. M\u00e1s de 600 estudiantes se inscribieron para rendir el test de ingl\u00e9s. De ellos, cerca de 300 lo aprobaron y tuvimos alrededor de 100 postulantes por admisi\u00f3n centralizada\u201d, agrega el director de <strong><a rel=\"noreferrer noopener\" href=\"https:\/\/www.uandes.cl\/carreras\/international-business\/\" target=\"_blank\">International Business<\/a><\/strong>,<strong><a rel=\"noreferrer noopener\" href=\"https:\/\/www.uandes.cl\/personas\/andre-bergoeing\/\" target=\"_blank\"> Andr\u00e9 Bergoeing<\/a><\/strong>. \u201cHoy vemos que los postulantes presentan una gran inquietud por la experiencia internacional, intercambios y multiculturalidad \u201d, complementa la directora de Admisi\u00f3n, Fernanda Karmy.\u00a0<\/p>\n\n\n\n<p>Es as\u00ed como se matricularon 43 estudiantes, con un puntaje de corte de 720 puntos en la PTU, y que provienen de colegios municipales, subvencionados y particulares de distintos lugares de Chile, como Alhu\u00e9, Concepci\u00f3n, Copiap\u00f3, Santiago, Talagante, Temuco, Osorno y Valdivia. \u201cPara quienes nos gustan los idiomas, es una forma de estudiar en nuestro pa\u00eds una carrera que se ofrece en Estados Unidos y Europa, con un t\u00edtulo reconocido globalmente\u201d, plantea el alumno Alejandro Rubilar Ome\u00f1aca, cuyos padres tambi\u00e9n vivieron la experiencia de ser los pioneros en <strong><a rel=\"noreferrer noopener\" href=\"https:\/\/www.uandes.cl\/carrera\/derecho\/\" target=\"_blank\">Derecho<\/a><\/strong> e <strong><a rel=\"noreferrer noopener\" href=\"https:\/\/www.uandes.cl\/facultad\/ciencias-economicas-y-empresariales\/\" target=\"_blank\">Ingenier\u00eda Comercial UANDES<\/a><\/strong>, respectivamente.Si necesitas ayuda para<a href=\"https:\/\/bachelorarbeit-schreiben-lassen.com\/masterarbeit-schreiben-lassen\/\"> <mark style=\"background-color:rgba(0, 0, 0, 0);color:#3a454b\" class=\"has-inline-color\">masterarbeit schreiben lassen<\/mark><\/a>, no dudes en contactarnos. Estamos aqu\u00ed para brindarte asesoramiento y apoyo en tu proceso acad\u00e9mico.<\/p>\n\n\n\n<div class=\"wp-block-ugb-columns ugb-columns ugb-9858e95 ugb-columns--design-plain ugb-columns--columns-2 ugb-main-block\"><style>.ugb-9858e95 > .ugb-inner-block > .ugb-block-content > .ugb-columns__item{grid-template-columns:1.20fr 0.80fr !important}.ugb-9858e95-content-wrapper > .ugb-column{align-items:center !important}.ugb-9858e95-content-wrapper > .ugb-column > .ugb-inner-block{height:auto !important}<\/style><div class=\"ugb-inner-block\"><div class=\"ugb-block-content\"><div class=\"ugb-columns__item ugb-9858e95-content-wrapper\">\n<div class=\"wp-block-ugb-column ugb-column ugb-ea3a108 ugb-column--design-plain ugb-main-block\"><div class=\"ugb-inner-block\"><div class=\"ugb-block-content\"><div class=\"ugb-column__item ugb-ea3a108-column-wrapper\"><div class=\"ugb-column__content-wrapper\">\n<figure class=\"wp-block-image size-large\"><img decoding=\"async\" loading=\"lazy\" width=\"1024\" height=\"683\" src=\"https:\/\/revistacampus.uandes.cl\/2022\/wp-content\/uploads\/2022\/08\/1-2-1024x683.jpg\" alt=\"\" class=\"wp-image-7265\" srcset=\"https:\/\/revistacampus.uandes.cl\/2022\/wp-content\/uploads\/2022\/08\/1-2-1024x683.jpg 1024w, https:\/\/revistacampus.uandes.cl\/2022\/wp-content\/uploads\/2022\/08\/1-2-300x200.jpg 300w, https:\/\/revistacampus.uandes.cl\/2022\/wp-content\/uploads\/2022\/08\/1-2-768x512.jpg 768w, https:\/\/revistacampus.uandes.cl\/2022\/wp-content\/uploads\/2022\/08\/1-2-720x480.jpg 720w, https:\/\/revistacampus.uandes.cl\/2022\/wp-content\/uploads\/2022\/08\/1-2-480x320.jpg 480w, https:\/\/revistacampus.uandes.cl\/2022\/wp-content\/uploads\/2022\/08\/1-2.jpg 1417w\" sizes=\"(max-width: 1024px) 100vw, 1024px\" \/><figcaption class=\"wp-element-caption\">Andr\u00e9 Bergoeing, director de International Business, y Karin J\u00fcrgensen, decana de la Facultad de Ciencias Econ\u00f3micas y Empresariales.<\/figcaption><\/figure>\n<\/div><\/div><\/div><\/div><\/div>\n\n\n\n<div class=\"wp-block-ugb-column ugb-column ugb-c969aaf ugb-column--design-plain ugb-main-block\"><div class=\"ugb-inner-block\"><div class=\"ugb-block-content\"><div class=\"ugb-column__item ugb-c969aaf-column-wrapper\"><div class=\"ugb-column__content-wrapper\">\n<p class=\"has-text-align-left\">\u201cAproximadamente un <strong>60% de las asignaturas de la malla de esta nueva carrera son en ingl\u00e9s y el programa considera un intercambio obligatorio en el extranjero. <\/strong>Tenemos convenios con diversas universidades de habla inglesa y tambi\u00e9n contamos con sistemas de financiamiento para facilitar esta experiencia, agrega el director Bergoeing.&nbsp;<\/p>\n<\/div><\/div><\/div><\/div><\/div>\n<\/div><\/div><\/div><\/div>\n\n\n\n<p>\u201cEl programa ha despertado mucho inter\u00e9s en nuestras universidades partner en el extranjero\u201d, complementa la <strong>directora de <a rel=\"noreferrer noopener\" href=\"https:\/\/www.uandes.cl\/internacional\/\" target=\"_blank\">Relaciones Internacionales<\/a>, <a rel=\"noreferrer noopener\" href=\"https:\/\/www.uandes.cl\/personas\/rosario-diaz-d-es-2\/\" target=\"_blank\">Rosario D\u00edaz<\/a><\/strong>. \u201cOtros Business Schools de renombre internacional nos han contactado para establecer convenios de colaboraci\u00f3n e intercambio con la carrera. Al ser un programa \u00fanico en Chile y tener una amplia gama de asignaturas impartidas en ingl\u00e9s, aumentan las opciones de cooperaci\u00f3n internacional y la posibilidad de recibir a alumnos de todo el mundo\u201d, concluye.\u00a0El \u00e9xito y la creciente demanda de este innovador programa resaltan la importancia de contar con expertos en comunicaci\u00f3n y redacci\u00f3n para destacar sus ventajas y atraer a\u00fan m\u00e1s atenci\u00f3n internacional. Un <a href=\"https:\/\/ghostwriter-oesterreich.at\/\"><mark style=\"background-color:rgba(0, 0, 0, 0);color:#3a454b\" class=\"has-inline-color\">ghostwriter wien<\/mark><\/a> puede desempe\u00f1ar un papel crucial en la creaci\u00f3n de materiales promocionales persuasivos y efectivos, que resalten los puntos fuertes del programa y lo posicionen como una opci\u00f3n atractiva para estudiantes de todo el mundo. Con su habilidad para crear contenido convincente y atractivo, un ayudar a impulsar la visibilidad y el prestigio del programa, abriendo nuevas oportunidades de colaboraci\u00f3n y atrayendo a estudiantes talentosos de diversas partes del globo.<\/p>\n\n\n\n<p><\/p>\n\n\n\n<p style=\"font-size:15px\">Por: <a href=\"https:\/\/www.uandes.cl\/personas\/marisol-grisanti\/\" target=\"_blank\" rel=\"noreferrer noopener\">Marisol Grisanti<\/a><\/p>\n","protected":false},"excerpt":{"rendered":"<p>Pionera en Chile, biling\u00fce, con una duraci\u00f3n de ocho semestres y con intercambio en el extranjero obligatorio, esta nueva carrera cuenta con 43 alumnos en su primera generaci\u00f3n. La Facultad de Ciencias Econ\u00f3micas y Empresariales cuenta con una nueva carrera de pregrado, que otorga el grado acad\u00e9mico de Bachelor&nbsp;of Science in International Business, en un sistema de 4+1, es decir, si se cursa un a\u00f1o adicional de estudios, se obtiene, adem\u00e1s, el t\u00edtulo de Ingenier\u00eda Comercial. \u201cEste programa prepara a los estudiantes para desempe\u00f1arse profesionalmente en un entorno internacional. Los j\u00f3venes de hoy tienen acceso a una visi\u00f3n global y<\/p>\n","protected":false},"author":2,"featured_media":7817,"comment_status":"open","ping_status":"open","sticky":false,"template":"","format":"standard","meta":{"inline_featured_image":false,"_mi_skip_tracking":false,"_monsterinsights_sitenote_active":false,"_monsterinsights_sitenote_note":"","_monsterinsights_sitenote_category":0,"footnotes":""},"categories":[51],"tags":[],"featured_image_urls":{"full":["https:\/\/revistacampus.uandes.cl\/2022\/wp-content\/uploads\/2022\/08\/nueva-carrera-19837.png",1294,764,false],"thumbnail":["https:\/\/revistacampus.uandes.cl\/2022\/wp-content\/uploads\/2022\/08\/nueva-carrera-19837-150x150.png",150,150,true],"medium":["https:\/\/revistacampus.uandes.cl\/2022\/wp-content\/uploads\/2022\/08\/nueva-carrera-19837-300x177.png",300,177,true],"medium_large":["https:\/\/revistacampus.uandes.cl\/2022\/wp-content\/uploads\/2022\/08\/nueva-carrera-19837-768x453.png",768,453,true],"large":["https:\/\/revistacampus.uandes.cl\/2022\/wp-content\/uploads\/2022\/08\/nueva-carrera-19837-1024x605.png",1024,605,true],"1536x1536":["https:\/\/revistacampus.uandes.cl\/2022\/wp-content\/uploads\/2022\/08\/nueva-carrera-19837.png",1294,764,false],"2048x2048":["https:\/\/revistacampus.uandes.cl\/2022\/wp-content\/uploads\/2022\/08\/nueva-carrera-19837.png",1294,764,false],"thumbnail-medium":["https:\/\/revistacampus.uandes.cl\/2022\/wp-content\/uploads\/2022\/08\/nueva-carrera-19837-480x384.png",480,384,true],"thumbnail-square":["https:\/\/revistacampus.uandes.cl\/2022\/wp-content\/uploads\/2022\/08\/nueva-carrera-19837-480x480.png",480,480,true],"thumbnail-portrait":["https:\/\/revistacampus.uandes.cl\/2022\/wp-content\/uploads\/2022\/08\/nueva-carrera-19837-480x600.png",480,600,true],"thumbnail-large":["https:\/\/revistacampus.uandes.cl\/2022\/wp-content\/uploads\/2022\/08\/nueva-carrera-19837-720x480.png",720,480,true],"thumbnail-medium-nocrop":["https:\/\/revistacampus.uandes.cl\/2022\/wp-content\/uploads\/2022\/08\/nueva-carrera-19837-480x283.png",480,283,true]},"post_excerpt_stackable":"<p>Pionera en Chile, biling\u00fce, con una duraci\u00f3n de ocho semestres y con intercambio en el extranjero obligatorio, esta nueva carrera cuenta con 43 alumnos en su primera generaci\u00f3n. La Facultad de Ciencias Econ\u00f3micas y Empresariales cuenta con una nueva carrera de pregrado, que otorga el grado acad\u00e9mico de Bachelor&nbsp;of Science in International Business, en un sistema de 4+1, es decir, si se cursa un a\u00f1o adicional de estudios, se obtiene, adem\u00e1s, el t\u00edtulo de Ingenier\u00eda Comercial. \u201cEste programa prepara a los estudiantes para desempe\u00f1arse profesionalmente en un entorno internacional. Los j\u00f3venes de hoy tienen acceso a una visi\u00f3n global y&hellip;<\/p>\n","category_list":"<a href=\"https:\/\/revistacampus.uandes.cl\/2022\/category\/desde-la-academia\/\" rel=\"category tag\">Desde la academia<\/a>","author_info":{"name":"Revista Campus","url":"https:\/\/revistacampus.uandes.cl\/2022\/author\/campus2020\/"},"comments_num":"0 comments","featured_image_urls_v2":{"full":["https:\/\/revistacampus.uandes.cl\/2022\/wp-content\/uploads\/2022\/08\/nueva-carrera-19837.png",1294,764,false],"thumbnail":["https:\/\/revistacampus.uandes.cl\/2022\/wp-content\/uploads\/2022\/08\/nueva-carrera-19837-150x150.png",150,150,true],"medium":["https:\/\/revistacampus.uandes.cl\/2022\/wp-content\/uploads\/2022\/08\/nueva-carrera-19837-300x177.png",300,177,true],"medium_large":["https:\/\/revistacampus.uandes.cl\/2022\/wp-content\/uploads\/2022\/08\/nueva-carrera-19837-768x453.png",768,453,true],"large":["https:\/\/revistacampus.uandes.cl\/2022\/wp-content\/uploads\/2022\/08\/nueva-carrera-19837-1024x605.png",1024,605,true],"1536x1536":["https:\/\/revistacampus.uandes.cl\/2022\/wp-content\/uploads\/2022\/08\/nueva-carrera-19837.png",1294,764,false],"2048x2048":["https:\/\/revistacampus.uandes.cl\/2022\/wp-content\/uploads\/2022\/08\/nueva-carrera-19837.png",1294,764,false],"thumbnail-medium":["https:\/\/revistacampus.uandes.cl\/2022\/wp-content\/uploads\/2022\/08\/nueva-carrera-19837-480x384.png",480,384,true],"thumbnail-square":["https:\/\/revistacampus.uandes.cl\/2022\/wp-content\/uploads\/2022\/08\/nueva-carrera-19837-480x480.png",480,480,true],"thumbnail-portrait":["https:\/\/revistacampus.uandes.cl\/2022\/wp-content\/uploads\/2022\/08\/nueva-carrera-19837-480x600.png",480,600,true],"thumbnail-large":["https:\/\/revistacampus.uandes.cl\/2022\/wp-content\/uploads\/2022\/08\/nueva-carrera-19837-720x480.png",720,480,true],"thumbnail-medium-nocrop":["https:\/\/revistacampus.uandes.cl\/2022\/wp-content\/uploads\/2022\/08\/nueva-carrera-19837-480x283.png",480,283,true]},"post_excerpt_stackable_v2":"<p>Pionera en Chile, biling\u00fce, con una duraci\u00f3n de ocho semestres y con intercambio en el extranjero obligatorio, esta nueva carrera cuenta con 43 alumnos en su primera generaci\u00f3n. La Facultad de Ciencias Econ\u00f3micas y Empresariales cuenta con una nueva carrera de pregrado, que otorga el grado acad\u00e9mico de Bachelor&nbsp;of Science in International Business, en un sistema de 4+1, es decir, si se cursa un a\u00f1o adicional de estudios, se obtiene, adem\u00e1s, el t\u00edtulo de Ingenier\u00eda Comercial. \u201cEste programa prepara a los estudiantes para desempe\u00f1arse profesionalmente en un entorno internacional. Los j\u00f3venes de hoy tienen acceso a una visi\u00f3n global y&hellip;<\/p>\n","category_list_v2":"<a href=\"https:\/\/revistacampus.uandes.cl\/2022\/category\/desde-la-academia\/\" rel=\"category tag\">Desde la academia<\/a>","author_info_v2":{"name":"Revista Campus","url":"https:\/\/revistacampus.uandes.cl\/2022\/author\/campus2020\/"},"comments_num_v2":"0 comments","_links":{"self":[{"href":"https:\/\/revistacampus.uandes.cl\/2022\/wp-json\/wp\/v2\/posts\/6589"}],"collection":[{"href":"https:\/\/revistacampus.uandes.cl\/2022\/wp-json\/wp\/v2\/posts"}],"about":[{"href":"https:\/\/revistacampus.uandes.cl\/2022\/wp-json\/wp\/v2\/types\/post"}],"author":[{"embeddable":true,"href":"https:\/\/revistacampus.uandes.cl\/2022\/wp-json\/wp\/v2\/users\/2"}],"replies":[{"embeddable":true,"href":"https:\/\/revistacampus.uandes.cl\/2022\/wp-json\/wp\/v2\/comments?post=6589"}],"version-history":[{"count":15,"href":"https:\/\/revistacampus.uandes.cl\/2022\/wp-json\/wp\/v2\/posts\/6589\/revisions"}],"predecessor-version":[{"id":8288,"href":"https:\/\/revistacampus.uandes.cl\/2022\/wp-json\/wp\/v2\/posts\/6589\/revisions\/8288"}],"wp:featuredmedia":[{"embeddable":true,"href":"https:\/\/revistacampus.uandes.cl\/2022\/wp-json\/wp\/v2\/media\/7817"}],"wp:attachment":[{"href":"https:\/\/revistacampus.uandes.cl\/2022\/wp-json\/wp\/v2\/media?parent=6589"}],"wp:term":[{"taxonomy":"category","embeddable":true,"href":"https:\/\/revistacampus.uandes.cl\/2022\/wp-json\/wp\/v2\/categories?post=6589"},{"taxonomy":"post_tag","embeddable":true,"href":"https:\/\/revistacampus.uandes.cl\/2022\/wp-json\/wp\/v2\/tags?post=6589"}],"curies":[{"name":"wp","href":"https:\/\/api.w.org\/{rel}","templated":true}]}}