{"id":6585,"date":"2022-07-04T18:33:00","date_gmt":"2022-07-04T22:33:00","guid":{"rendered":"https:\/\/revistacampus.uandes.cl\/2022\/?p=6585"},"modified":"2022-09-08T12:44:34","modified_gmt":"2022-09-08T16:44:34","slug":"ensenando-a-cuidar-a-las-personas-mayores","status":"publish","type":"post","link":"https:\/\/revistacampus.uandes.cl\/2022\/ensenando-a-cuidar-a-las-personas-mayores\/","title":{"rendered":"ENSE\u00d1ANDO A CUIDAR A LAS <br>personas mayores"},"content":{"rendered":"\n<p><strong>La Escuela de Cuidadores busca ayudar a las personas en su ardua tarea de mejorar la calidad de vida en la vejez y entregar a la comunidad un capital humano con una preparaci\u00f3n de excelencia.&nbsp;<\/strong><\/p>\n\n\n\n<div style=\"height:50px\" aria-hidden=\"true\" class=\"wp-block-spacer\"><\/div>\n\n\n\n<div class=\"wp-block-stackable-separator alignfull stk-block-separator stk--no-padding stk-block stk-7a95aa3\" data-block-id=\"7a95aa3\"><style>.stk-7a95aa3{transform:scaleX(-1) scaleY(-1) !important}.stk-7a95aa3 svg{fill:#000000 !important;filter:none !important}.stk-7a95aa3 .stk-block-separator__inner{height:50px !important}<\/style><div class=\"stk-block-separator__inner\"><svg xmlns=\"http:\/\/www.w3.org\/2000\/svg\" viewBox=\"0 0 1600 200\" class=\"stk-separator__layer-1\" preserveAspectRatio=\"none\" aria-hidden=\"true\"><path d=\"M-10 210h1620V105.2H-10z\"><\/path><\/svg><\/div><\/div>\n\n\n\n<p><strong>M\u00e1s de 220 personas ha capacitado la <a href=\"https:\/\/www.uandes.cl\/carrera\/enfermeria\/\" target=\"_blank\" rel=\"noreferrer noopener\">Escuela de Enfermer\u00eda<\/a> en la atenci\u00f3n y cuidados a personas mayores, a trav\u00e9s de su \u201cEscuela de cuidadores\u201d.<\/strong> Una <a rel=\"noreferrer noopener\" href=\"https:\/\/www.uandes.cl\/noticias\/enfermeria-uandes-consolida-escuela-para-cuidadores-de-personas-mayores\/\" target=\"_blank\"><strong>iniciativa que naci\u00f3 en marzo de 2019<\/strong><\/a> en acuerdo con las municipalidades de Las Condes y Lo Barnechea, junto a la red de Hogares San Vicente de Paul, <strong>con el objetivo de otorgar a los estudiantes de Enfermer\u00eda la posibilidad de aprender educando mientras brindan un servicio a la comunidad, en una relaci\u00f3n virtuosa y bidireccional con su entorno<\/strong>.<\/p>\n\n\n\n<p>La capacitaci\u00f3n, en la que cualquier persona puede participar, tiene una duraci\u00f3n de 74 horas y utiliza metodolog\u00edas de estudio personal aut\u00f3nomo, talleres y escenarios de simulaci\u00f3n cl\u00ednica, implementadas por grupos de estudiantes de Enfermer\u00eda, dirigidos por los acad\u00e9micos de la asignatura. Al finalizar la capacitaci\u00f3n, se entrega una certificaci\u00f3n formal a estos cuidadores de personas mayores.<\/p>\n\n\n\n<div class=\"wp-block-ugb-columns ugb-columns ugb-26cb15c ugb-columns--design-plain ugb-columns--columns-2 ugb-main-block\"><style>.ugb-26cb15c-content-wrapper > .ugb-column{align-items:center !important}.ugb-26cb15c-content-wrapper > .ugb-column > .ugb-inner-block{height:auto !important}<\/style><div class=\"ugb-inner-block\"><div class=\"ugb-block-content\"><div class=\"ugb-columns__item ugb-26cb15c-content-wrapper\">\n<div class=\"wp-block-ugb-column ugb-column ugb-7b98182 ugb-column--design-plain ugb-main-block\"><div class=\"ugb-inner-block\"><div class=\"ugb-block-content\"><div class=\"ugb-column__item ugb-7b98182-column-wrapper\"><div class=\"ugb-column__content-wrapper\">\n<h4 class=\"wp-block-heading\"><strong>EXPERIENCIAS TRANSFORMADORAS<\/strong><\/h4>\n\n\n\n<p>\u201cA m\u00ed se me abri\u00f3 un mundo. Se me abri\u00f3 una ventana que va m\u00e1s all\u00e1 de ser una cuidadora, el amor y el cari\u00f1o hacia el adulto mayor\u201d, asegura una de las exalumnas de la <em>Escuela de Cuidadores<\/em>. \u201cNos llenaba el coraz\u00f3n verlas tan entusiasmadas, con tantas ganas de aprender y de participar, d\u00e1ndolo todo por demostrar sus capacidades y compromiso\u201d, complementa <strong>Isidora Beals, estudiante de Enfermer\u00eda<\/strong>.<\/p>\n<\/div><\/div><\/div><\/div><\/div>\n\n\n\n<div class=\"wp-block-ugb-column ugb-column ugb-98ce60d ugb-column--design-plain ugb-main-block\"><div class=\"ugb-inner-block\"><div class=\"ugb-block-content\"><div class=\"ugb-column__item ugb-98ce60d-column-wrapper\"><div class=\"ugb-column__content-wrapper\"><div class=\"wp-block-image is-style-rounded\">\n<figure class=\"aligncenter size-full is-resized\"><img decoding=\"async\" loading=\"lazy\" src=\"https:\/\/revistacampus.uandes.cl\/2022\/wp-content\/uploads\/2022\/08\/Cuidadora-en-examen_R.jpg\" alt=\"\" class=\"wp-image-6902\" width=\"326\" height=\"326\" srcset=\"https:\/\/revistacampus.uandes.cl\/2022\/wp-content\/uploads\/2022\/08\/Cuidadora-en-examen_R.jpg 992w, https:\/\/revistacampus.uandes.cl\/2022\/wp-content\/uploads\/2022\/08\/Cuidadora-en-examen_R-300x300.jpg 300w, https:\/\/revistacampus.uandes.cl\/2022\/wp-content\/uploads\/2022\/08\/Cuidadora-en-examen_R-150x150.jpg 150w, https:\/\/revistacampus.uandes.cl\/2022\/wp-content\/uploads\/2022\/08\/Cuidadora-en-examen_R-768x768.jpg 768w, https:\/\/revistacampus.uandes.cl\/2022\/wp-content\/uploads\/2022\/08\/Cuidadora-en-examen_R-480x480.jpg 480w\" sizes=\"(max-width: 326px) 100vw, 326px\" \/><figcaption><br>Los futuros cuidadores deben aprobar un examen pr\u00e1ctico para obtener su certificado.<\/figcaption><\/figure><\/div><\/div><\/div><\/div><\/div><\/div>\n<\/div><\/div><\/div><\/div>\n\n\n\n<p>\u201cLos testimonios demuestran el impacto que iniciativas como esta tienen en la calidad de vida, no solo de las personas mayores, sino de sus cuidadores, permiti\u00e9ndoles sentirse m\u00e1s seguros frente a la toma de decisiones y procedimientos, motiv\u00e1ndolos a consultar de manera temprana ante situaciones complejas\u201d, se\u00f1ala <strong>Cecilia Zavala, profesora coordinadora de la Escuela de Cuidadores<\/strong> y acad\u00e9mica de la asignatura de Enfermer\u00eda Geronto-geri\u00e1trica. \u201cA su vez, refieren que les ha servido para generar redes de apoyo y contar con un material de gran calidad t\u00e9cnica, para la consulta permanente ante las dudas\u201d, agrega.<\/p>\n\n\n<div class=\"wp-block-image\">\n<figure class=\"aligncenter size-large\"><img decoding=\"async\" loading=\"lazy\" width=\"1024\" height=\"586\" src=\"https:\/\/revistacampus.uandes.cl\/2022\/wp-content\/uploads\/2022\/08\/22a-Escuela-de-cuidadores-cuenta-con-cuatro-generaciones_R-1024x586.jpg\" alt=\"\" class=\"wp-image-7545\" srcset=\"https:\/\/revistacampus.uandes.cl\/2022\/wp-content\/uploads\/2022\/08\/22a-Escuela-de-cuidadores-cuenta-con-cuatro-generaciones_R-1024x586.jpg 1024w, https:\/\/revistacampus.uandes.cl\/2022\/wp-content\/uploads\/2022\/08\/22a-Escuela-de-cuidadores-cuenta-con-cuatro-generaciones_R-300x172.jpg 300w, https:\/\/revistacampus.uandes.cl\/2022\/wp-content\/uploads\/2022\/08\/22a-Escuela-de-cuidadores-cuenta-con-cuatro-generaciones_R-768x440.jpg 768w, https:\/\/revistacampus.uandes.cl\/2022\/wp-content\/uploads\/2022\/08\/22a-Escuela-de-cuidadores-cuenta-con-cuatro-generaciones_R-480x275.jpg 480w, https:\/\/revistacampus.uandes.cl\/2022\/wp-content\/uploads\/2022\/08\/22a-Escuela-de-cuidadores-cuenta-con-cuatro-generaciones_R.jpg 1273w\" sizes=\"(max-width: 1024px) 100vw, 1024px\" \/><figcaption><br>La Escuela de Cuidadores ya cuenta con cuatro generaciones, las cuales han sido formadas por estudiantes de Enfermer\u00eda bajo la supervisi\u00f3n de sus profesores.<\/figcaption><\/figure><\/div>\n\n\n<p>La <em>Escuela de Cuidadores<\/em> busca ayudar a las personas en su ardua tarea de mejorar la calidad de vida en la vejez y entregar a la comunidad un capital humano con una preparaci\u00f3n de excelencia.\u00a0<\/p>\n\n\n\n<h4 class=\"wp-block-heading\"><strong>CERTIFICADOS EN M\u00c9XICO E ISLA DE PASCUA<\/strong><\/h4>\n\n\n\n<div class=\"wp-block-ugb-columns ugb-columns ugb-692877d ugb-columns--design-plain ugb-columns--columns-2 ugb-main-block\"><style>.ugb-692877d-content-wrapper > .ugb-column{align-items:center !important}.ugb-692877d-content-wrapper > .ugb-column > .ugb-inner-block{height:auto !important}<\/style><div class=\"ugb-inner-block\"><div class=\"ugb-block-content\"><div class=\"ugb-columns__item ugb-692877d-content-wrapper\">\n<div class=\"wp-block-ugb-column ugb-column ugb-a03d9f3 ugb-column--design-plain ugb-main-block\"><div class=\"ugb-inner-block\"><div class=\"ugb-block-content\"><div class=\"ugb-column__item ugb-a03d9f3-column-wrapper\"><div class=\"ugb-column__content-wrapper\"><div class=\"wp-block-image is-style-rounded\">\n<figure class=\"aligncenter size-full is-resized\"><img decoding=\"async\" loading=\"lazy\" src=\"https:\/\/revistacampus.uandes.cl\/2022\/wp-content\/uploads\/2022\/08\/Cuidadora-en-examen_R2.jpg\" alt=\"\" class=\"wp-image-6904\" width=\"425\" height=\"425\" srcset=\"https:\/\/revistacampus.uandes.cl\/2022\/wp-content\/uploads\/2022\/08\/Cuidadora-en-examen_R2.jpg 850w, https:\/\/revistacampus.uandes.cl\/2022\/wp-content\/uploads\/2022\/08\/Cuidadora-en-examen_R2-300x300.jpg 300w, https:\/\/revistacampus.uandes.cl\/2022\/wp-content\/uploads\/2022\/08\/Cuidadora-en-examen_R2-150x150.jpg 150w, https:\/\/revistacampus.uandes.cl\/2022\/wp-content\/uploads\/2022\/08\/Cuidadora-en-examen_R2-768x768.jpg 768w, https:\/\/revistacampus.uandes.cl\/2022\/wp-content\/uploads\/2022\/08\/Cuidadora-en-examen_R2-480x480.jpg 480w\" sizes=\"(max-width: 425px) 100vw, 425px\" \/><figcaption>Margarita Arriagada se certific\u00f3 en 2020 para cuidar a un familiar.<\/figcaption><\/figure><\/div><\/div><\/div><\/div><\/div><\/div>\n\n\n\n<div class=\"wp-block-ugb-column ugb-column ugb-22e26ff ugb-column--design-plain ugb-main-block\"><div class=\"ugb-inner-block\"><div class=\"ugb-block-content\"><div class=\"ugb-column__item ugb-22e26ff-column-wrapper\"><div class=\"ugb-column__content-wrapper\">\n<p>La <em>Escuela de Cuidadores<\/em> ha debido formar a sus <strong><a rel=\"noreferrer noopener\" href=\"https:\/\/www.uandes.cl\/noticias\/escuela-de-cuidadores-de-enfermeria-certifica-a-su-segunda-generacion\/\" target=\"_blank\">\u00faltimas generaciones de manera <em>online <\/em><\/a><\/strong>debido a la pandemia por coronavirus. Sin embargo, el uso de la tecnolog\u00eda ha contribuido a que puedan participar personas de diferentes regiones de Chile e, incluso, llegar a lugares m\u00e1s remotos, como Isla de Pascua y pa\u00edses como M\u00e9xico, con una <strong><a rel=\"noreferrer noopener\" href=\"https:\/\/www.uandes.cl\/noticias\/escuela-de-cuidadores-realiza-lanzamiento-de-capsulas-educativas\/\" target=\"_blank\">capacitaci\u00f3n gratuita y de calidad<\/a><\/strong>, permitiendo hacer un aporte real al cuidado de mayores y a quienes los atienden.<\/p>\n<\/div><\/div><\/div><\/div><\/div>\n<\/div><\/div><\/div><\/div>\n\n\n\n<iframe loading=\"lazy\" style=\"border-radius:12px\" src=\"https:\/\/open.spotify.com\/embed\/episode\/6Dm16wSeDefxaMUBqn165F?utm_source=generator\" width=\"100%\" height=\"152\" frameborder=\"0\" allowfullscreen=\"\" allow=\"autoplay; clipboard-write; encrypted-media; fullscreen; picture-in-picture\"><\/iframe>\n\n\n\n<p><\/p>\n\n\n\n<p class=\"has-text-align-left\" style=\"font-size:15px\">Por: <a href=\"https:\/\/www.uandes.cl\/personas\/lucas-bizzarri\/\" target=\"_blank\" rel=\"noreferrer noopener\">Lucas Bizzarri&nbsp;<\/a><\/p>\n","protected":false},"excerpt":{"rendered":"<p>La Escuela de Cuidadores busca ayudar a las personas en su ardua tarea de mejorar la calidad de vida en la vejez y entregar a la comunidad un capital humano con una preparaci\u00f3n de excelencia.&nbsp; M\u00e1s de 220 personas ha capacitado la Escuela de Enfermer\u00eda en la atenci\u00f3n y cuidados a personas mayores, a trav\u00e9s de su \u201cEscuela de cuidadores\u201d. Una iniciativa que naci\u00f3 en marzo de 2019 en acuerdo con las municipalidades de Las Condes y Lo Barnechea, junto a la red de Hogares San Vicente de Paul, con el objetivo de otorgar a los estudiantes de Enfermer\u00eda la<\/p>\n","protected":false},"author":2,"featured_media":7543,"comment_status":"open","ping_status":"open","sticky":false,"template":"","format":"standard","meta":{"inline_featured_image":false,"_mi_skip_tracking":false,"_monsterinsights_sitenote_active":false,"_monsterinsights_sitenote_note":"","_monsterinsights_sitenote_category":0,"footnotes":""},"categories":[49],"tags":[],"featured_image_urls":{"full":["https:\/\/revistacampus.uandes.cl\/2022\/wp-content\/uploads\/2022\/08\/portada2-c.jpg",853,877,false],"thumbnail":["https:\/\/revistacampus.uandes.cl\/2022\/wp-content\/uploads\/2022\/08\/portada2-c-150x150.jpg",150,150,true],"medium":["https:\/\/revistacampus.uandes.cl\/2022\/wp-content\/uploads\/2022\/08\/portada2-c-292x300.jpg",292,300,true],"medium_large":["https:\/\/revistacampus.uandes.cl\/2022\/wp-content\/uploads\/2022\/08\/portada2-c-768x790.jpg",768,790,true],"large":["https:\/\/revistacampus.uandes.cl\/2022\/wp-content\/uploads\/2022\/08\/portada2-c.jpg",853,877,false],"1536x1536":["https:\/\/revistacampus.uandes.cl\/2022\/wp-content\/uploads\/2022\/08\/portada2-c.jpg",853,877,false],"2048x2048":["https:\/\/revistacampus.uandes.cl\/2022\/wp-content\/uploads\/2022\/08\/portada2-c.jpg",853,877,false],"thumbnail-medium":["https:\/\/revistacampus.uandes.cl\/2022\/wp-content\/uploads\/2022\/08\/portada2-c-480x384.jpg",480,384,true],"thumbnail-square":["https:\/\/revistacampus.uandes.cl\/2022\/wp-content\/uploads\/2022\/08\/portada2-c-480x480.jpg",480,480,true],"thumbnail-portrait":["https:\/\/revistacampus.uandes.cl\/2022\/wp-content\/uploads\/2022\/08\/portada2-c-480x600.jpg",480,600,true],"thumbnail-large":["https:\/\/revistacampus.uandes.cl\/2022\/wp-content\/uploads\/2022\/08\/portada2-c-720x480.jpg",720,480,true],"thumbnail-medium-nocrop":["https:\/\/revistacampus.uandes.cl\/2022\/wp-content\/uploads\/2022\/08\/portada2-c-480x494.jpg",480,494,true]},"post_excerpt_stackable":"<p>La Escuela de Cuidadores busca ayudar a las personas en su ardua tarea de mejorar la calidad de vida en la vejez y entregar a la comunidad un capital humano con una preparaci\u00f3n de excelencia.&nbsp; M\u00e1s de 220 personas ha capacitado la Escuela de Enfermer\u00eda en la atenci\u00f3n y cuidados a personas mayores, a trav\u00e9s de su \u201cEscuela de cuidadores\u201d. Una iniciativa que naci\u00f3 en marzo de 2019 en acuerdo con las municipalidades de Las Condes y Lo Barnechea, junto a la red de Hogares San Vicente de Paul, con el objetivo de otorgar a los estudiantes de Enfermer\u00eda la&hellip;<\/p>\n","category_list":"<a href=\"https:\/\/revistacampus.uandes.cl\/2022\/category\/salud-para-el-futuro\/\" rel=\"category tag\">Salud para el futuro<\/a>","author_info":{"name":"Revista Campus","url":"https:\/\/revistacampus.uandes.cl\/2022\/author\/campus2020\/"},"comments_num":"0 comments","featured_image_urls_v2":{"full":["https:\/\/revistacampus.uandes.cl\/2022\/wp-content\/uploads\/2022\/08\/portada2-c.jpg",853,877,false],"thumbnail":["https:\/\/revistacampus.uandes.cl\/2022\/wp-content\/uploads\/2022\/08\/portada2-c-150x150.jpg",150,150,true],"medium":["https:\/\/revistacampus.uandes.cl\/2022\/wp-content\/uploads\/2022\/08\/portada2-c-292x300.jpg",292,300,true],"medium_large":["https:\/\/revistacampus.uandes.cl\/2022\/wp-content\/uploads\/2022\/08\/portada2-c-768x790.jpg",768,790,true],"large":["https:\/\/revistacampus.uandes.cl\/2022\/wp-content\/uploads\/2022\/08\/portada2-c.jpg",853,877,false],"1536x1536":["https:\/\/revistacampus.uandes.cl\/2022\/wp-content\/uploads\/2022\/08\/portada2-c.jpg",853,877,false],"2048x2048":["https:\/\/revistacampus.uandes.cl\/2022\/wp-content\/uploads\/2022\/08\/portada2-c.jpg",853,877,false],"thumbnail-medium":["https:\/\/revistacampus.uandes.cl\/2022\/wp-content\/uploads\/2022\/08\/portada2-c-480x384.jpg",480,384,true],"thumbnail-square":["https:\/\/revistacampus.uandes.cl\/2022\/wp-content\/uploads\/2022\/08\/portada2-c-480x480.jpg",480,480,true],"thumbnail-portrait":["https:\/\/revistacampus.uandes.cl\/2022\/wp-content\/uploads\/2022\/08\/portada2-c-480x600.jpg",480,600,true],"thumbnail-large":["https:\/\/revistacampus.uandes.cl\/2022\/wp-content\/uploads\/2022\/08\/portada2-c-720x480.jpg",720,480,true],"thumbnail-medium-nocrop":["https:\/\/revistacampus.uandes.cl\/2022\/wp-content\/uploads\/2022\/08\/portada2-c-480x494.jpg",480,494,true]},"post_excerpt_stackable_v2":"<p>La Escuela de Cuidadores busca ayudar a las personas en su ardua tarea de mejorar la calidad de vida en la vejez y entregar a la comunidad un capital humano con una preparaci\u00f3n de excelencia.&nbsp; M\u00e1s de 220 personas ha capacitado la Escuela de Enfermer\u00eda en la atenci\u00f3n y cuidados a personas mayores, a trav\u00e9s de su \u201cEscuela de cuidadores\u201d. Una iniciativa que naci\u00f3 en marzo de 2019 en acuerdo con las municipalidades de Las Condes y Lo Barnechea, junto a la red de Hogares San Vicente de Paul, con el objetivo de otorgar a los estudiantes de Enfermer\u00eda la&hellip;<\/p>\n","category_list_v2":"<a href=\"https:\/\/revistacampus.uandes.cl\/2022\/category\/salud-para-el-futuro\/\" rel=\"category tag\">Salud para el futuro<\/a>","author_info_v2":{"name":"Revista Campus","url":"https:\/\/revistacampus.uandes.cl\/2022\/author\/campus2020\/"},"comments_num_v2":"0 comments","_links":{"self":[{"href":"https:\/\/revistacampus.uandes.cl\/2022\/wp-json\/wp\/v2\/posts\/6585"}],"collection":[{"href":"https:\/\/revistacampus.uandes.cl\/2022\/wp-json\/wp\/v2\/posts"}],"about":[{"href":"https:\/\/revistacampus.uandes.cl\/2022\/wp-json\/wp\/v2\/types\/post"}],"author":[{"embeddable":true,"href":"https:\/\/revistacampus.uandes.cl\/2022\/wp-json\/wp\/v2\/users\/2"}],"replies":[{"embeddable":true,"href":"https:\/\/revistacampus.uandes.cl\/2022\/wp-json\/wp\/v2\/comments?post=6585"}],"version-history":[{"count":26,"href":"https:\/\/revistacampus.uandes.cl\/2022\/wp-json\/wp\/v2\/posts\/6585\/revisions"}],"predecessor-version":[{"id":8210,"href":"https:\/\/revistacampus.uandes.cl\/2022\/wp-json\/wp\/v2\/posts\/6585\/revisions\/8210"}],"wp:featuredmedia":[{"embeddable":true,"href":"https:\/\/revistacampus.uandes.cl\/2022\/wp-json\/wp\/v2\/media\/7543"}],"wp:attachment":[{"href":"https:\/\/revistacampus.uandes.cl\/2022\/wp-json\/wp\/v2\/media?parent=6585"}],"wp:term":[{"taxonomy":"category","embeddable":true,"href":"https:\/\/revistacampus.uandes.cl\/2022\/wp-json\/wp\/v2\/categories?post=6585"},{"taxonomy":"post_tag","embeddable":true,"href":"https:\/\/revistacampus.uandes.cl\/2022\/wp-json\/wp\/v2\/tags?post=6585"}],"curies":[{"name":"wp","href":"https:\/\/api.w.org\/{rel}","templated":true}]}}