{"id":6581,"date":"2022-07-03T18:27:27","date_gmt":"2022-07-03T22:27:27","guid":{"rendered":"https:\/\/revistacampus.uandes.cl\/2022\/?p=6581"},"modified":"2022-09-08T10:43:39","modified_gmt":"2022-09-08T14:43:39","slug":"franjas-clinicas-estudiantes-al-servicio-de-la-salud-social","status":"publish","type":"post","link":"https:\/\/revistacampus.uandes.cl\/2022\/franjas-clinicas-estudiantes-al-servicio-de-la-salud-social\/","title":{"rendered":"FRANJAS CL\u00cdNICAS <br><span class=\"subtitulo\"> Estudiantes al servicio de la salud social <\/span>"},"content":{"rendered":"\n<p class=\"has-text-align-left\"><strong>Estudiantes de Nutrici\u00f3n y Diet\u00e9tica, Kinesiolog\u00eda, Terapia Ocupacional y Fonoaudiolog\u00eda entregan atenci\u00f3n gratuita a p\u00fablicos internos y externos en el campus, en una relaci\u00f3n con beneficios rec\u00edprocos.<\/strong><\/p>\n\n\n\n<div style=\"height:50px\" aria-hidden=\"true\" class=\"wp-block-spacer\"><\/div>\n\n\n\n<div class=\"wp-block-stackable-separator alignfull stk-block-separator stk--no-padding stk-block stk-7a95aa3\" data-block-id=\"7a95aa3\"><style>.stk-7a95aa3{transform:scaleX(-1) scaleY(-1) !important}.stk-7a95aa3 svg{fill:#000000 !important;filter:none !important}.stk-7a95aa3 .stk-block-separator__inner{height:50px !important}<\/style><div class=\"stk-block-separator__inner\"><svg xmlns=\"http:\/\/www.w3.org\/2000\/svg\" viewBox=\"0 0 1600 200\" class=\"stk-separator__layer-1\" preserveAspectRatio=\"none\" aria-hidden=\"true\"><path d=\"M-10 210h1620V105.2H-10z\"><\/path><\/svg><\/div><\/div>\n\n\n\n<p>Las cuarentenas y atenciones m\u00e9dicas a distancia obligaron a suspender varias actividades de los alumnos, lo que hizo necesario buscar espacios que permitieran dar continuidad a sus pr\u00e1cticas y al trato directo de pacientes. As\u00ed, las carreras de<strong> <a href=\"https:\/\/www.uandes.cl\/carrera\/nutricion-y-dietetica\/\" target=\"_blank\" rel=\"noreferrer noopener\">Nutrici\u00f3n y Diet\u00e9tica<\/a>, <a href=\"https:\/\/www.uandes.cl\/carrera\/kinesiologia\/\" target=\"_blank\" rel=\"noreferrer noopener\">Kinesiolog\u00eda<\/a>, <a href=\"https:\/\/www.uandes.cl\/carrera\/terapia-ocupacional\/\" target=\"_blank\" rel=\"noreferrer noopener\">Terapia Ocupacional <\/a>y <\/strong><a href=\"https:\/\/www.uandes.cl\/carrera\/fonoaudiologia\/\" target=\"_blank\" rel=\"noreferrer noopener\"><strong>Fonoaudiolog\u00eda<\/strong> <\/a>implementaron las Franjas Cl\u00ednicas, que han permitido a sus estudiantes atender pacientes dentro del campus.&nbsp;<\/p>\n\n\n<div class=\"wp-block-image\">\n<figure class=\"aligncenter size-large\"><img decoding=\"async\" loading=\"lazy\" width=\"1024\" height=\"683\" src=\"https:\/\/revistacampus.uandes.cl\/2022\/wp-content\/uploads\/2022\/08\/MG_9955-1024x683.jpg\" alt=\"\" class=\"wp-image-6952\" srcset=\"https:\/\/revistacampus.uandes.cl\/2022\/wp-content\/uploads\/2022\/08\/MG_9955-1024x683.jpg 1024w, https:\/\/revistacampus.uandes.cl\/2022\/wp-content\/uploads\/2022\/08\/MG_9955-300x200.jpg 300w, https:\/\/revistacampus.uandes.cl\/2022\/wp-content\/uploads\/2022\/08\/MG_9955-768x512.jpg 768w, https:\/\/revistacampus.uandes.cl\/2022\/wp-content\/uploads\/2022\/08\/MG_9955-720x480.jpg 720w, https:\/\/revistacampus.uandes.cl\/2022\/wp-content\/uploads\/2022\/08\/MG_9955-480x320.jpg 480w, https:\/\/revistacampus.uandes.cl\/2022\/wp-content\/uploads\/2022\/08\/MG_9955.jpg 1417w\" sizes=\"(max-width: 1024px) 100vw, 1024px\" \/><figcaption><br>El Centro Asistencial Docente de Kinesiolog\u00eda implementa atenci\u00f3n de pacientes con patolog\u00eda neurol\u00f3gica adulto y pacientes geri\u00e1tricos, a cargo de un kinesi\u00f3logo del \u00e1rea, y pacientes de neurolog\u00eda infanto juvenil.<\/figcaption><\/figure><\/div>\n\n\n<p>Es el caso de Kinesiolog\u00eda, carrera que aplica t\u00e9cnicas manuales y tratamientos y que requiere de praxis, adem\u00e1s de una familiarizaci\u00f3n con las entrevistas y encuentro con pacientes. \u201cNuestra <strong><a rel=\"noreferrer noopener\" href=\"https:\/\/www.uandes.cl\/centro-asistencial-docente-de-kinesiologia\/\" target=\"_blank\">Franja Cl\u00ednica <\/a><\/strong>es una pr\u00e1ctica que se hace desde los primeros a\u00f1os, as\u00ed, cuando los alumnos salen a sus distintos campos cl\u00ednicos ya tienen pr\u00e1ctica en su curr\u00edculum, en su memoria y en sus habilidades motrices\u201d, explica <strong><a href=\"https:\/\/www.uandes.cl\/personas\/oscar-migueles\/\" target=\"_blank\" rel=\"noreferrer noopener\">\u00d3scar Migueles<\/a><\/strong>, encargado de la Franja y acad\u00e9mico de la Escuela de Kinesiolog\u00eda.&nbsp;<\/p>\n\n\n\n<div class=\"aligncenter wp-block-ugb-icon ugb-icon ugb-fd0aebc ugb-icon--v2 ugb-icon--design-basic ugb-main-block\"><style>.ugb-fd0aebc .ugb-icon__icon .ugb-icon-inner-svg,.ugb-fd0aebc .ugb-icon__icon .ugb-icon-inner-svg svg{width:100px !important;height:100px !important}.ugb-fd0aebc .ugb-icon__icon .ugb-icon-inner-svg{color:#009a97 !important}.ugb-fd0aebc .ugb-icon__icon{margin-bottom:-18px !important}.ugb-fd0aebc .ugb-icon__icon .ugb-icon-inner-svg,.ugb-fd0aebc .ugb-icon__icon .ugb-icon-inner-svg svg *{color:#009a97 !important;fill:#009a97 !important}@media screen and (min-width:768px){.ugb-fd0aebc > .ugb-inner-block > .ugb-block-content > *{padding-top:0px !important;padding-bottom:0px !important;padding-right:0px !important;padding-left:0px !important}}<\/style><div class=\"ugb-inner-block\"><div class=\"ugb-block-content\"><div class=\"ugb-icon__content-wrapper\"><div class=\"ugb-icon__item ugb-icon__item1\"><div class=\"ugb-icon__icon\" rel=\"\"><div class=\"ugb-icon-inner-svg\"><svg class=\"ugb-custom-icon\" xmlns=\"http:\/\/www.w3.org\/2000\/svg\" viewBox=\"0 0 63.67 42.72\"><defs><style>.cls-1{fill:#d67c1c;}<\/style><\/defs><g id=\"Capa_2\" data-name=\"Capa 2\"><g id=\"Capa_1-2\" data-name=\"Capa 1\"><path class=\"cls-1\" d=\"M16.21,42.72c7.34,0,14.32-5.68,14.32-13.13s-5.32-12.67-12.9-12.67c-9,0-10.17-3.07-10.17-4.61C7.46,9,9.35,5.44,20.71,1.07L20.36,0C10.18,2.84,0,9.94,0,24.74c0,7.21,3.2,18,16.21,18m33.14,0c7.34,0,14.32-5.68,14.32-13.13s-5.32-12.67-12.9-12.67c-9,0-10.18-3.07-10.18-4.61,0-3.31,1.9-6.87,13.26-11.24L53.49,0C43.32,2.84,33.14,9.94,33.14,24.74c0,7.21,3.19,18,16.21,18\"><\/path><\/g><\/g><\/svg><\/div><\/div><\/div><\/div><\/div><\/div><\/div>\n\n\n\n<p class=\"has-text-align-center\"><strong><em>\u201cTrabajar con nuestros alumnos nos permite inculcar el sello UANDES. Esta es una de las principales caracter\u00edsticas que destacan los tutores de campos cl\u00ednicos, porque tratan de manera mucho m\u00e1s cercana al paciente\u201d.<\/em><\/strong><\/p>\n\n\n\n<p class=\"has-text-align-center\" style=\"font-size:15px\"><strong>Rosario Castro,<\/strong> acad\u00e9mica de la Escuela de Fonoaudiolog\u00eda<\/p>\n\n\n\n<p>A partir de este a\u00f1o, esta cuenta con un nuevo espacio de atenci\u00f3n disponible para la comunidad <strong><a href=\"https:\/\/www.uandes.cl\/\" target=\"_blank\" rel=\"noreferrer noopener\">UANDES<\/a><\/strong> y p\u00fablico externo. \u201cEs un beneficio muy positivo, porque no solo se pueden rehabilitar en un ambiente seguro y con buenas instalaciones, sino que tambi\u00e9n desarrollan un lazo con los alumnos, en un ambiente de encuentro para muchos funcionarios, potenciando sus ganas de venir a kinesiolog\u00eda y comprometi\u00e9ndose a\u00fan m\u00e1s con el tratamiento\u201d, agrega Trinidad Grassi, acad\u00e9mica de la Escuela de Kinesiolog\u00eda, acerca de estos servicios brindados por las carreras de la salud.<\/p>\n\n\n\n<h4 class=\"wp-block-heading\"><strong><span style=\"color: #009a97;\" class=\"ugb-highlight\">UN BENEFICIO A LA COMUNIDAD<\/span><\/strong><\/h4>\n\n\n\n<p>En el caso de <strong><a href=\"https:\/\/www.uandes.cl\/carrera\/terapia-ocupacional\/\" target=\"_blank\" rel=\"noreferrer noopener\">Terapia Ocupacional,<\/a><\/strong> la iniciativa surge con el objetivo de entregar atenci\u00f3n gratuita y de calidad a menores que requieren de tratamiento. Adem\u00e1s, este a\u00f1o se firm\u00f3 un convenio con el Departamento de Discapacidad de la Municipalidad de Las Condes, para trabajar como parte de la red de derivaci\u00f3n, y recibir as\u00ed a seis ni\u00f1os que estaban en lista de espera. <\/p>\n\n\n\n<p>\u201cEste es un proceso en el que todos ganamos. Los alumnos tienen la posibilidad de hacer sus pr\u00e1cticas profesionales e internados en el mismo ambiente donde han estudiado y dando un muy buen servicio a la comunidad\u201d, comenta <strong><a href=\"https:\/\/www.uandes.cl\/personas\/ximena-ulloa-fluxa\/\" target=\"_blank\" rel=\"noreferrer noopener\">Ximena Ulloa<\/a><\/strong>, acad\u00e9mica de la Escuela de Terapia Ocupacional y profesora a cargo del <strong><a href=\"https:\/\/www.uandes.cl\/centro-docente-asistencial\/\" target=\"_blank\" rel=\"noreferrer noopener\">Centro Asistencial Docente<\/a><\/strong>, que tambi\u00e9n ofrece este servicio a los miembros de la comunidad universitaria.<\/p>\n\n\n\n<div class=\"alignfull wp-block-ugb-container ugb-container borde ugb-3f8b812 ugb-container--v2 ugb-container--design-plain ugb-main-block ugb-main-block--inner-center ugb--has-block-background\"><style>.ugb-3f8b812{padding:0 !important}<\/style><div class=\"ugb-inner-block ugb-inner-block--center\"><div class=\"ugb-block-content\"><div class=\"ugb-container__wrapper ugb-3f8b812-wrapper\"><div class=\"ugb-container__side\"><div class=\"ugb-container__content-wrapper ugb-3f8b812-content-wrapper\">\n<div class=\"aligncenter wp-block-ugb-columns ugb-columns ugb-347ed6e ugb-columns--design-plain ugb-columns--columns-2 ugb-main-block\"><style>.ugb-347ed6e > .ugb-inner-block > .ugb-block-content > .ugb-columns__item{grid-template-columns:1.10fr 0.90fr !important}.ugb-347ed6e-content-wrapper > .ugb-column{align-items:center !important}.ugb-347ed6e-content-wrapper > .ugb-column > .ugb-inner-block{height:auto !important}<\/style><div class=\"ugb-inner-block\"><div class=\"ugb-block-content\"><div class=\"ugb-columns__item ugb-347ed6e-content-wrapper\">\n<div class=\"wp-block-ugb-column ugb-column ugb-ba45d2b ugb-column--design-plain ugb-main-block\"><div class=\"ugb-inner-block\"><div class=\"ugb-block-content\"><div class=\"ugb-column__item ugb-ba45d2b-column-wrapper\"><div class=\"ugb-column__content-wrapper\">\n<figure class=\"wp-block-image size-large\"><img decoding=\"async\" loading=\"lazy\" width=\"1024\" height=\"683\" src=\"https:\/\/revistacampus.uandes.cl\/2022\/wp-content\/uploads\/2022\/08\/MG_8676-1024x683.jpg\" alt=\"\" class=\"wp-image-6941\" srcset=\"https:\/\/revistacampus.uandes.cl\/2022\/wp-content\/uploads\/2022\/08\/MG_8676-1024x683.jpg 1024w, https:\/\/revistacampus.uandes.cl\/2022\/wp-content\/uploads\/2022\/08\/MG_8676-300x200.jpg 300w, https:\/\/revistacampus.uandes.cl\/2022\/wp-content\/uploads\/2022\/08\/MG_8676-768x512.jpg 768w, https:\/\/revistacampus.uandes.cl\/2022\/wp-content\/uploads\/2022\/08\/MG_8676-720x480.jpg 720w, https:\/\/revistacampus.uandes.cl\/2022\/wp-content\/uploads\/2022\/08\/MG_8676-480x320.jpg 480w, https:\/\/revistacampus.uandes.cl\/2022\/wp-content\/uploads\/2022\/08\/MG_8676.jpg 1417w\" sizes=\"(max-width: 1024px) 100vw, 1024px\" \/><figcaption>La Franja Cl\u00ednica de Fonoaudiolog\u00eda ofrece atenci\u00f3n gratuita tanto a la comunidad UANDES como al p\u00fablico general.<\/figcaption><\/figure>\n<\/div><\/div><\/div><\/div><\/div>\n\n\n\n<div class=\"wp-block-ugb-column ugb-column ugb-e23b3aa ugb-column--design-plain ugb-main-block\"><div class=\"ugb-inner-block\"><div class=\"ugb-block-content\"><div class=\"ugb-column__item ugb-e23b3aa-column-wrapper\"><div class=\"ugb-column__content-wrapper\">\n<p class=\"has-text-align-left\">Esta iniciativa se replica en Fonoaudiolog\u00eda, por lo que estudiantes y acad\u00e9micos ofrecen tratamiento especializado en degluci\u00f3n, lenguaje en adultos y ni\u00f1os, voz y audiolog\u00eda, entre otros. \u201cEsta Franja permite que los estudiantes se conecten desde m\u00e1s j\u00f3venes con el quehacer de la fonoaudiolog\u00eda, se sienten m\u00e1s en el rol del fonoaudi\u00f3logo, m\u00e1s capacitados y generan otras capacidades, como habilidades blandas\u201d, comenta<strong><a href=\"https:\/\/www.uandes.cl\/personas\/rosario-castro-b\/\" target=\"_blank\" rel=\"noreferrer noopener\"> Rosario Castro<\/a><\/strong>, acad\u00e9mica de la Escuela de Fonoaudiolog\u00eda.<\/p>\n<\/div><\/div><\/div><\/div><\/div>\n<\/div><\/div><\/div><\/div>\n<\/div><\/div><\/div><\/div><\/div><\/div>\n\n\n\n<div class=\"wp-block-ugb-columns ugb-columns ugb-0c58c24 ugb-columns--design-plain ugb-columns--columns-2 ugb-main-block\"><style>.ugb-0c58c24 > .ugb-inner-block > .ugb-block-content > .ugb-columns__item{grid-template-columns:0.20fr 1.80fr !important}<\/style><div class=\"ugb-inner-block\"><div class=\"ugb-block-content\"><div class=\"ugb-columns__item ugb-0c58c24-content-wrapper\">\n<div class=\"wp-block-ugb-column ugb-column ugb-27bb8d2 ugb-column--design-plain ugb-main-block\"><div class=\"ugb-inner-block\"><div class=\"ugb-block-content\"><div class=\"ugb-column__item ugb-27bb8d2-column-wrapper\"><div class=\"ugb-column__content-wrapper\">\n<figure class=\"wp-block-image size-full\"><img decoding=\"async\" loading=\"lazy\" width=\"600\" height=\"815\" src=\"https:\/\/revistacampus.uandes.cl\/2022\/wp-content\/uploads\/2022\/08\/elemento-1png.png\" alt=\"\" class=\"wp-image-7123\" srcset=\"https:\/\/revistacampus.uandes.cl\/2022\/wp-content\/uploads\/2022\/08\/elemento-1png.png 600w, https:\/\/revistacampus.uandes.cl\/2022\/wp-content\/uploads\/2022\/08\/elemento-1png-221x300.png 221w, https:\/\/revistacampus.uandes.cl\/2022\/wp-content\/uploads\/2022\/08\/elemento-1png-480x652.png 480w\" sizes=\"(max-width: 600px) 100vw, 600px\" \/><\/figure>\n<\/div><\/div><\/div><\/div><\/div>\n\n\n\n<div class=\"wp-block-ugb-column ugb-column ugb-b943864 ugb-column--design-plain ugb-main-block\"><div class=\"ugb-inner-block\"><div class=\"ugb-block-content\"><div class=\"ugb-column__item ugb-b943864-column-wrapper\"><div class=\"ugb-column__content-wrapper\">\n<p class=\"has-text-align-left\"><strong><em>La Escuela de Kinesiolog\u00eda est\u00e1 en proceso para la firma de un convenio con la Municipalidad de Las Condes y la Fundaci\u00f3n UANDES para la atenci\u00f3n de personas en situaci\u00f3n de vulnerabilidad.<\/em><\/strong><\/p>\n<\/div><\/div><\/div><\/div><\/div>\n<\/div><\/div><\/div><\/div>\n\n\n\n<div class=\"wp-block-ugb-columns ugb-columns ugb-925a448 ugb-columns--design-plain ugb-columns--columns-2 ugb-main-block\"><style>.ugb-925a448 > .ugb-inner-block > .ugb-block-content > .ugb-columns__item{grid-template-columns:1.20fr 0.80fr !important}.ugb-925a448-content-wrapper > .ugb-column{align-items:center !important}.ugb-925a448-content-wrapper > .ugb-column > .ugb-inner-block{height:auto !important}<\/style><div class=\"ugb-inner-block\"><div class=\"ugb-block-content\"><div class=\"ugb-columns__item ugb-925a448-content-wrapper\">\n<div class=\"wp-block-ugb-column ugb-column ugb-36c231c ugb-column--design-plain ugb-main-block\"><div class=\"ugb-inner-block\"><div class=\"ugb-block-content\"><div class=\"ugb-column__item ugb-36c231c-column-wrapper\"><div class=\"ugb-column__content-wrapper\">\n<p>El trato con el paciente y el respeto por su dignidad es el foco que se busca transmitir en la Universidad, y contar con campos cl\u00ednicos propios ha favorecido inculcar este sello en los alumnos. \u201cSiempre nos han visto en nuestro rol docente, as\u00ed que vernos ahora en nuestro rol cl\u00ednico ha sido s\u00faper valorado por ellos. Sabemos que, pasando por ocho semanas de internado o las diez de menci\u00f3n, los alumnos adquieren una formaci\u00f3n \u00fanica, en la que destaca el trato con los pacientes\u201d, a\u00f1ade la terapeuta ocupacional Ximena Ulloa.<\/p>\n<\/div><\/div><\/div><\/div><\/div>\n\n\n\n<div class=\"wp-block-ugb-column ugb-column ugb-37afd7f ugb-column--design-plain ugb-main-block\"><div class=\"ugb-inner-block\"><div class=\"ugb-block-content\"><div class=\"ugb-column__item ugb-37afd7f-column-wrapper\"><div class=\"ugb-column__content-wrapper\">\n<div class=\"wp-block-stackable-count-up stk-block-count-up stk-block stk-4e4b509\" data-block-id=\"4e4b509\"><style>.stk-4e4b509{margin-bottom:5px !important}.stk-4e4b509 .stk-block-count-up__text{font-size:80px !important;color:#009a97 !important}@media screen and (max-width:1023px){.stk-4e4b509 .stk-block-count-up__text{font-size:50px !important}}<\/style><div class=\"stk-block-count-up__text has-text-color has-text-align-center\">+<strong>400<\/strong><\/div><\/div>\n\n\n\n<p class=\"has-text-align-center\">atenciones en 2021 realizaron los estudiantes de las cuatro carreras en el campus<\/p>\n<\/div><\/div><\/div><\/div><\/div>\n<\/div><\/div><\/div><\/div>\n\n\n\n<div class=\"alignfull wp-block-ugb-container ugb-container borde ugb-76b82de ugb-container--v2 ugb-container--design-plain ugb-main-block ugb-main-block--inner-center ugb--has-block-background\"><style>.ugb-76b82de.ugb-container{background-color:#ffffff}.ugb-76b82de{padding:0 !important}.ugb-76b82de.ugb-container:before{background-color:#ffffff}<\/style><div class=\"ugb-inner-block ugb-inner-block--center\"><div class=\"ugb-block-content\"><div class=\"ugb-container__wrapper ugb-76b82de-wrapper\"><div class=\"ugb-container__side\"><div class=\"ugb-container__content-wrapper ugb-76b82de-content-wrapper\">\n<div class=\"wp-block-columns is-layout-flex wp-container-3 wp-block-columns-is-layout-flex\">\n<div class=\"wp-block-column is-layout-flow wp-block-column-is-layout-flow\">\n<figure class=\"wp-block-image size-large\"><img decoding=\"async\" loading=\"lazy\" width=\"1024\" height=\"683\" src=\"https:\/\/revistacampus.uandes.cl\/2022\/wp-content\/uploads\/2022\/08\/MG_0341-1024x683.jpg\" alt=\"\" class=\"wp-image-7121\" srcset=\"https:\/\/revistacampus.uandes.cl\/2022\/wp-content\/uploads\/2022\/08\/MG_0341-1024x683.jpg 1024w, https:\/\/revistacampus.uandes.cl\/2022\/wp-content\/uploads\/2022\/08\/MG_0341-300x200.jpg 300w, https:\/\/revistacampus.uandes.cl\/2022\/wp-content\/uploads\/2022\/08\/MG_0341-768x512.jpg 768w, https:\/\/revistacampus.uandes.cl\/2022\/wp-content\/uploads\/2022\/08\/MG_0341-720x480.jpg 720w, https:\/\/revistacampus.uandes.cl\/2022\/wp-content\/uploads\/2022\/08\/MG_0341-480x320.jpg 480w, https:\/\/revistacampus.uandes.cl\/2022\/wp-content\/uploads\/2022\/08\/MG_0341.jpg 1417w\" sizes=\"(max-width: 1024px) 100vw, 1024px\" \/><\/figure>\n<\/div>\n\n\n\n<div class=\"wp-block-column is-layout-flow wp-block-column-is-layout-flow\">\n<figure class=\"wp-block-image size-large\"><img decoding=\"async\" loading=\"lazy\" width=\"1024\" height=\"683\" src=\"https:\/\/revistacampus.uandes.cl\/2022\/wp-content\/uploads\/2022\/08\/MG_0488-1024x683.jpg\" alt=\"\" class=\"wp-image-7122\" srcset=\"https:\/\/revistacampus.uandes.cl\/2022\/wp-content\/uploads\/2022\/08\/MG_0488-1024x683.jpg 1024w, https:\/\/revistacampus.uandes.cl\/2022\/wp-content\/uploads\/2022\/08\/MG_0488-300x200.jpg 300w, https:\/\/revistacampus.uandes.cl\/2022\/wp-content\/uploads\/2022\/08\/MG_0488-768x512.jpg 768w, https:\/\/revistacampus.uandes.cl\/2022\/wp-content\/uploads\/2022\/08\/MG_0488-720x480.jpg 720w, https:\/\/revistacampus.uandes.cl\/2022\/wp-content\/uploads\/2022\/08\/MG_0488-480x320.jpg 480w, https:\/\/revistacampus.uandes.cl\/2022\/wp-content\/uploads\/2022\/08\/MG_0488.jpg 1417w\" sizes=\"(max-width: 1024px) 100vw, 1024px\" \/><\/figure>\n<\/div>\n<\/div>\n\n\n\n<p class=\"has-text-align-center\"><em>El Centro Asistencial Docente (CAD) comenz\u00f3 como una instancia de atenci\u00f3n gratuita para ni\u00f1os de 0 a 12 a\u00f1os, y sus familias o cuidadores, que hayan sido derivados a evaluaci\u00f3n de Terapia Ocupacional.<\/em><\/p>\n<\/div><\/div><\/div><\/div><\/div><\/div>\n\n\n\n<div class=\"wp-block-ugb-columns ugb-columns ugb-0022d49 ugb-columns--design-plain ugb-columns--columns-2 ugb-main-block\"><style>.ugb-0022d49-content-wrapper > .ugb-column{align-items:flex-start !important}.ugb-0022d49-content-wrapper > .ugb-column > .ugb-inner-block{height:auto !important}<\/style><div class=\"ugb-inner-block\"><div class=\"ugb-block-content\"><div class=\"ugb-columns__item ugb-0022d49-content-wrapper\">\n<div class=\"wp-block-ugb-column ugb-column ugb-85c0b42 ugb-column--design-plain ugb-main-block\"><div class=\"ugb-inner-block\"><div class=\"ugb-block-content\"><div class=\"ugb-column__item ugb-85c0b42-column-wrapper\"><div class=\"ugb-column__content-wrapper\">\n<h4 class=\"wp-block-heading\"><strong><span style=\"color: #009a97;\" class=\"ugb-highlight\">PLAN DE EDUCACI\u00d3N NUTRICIONAL<\/span><\/strong><\/h4>\n\n\n\n<p>La obesidad y malos h\u00e1bitos alimenticios han evidenciado la necesidad de educaci\u00f3n nutricional. En este sentido, la Escuela de Nutrici\u00f3n y Diet\u00e9tica busca generar conciencia sobre la importancia de la alimentaci\u00f3n, a trav\u00e9s de <strong><a href=\"https:\/\/open.spotify.com\/playlist\/23yAONMLn1kMguE3uVYIRg\" target=\"_blank\" rel=\"noreferrer noopener\">podcast<\/a><\/strong>, charlas y clases de cocina, adem\u00e1s de atenciones nutricionales gratuitas.<\/p>\n<\/div><\/div><\/div><\/div><\/div>\n\n\n\n<div class=\"wp-block-ugb-column ugb-column ugb-e284bbd ugb-column--design-plain ugb-main-block\"><style>.ugb-e284bbd > .ugb-inner-block > .ugb-block-content > *{justify-content:center !important}<\/style><div class=\"ugb-inner-block\"><div class=\"ugb-block-content\"><div class=\"ugb-column__item ugb-e284bbd-column-wrapper\"><div class=\"ugb-column__content-wrapper\">\n<figure class=\"wp-block-image size-large\"><img decoding=\"async\" loading=\"lazy\" width=\"1024\" height=\"683\" src=\"https:\/\/revistacampus.uandes.cl\/2022\/wp-content\/uploads\/2022\/08\/MG_6012-1024x683.jpg\" alt=\"\" class=\"wp-image-7125\" srcset=\"https:\/\/revistacampus.uandes.cl\/2022\/wp-content\/uploads\/2022\/08\/MG_6012-1024x683.jpg 1024w, https:\/\/revistacampus.uandes.cl\/2022\/wp-content\/uploads\/2022\/08\/MG_6012-300x200.jpg 300w, https:\/\/revistacampus.uandes.cl\/2022\/wp-content\/uploads\/2022\/08\/MG_6012-768x512.jpg 768w, https:\/\/revistacampus.uandes.cl\/2022\/wp-content\/uploads\/2022\/08\/MG_6012-720x480.jpg 720w, https:\/\/revistacampus.uandes.cl\/2022\/wp-content\/uploads\/2022\/08\/MG_6012-480x320.jpg 480w, https:\/\/revistacampus.uandes.cl\/2022\/wp-content\/uploads\/2022\/08\/MG_6012.jpg 1417w\" sizes=\"(max-width: 1024px) 100vw, 1024px\" \/><figcaption>Adem\u00e1s de atenciones nutricionales gratuitas, la Escuela de Nutrici\u00f3n y Diet\u00e9tica realiza charlas y clases de cocina, y podcast sobre alimentaci\u00f3n saludable, disponibles en el canal de Spotify UANDES.<\/figcaption><\/figure>\n<\/div><\/div><\/div><\/div><\/div>\n<\/div><\/div><\/div><\/div>\n\n\n\n<p>\u201cAqu\u00ed los alumnos pueden ir reconociendo y aplicando lo visto en clases en los pacientes, adem\u00e1s contribuye a que tengan m\u00e1s experiencia desde una etapa m\u00e1s inicial de la carrera, lo que aumenta su aprendizaje y su motivaci\u00f3n\u201d, explica <strong><a href=\"https:\/\/www.uandes.cl\/personas\/sofia-sutherland-borja\/\" target=\"_blank\" rel=\"noreferrer noopener\">Sof\u00eda Sutherland<\/a><\/strong>, acad\u00e9mica de la Escuela y gestora de la Franja Nutricional.<\/p>\n\n\n\n<p>Alimentarse de manera sana es una habilidad fundamental para la vida de todas las personas. \u201cEsta es nuestra forma de aportar a la sociedad, promover una mejor salud, fomentar h\u00e1bitos de alimentaci\u00f3n saludable y prevenir y tratar patolog\u00edas de origen nutricional\u201d, concluye Sof\u00eda.<\/p>\n\n\n\n<p class=\"has-text-align-left\" style=\"font-size:15px\">Por: <a href=\"https:\/\/www.uandes.cl\/personas\/florencia-moya\/\" target=\"_blank\" rel=\"noreferrer noopener\">Florencia Moya<\/a><\/p>\n","protected":false},"excerpt":{"rendered":"<p>Estudiantes de Nutrici\u00f3n y Diet\u00e9tica, Kinesiolog\u00eda, Terapia Ocupacional y Fonoaudiolog\u00eda entregan atenci\u00f3n gratuita a p\u00fablicos internos y externos en el campus, en una relaci\u00f3n con beneficios rec\u00edprocos. Las cuarentenas y atenciones m\u00e9dicas a distancia obligaron a suspender varias actividades de los alumnos, lo que hizo necesario buscar espacios que permitieran dar continuidad a sus pr\u00e1cticas y al trato directo de pacientes. As\u00ed, las carreras de Nutrici\u00f3n y Diet\u00e9tica, Kinesiolog\u00eda, Terapia Ocupacional y Fonoaudiolog\u00eda implementaron las Franjas Cl\u00ednicas, que han permitido a sus estudiantes atender pacientes dentro del campus.&nbsp; Es el caso de Kinesiolog\u00eda, carrera que aplica t\u00e9cnicas manuales y tratamientos<\/p>\n","protected":false},"author":2,"featured_media":7120,"comment_status":"open","ping_status":"open","sticky":false,"template":"","format":"standard","meta":{"inline_featured_image":false,"_mi_skip_tracking":false,"_monsterinsights_sitenote_active":false,"_monsterinsights_sitenote_note":"","_monsterinsights_sitenote_category":0,"footnotes":""},"categories":[49],"tags":[],"featured_image_urls":{"full":["https:\/\/revistacampus.uandes.cl\/2022\/wp-content\/uploads\/2022\/08\/MG_0048.jpg",1417,945,false],"thumbnail":["https:\/\/revistacampus.uandes.cl\/2022\/wp-content\/uploads\/2022\/08\/MG_0048-150x150.jpg",150,150,true],"medium":["https:\/\/revistacampus.uandes.cl\/2022\/wp-content\/uploads\/2022\/08\/MG_0048-300x200.jpg",300,200,true],"medium_large":["https:\/\/revistacampus.uandes.cl\/2022\/wp-content\/uploads\/2022\/08\/MG_0048-768x512.jpg",768,512,true],"large":["https:\/\/revistacampus.uandes.cl\/2022\/wp-content\/uploads\/2022\/08\/MG_0048-1024x683.jpg",1024,683,true],"1536x1536":["https:\/\/revistacampus.uandes.cl\/2022\/wp-content\/uploads\/2022\/08\/MG_0048.jpg",1417,945,false],"2048x2048":["https:\/\/revistacampus.uandes.cl\/2022\/wp-content\/uploads\/2022\/08\/MG_0048.jpg",1417,945,false],"thumbnail-medium":["https:\/\/revistacampus.uandes.cl\/2022\/wp-content\/uploads\/2022\/08\/MG_0048-480x384.jpg",480,384,true],"thumbnail-square":["https:\/\/revistacampus.uandes.cl\/2022\/wp-content\/uploads\/2022\/08\/MG_0048-480x480.jpg",480,480,true],"thumbnail-portrait":["https:\/\/revistacampus.uandes.cl\/2022\/wp-content\/uploads\/2022\/08\/MG_0048-480x600.jpg",480,600,true],"thumbnail-large":["https:\/\/revistacampus.uandes.cl\/2022\/wp-content\/uploads\/2022\/08\/MG_0048-720x480.jpg",720,480,true],"thumbnail-medium-nocrop":["https:\/\/revistacampus.uandes.cl\/2022\/wp-content\/uploads\/2022\/08\/MG_0048-480x320.jpg",480,320,true]},"post_excerpt_stackable":"<p>Estudiantes de Nutrici\u00f3n y Diet\u00e9tica, Kinesiolog\u00eda, Terapia Ocupacional y Fonoaudiolog\u00eda entregan atenci\u00f3n gratuita a p\u00fablicos internos y externos en el campus, en una relaci\u00f3n con beneficios rec\u00edprocos. Las cuarentenas y atenciones m\u00e9dicas a distancia obligaron a suspender varias actividades de los alumnos, lo que hizo necesario buscar espacios que permitieran dar continuidad a sus pr\u00e1cticas y al trato directo de pacientes. As\u00ed, las carreras de Nutrici\u00f3n y Diet\u00e9tica, Kinesiolog\u00eda, Terapia Ocupacional y Fonoaudiolog\u00eda implementaron las Franjas Cl\u00ednicas, que han permitido a sus estudiantes atender pacientes dentro del campus.&nbsp; El Centro Asistencial Docente de Kinesiolog\u00eda implementa atenci\u00f3n de pacientes con patolog\u00eda&hellip;<\/p>\n","category_list":"<a href=\"https:\/\/revistacampus.uandes.cl\/2022\/category\/salud-para-el-futuro\/\" rel=\"category tag\">Salud para el futuro<\/a>","author_info":{"name":"Revista Campus","url":"https:\/\/revistacampus.uandes.cl\/2022\/author\/campus2020\/"},"comments_num":"0 comments","featured_image_urls_v2":{"full":["https:\/\/revistacampus.uandes.cl\/2022\/wp-content\/uploads\/2022\/08\/MG_0048.jpg",1417,945,false],"thumbnail":["https:\/\/revistacampus.uandes.cl\/2022\/wp-content\/uploads\/2022\/08\/MG_0048-150x150.jpg",150,150,true],"medium":["https:\/\/revistacampus.uandes.cl\/2022\/wp-content\/uploads\/2022\/08\/MG_0048-300x200.jpg",300,200,true],"medium_large":["https:\/\/revistacampus.uandes.cl\/2022\/wp-content\/uploads\/2022\/08\/MG_0048-768x512.jpg",768,512,true],"large":["https:\/\/revistacampus.uandes.cl\/2022\/wp-content\/uploads\/2022\/08\/MG_0048-1024x683.jpg",1024,683,true],"1536x1536":["https:\/\/revistacampus.uandes.cl\/2022\/wp-content\/uploads\/2022\/08\/MG_0048.jpg",1417,945,false],"2048x2048":["https:\/\/revistacampus.uandes.cl\/2022\/wp-content\/uploads\/2022\/08\/MG_0048.jpg",1417,945,false],"thumbnail-medium":["https:\/\/revistacampus.uandes.cl\/2022\/wp-content\/uploads\/2022\/08\/MG_0048-480x384.jpg",480,384,true],"thumbnail-square":["https:\/\/revistacampus.uandes.cl\/2022\/wp-content\/uploads\/2022\/08\/MG_0048-480x480.jpg",480,480,true],"thumbnail-portrait":["https:\/\/revistacampus.uandes.cl\/2022\/wp-content\/uploads\/2022\/08\/MG_0048-480x600.jpg",480,600,true],"thumbnail-large":["https:\/\/revistacampus.uandes.cl\/2022\/wp-content\/uploads\/2022\/08\/MG_0048-720x480.jpg",720,480,true],"thumbnail-medium-nocrop":["https:\/\/revistacampus.uandes.cl\/2022\/wp-content\/uploads\/2022\/08\/MG_0048-480x320.jpg",480,320,true]},"post_excerpt_stackable_v2":"<p>Estudiantes de Nutrici\u00f3n y Diet\u00e9tica, Kinesiolog\u00eda, Terapia Ocupacional y Fonoaudiolog\u00eda entregan atenci\u00f3n gratuita a p\u00fablicos internos y externos en el campus, en una relaci\u00f3n con beneficios rec\u00edprocos. Las cuarentenas y atenciones m\u00e9dicas a distancia obligaron a suspender varias actividades de los alumnos, lo que hizo necesario buscar espacios que permitieran dar continuidad a sus pr\u00e1cticas y al trato directo de pacientes. As\u00ed, las carreras de Nutrici\u00f3n y Diet\u00e9tica, Kinesiolog\u00eda, Terapia Ocupacional y Fonoaudiolog\u00eda implementaron las Franjas Cl\u00ednicas, que han permitido a sus estudiantes atender pacientes dentro del campus.&nbsp; El Centro Asistencial Docente de Kinesiolog\u00eda implementa atenci\u00f3n de pacientes con patolog\u00eda&hellip;<\/p>\n","category_list_v2":"<a href=\"https:\/\/revistacampus.uandes.cl\/2022\/category\/salud-para-el-futuro\/\" rel=\"category tag\">Salud para el futuro<\/a>","author_info_v2":{"name":"Revista Campus","url":"https:\/\/revistacampus.uandes.cl\/2022\/author\/campus2020\/"},"comments_num_v2":"0 comments","_links":{"self":[{"href":"https:\/\/revistacampus.uandes.cl\/2022\/wp-json\/wp\/v2\/posts\/6581"}],"collection":[{"href":"https:\/\/revistacampus.uandes.cl\/2022\/wp-json\/wp\/v2\/posts"}],"about":[{"href":"https:\/\/revistacampus.uandes.cl\/2022\/wp-json\/wp\/v2\/types\/post"}],"author":[{"embeddable":true,"href":"https:\/\/revistacampus.uandes.cl\/2022\/wp-json\/wp\/v2\/users\/2"}],"replies":[{"embeddable":true,"href":"https:\/\/revistacampus.uandes.cl\/2022\/wp-json\/wp\/v2\/comments?post=6581"}],"version-history":[{"count":31,"href":"https:\/\/revistacampus.uandes.cl\/2022\/wp-json\/wp\/v2\/posts\/6581\/revisions"}],"predecessor-version":[{"id":8190,"href":"https:\/\/revistacampus.uandes.cl\/2022\/wp-json\/wp\/v2\/posts\/6581\/revisions\/8190"}],"wp:featuredmedia":[{"embeddable":true,"href":"https:\/\/revistacampus.uandes.cl\/2022\/wp-json\/wp\/v2\/media\/7120"}],"wp:attachment":[{"href":"https:\/\/revistacampus.uandes.cl\/2022\/wp-json\/wp\/v2\/media?parent=6581"}],"wp:term":[{"taxonomy":"category","embeddable":true,"href":"https:\/\/revistacampus.uandes.cl\/2022\/wp-json\/wp\/v2\/categories?post=6581"},{"taxonomy":"post_tag","embeddable":true,"href":"https:\/\/revistacampus.uandes.cl\/2022\/wp-json\/wp\/v2\/tags?post=6581"}],"curies":[{"name":"wp","href":"https:\/\/api.w.org\/{rel}","templated":true}]}}