{"id":6578,"date":"2022-07-01T18:10:00","date_gmt":"2022-07-01T22:10:00","guid":{"rendered":"https:\/\/revistacampus.uandes.cl\/2022\/?p=6578"},"modified":"2022-09-08T10:43:47","modified_gmt":"2022-09-08T14:43:47","slug":"destacados-cesa","status":"publish","type":"post","link":"https:\/\/revistacampus.uandes.cl\/2022\/destacados-cesa\/","title":{"rendered":"Destacados CESA"},"content":{"rendered":"\n<div style=\"height:50px\" aria-hidden=\"true\" class=\"wp-block-spacer\"><\/div>\n\n\n\n<div class=\"wp-block-stackable-separator alignfull stk-block-separator stk--no-padding stk-block stk-7a95aa3\" data-block-id=\"7a95aa3\"><style>.stk-7a95aa3{transform:scaleX(-1) scaleY(-1) !important}.stk-7a95aa3 svg{fill:#000000 !important;filter:none !important}.stk-7a95aa3 .stk-block-separator__inner{height:50px !important}<\/style><div class=\"stk-block-separator__inner\"><svg xmlns=\"http:\/\/www.w3.org\/2000\/svg\" viewBox=\"0 0 1600 200\" class=\"stk-separator__layer-1\" preserveAspectRatio=\"none\" aria-hidden=\"true\"><path d=\"M-10 210h1620V105.2H-10z\"><\/path><\/svg><\/div><\/div>\n\n\n\n<div class=\"alignfull wp-block-ugb-container ugb-container borde ugb-88947e0 ugb-container--v2 ugb-container--design-plain ugb-main-block ugb-main-block--inner-center ugb--has-block-background\"><style>.ugb-88947e0.ugb-container{background-color:#ffffff}.ugb-88947e0.ugb-container:before{background-color:#ffffff}@media screen and (min-width:768px){.ugb-88947e0.ugb-container{padding-top:0px !important;padding-right:35px !important;padding-bottom:0px !important;padding-left:35px !important}}@media screen and (min-width:768px){.ugb-88947e0 > .ugb-inner-block > .ugb-block-content > *{padding-top:0px !important}}<\/style><div class=\"ugb-inner-block ugb-inner-block--center\"><div class=\"ugb-block-content\"><div class=\"ugb-container__wrapper ugb-88947e0-wrapper\"><div class=\"ugb-container__side\"><div class=\"ugb-container__content-wrapper ugb-88947e0-content-wrapper\">\n<div class=\"wp-block-ugb-columns ugb-columns ugb-2046239 ugb-columns--design-plain ugb-columns--columns-2 ugb-main-block\"><style>.ugb-2046239-content-wrapper > .ugb-column{align-items:center !important}.ugb-2046239-content-wrapper > .ugb-column > .ugb-inner-block{height:auto !important}<\/style><div class=\"ugb-inner-block\"><div class=\"ugb-block-content\"><div class=\"ugb-columns__item ugb-2046239-content-wrapper\">\n<div class=\"wp-block-ugb-column ugb-column ugb-6752662 ugb-column--design-plain ugb-main-block\"><div class=\"ugb-inner-block\"><div class=\"ugb-block-content\"><div class=\"ugb-column__item ugb-6752662-column-wrapper\"><div class=\"ugb-column__content-wrapper\">\n<h4 class=\"wp-block-heading\"><strong><span style=\"color: #0083d5;\" class=\"ugb-highlight\"><strong><span style=\"color: #0083d5;\" class=\"ugb-highlight\">Nueva especialidad de Dermatolog\u00eda<\/span><\/strong><\/span><\/strong><\/h4>\n\n\n\n<p class=\"has-text-align-left\">El <a rel=\"noreferrer noopener\" href=\"https:\/\/saluduandes.cl\/\" target=\"_blank\">Centro de Salud Universidad de los Andes<\/a> abri\u00f3 la <a rel=\"noreferrer noopener\" href=\"https:\/\/saluduandes.cl\/especialidades-medicina\/dermatologia\/\" target=\"_blank\">especialidad de Dermatolog\u00eda<\/a>, con el objetivo de contribuir a mejorar la calidad de vida y el bienestar f\u00edsico y psicol\u00f3gico de los pacientes que se ven afectados por las patolog\u00edas de la piel. De esta manera, durante el primer semestre de 2022, se <a rel=\"noreferrer noopener\" href=\"https:\/\/www.uandes.cl\/noticias\/nuevos-residentes-de-dermatologia-ingresan-al-cesa\/\" target=\"_blank\">inici\u00f3 el programa de postgrado de Dermatolog\u00eda<\/a> de la <a href=\"https:\/\/www.uandes.cl\/facultad\/facultad-de-medicina\/\" target=\"_blank\" rel=\"noreferrer noopener\">Facultad de Medicina<\/a>, ampliando as\u00ed las atenciones m\u00e9dicas del <strong>CESA<\/strong>, que actualmente ofrece un servicio de excelencia a los vecinos de San Bernardo en 20 especialidades m\u00e9dicas.<\/p>\n<\/div><\/div><\/div><\/div><\/div>\n\n\n\n<div class=\"wp-block-ugb-column ugb-column ugb-21f57a8 ugb-column--design-plain ugb-main-block\"><div class=\"ugb-inner-block\"><div class=\"ugb-block-content\"><div class=\"ugb-column__item ugb-21f57a8-column-wrapper\"><div class=\"ugb-column__content-wrapper\">\n<figure class=\"wp-block-image size-large\"><img decoding=\"async\" loading=\"lazy\" width=\"1024\" height=\"683\" src=\"https:\/\/revistacampus.uandes.cl\/2022\/wp-content\/uploads\/2022\/08\/doctor-removing-mole-with-laser-treatment-1024x683.jpg\" alt=\"\" class=\"wp-image-6895\" srcset=\"https:\/\/revistacampus.uandes.cl\/2022\/wp-content\/uploads\/2022\/08\/doctor-removing-mole-with-laser-treatment-1024x683.jpg 1024w, https:\/\/revistacampus.uandes.cl\/2022\/wp-content\/uploads\/2022\/08\/doctor-removing-mole-with-laser-treatment-300x200.jpg 300w, https:\/\/revistacampus.uandes.cl\/2022\/wp-content\/uploads\/2022\/08\/doctor-removing-mole-with-laser-treatment-768x512.jpg 768w, https:\/\/revistacampus.uandes.cl\/2022\/wp-content\/uploads\/2022\/08\/doctor-removing-mole-with-laser-treatment-1536x1024.jpg 1536w, https:\/\/revistacampus.uandes.cl\/2022\/wp-content\/uploads\/2022\/08\/doctor-removing-mole-with-laser-treatment-2048x1366.jpg 2048w, https:\/\/revistacampus.uandes.cl\/2022\/wp-content\/uploads\/2022\/08\/doctor-removing-mole-with-laser-treatment-720x480.jpg 720w, https:\/\/revistacampus.uandes.cl\/2022\/wp-content\/uploads\/2022\/08\/doctor-removing-mole-with-laser-treatment-480x320.jpg 480w\" sizes=\"(max-width: 1024px) 100vw, 1024px\" \/><\/figure>\n<\/div><\/div><\/div><\/div><\/div>\n<\/div><\/div><\/div><\/div>\n<\/div><\/div><\/div><\/div><\/div><\/div>\n\n\n\n<div class=\"alignfull wp-block-ugb-container ugb-container borde ugb-c985b50 ugb-container--v2 ugb-container--design-plain ugb-main-block ugb-main-block--inner-center ugb--has-block-background\"><style>.ugb-c985b50.ugb-container{background-color:#d4e6f7}.ugb-c985b50{padding:0 !important}.ugb-c985b50.ugb-container:before{background-color:#d4e6f7}<\/style><div class=\"ugb-inner-block ugb-inner-block--center\"><div class=\"ugb-block-content\"><div class=\"ugb-container__wrapper ugb-c985b50-wrapper\"><div class=\"ugb-container__side\"><div class=\"ugb-container__content-wrapper ugb-c985b50-content-wrapper\">\n<div class=\"wp-block-ugb-columns ugb-columns ugb-272a5c2 ugb-columns--design-plain ugb-columns--columns-2 ugb-main-block\"><style>.ugb-272a5c2-content-wrapper > .ugb-column{align-items:center !important}.ugb-272a5c2-content-wrapper > .ugb-column > .ugb-inner-block{height:auto !important}<\/style><div class=\"ugb-inner-block\"><div class=\"ugb-block-content\"><div class=\"ugb-columns__item ugb-272a5c2-content-wrapper\">\n<div class=\"wp-block-ugb-column ugb-column ugb-49bbe50 ugb-column--design-plain ugb-main-block\"><div class=\"ugb-inner-block\"><div class=\"ugb-block-content\"><div class=\"ugb-column__item ugb-49bbe50-column-wrapper\"><div class=\"ugb-column__content-wrapper\">\n<figure class=\"wp-block-image size-large\"><img decoding=\"async\" loading=\"lazy\" width=\"1024\" height=\"683\" src=\"https:\/\/revistacampus.uandes.cl\/2022\/wp-content\/uploads\/2022\/08\/MG_0706-1024x683.jpg\" alt=\"\" class=\"wp-image-6894\" srcset=\"https:\/\/revistacampus.uandes.cl\/2022\/wp-content\/uploads\/2022\/08\/MG_0706-1024x683.jpg 1024w, https:\/\/revistacampus.uandes.cl\/2022\/wp-content\/uploads\/2022\/08\/MG_0706-300x200.jpg 300w, https:\/\/revistacampus.uandes.cl\/2022\/wp-content\/uploads\/2022\/08\/MG_0706-768x512.jpg 768w, https:\/\/revistacampus.uandes.cl\/2022\/wp-content\/uploads\/2022\/08\/MG_0706-720x480.jpg 720w, https:\/\/revistacampus.uandes.cl\/2022\/wp-content\/uploads\/2022\/08\/MG_0706-480x320.jpg 480w, https:\/\/revistacampus.uandes.cl\/2022\/wp-content\/uploads\/2022\/08\/MG_0706.jpg 1417w\" sizes=\"(max-width: 1024px) 100vw, 1024px\" \/><\/figure>\n<\/div><\/div><\/div><\/div><\/div>\n\n\n\n<div class=\"wp-block-ugb-column ugb-column ugb-0739f8c ugb-column--design-plain ugb-main-block\"><div class=\"ugb-inner-block\"><div class=\"ugb-block-content\"><div class=\"ugb-column__item ugb-0739f8c-column-wrapper\"><div class=\"ugb-column__content-wrapper\">\n<h4 class=\"has-text-align-left wp-block-heading\"><strong><span style=\"color: #0083d5;\" class=\"ugb-highlight\">Salud Mental 2.0<\/span><\/strong><\/h4>\n\n\n\n<p class=\"has-text-align-left\">Con el fin de responder de manera integral al incremento de las patolog\u00edas de salud mental, especialmente debido a la pandemia, la <a href=\"https:\/\/www.uandes.cl\/carrera\/psicologia\/\" target=\"_blank\" rel=\"noreferrer noopener\">Escuela de Psicolog\u00eda<\/a>, la <a href=\"https:\/\/www.uandes.cl\/facultad\/facultad-de-medicina\/\" target=\"_blank\" rel=\"noreferrer noopener\">Facultad de Medicina<\/a> y el <a href=\"http:\/\/www.saluduandes.cl\" target=\"_blank\" rel=\"noreferrer noopener\">CESA <\/a>est\u00e1n impulsando la iniciativa \u201c<strong>Unidad de Salud Mental CESA 2.0<\/strong>\u201d, que apunta a aumentar la oferta de atenci\u00f3n ambulatoria y robustecer el enfoque multidisciplinario en San Bernardo.<\/p>\n\n\n\n<p class=\"has-text-align-left\">Basado en tales enfoques, el <strong>Programa de Neurodesarrollo de la <\/strong><a rel=\"noreferrer noopener\" href=\"https:\/\/saluduandes.cl\/especialidades-medicina\/unidad-de-salud-mental\/\" target=\"_blank\"><strong>Unidad de Salud Mental<\/strong><\/a> ha implementado tratamientos integrales con las especialidades de <a href=\"https:\/\/www.uandes.cl\/carrera\/terapia-ocupacional\/\" target=\"_blank\" rel=\"noreferrer noopener\">Terapia Ocupacional<\/a> y <a href=\"https:\/\/www.uandes.cl\/carrera\/fonoaudiologia\/\" target=\"_blank\" rel=\"noreferrer noopener\">Fonoaudiolog\u00eda<\/a>, luego de una exhaustiva evaluaci\u00f3n desarrollada por especialistas en neuropsicolog\u00eda.<\/p>\n<\/div><\/div><\/div><\/div><\/div>\n<\/div><\/div><\/div><\/div>\n<\/div><\/div><\/div><\/div><\/div><\/div>\n\n\n\n<div class=\"alignfull wp-block-ugb-container ugb-container borde ugb-f415c41 ugb-container--v2 ugb-container--design-plain ugb-main-block ugb-main-block--inner-center ugb--has-block-background\"><style>.ugb-f415c41.ugb-container{background-color:#ffffff}.ugb-f415c41.ugb-container:before{background-color:#ffffff}@media screen and (min-width:768px){.ugb-f415c41.ugb-container{padding-right:35px !important;padding-bottom:0px !important;padding-left:35px !important}}<\/style><div class=\"ugb-inner-block ugb-inner-block--center\"><div class=\"ugb-block-content\"><div class=\"ugb-container__wrapper ugb-f415c41-wrapper\"><div class=\"ugb-container__side\"><div class=\"ugb-container__content-wrapper ugb-f415c41-content-wrapper\">\n<div class=\"wp-block-ugb-columns ugb-columns ugb-6614b7e ugb-columns--design-plain ugb-columns--columns-2 ugb-main-block\"><style>.ugb-6614b7e-content-wrapper > .ugb-column{align-items:center !important}.ugb-6614b7e-content-wrapper > .ugb-column > .ugb-inner-block{height:auto !important}<\/style><div class=\"ugb-inner-block\"><div class=\"ugb-block-content\"><div class=\"ugb-columns__item ugb-6614b7e-content-wrapper\">\n<div class=\"wp-block-ugb-column ugb-column ugb-6fb288b ugb-column--design-plain ugb-main-block\"><div class=\"ugb-inner-block\"><div class=\"ugb-block-content\"><div class=\"ugb-column__item ugb-6fb288b-column-wrapper\"><div class=\"ugb-column__content-wrapper\">\n<h4 class=\"wp-block-heading\"><strong><span style=\"color: #0083d5;\" class=\"ugb-highlight\">Cl\u00ednica Jur\u00eddica<\/span><\/strong><\/h4>\n\n\n\n<p>Desde marzo de 2021, los vecinos de San Bernardo pueden acudir a la <strong><a href=\"https:\/\/www.uandes.cl\/noticias\/clinica-juridica-uandes-amplia-su-servicio-a-san-bernardo\/\" target=\"_blank\" rel=\"noreferrer noopener\">Cl\u00ednica Jur\u00eddica ubicada en el Centro de Salud UANDES<\/a><\/strong> para solicitar asistencia sobre temas tales como Derecho de Familia, materias sucesorias, protecci\u00f3n al consumidor y muchos otros. Gracias a este nuevo servicio, m\u00e1s de 130 personas han sido atendidas por los 31 estudiantes de quinto a\u00f1o de la <a rel=\"noreferrer noopener\" href=\"https:\/\/www.uandes.cl\/carrera\/derecho\/\" target=\"_blank\">Facultad de Derecho<\/a> que, bajo la gu\u00eda de sus profesores, han ofrecido asistencia gratuita a personas que no puede contratar un abogado, desarrollando estrategias jur\u00eddicas innovadoras para abordar los casos y asistiendo a las audiencias ante los Tribunales de Justicia.<\/p>\n<\/div><\/div><\/div><\/div><\/div>\n\n\n\n<div class=\"wp-block-ugb-column ugb-column ugb-21a424d ugb-column--design-plain ugb-main-block\"><div class=\"ugb-inner-block\"><div class=\"ugb-block-content\"><div class=\"ugb-column__item ugb-21a424d-column-wrapper\"><div class=\"ugb-column__content-wrapper\">\n<figure class=\"wp-block-image size-full\"><img decoding=\"async\" loading=\"lazy\" width=\"859\" height=\"644\" src=\"https:\/\/revistacampus.uandes.cl\/2022\/wp-content\/uploads\/2022\/09\/2-clinica-juridica.jpg\" alt=\"\" class=\"wp-image-7766\" srcset=\"https:\/\/revistacampus.uandes.cl\/2022\/wp-content\/uploads\/2022\/09\/2-clinica-juridica.jpg 859w, https:\/\/revistacampus.uandes.cl\/2022\/wp-content\/uploads\/2022\/09\/2-clinica-juridica-300x225.jpg 300w, https:\/\/revistacampus.uandes.cl\/2022\/wp-content\/uploads\/2022\/09\/2-clinica-juridica-768x576.jpg 768w, https:\/\/revistacampus.uandes.cl\/2022\/wp-content\/uploads\/2022\/09\/2-clinica-juridica-480x360.jpg 480w\" sizes=\"(max-width: 859px) 100vw, 859px\" \/><\/figure>\n<\/div><\/div><\/div><\/div><\/div>\n<\/div><\/div><\/div><\/div>\n<\/div><\/div><\/div><\/div><\/div><\/div>\n","protected":false},"excerpt":{"rendered":"<p>El nuevo Departamento de Odontolog\u00eda, el proyecto de Salud Mental 2.0 y la Cl\u00ednica Jur\u00eddica son algunas de las novedades del Centro de Salud UANDES en San Bernardo.<\/p>\n","protected":false},"author":2,"featured_media":7942,"comment_status":"open","ping_status":"open","sticky":false,"template":"","format":"standard","meta":{"inline_featured_image":false,"_mi_skip_tracking":false,"_monsterinsights_sitenote_active":false,"_monsterinsights_sitenote_note":"","_monsterinsights_sitenote_category":0,"footnotes":""},"categories":[49],"tags":[],"featured_image_urls":{"full":["https:\/\/revistacampus.uandes.cl\/2022\/wp-content\/uploads\/2022\/08\/CESA-dron-e1662421338693.jpg",1915,998,false],"thumbnail":["https:\/\/revistacampus.uandes.cl\/2022\/wp-content\/uploads\/2022\/08\/CESA-dron-e1662421338693-150x150.jpg",150,150,true],"medium":["https:\/\/revistacampus.uandes.cl\/2022\/wp-content\/uploads\/2022\/08\/CESA-dron-e1662421338693-300x156.jpg",300,156,true],"medium_large":["https:\/\/revistacampus.uandes.cl\/2022\/wp-content\/uploads\/2022\/08\/CESA-dron-e1662421338693-768x400.jpg",768,400,true],"large":["https:\/\/revistacampus.uandes.cl\/2022\/wp-content\/uploads\/2022\/08\/CESA-dron-e1662421338693-1024x534.jpg",1024,534,true],"1536x1536":["https:\/\/revistacampus.uandes.cl\/2022\/wp-content\/uploads\/2022\/08\/CESA-dron-e1662421338693-1536x800.jpg",1536,800,true],"2048x2048":["https:\/\/revistacampus.uandes.cl\/2022\/wp-content\/uploads\/2022\/08\/CESA-dron-e1662421338693.jpg",1915,998,false],"thumbnail-medium":["https:\/\/revistacampus.uandes.cl\/2022\/wp-content\/uploads\/2022\/08\/CESA-dron-e1662421338693-480x384.jpg",480,384,true],"thumbnail-square":["https:\/\/revistacampus.uandes.cl\/2022\/wp-content\/uploads\/2022\/08\/CESA-dron-e1662421338693-480x480.jpg",480,480,true],"thumbnail-portrait":["https:\/\/revistacampus.uandes.cl\/2022\/wp-content\/uploads\/2022\/08\/CESA-dron-e1662421338693-480x600.jpg",480,600,true],"thumbnail-large":["https:\/\/revistacampus.uandes.cl\/2022\/wp-content\/uploads\/2022\/08\/CESA-dron-e1662421338693-720x480.jpg",720,480,true],"thumbnail-medium-nocrop":["https:\/\/revistacampus.uandes.cl\/2022\/wp-content\/uploads\/2022\/08\/CESA-dron-e1662421338693-480x250.jpg",480,250,true]},"post_excerpt_stackable":"<p>El nuevo Departamento de Odontolog\u00eda, el proyecto de Salud Mental 2.0 y la Cl\u00ednica Jur\u00eddica son algunas de las novedades del Centro de Salud UANDES en San Bernardo.<\/p>\n","category_list":"<a href=\"https:\/\/revistacampus.uandes.cl\/2022\/category\/salud-para-el-futuro\/\" rel=\"category tag\">Salud para el futuro<\/a>","author_info":{"name":"Revista Campus","url":"https:\/\/revistacampus.uandes.cl\/2022\/author\/campus2020\/"},"comments_num":"0 comments","featured_image_urls_v2":{"full":["https:\/\/revistacampus.uandes.cl\/2022\/wp-content\/uploads\/2022\/08\/CESA-dron-e1662421338693.jpg",1915,998,false],"thumbnail":["https:\/\/revistacampus.uandes.cl\/2022\/wp-content\/uploads\/2022\/08\/CESA-dron-e1662421338693-150x150.jpg",150,150,true],"medium":["https:\/\/revistacampus.uandes.cl\/2022\/wp-content\/uploads\/2022\/08\/CESA-dron-e1662421338693-300x156.jpg",300,156,true],"medium_large":["https:\/\/revistacampus.uandes.cl\/2022\/wp-content\/uploads\/2022\/08\/CESA-dron-e1662421338693-768x400.jpg",768,400,true],"large":["https:\/\/revistacampus.uandes.cl\/2022\/wp-content\/uploads\/2022\/08\/CESA-dron-e1662421338693-1024x534.jpg",1024,534,true],"1536x1536":["https:\/\/revistacampus.uandes.cl\/2022\/wp-content\/uploads\/2022\/08\/CESA-dron-e1662421338693-1536x800.jpg",1536,800,true],"2048x2048":["https:\/\/revistacampus.uandes.cl\/2022\/wp-content\/uploads\/2022\/08\/CESA-dron-e1662421338693.jpg",1915,998,false],"thumbnail-medium":["https:\/\/revistacampus.uandes.cl\/2022\/wp-content\/uploads\/2022\/08\/CESA-dron-e1662421338693-480x384.jpg",480,384,true],"thumbnail-square":["https:\/\/revistacampus.uandes.cl\/2022\/wp-content\/uploads\/2022\/08\/CESA-dron-e1662421338693-480x480.jpg",480,480,true],"thumbnail-portrait":["https:\/\/revistacampus.uandes.cl\/2022\/wp-content\/uploads\/2022\/08\/CESA-dron-e1662421338693-480x600.jpg",480,600,true],"thumbnail-large":["https:\/\/revistacampus.uandes.cl\/2022\/wp-content\/uploads\/2022\/08\/CESA-dron-e1662421338693-720x480.jpg",720,480,true],"thumbnail-medium-nocrop":["https:\/\/revistacampus.uandes.cl\/2022\/wp-content\/uploads\/2022\/08\/CESA-dron-e1662421338693-480x250.jpg",480,250,true]},"post_excerpt_stackable_v2":"<p>El nuevo Departamento de Odontolog\u00eda, el proyecto de Salud Mental 2.0 y la Cl\u00ednica Jur\u00eddica son algunas de las novedades del Centro de Salud UANDES en San Bernardo.<\/p>\n","category_list_v2":"<a href=\"https:\/\/revistacampus.uandes.cl\/2022\/category\/salud-para-el-futuro\/\" rel=\"category tag\">Salud para el futuro<\/a>","author_info_v2":{"name":"Revista Campus","url":"https:\/\/revistacampus.uandes.cl\/2022\/author\/campus2020\/"},"comments_num_v2":"0 comments","_links":{"self":[{"href":"https:\/\/revistacampus.uandes.cl\/2022\/wp-json\/wp\/v2\/posts\/6578"}],"collection":[{"href":"https:\/\/revistacampus.uandes.cl\/2022\/wp-json\/wp\/v2\/posts"}],"about":[{"href":"https:\/\/revistacampus.uandes.cl\/2022\/wp-json\/wp\/v2\/types\/post"}],"author":[{"embeddable":true,"href":"https:\/\/revistacampus.uandes.cl\/2022\/wp-json\/wp\/v2\/users\/2"}],"replies":[{"embeddable":true,"href":"https:\/\/revistacampus.uandes.cl\/2022\/wp-json\/wp\/v2\/comments?post=6578"}],"version-history":[{"count":17,"href":"https:\/\/revistacampus.uandes.cl\/2022\/wp-json\/wp\/v2\/posts\/6578\/revisions"}],"predecessor-version":[{"id":8171,"href":"https:\/\/revistacampus.uandes.cl\/2022\/wp-json\/wp\/v2\/posts\/6578\/revisions\/8171"}],"wp:featuredmedia":[{"embeddable":true,"href":"https:\/\/revistacampus.uandes.cl\/2022\/wp-json\/wp\/v2\/media\/7942"}],"wp:attachment":[{"href":"https:\/\/revistacampus.uandes.cl\/2022\/wp-json\/wp\/v2\/media?parent=6578"}],"wp:term":[{"taxonomy":"category","embeddable":true,"href":"https:\/\/revistacampus.uandes.cl\/2022\/wp-json\/wp\/v2\/categories?post=6578"},{"taxonomy":"post_tag","embeddable":true,"href":"https:\/\/revistacampus.uandes.cl\/2022\/wp-json\/wp\/v2\/tags?post=6578"}],"curies":[{"name":"wp","href":"https:\/\/api.w.org\/{rel}","templated":true}]}}