{"id":6574,"date":"2022-07-05T17:31:00","date_gmt":"2022-07-05T21:31:00","guid":{"rendered":"https:\/\/revistacampus.uandes.cl\/2022\/?p=6574"},"modified":"2022-09-08T11:16:14","modified_gmt":"2022-09-08T15:16:14","slug":"atencion-de-alto-rendimientoapoyo-al-triunfo-de-deportistas","status":"publish","type":"post","link":"https:\/\/revistacampus.uandes.cl\/2022\/atencion-de-alto-rendimientoapoyo-al-triunfo-de-deportistas\/","title":{"rendered":"<span class=\"subtitulo\">Atenci\u00f3n de alto rendimiento:<\/span><br>Apoyo al triunfo de deportistas"},"content":{"rendered":"\n<p class=\"has-text-align-left\"><strong>Consultas, ex\u00e1menes, cirug\u00eda y rehabilitaci\u00f3n son parte de los servicios que profesionales UANDES prestan a los deportistas del <em>Team Chile.&nbsp;<\/em><\/strong><\/p>\n\n\n\n<div style=\"height:50px\" aria-hidden=\"true\" class=\"wp-block-spacer\"><\/div>\n\n\n\n<div class=\"wp-block-stackable-separator alignfull stk-block-separator stk--no-padding stk-block stk-7a95aa3\" data-block-id=\"7a95aa3\"><style>.stk-7a95aa3{transform:scaleX(-1) scaleY(-1) !important}.stk-7a95aa3 svg{fill:#000000 !important;filter:none !important}.stk-7a95aa3 .stk-block-separator__inner{height:50px !important}<\/style><div class=\"stk-block-separator__inner\"><svg xmlns=\"http:\/\/www.w3.org\/2000\/svg\" viewBox=\"0 0 1600 200\" class=\"stk-separator__layer-1\" preserveAspectRatio=\"none\" aria-hidden=\"true\"><path d=\"M-10 210h1620V105.2H-10z\"><\/path><\/svg><\/div><\/div>\n\n\n\n<p>Medallas ol\u00edmpicas y Copas Am\u00e9rica son algunos de los logros de Chile. Deportistas que dan la cara por el pa\u00eds y que hoy forman parte del Comit\u00e9 Ol\u00edmpico, el conocido <em><strong><a href=\"https:\/\/www.teamchile.cl\/\" target=\"_blank\" rel=\"noreferrer noopener\">Team Chile.<\/a><\/strong>&nbsp;<\/em> Sus deportistas se atienden en <strong><a href=\"https:\/\/www.clinicauandes.cl\/home\" target=\"_blank\" rel=\"noreferrer noopener\">Cl\u00ednica UANDES<\/a><\/strong> gracias al convenio existente entre ambas instituciones, que establece que adem\u00e1s de entregar la atenci\u00f3n de salud que requieran en las instalaciones de la Cl\u00ednica, los especialistas viajen con ellos a cada cita ol\u00edmpica. Muchos de estos profesionales son tambi\u00e9n docentes de la Universidad. Un trabajo que ha significado una satisfacci\u00f3n para los profesionales y un gran <em>plus <\/em>en la educaci\u00f3n de los estudiantes de las Escuelas de Medicina y Kinesiolog\u00eda.&nbsp;<\/p>\n\n\n\n<div class=\"wp-block-ugb-columns ugb-columns ugb-ac546f8 ugb-columns--design-plain ugb-columns--columns-2 ugb-main-block\"><style>.ugb-ac546f8-content-wrapper > .ugb-column{align-items:center !important}.ugb-ac546f8-content-wrapper > .ugb-column > .ugb-inner-block{height:auto !important}<\/style><div class=\"ugb-inner-block\"><div class=\"ugb-block-content\"><div class=\"ugb-columns__item ugb-ac546f8-content-wrapper\">\n<div class=\"wp-block-ugb-column ugb-column ugb-01f5dcb ugb-column--design-plain ugb-main-block\"><div class=\"ugb-inner-block\"><div class=\"ugb-block-content\"><div class=\"ugb-column__item ugb-01f5dcb-column-wrapper\"><div class=\"ugb-column__content-wrapper\">\n<div class=\"aligncenter wp-block-ugb-icon ugb-icon ugb-fd0aebc ugb-icon--v2 ugb-icon--design-basic ugb-main-block\"><style>.ugb-fd0aebc .ugb-icon__icon .ugb-icon-inner-svg,.ugb-fd0aebc .ugb-icon__icon .ugb-icon-inner-svg svg{width:100px !important;height:100px !important}.ugb-fd0aebc .ugb-icon__icon .ugb-icon-inner-svg{color:#cf2e2e !important}.ugb-fd0aebc .ugb-icon__icon{margin-bottom:-18px !important}.ugb-fd0aebc .ugb-icon__icon .ugb-icon-inner-svg,.ugb-fd0aebc .ugb-icon__icon .ugb-icon-inner-svg svg *{color:#cf2e2e !important;fill:#cf2e2e !important}@media screen and (min-width:768px){.ugb-fd0aebc > .ugb-inner-block > .ugb-block-content > *{padding-top:0px !important;padding-bottom:0px !important;padding-right:0px !important;padding-left:0px !important}}<\/style><div class=\"ugb-inner-block\"><div class=\"ugb-block-content\"><div class=\"ugb-icon__content-wrapper\"><div class=\"ugb-icon__item ugb-icon__item1\"><div class=\"ugb-icon__icon\" rel=\"\"><div class=\"ugb-icon-inner-svg\"><svg class=\"ugb-custom-icon\" xmlns=\"http:\/\/www.w3.org\/2000\/svg\" viewBox=\"0 0 63.67 42.72\"><defs><style>.cls-1{fill:#d67c1c;}<\/style><\/defs><g id=\"Capa_2\" data-name=\"Capa 2\"><g id=\"Capa_1-2\" data-name=\"Capa 1\"><path class=\"cls-1\" d=\"M16.21,42.72c7.34,0,14.32-5.68,14.32-13.13s-5.32-12.67-12.9-12.67c-9,0-10.17-3.07-10.17-4.61C7.46,9,9.35,5.44,20.71,1.07L20.36,0C10.18,2.84,0,9.94,0,24.74c0,7.21,3.2,18,16.21,18m33.14,0c7.34,0,14.32-5.68,14.32-13.13s-5.32-12.67-12.9-12.67c-9,0-10.18-3.07-10.18-4.61,0-3.31,1.9-6.87,13.26-11.24L53.49,0C43.32,2.84,33.14,9.94,33.14,24.74c0,7.21,3.19,18,16.21,18\"><\/path><\/g><\/g><\/svg><\/div><\/div><\/div><\/div><\/div><\/div><\/div>\n\n\n\n<p class=\"has-text-align-center\"><strong><em>\u201cCreo que es muy importante para los alumnos, la actividad deportiva abre campos de la Medicina que antiguamente no exist\u00edan.\u201d<\/em><\/strong><\/p>\n\n\n\n<p class=\"has-text-align-center\" style=\"font-size:15px\"><strong>Dr. Alejandro Orizola,<\/strong> traumat\u00f3logo de Cl\u00ednica UANDES y director m\u00e9dico del COCh<\/p>\n<\/div><\/div><\/div><\/div><\/div>\n\n\n\n<div class=\"wp-block-ugb-column ugb-column ugb-91d0649 ugb-column--design-plain ugb-main-block\"><div class=\"ugb-inner-block\"><div class=\"ugb-block-content\"><div class=\"ugb-column__item ugb-91d0649-column-wrapper\"><div class=\"ugb-column__content-wrapper\">\n<p>El <strong><a href=\"https:\/\/www.clinicauandes.cl\/profesionales\/perfil\/dr-alejandro-orizola-molina\" target=\"_blank\" rel=\"noreferrer noopener\">Dr. Alejandro Orizola<\/a><\/strong>, traumat\u00f3logo de Cl\u00ednica UANDES, comenz\u00f3 a trabajar con el equipo de f\u00fatbol de la Universidad de Chile, hace m\u00e1s de 40 a\u00f1os, cuando a\u00fan era estudiante de Medicina. Hace 20 lleg\u00f3 al <strong><a href=\"https:\/\/www.coch.cl\/\" target=\"_blank\" rel=\"noreferrer noopener\">Comit\u00e9 Ol\u00edmpico de Chile (COCh)<\/a><\/strong>, donde actualmente es director m\u00e9dico. \u201cEn estos 20 a\u00f1os he tenido la oportunidad de conocer un trabajo que es muy entretenido y que te obliga a estar en constante actualizaci\u00f3n, de la mano con el desarrollo de las nuevas tecnolog\u00edas\u201d, comenta.&nbsp;<\/p>\n<\/div><\/div><\/div><\/div><\/div>\n<\/div><\/div><\/div><\/div>\n\n\n\n<p>Asimismo, el <strong><a href=\"https:\/\/www.clinicauandes.cl\/profesionales\/perfil\/dr-matias-salineros-urzua\" target=\"_blank\" rel=\"noreferrer noopener\">Dr. Mat\u00edas Salineros<\/a><\/strong>, traumat\u00f3logo de la Cl\u00ednica y acad\u00e9mico de la Facultad de Medicina, trabaja con deportistas de alto rendimiento desde 2011 y ha participado de distintos eventos deportivos, labor que ha sido muy desafiante. \u201cEn el fondo, este trabajo pone a prueba mis capacidades profesionales. Con los deportistas de alto rendimiento tienes que devolverlos lo antes posible, por lo tanto, toda decisi\u00f3n que tomes es completamente distinta a un paciente habitual\u201d, explica.&nbsp;<\/p>\n\n\n\n<div class=\"wp-block-ugb-columns ugb-columns ugb-8668d0e ugb-columns--design-plain ugb-columns--columns-2 ugb-main-block\"><style>.ugb-8668d0e-content-wrapper > .ugb-column{align-items:center !important}.ugb-8668d0e-content-wrapper > .ugb-column > .ugb-inner-block{height:auto !important}<\/style><div class=\"ugb-inner-block\"><div class=\"ugb-block-content\"><div class=\"ugb-columns__item ugb-8668d0e-content-wrapper\">\n<div class=\"wp-block-ugb-column ugb-column ugb-3724f11 ugb-column--design-plain ugb-main-block\"><div class=\"ugb-inner-block\"><div class=\"ugb-block-content\"><div class=\"ugb-column__item ugb-3724f11-column-wrapper\"><div class=\"ugb-column__content-wrapper\"><div class=\"wp-block-image\">\n<figure class=\"aligncenter size-full\"><img decoding=\"async\" loading=\"lazy\" width=\"567\" height=\"449\" src=\"https:\/\/revistacampus.uandes.cl\/2022\/wp-content\/uploads\/2022\/08\/Diego-Silva-3.jpg\" alt=\"\" class=\"wp-image-7223\" srcset=\"https:\/\/revistacampus.uandes.cl\/2022\/wp-content\/uploads\/2022\/08\/Diego-Silva-3.jpg 567w, https:\/\/revistacampus.uandes.cl\/2022\/wp-content\/uploads\/2022\/08\/Diego-Silva-3-300x238.jpg 300w, https:\/\/revistacampus.uandes.cl\/2022\/wp-content\/uploads\/2022\/08\/Diego-Silva-3-480x380.jpg 480w\" sizes=\"(max-width: 567px) 100vw, 567px\" \/><figcaption><br>Diego Silva acompa\u00f1\u00f3 a deportistas de alto rendimiento en los Juegos Suramericanos de la Juventud 2022 en Rosario, Argentina.<\/figcaption><\/figure><\/div><\/div><\/div><\/div><\/div><\/div>\n\n\n\n<div class=\"wp-block-ugb-column ugb-column ugb-08ca682 ugb-column--design-plain ugb-main-block\"><div class=\"ugb-inner-block\"><div class=\"ugb-block-content\"><div class=\"ugb-column__item ugb-08ca682-column-wrapper\"><div class=\"ugb-column__content-wrapper\">\n<div class=\"aligncenter wp-block-ugb-icon ugb-icon ugb-b765e9c ugb-icon--v2 ugb-icon--design-basic ugb-main-block\"><style>.ugb-b765e9c .ugb-icon__icon .ugb-icon-inner-svg,.ugb-b765e9c .ugb-icon__icon .ugb-icon-inner-svg svg{width:100px !important;height:100px !important}.ugb-b765e9c .ugb-icon__icon .ugb-icon-inner-svg{color:#cf2e2e !important}.ugb-b765e9c .ugb-icon__icon{margin-bottom:-18px !important}.ugb-b765e9c .ugb-icon__icon .ugb-icon-inner-svg,.ugb-b765e9c .ugb-icon__icon .ugb-icon-inner-svg svg *{color:#cf2e2e !important;fill:#cf2e2e !important}@media screen and (min-width:768px){.ugb-b765e9c > .ugb-inner-block > .ugb-block-content > *{padding-top:0px !important;padding-bottom:0px !important;padding-right:0px !important;padding-left:0px !important}}<\/style><div class=\"ugb-inner-block\"><div class=\"ugb-block-content\"><div class=\"ugb-icon__content-wrapper\"><div class=\"ugb-icon__item ugb-icon__item1\"><div class=\"ugb-icon__icon\" rel=\"\"><div class=\"ugb-icon-inner-svg\"><svg class=\"ugb-custom-icon\" xmlns=\"http:\/\/www.w3.org\/2000\/svg\" viewBox=\"0 0 63.67 42.72\"><defs><style>.cls-1{fill:#d67c1c;}<\/style><\/defs><g id=\"Capa_2\" data-name=\"Capa 2\"><g id=\"Capa_1-2\" data-name=\"Capa 1\"><path class=\"cls-1\" d=\"M16.21,42.72c7.34,0,14.32-5.68,14.32-13.13s-5.32-12.67-12.9-12.67c-9,0-10.17-3.07-10.17-4.61C7.46,9,9.35,5.44,20.71,1.07L20.36,0C10.18,2.84,0,9.94,0,24.74c0,7.21,3.2,18,16.21,18m33.14,0c7.34,0,14.32-5.68,14.32-13.13s-5.32-12.67-12.9-12.67c-9,0-10.18-3.07-10.18-4.61,0-3.31,1.9-6.87,13.26-11.24L53.49,0C43.32,2.84,33.14,9.94,33.14,24.74c0,7.21,3.19,18,16.21,18\"><\/path><\/g><\/g><\/svg><\/div><\/div><\/div><\/div><\/div><\/div><\/div>\n\n\n\n<p class=\"has-text-align-center\"><strong><em>\u201cUno se queda con la sensaci\u00f3n de que pudo aportar un poco en el triunfo de cada deportista y eso le da sentido a nuestro trabajo.\u201d<\/em><\/strong><\/p>\n\n\n\n<p class=\"has-text-align-center\" style=\"font-size:15px\"><strong>Diego Silva,<\/strong> docente y kinesi\u00f3logo de Cl\u00ednica UANDES<\/p>\n<\/div><\/div><\/div><\/div><\/div>\n<\/div><\/div><\/div><\/div>\n\n\n\n<p>Pero la medicina no es la \u00fanica \u00e1rea que est\u00e1 ligada a este trabajo. Desde 2020, el <strong><a href=\"https:\/\/www.clinicauandes.cl\/medicos-y-especialidades\/especialidades\/kinesiologia\" target=\"_blank\" rel=\"noreferrer noopener\">Servicio de Kinesiolog\u00eda <\/a><\/strong>de la cl\u00ednica universitaria tambi\u00e9n trabaja con ellos. El docente cl\u00ednico y kinesi\u00f3logo, <strong><a href=\"https:\/\/www.clinicauandes.cl\/profesionales\/perfil\/diego-silva-vargas\" target=\"_blank\" rel=\"noreferrer noopener\">Diego Silva<\/a><\/strong> siempre ha estado ligado a la medicina deportiva y en abril de este a\u00f1o tuvo la oportunidad ir a los Juegos Sudamericanos de la Juventud. \u201cFue una experiencia muy buena, en la que pude conocer m\u00e1s de 25 disciplinas que nunca hab\u00eda tenido la oportunidad de cubrir como kinesi\u00f3logo\u201d, comenta.&nbsp;<\/p>\n\n\n\n<p>\u201cEste es un trabajo que permite traspasarle a los alumnos la experiencia, contarles y mostrarles cu\u00e1les son las posibilidades de que ocurran ciertos eventos, c\u00f3mo anteponerse a ellos, y explicarles cu\u00e1les son los protocolos o el modo de actuar\u201d, agrega.&nbsp;<\/p>\n\n\n<div class=\"wp-block-image\">\n<figure class=\"aligncenter size-full\"><img decoding=\"async\" loading=\"lazy\" width=\"850\" height=\"258\" src=\"https:\/\/revistacampus.uandes.cl\/2022\/wp-content\/uploads\/2022\/09\/equipo-2734.jpg\" alt=\"\" class=\"wp-image-7824\" srcset=\"https:\/\/revistacampus.uandes.cl\/2022\/wp-content\/uploads\/2022\/09\/equipo-2734.jpg 850w, https:\/\/revistacampus.uandes.cl\/2022\/wp-content\/uploads\/2022\/09\/equipo-2734-300x91.jpg 300w, https:\/\/revistacampus.uandes.cl\/2022\/wp-content\/uploads\/2022\/09\/equipo-2734-768x233.jpg 768w, https:\/\/revistacampus.uandes.cl\/2022\/wp-content\/uploads\/2022\/09\/equipo-2734-480x146.jpg 480w\" sizes=\"(max-width: 850px) 100vw, 850px\" \/><figcaption><br>Como se ve tambi\u00e9n en la foto principal, Mar\u00eda Ver\u00f3nica Estrella (KIN \u0301 19) form\u00f3 parte del cuerpo m\u00e9dico de la Selecci\u00f3n de F\u00fatbol Femenino Sub \u030120 en el torneo Sudamericano.<\/figcaption><\/figure><\/div>\n\n\n<h4 class=\"wp-block-heading\"><strong>DEPORTE PARAL\u00cdMPICO<\/strong><\/h4>\n\n\n\n<p>La <strong><a href=\"https:\/\/www.uandes.cl\/\" target=\"_blank\" rel=\"noreferrer noopener\">UANDES<\/a><\/strong> tambi\u00e9n apoya a los deportistas paral\u00edmpicos. Es as\u00ed como <strong><a href=\"https:\/\/www.uandes.cl\/personas\/marco-antonio-kokaly-farah\/\" target=\"_blank\" rel=\"noreferrer noopener\">Marco Kokaly<\/a><\/strong>, docente de <strong><a href=\"https:\/\/www.uandes.cl\/carrera\/kinesiologia\/\" target=\"_blank\" rel=\"noreferrer noopener\">Kinesiolog\u00eda<\/a><\/strong>, trabaja junto a la Selecci\u00f3n de Tenis de Mesa Paral\u00edmpica desde 2011 y ha acompa\u00f1ado a los deportistas a pa\u00edses como Jap\u00f3n, Eslovenia y Rep\u00fablica Checa. \u201cLlevo 11 a\u00f1os trabajando con estos deportistas y se ha formado un ambiente familiar, los conozco, se da una confianza m\u00e9dica y de amistad, uno va conociendo a sus familias y c\u00f3mo es su d\u00eda a d\u00eda. Esto genera una imagen muy buena y muchos alumnos muestran inter\u00e9s por conocer m\u00e1s de este trabajo\u201d, explica.<\/p>\n\n\n\n<div class=\"wp-block-ugb-columns ugb-columns ugb-af4f503 ugb-columns--design-plain ugb-columns--columns-2 ugb-main-block\"><div class=\"ugb-inner-block\"><div class=\"ugb-block-content\"><div class=\"ugb-columns__item ugb-af4f503-content-wrapper\">\n<div class=\"wp-block-ugb-column ugb-column ugb-ae53989 ugb-column--design-plain ugb-main-block\"><div class=\"ugb-inner-block\"><div class=\"ugb-block-content\"><div class=\"ugb-column__item ugb-ae53989-column-wrapper\"><div class=\"ugb-column__content-wrapper\">\n<figure class=\"wp-block-image size-large\"><img decoding=\"async\" loading=\"lazy\" width=\"1024\" height=\"768\" src=\"https:\/\/revistacampus.uandes.cl\/2022\/wp-content\/uploads\/2022\/08\/Marco-Kokaly-2-1024x768.jpg\" alt=\"\" class=\"wp-image-7226\" srcset=\"https:\/\/revistacampus.uandes.cl\/2022\/wp-content\/uploads\/2022\/08\/Marco-Kokaly-2-1024x768.jpg 1024w, https:\/\/revistacampus.uandes.cl\/2022\/wp-content\/uploads\/2022\/08\/Marco-Kokaly-2-300x225.jpg 300w, https:\/\/revistacampus.uandes.cl\/2022\/wp-content\/uploads\/2022\/08\/Marco-Kokaly-2-768x576.jpg 768w, https:\/\/revistacampus.uandes.cl\/2022\/wp-content\/uploads\/2022\/08\/Marco-Kokaly-2-480x360.jpg 480w, https:\/\/revistacampus.uandes.cl\/2022\/wp-content\/uploads\/2022\/08\/Marco-Kokaly-2.jpg 1417w\" sizes=\"(max-width: 1024px) 100vw, 1024px\" \/><\/figure>\n<\/div><\/div><\/div><\/div><\/div>\n\n\n\n<div class=\"wp-block-ugb-column ugb-column ugb-60ee96b ugb-column--design-plain ugb-main-block\"><div class=\"ugb-inner-block\"><div class=\"ugb-block-content\"><div class=\"ugb-column__item ugb-60ee96b-column-wrapper\"><div class=\"ugb-column__content-wrapper\">\n<figure class=\"wp-block-image size-large\"><img decoding=\"async\" loading=\"lazy\" width=\"1024\" height=\"768\" src=\"https:\/\/revistacampus.uandes.cl\/2022\/wp-content\/uploads\/2022\/08\/M.-Kokaly-4-1024x768.jpg\" alt=\"\" class=\"wp-image-7227\" srcset=\"https:\/\/revistacampus.uandes.cl\/2022\/wp-content\/uploads\/2022\/08\/M.-Kokaly-4-1024x768.jpg 1024w, https:\/\/revistacampus.uandes.cl\/2022\/wp-content\/uploads\/2022\/08\/M.-Kokaly-4-300x225.jpg 300w, https:\/\/revistacampus.uandes.cl\/2022\/wp-content\/uploads\/2022\/08\/M.-Kokaly-4-768x576.jpg 768w, https:\/\/revistacampus.uandes.cl\/2022\/wp-content\/uploads\/2022\/08\/M.-Kokaly-4-480x360.jpg 480w, https:\/\/revistacampus.uandes.cl\/2022\/wp-content\/uploads\/2022\/08\/M.-Kokaly-4.jpg 1417w\" sizes=\"(max-width: 1024px) 100vw, 1024px\" \/><\/figure>\n<\/div><\/div><\/div><\/div><\/div>\n<\/div><\/div><\/div><\/div>\n\n\n\n<p class=\"has-text-align-center\"><strong><em>\u201cNuestro trabajo nos permite conocer la parte m\u00e1s humana de los deportistas.\u201d<\/em><\/strong><\/p>\n\n\n\n<p class=\"has-text-align-center\" style=\"font-size:15px\"><strong>Marco Kokaly, <\/strong>profesor de la Escuela de Kinesiolog\u00eda y miembro de <em>staff <\/em>de la Selecci\u00f3n Paral\u00edmpica de Tenis de Mesa.<\/p>\n\n\n\n<p>Es el caso de <strong>Mar\u00eda Ver\u00f3nica Estrella, quien egres\u00f3 de Kinesiolog\u00eda en 2019<\/strong> <strong>y hoy colabora con la Selecci\u00f3n de F\u00fatbol Femenina Sub-20 y la Selecci\u00f3n de Tenis de Mesa Paral\u00edmpica<\/strong>. \u201cTrabajo con deportistas de alto rendimiento desde 2018, cuando a\u00fan era alumna de Kinesiolog\u00eda. Junto al profesor Kokaly conoc\u00ed a los chicos de tenis de mesa, con ellos hice mi tesis y contin\u00fao hasta ahora\u201d, relata.<\/p>\n\n\n\n<p>\u201cLo que m\u00e1s destaco es la dedicaci\u00f3n y perseverancia de los deportistas, lo comprometidos que son por lograr sus sue\u00f1os y que sean tan respetuosos al momento de ganar y sepan salir adelante cuando les toca perder\u201d, agrega Mar\u00eda Ver\u00f3nica.<\/p>\n\n\n\n<div class=\"aligncenter wp-block-ugb-icon ugb-icon ugb-f3db3c7 ugb-icon--v2 ugb-icon--design-basic ugb-main-block\"><style>.ugb-f3db3c7 .ugb-icon__icon .ugb-icon-inner-svg,.ugb-f3db3c7 .ugb-icon__icon .ugb-icon-inner-svg svg{width:100px !important;height:100px !important}.ugb-f3db3c7 .ugb-icon__icon .ugb-icon-inner-svg{color:#cf2e2e !important}.ugb-f3db3c7 .ugb-icon__icon{margin-bottom:-18px !important}.ugb-f3db3c7 .ugb-icon__icon .ugb-icon-inner-svg,.ugb-f3db3c7 .ugb-icon__icon .ugb-icon-inner-svg svg *{color:#cf2e2e !important;fill:#cf2e2e !important}@media screen and (min-width:768px){.ugb-f3db3c7 > .ugb-inner-block > .ugb-block-content > *{padding-top:0px !important;padding-bottom:0px !important;padding-right:0px !important;padding-left:0px !important}}<\/style><div class=\"ugb-inner-block\"><div class=\"ugb-block-content\"><div class=\"ugb-icon__content-wrapper\"><div class=\"ugb-icon__item ugb-icon__item1\"><div class=\"ugb-icon__icon\" rel=\"\"><div class=\"ugb-icon-inner-svg\"><svg class=\"ugb-custom-icon\" xmlns=\"http:\/\/www.w3.org\/2000\/svg\" viewBox=\"0 0 63.67 42.72\"><defs><style>.cls-1{fill:#d67c1c;}<\/style><\/defs><g id=\"Capa_2\" data-name=\"Capa 2\"><g id=\"Capa_1-2\" data-name=\"Capa 1\"><path class=\"cls-1\" d=\"M16.21,42.72c7.34,0,14.32-5.68,14.32-13.13s-5.32-12.67-12.9-12.67c-9,0-10.17-3.07-10.17-4.61C7.46,9,9.35,5.44,20.71,1.07L20.36,0C10.18,2.84,0,9.94,0,24.74c0,7.21,3.2,18,16.21,18m33.14,0c7.34,0,14.32-5.68,14.32-13.13s-5.32-12.67-12.9-12.67c-9,0-10.18-3.07-10.18-4.61,0-3.31,1.9-6.87,13.26-11.24L53.49,0C43.32,2.84,33.14,9.94,33.14,24.74c0,7.21,3.19,18,16.21,18\"><\/path><\/g><\/g><\/svg><\/div><\/div><\/div><\/div><\/div><\/div><\/div>\n\n\n\n<p class=\"has-text-align-center\"><strong><em>\u201cPese a todas las dificultades, los deportistas quieren estar bien, no se rinden y eso es una lecci\u00f3n de vida.\u201d<\/em><\/strong><\/p>\n\n\n\n<p class=\"has-text-align-center\" style=\"font-size:15px\"><strong>Dr. Mat\u00edas Salineros,<\/strong> acad\u00e9mico de la Facultad de Medicina<\/p>\n\n\n\n<div class=\"alignfull wp-block-ugb-container ugb-container borde ugb-7fc5830 ugb-container--v2 ugb-container--design-plain ugb-main-block ugb-main-block--inner-center ugb--has-block-background\"><style>.ugb-7fc5830{padding:0 !important}<\/style><div class=\"ugb-inner-block ugb-inner-block--center\"><div class=\"ugb-block-content\"><div class=\"ugb-container__wrapper ugb-7fc5830-wrapper\"><div class=\"ugb-container__side\"><div class=\"ugb-container__content-wrapper ugb-7fc5830-content-wrapper\">\n<div class=\"wp-block-ugb-columns ugb-columns ugb-b4f8ca6 ugb-columns--design-plain ugb-columns--columns-2 ugb-main-block\"><style>.ugb-b4f8ca6 > .ugb-inner-block > .ugb-block-content > .ugb-columns__item{grid-template-columns:0.80fr 1.20fr !important}<\/style><div class=\"ugb-inner-block\"><div class=\"ugb-block-content\"><div class=\"ugb-columns__item ugb-b4f8ca6-content-wrapper\">\n<div class=\"wp-block-ugb-column ugb-column ugb-383ff6c ugb-column--design-plain ugb-main-block\"><style>.ugb-383ff6c > .ugb-inner-block > .ugb-block-content > *{justify-content:center !important}<\/style><div class=\"ugb-inner-block\"><div class=\"ugb-block-content\"><div class=\"ugb-column__item ugb-383ff6c-column-wrapper\"><div class=\"ugb-column__content-wrapper\"><div class=\"wp-block-image\">\n<figure class=\"aligncenter size-large\"><img decoding=\"async\" loading=\"lazy\" width=\"1024\" height=\"683\" src=\"https:\/\/revistacampus.uandes.cl\/2022\/wp-content\/uploads\/2022\/08\/MG_9763-1024x683.jpg\" alt=\"\" class=\"wp-image-7228\" srcset=\"https:\/\/revistacampus.uandes.cl\/2022\/wp-content\/uploads\/2022\/08\/MG_9763-1024x683.jpg 1024w, https:\/\/revistacampus.uandes.cl\/2022\/wp-content\/uploads\/2022\/08\/MG_9763-300x200.jpg 300w, https:\/\/revistacampus.uandes.cl\/2022\/wp-content\/uploads\/2022\/08\/MG_9763-768x512.jpg 768w, https:\/\/revistacampus.uandes.cl\/2022\/wp-content\/uploads\/2022\/08\/MG_9763-720x480.jpg 720w, https:\/\/revistacampus.uandes.cl\/2022\/wp-content\/uploads\/2022\/08\/MG_9763-480x320.jpg 480w, https:\/\/revistacampus.uandes.cl\/2022\/wp-content\/uploads\/2022\/08\/MG_9763.jpg 1417w\" sizes=\"(max-width: 1024px) 100vw, 1024px\" \/><figcaption><br>El Dr. Mat\u00edas Salineros, acad\u00e9mico de la Facultad de Medicina, expuso en el Congreso COCh.<\/figcaption><\/figure><\/div><\/div><\/div><\/div><\/div><\/div>\n\n\n\n<div class=\"wp-block-ugb-column ugb-column ugb-4efe2d5 ugb-column--design-plain ugb-main-block\"><style>.ugb-4efe2d5 > .ugb-inner-block > .ugb-block-content > *{justify-content:center !important}<\/style><div class=\"ugb-inner-block\"><div class=\"ugb-block-content\"><div class=\"ugb-column__item ugb-4efe2d5-column-wrapper\"><div class=\"ugb-column__content-wrapper\">\n<h4 class=\"wp-block-heading\"><strong>PRIMER CONGRESO COCH DE MEDICINA Y KINESIOLOG\u00cdA EN EL ALTO RENDIMIENTO<\/strong><\/h4>\n\n\n\n<p>Este a\u00f1o se realiz\u00f3 este evento <strong><a href=\"https:\/\/www.uandes.cl\/noticias\/primer-congreso-coch-de-medicina-y-kinesiologia-en-el-alto-rendimiento\/\" target=\"_blank\" rel=\"noreferrer noopener\">(ver m\u00e1s)<\/a><\/strong>, organizado por la Cl\u00ednica UANDES junto con al Comit\u00e9 Ol\u00edmpico, para capacitar a m\u00e1s de 100 estudiantes como voluntarios para los<strong><a href=\"https:\/\/santiago2023.org\/es\" target=\"_blank\" rel=\"noreferrer noopener\"> Juegos Panamericanos Santiago 2023.<\/a><\/strong><\/p>\n\n\n\n<p>\u201cEs el segundo evento m\u00e1s importante del deporte. Si los alumnos participan ver\u00e1n a los mejores deportistas en sus \u00e1reas y podr\u00e1n vivir en la Villa Ol\u00edmpica, con miles de personas de las que aprender\u00e1n mucho\u201d, concluye Marco Kokaly.<\/p>\n\n\n\n<p>El Dr. Salineros ser\u00e1 el m\u00e9dico jefe de la Unidad de Salud de la cita deportiva. \u201cEste evento va a influir en el desarrollo profesional de los alumnos. Tienen una oportunidad \u00fanica y cuentan con el apoyo de la Universidad, de la Cl\u00ednica y de sus profesores\u201d, a\u00f1ade.<\/p>\n<\/div><\/div><\/div><\/div><\/div>\n<\/div><\/div><\/div><\/div>\n<\/div><\/div><\/div><\/div><\/div><\/div>\n\n\n\n<p style=\"font-size:15px\">Por: <a href=\"https:\/\/www.uandes.cl\/personas\/florencia-moya\/\" target=\"_blank\" rel=\"noreferrer noopener\">Florencia Moya<\/a><\/p>\n","protected":false},"excerpt":{"rendered":"<p>Consultas, ex\u00e1menes, cirug\u00eda y rehabilitaci\u00f3n son parte de los servicios que profesionales UANDES prestan a los deportistas del Team Chile.&nbsp; Medallas ol\u00edmpicas y Copas Am\u00e9rica son algunos de los logros de Chile. Deportistas que dan la cara por el pa\u00eds y que hoy forman parte del Comit\u00e9 Ol\u00edmpico, el conocido Team Chile.&nbsp; Sus deportistas se atienden en Cl\u00ednica UANDES gracias al convenio existente entre ambas instituciones, que establece que adem\u00e1s de entregar la atenci\u00f3n de salud que requieran en las instalaciones de la Cl\u00ednica, los especialistas viajen con ellos a cada cita ol\u00edmpica. Muchos de estos profesionales son tambi\u00e9n docentes<\/p>\n","protected":false},"author":2,"featured_media":7225,"comment_status":"open","ping_status":"open","sticky":false,"template":"","format":"standard","meta":{"inline_featured_image":false,"_mi_skip_tracking":false,"_monsterinsights_sitenote_active":false,"_monsterinsights_sitenote_note":"","_monsterinsights_sitenote_category":0,"footnotes":""},"categories":[49],"tags":[],"featured_image_urls":{"full":["https:\/\/revistacampus.uandes.cl\/2022\/wp-content\/uploads\/2022\/08\/alumni-2.jpeg",1280,853,false],"thumbnail":["https:\/\/revistacampus.uandes.cl\/2022\/wp-content\/uploads\/2022\/08\/alumni-2-150x150.jpeg",150,150,true],"medium":["https:\/\/revistacampus.uandes.cl\/2022\/wp-content\/uploads\/2022\/08\/alumni-2-300x200.jpeg",300,200,true],"medium_large":["https:\/\/revistacampus.uandes.cl\/2022\/wp-content\/uploads\/2022\/08\/alumni-2-768x512.jpeg",768,512,true],"large":["https:\/\/revistacampus.uandes.cl\/2022\/wp-content\/uploads\/2022\/08\/alumni-2-1024x682.jpeg",1024,682,true],"1536x1536":["https:\/\/revistacampus.uandes.cl\/2022\/wp-content\/uploads\/2022\/08\/alumni-2.jpeg",1280,853,false],"2048x2048":["https:\/\/revistacampus.uandes.cl\/2022\/wp-content\/uploads\/2022\/08\/alumni-2.jpeg",1280,853,false],"thumbnail-medium":["https:\/\/revistacampus.uandes.cl\/2022\/wp-content\/uploads\/2022\/08\/alumni-2-480x384.jpeg",480,384,true],"thumbnail-square":["https:\/\/revistacampus.uandes.cl\/2022\/wp-content\/uploads\/2022\/08\/alumni-2-480x480.jpeg",480,480,true],"thumbnail-portrait":["https:\/\/revistacampus.uandes.cl\/2022\/wp-content\/uploads\/2022\/08\/alumni-2-480x600.jpeg",480,600,true],"thumbnail-large":["https:\/\/revistacampus.uandes.cl\/2022\/wp-content\/uploads\/2022\/08\/alumni-2-720x480.jpeg",720,480,true],"thumbnail-medium-nocrop":["https:\/\/revistacampus.uandes.cl\/2022\/wp-content\/uploads\/2022\/08\/alumni-2-480x320.jpeg",480,320,true]},"post_excerpt_stackable":"<p>Consultas, ex\u00e1menes, cirug\u00eda y rehabilitaci\u00f3n son parte de los servicios que profesionales UANDES prestan a los deportistas del Team Chile.&nbsp; Medallas ol\u00edmpicas y Copas Am\u00e9rica son algunos de los logros de Chile. Deportistas que dan la cara por el pa\u00eds y que hoy forman parte del Comit\u00e9 Ol\u00edmpico, el conocido Team Chile.&nbsp; Sus deportistas se atienden en Cl\u00ednica UANDES gracias al convenio existente entre ambas instituciones, que establece que adem\u00e1s de entregar la atenci\u00f3n de salud que requieran en las instalaciones de la Cl\u00ednica, los especialistas viajen con ellos a cada cita ol\u00edmpica. Muchos de estos profesionales son tambi\u00e9n docentes&hellip;<\/p>\n","category_list":"<a href=\"https:\/\/revistacampus.uandes.cl\/2022\/category\/salud-para-el-futuro\/\" rel=\"category tag\">Salud para el futuro<\/a>","author_info":{"name":"Revista Campus","url":"https:\/\/revistacampus.uandes.cl\/2022\/author\/campus2020\/"},"comments_num":"0 comments","featured_image_urls_v2":{"full":["https:\/\/revistacampus.uandes.cl\/2022\/wp-content\/uploads\/2022\/08\/alumni-2.jpeg",1280,853,false],"thumbnail":["https:\/\/revistacampus.uandes.cl\/2022\/wp-content\/uploads\/2022\/08\/alumni-2-150x150.jpeg",150,150,true],"medium":["https:\/\/revistacampus.uandes.cl\/2022\/wp-content\/uploads\/2022\/08\/alumni-2-300x200.jpeg",300,200,true],"medium_large":["https:\/\/revistacampus.uandes.cl\/2022\/wp-content\/uploads\/2022\/08\/alumni-2-768x512.jpeg",768,512,true],"large":["https:\/\/revistacampus.uandes.cl\/2022\/wp-content\/uploads\/2022\/08\/alumni-2-1024x682.jpeg",1024,682,true],"1536x1536":["https:\/\/revistacampus.uandes.cl\/2022\/wp-content\/uploads\/2022\/08\/alumni-2.jpeg",1280,853,false],"2048x2048":["https:\/\/revistacampus.uandes.cl\/2022\/wp-content\/uploads\/2022\/08\/alumni-2.jpeg",1280,853,false],"thumbnail-medium":["https:\/\/revistacampus.uandes.cl\/2022\/wp-content\/uploads\/2022\/08\/alumni-2-480x384.jpeg",480,384,true],"thumbnail-square":["https:\/\/revistacampus.uandes.cl\/2022\/wp-content\/uploads\/2022\/08\/alumni-2-480x480.jpeg",480,480,true],"thumbnail-portrait":["https:\/\/revistacampus.uandes.cl\/2022\/wp-content\/uploads\/2022\/08\/alumni-2-480x600.jpeg",480,600,true],"thumbnail-large":["https:\/\/revistacampus.uandes.cl\/2022\/wp-content\/uploads\/2022\/08\/alumni-2-720x480.jpeg",720,480,true],"thumbnail-medium-nocrop":["https:\/\/revistacampus.uandes.cl\/2022\/wp-content\/uploads\/2022\/08\/alumni-2-480x320.jpeg",480,320,true]},"post_excerpt_stackable_v2":"<p>Consultas, ex\u00e1menes, cirug\u00eda y rehabilitaci\u00f3n son parte de los servicios que profesionales UANDES prestan a los deportistas del Team Chile.&nbsp; Medallas ol\u00edmpicas y Copas Am\u00e9rica son algunos de los logros de Chile. Deportistas que dan la cara por el pa\u00eds y que hoy forman parte del Comit\u00e9 Ol\u00edmpico, el conocido Team Chile.&nbsp; Sus deportistas se atienden en Cl\u00ednica UANDES gracias al convenio existente entre ambas instituciones, que establece que adem\u00e1s de entregar la atenci\u00f3n de salud que requieran en las instalaciones de la Cl\u00ednica, los especialistas viajen con ellos a cada cita ol\u00edmpica. Muchos de estos profesionales son tambi\u00e9n docentes&hellip;<\/p>\n","category_list_v2":"<a href=\"https:\/\/revistacampus.uandes.cl\/2022\/category\/salud-para-el-futuro\/\" rel=\"category tag\">Salud para el futuro<\/a>","author_info_v2":{"name":"Revista Campus","url":"https:\/\/revistacampus.uandes.cl\/2022\/author\/campus2020\/"},"comments_num_v2":"0 comments","_links":{"self":[{"href":"https:\/\/revistacampus.uandes.cl\/2022\/wp-json\/wp\/v2\/posts\/6574"}],"collection":[{"href":"https:\/\/revistacampus.uandes.cl\/2022\/wp-json\/wp\/v2\/posts"}],"about":[{"href":"https:\/\/revistacampus.uandes.cl\/2022\/wp-json\/wp\/v2\/types\/post"}],"author":[{"embeddable":true,"href":"https:\/\/revistacampus.uandes.cl\/2022\/wp-json\/wp\/v2\/users\/2"}],"replies":[{"embeddable":true,"href":"https:\/\/revistacampus.uandes.cl\/2022\/wp-json\/wp\/v2\/comments?post=6574"}],"version-history":[{"count":23,"href":"https:\/\/revistacampus.uandes.cl\/2022\/wp-json\/wp\/v2\/posts\/6574\/revisions"}],"predecessor-version":[{"id":8198,"href":"https:\/\/revistacampus.uandes.cl\/2022\/wp-json\/wp\/v2\/posts\/6574\/revisions\/8198"}],"wp:featuredmedia":[{"embeddable":true,"href":"https:\/\/revistacampus.uandes.cl\/2022\/wp-json\/wp\/v2\/media\/7225"}],"wp:attachment":[{"href":"https:\/\/revistacampus.uandes.cl\/2022\/wp-json\/wp\/v2\/media?parent=6574"}],"wp:term":[{"taxonomy":"category","embeddable":true,"href":"https:\/\/revistacampus.uandes.cl\/2022\/wp-json\/wp\/v2\/categories?post=6574"},{"taxonomy":"post_tag","embeddable":true,"href":"https:\/\/revistacampus.uandes.cl\/2022\/wp-json\/wp\/v2\/tags?post=6574"}],"curies":[{"name":"wp","href":"https:\/\/api.w.org\/{rel}","templated":true}]}}