{"id":4484,"date":"2020-06-07T15:19:53","date_gmt":"2020-06-07T19:19:53","guid":{"rendered":"http:\/\/revistacampus.uandes.cl\/2020\/?p=4484"},"modified":"2020-09-07T18:48:34","modified_gmt":"2020-09-07T21:48:34","slug":"30-anos-uandes","status":"publish","type":"post","link":"https:\/\/revistacampus.uandes.cl\/2020\/30-anos-uandes\/","title":{"rendered":"30 a\u00f1os UANDES"},"content":{"rendered":"\n<style>\n\/* Stacked Cards *\/\n\n\n.stack__card {\n\tcolor: black;\n\tborder: solid 1px rgba(132,129,129,0.10);\n\tbackground-color: #FFF;\n\tbox-shadow: 0 20px 40px -14px rgba(0, 0, 0, 0.25);\n\tmargin-bottom: 35px;\n}\n.stack__card figure {\n\tposition: relative;\n\toverflow: hidden;\n\tmargin: 0;\n}\n.stack__card figure img {\n\twidth: 100%;\n\t\n\t\/* Fit image within parent container  *\/\n\tobject-fit: cover;\n}\n.stack__card figcaption {\n\tposition: absolute;\n\tmargin: 0;\n\tbottom: 0;\n\tleft: 0;\n\twidth: 100%;\n\tcolor: white;\n\tbackground: rgba(0, 0, 0, 0.4);\n\tpadding: 0.5em;\n\tbox-sizing: border-box;\n}\n.stack__card .stack__card__content {\n\tpadding: 1.5rem;\n\tdisplay: flex;\n\tjustify-content: center;\n\tflex-direction: column;\n}\n.stack__card__title {\n\tfont-size: 1.25rem;\n\tfont-weight: 300;\n\tletter-spacing: 2px;\n\ttext-transform: uppercase;\n\tmargin: .25rem 0 .5rem 0;\n}\n.stack__card__right .stack__card__content {\n\t-webkit-box-ordinal-group: 0;\n\t-ms-flex-order: -1;\n\torder: -1;\n}\n\n.stack__card__content p {\n    font-size: 0.90em ;\n\tline-height: 1.25em;\n  }\n\/* Reset width to 100% for small screens *\/\n.span__30, .span__33, .span__40, .span__50, span__60, .span__70 {\n\twidth: 100%;\n}\n\n\n@media (min-width: 960px) {\n \n  \n.stack__card {\n\tdisplay: table;\n\tdisplay: -webkit-box;\n\tdisplay: -ms-flexbox;\n\tdisplay: flex;\n}\n.stack__card figure {\n\tposition: relative;\n\tvertical-align: middle;\n\ttext-align: center;\n\tmax-height: 100%;\n}\n  \n  .stack__card__content p {\n    font-size: 1.25em ;\n\tline-height: 1.5em;\n  }\n\n\/* Set width for large screens *\/\n\n.span__30 {\n\tmin-width: 30%\n}\n\n\n.span__40 {\n\tmin-width: 40%\n}\n.span__50 {\n\tmin-width: 50%\n}\n.span__60 {\n\tmin-width: 60%\n}\n.span__70 {\n\tmin-width: 70%\n}\n.stack__card figure img {\n\t\/*  *\/\n\tpositionx: absolute;\n\ttop: 0;\n\tleft: 0;\n\theight: 100%;\n}\n  \n\n  .mh-500 {max-height:500px;}\n}\n.card-container {\n\twidth: calc(100% - 1em);\n\tmax-width: 1080px;\n\tmargin: 0 auto;\n\tpadding-top: 20px;\n\tpadding-bottom:200px;\n}\nbody, html {\n\/\/font-family: 'Maven Pro', sans-serif;\n\/\/\t-webkit-font-smoothing: antialiased;\n\/\/\t-moz-osx-font-smoothing: grayscale;\n  font-size:1em;\n}\nimg {\n\theight: auto;\n\tmax-width: 100%;\n\n}\n\nh1 {font-size:20px;margin-bottom:30px;}\n\n<\/style>\n\n<div class=\"card-container\">\n  <figure class=\"span__70\"> <img class=\"lazyload\" data-src=\"http:\/\/revistacampus.uandes.cl\/2020\/wp-content\/uploads\/2020\/09\/Screen-Shot-2020-09-05-at-03.39.57.png\" alt=\"Descriptive Text\">\n\n\n  <article class=\"stack__card\">\n    <figure class=\"span__70\"> <img class=\"lazyload\" data-src=\"http:\/\/revistacampus.uandes.cl\/2020\/wp-content\/uploads\/2020\/09\/IMG_9446.jpg\" alt=\"Descriptive Text\">\n     \n    <\/figure>\n    <div class=\"stack__card__content\">\n      <h2 class=\"stack__card__title\"><\/h2>\n     <p>El primer Rector, Ra\u00fal Bertelsen Reppeto, fue el encargado de dictar la <a href=\"https:\/\/www.uandes.cl\/noticias\/30-anios-en-la-vida-de-una-universidad-es-una-oportunidad-propicia-para-reflexionar\/\" target=\"_blank\" rel=\"noopener noreferrer\">clase magistral del Acto Acad\u00e9mico Aniversario<\/a>, de la cual seleccionamos algunos extractos, para acompa\u00f1ar las fotograf\u00edas que se tomaron los equipos de trabajo al festejar los 30 a\u00f1os.<\/p>\n     \n    <\/div>\n  <\/article>\n  \n  \n  <article class=\"stack__card stack__card__right\">\n    <figure class=\"span__70\"> <img class=\"lazyload\" data-src=\"http:\/\/revistacampus.uandes.cl\/2020\/wp-content\/uploads\/2020\/09\/Operaciones-scaled.jpg\" alt=\"Descriptive Text\">\n       <figcaption>Operaciones<\/figcaption>\n    <\/figure>\n    <div class=\"stack__card__content\">\n      <h2 class=\"stack__card__title\"><\/h2>\n      <p>\u201cHace treinta a\u00f1os \u00e9ramos un pu\u00f1ado de personas llenas de ilusiones, que afortunadamente no realizamos un an\u00e1lisis de fortalezas, oportunidades, debilidades y amenazas, porque de hacerlo no habr\u00edamos iniciado esta aventura acad\u00e9mica.&#8221;<\/p>\n    <\/div>\n  <\/article>\n  \n  \n  <article class=\"stack__card\">\n    <figure class=\"span__60\"> <img class=\"lazyload\" data-src=\"http:\/\/revistacampus.uandes.cl\/2020\/wp-content\/uploads\/2020\/09\/Admisio\u0301n-scaled.jpg\" alt=\"Descriptive Text\">\n  <figcaption>Admisi\u00f3n<\/figcaption>\n    <\/figure>\n    <div class=\"stack__card__content\">\n      <h2 class=\"stack__card__title\"><\/h2>\n      <p>\u201cTiene que conformar la docencia, animada de esp\u00edritu de servicio, la disponibilidad para recibir a los alumnos y atenderlos, el esfuerzo investigador en la b\u00fasqueda de la verdad, la relaci\u00f3n respetuosa entre profesores y alumnos, y de unos y otros con los administrativos, la vida en su totalidad de los que trabajamos en el campus -durante d\u00e9cadas algunos-, o en un per\u00edodo acotado de tiempo como el de nuestros alumnos.\u201d <\/p>\n    <\/div>\n  <\/article>\n  \n    <article class=\"stack__card stack__card__right\">\n    <figure class=\"span__60\"> <img class=\"lazyload\" data-src=\"http:\/\/revistacampus.uandes.cl\/2020\/wp-content\/uploads\/2020\/09\/Nutricio\u0301n-scaled.jpg\" alt=\"Descriptive Text\">\n     <figcaption>Nutrici\u00f3n<\/figcaption>\n    <\/figure>\n    <div class=\"stack__card__content\">\n      <h2 class=\"stack__card__title\"><\/h2>\n      <p>\u201cLa Universidad necesita estar abierta a las innovaciones metodol\u00f3gicas. No hacerlo, significa cerrarse a la posibilidad de nuevas modalidades de docencia, que la enriquecen, la hacen m\u00e1s eficaz y que ampl\u00edan su labor al permitirle llegar a personas que no pueden venir a la universidad. Ello no significa, sin embargo, que haya que renunciar a pr\u00e1cticas seculares que la han enriquecido a lo largo de los siglos. Tal es la clase magistral.\u201d<\/p>\n    <\/div>\n  <\/article>  \n  \n  <article class=\"stack__card\">\n    <figure class=\"span__50\"> <img class=\"lazyload\" data-src=\"http:\/\/revistacampus.uandes.cl\/2020\/wp-content\/uploads\/2020\/09\/KIN-TOC-30-an\u0303os.jpeg\" alt=\"Descriptive Text\">\n     <figcaption>Kinesiolog\u00eda &#8211; Terapia Ocupacional<\/figcaption>\n    <\/figure>\n    <div class=\"stack__card__content\">\n      <h2 class=\"stack__card__title\"><\/h2>\n    <p>\u201cNuestros j\u00f3venes estudiantes no saben, probablemente, que en la construcci\u00f3n de los primeros edificios del campus uno de los problemas a resolver era determinar cu\u00e1ntas cabinas telef\u00f3nicas habr\u00eda y d\u00f3nde estar\u00edan situadas.\u201d<\/p>\n    <\/div>\n  <\/article>\n  \n  \n    <article class=\"stack__card stack__card__right\">\n    <figure class=\"span__70\"> <img class=\"lazyload\" data-src=\"http:\/\/revistacampus.uandes.cl\/2020\/wp-content\/uploads\/2020\/09\/Finanzas-1-scaled.jpg\" alt=\"Descriptive Text\">\n     <figcaption>Finanzas<\/figcaption>\n    <\/figure>\n    <div class=\"stack__card__content\">\n      <h2 class=\"stack__card__title\"><\/h2>\n      <p>\u201cLa vida universitaria tiene hechos relevantes, una distinci\u00f3n, un premio, un logro que marca un hito, algo extraordinario, que es lo que suele destacarse en las noticias y en las cuentas anuales. Pero la trama que se teje d\u00eda a d\u00eda est\u00e1 hecha de cosas peque\u00f1as,\nde actividades que se repiten una y otra vez, que aisladamente consideradas no se notan, pero que en su conjunto configuran el panorama grandioso en que muchos han contribuido a lo largo de los a\u00f1os.\u201d<\/p>\n    <\/div>\n  <\/article>\n   \n  <script src=\"https:\/\/cdnjs.cloudflare.com\/ajax\/libs\/lazysizes\/5.2.2\/lazysizes.min.js\"><\/script>\n  \n<\/div>\n\n\n\n<p><\/p>\n","protected":false},"excerpt":{"rendered":"<p>El primer Rector, Ra\u00fal Bertelsen Reppeto, fue el encargado de dictar la clase magistral del Acto Acad\u00e9mico Aniversario, de la cual seleccionamos algunos extractos, para acompa\u00f1ar las fotograf\u00edas que se tomaron los equipos de trabajo al festejar los 30 a\u00f1os. Operaciones \u201cHace treinta a\u00f1os \u00e9ramos un pu\u00f1ado de personas llenas de ilusiones, que afortunadamente no realizamos un an\u00e1lisis de fortalezas, oportunidades, debilidades y amenazas, porque de hacerlo no habr\u00edamos iniciado esta aventura acad\u00e9mica.&#8221; Admisi\u00f3n \u201cTiene que conformar la docencia, animada de esp\u00edritu de servicio, la disponibilidad para recibir a los alumnos y atenderlos, el esfuerzo investigador en la b\u00fasqueda de<\/p>\n","protected":false},"author":2,"featured_media":4147,"comment_status":"open","ping_status":"open","sticky":false,"template":"elementor_header_footer","format":"standard","meta":[],"categories":[37],"tags":[],"_links":{"self":[{"href":"https:\/\/revistacampus.uandes.cl\/2020\/wp-json\/wp\/v2\/posts\/4484"}],"collection":[{"href":"https:\/\/revistacampus.uandes.cl\/2020\/wp-json\/wp\/v2\/posts"}],"about":[{"href":"https:\/\/revistacampus.uandes.cl\/2020\/wp-json\/wp\/v2\/types\/post"}],"author":[{"embeddable":true,"href":"https:\/\/revistacampus.uandes.cl\/2020\/wp-json\/wp\/v2\/users\/2"}],"replies":[{"embeddable":true,"href":"https:\/\/revistacampus.uandes.cl\/2020\/wp-json\/wp\/v2\/comments?post=4484"}],"version-history":[{"count":10,"href":"https:\/\/revistacampus.uandes.cl\/2020\/wp-json\/wp\/v2\/posts\/4484\/revisions"}],"predecessor-version":[{"id":4569,"href":"https:\/\/revistacampus.uandes.cl\/2020\/wp-json\/wp\/v2\/posts\/4484\/revisions\/4569"}],"wp:featuredmedia":[{"embeddable":true,"href":"https:\/\/revistacampus.uandes.cl\/2020\/wp-json\/wp\/v2\/media\/4147"}],"wp:attachment":[{"href":"https:\/\/revistacampus.uandes.cl\/2020\/wp-json\/wp\/v2\/media?parent=4484"}],"wp:term":[{"taxonomy":"category","embeddable":true,"href":"https:\/\/revistacampus.uandes.cl\/2020\/wp-json\/wp\/v2\/categories?post=4484"},{"taxonomy":"post_tag","embeddable":true,"href":"https:\/\/revistacampus.uandes.cl\/2020\/wp-json\/wp\/v2\/tags?post=4484"}],"curies":[{"name":"wp","href":"https:\/\/api.w.org\/{rel}","templated":true}]}}