{"id":4251,"date":"2020-09-03T03:57:29","date_gmt":"2020-09-03T07:57:29","guid":{"rendered":"http:\/\/revistacampus.uandes.cl\/2020\/?p=4251"},"modified":"2020-09-08T11:44:42","modified_gmt":"2020-09-08T14:44:42","slug":"centro-de-salud-uandes-20-anos-de-formar-y-servir","status":"publish","type":"post","link":"https:\/\/revistacampus.uandes.cl\/2020\/centro-de-salud-uandes-20-anos-de-formar-y-servir\/","title":{"rendered":"<span class=\"subtitulo\">Centro de Salud UANDES<\/span><br>20 a\u00f1os de formar y servir<br><\/span>"},"content":{"rendered":"\n<p><em><strong>An\u00e9cdotas que hablan de la impronta que lo caracteriza guardan los muros del campo docente-asistencial ubicado en San Bernardo. Quienes han pasado por all\u00ed comparten esas historias<\/strong><\/em>.<\/p>\n\n\n\n<p>&#8220;Para servir, servir\u201d es una frase de san Josemar\u00eda que orienta a quienes trabajamos en la <a href=\"http:\/\/www.uandes.cl\" target=\"_blank\" rel=\"noreferrer noopener\">Universidad de los Andes<\/a>. Y trabajar en salud nos permite acercarnos a\u00fan m\u00e1s a ese prop\u00f3sito&#8221;, comenta <strong>Jorge Landeta<\/strong>, gerente del <a rel=\"noreferrer noopener\" href=\"https:\/\/saluduandes.cl\/\" target=\"_blank\"><strong>Centro de Salud Universidad de los Andes (CESA)<\/strong><\/a> cuando <strong>cumple 20 a\u00f1os asistiendo a la comunidad de la zona sur de Santiago<\/strong>. Con alta tecnolog\u00eda y modernos servicios, brinda 40 mil atenciones m\u00e9dicas, 68 mil prestaciones odontol\u00f3gicas y cuatro mil consultas de salud mental al a\u00f1o. Un indiscutible aporte de este recinto, que tambi\u00e9n entrega consultor\u00eda de Mediaci\u00f3n Familiar.<\/p>\n\n\n\n<p>\u201cEn estas dos d\u00e9cadas es destacable el permanente esfuerzo que realizan los profesionales, personal administrativo y de servicio para <strong>dar una atenci\u00f3n de calidad basada en un trato personal a los enfermos<\/strong>, respetando la dignidad de la persona\u201d, afirma el <strong>Dr. Francisco Rodr\u00edguez<\/strong>, director m\u00e9dico del Centro.<\/p>\n\n\n\n<div style=\"height:50px\" aria-hidden=\"true\" class=\"wp-block-spacer\"><\/div>\n\n\n\n<div class=\"wp-block-media-text alignwide is-stacked-on-mobile is-vertically-aligned-top timeline-image\"><figure class=\"wp-block-media-text__media\"><img loading=\"lazy\" width=\"1024\" height=\"716\" src=\"http:\/\/revistacampus.uandes.cl\/2020\/wp-content\/uploads\/2020\/09\/46-construccion-1024x716.jpg\" alt=\"\" class=\"wp-image-4327\" srcset=\"https:\/\/revistacampus.uandes.cl\/2020\/wp-content\/uploads\/2020\/09\/46-construccion-1024x716.jpg 1024w, https:\/\/revistacampus.uandes.cl\/2020\/wp-content\/uploads\/2020\/09\/46-construccion-300x210.jpg 300w, https:\/\/revistacampus.uandes.cl\/2020\/wp-content\/uploads\/2020\/09\/46-construccion-768x537.jpg 768w, https:\/\/revistacampus.uandes.cl\/2020\/wp-content\/uploads\/2020\/09\/46-construccion-1536x1074.jpg 1536w, https:\/\/revistacampus.uandes.cl\/2020\/wp-content\/uploads\/2020\/09\/46-construccion-2048x1432.jpg 2048w, https:\/\/revistacampus.uandes.cl\/2020\/wp-content\/uploads\/2020\/09\/46-construccion-480x336.jpg 480w\" sizes=\"(max-width: 1024px) 100vw, 1024px\" \/><\/figure><div class=\"wp-block-media-text__content\">\n<p><\/p>\n\n\n\n<p>En 1999 finaliz\u00f3 la construcci\u00f3n del Centro de Salud UANDES, un edificio de 2.584 m2 junto al Hospital Parroquial de San Bernardo.<br>En 2019 se convirti\u00f3 en el <a href=\"https:\/\/www.uandes.cl\/noticias\/centro-de-salud-de-la-universidad-de-los-andes-en-san-bernardo-fue-acreditado\/\" target=\"_blank\" rel=\"noreferrer noopener\">primer campus odontol\u00f3gico docente asistencial en ser acreditado<\/a> en el pa\u00eds.<\/p>\n\n\n\n<p><\/p>\n<\/div><\/div>\n\n\n\n<script>\nconst timeline = {'1999' : [['Inauguraci\u00f3n del Centro', 'Edificio de 2.584 m2 junto al Hospital Parroquial de San Bernardo'], 'http:\/\/revistacampus.uandes.cl\/2020\/wp-content\/uploads\/2020\/09\/46-construccion-1024x716.jpg'],\n'2001' : [['Unidad de Salud Mental'], 'http:\/\/revistacampus.uandes.cl\/2020\/wp-content\/uploads\/2020\/09\/MG_5726-scaled.jpg'], \n'2007' : [['Edificio de Odontolog\u00eda', '2.000 m2, con 90 sillones dentales y 5 especialidades'], 'http:\/\/revistacampus.uandes.cl\/2020\/wp-content\/uploads\/2020\/09\/MG_5816-scaled.jpg'],\n'2011' : [['Ficha m\u00e9dica digital', 'Oficina de Atenci\u00f3n al Usuario'], 'http:\/\/revistacampus.uandes.cl\/2020\/wp-content\/uploads\/2020\/09\/MG_9364-scaled.jpg'],\n'2012' : [['Comit\u00e9 de \u00c9tica CESA-UANDES'], 'http:\/\/revistacampus.uandes.cl\/2020\/wp-content\/uploads\/2020\/09\/MG_6823-scaled.jpg'],\n'2013' : [['Ampliaci\u00f3n de Central de Esterilizaci\u00f3n', 'Unidad de Urgencia Dental y Post\u00edtulo de Cirug\u00eda M\u00e1xilo-Facial', 'Consejo Colegiado', 'Oratorio'], 'http:\/\/revistacampus.uandes.cl\/2020\/wp-content\/uploads\/2020\/09\/46-construccion.jpg'],\n'2016' : [['Ficha Digital Docente', 'Asistencia en Odontolog\u00eda (Suite Salud)'], 'http:\/\/revistacampus.uandes.cl\/2020\/wp-content\/uploads\/2020\/09\/MG_6823-scaled.jpg'],\n'2017' : [['10 sillones dentales m\u00e1s', 'Nueva cl\u00ednica en edificio de Odontolog\u00eda', 'Terreno de 4.000 m2 para estacionamiento'], 'http:\/\/revistacampus.uandes.cl\/2020\/wp-content\/uploads\/2020\/09\/Captura-de-pantalla-2020-07-03-a-las-19.31.12.png'],\n'2018' : [['Servicio de Mediaci\u00f3n Familiar', 'Sala Cero para alumnos', 'Salas de reuniones y oficinas para Odontolog\u00eda'], 'http:\/\/revistacampus.uandes.cl\/2020\/wp-content\/uploads\/2020\/09\/MG_5726-scaled.jpg'],\n'2019' : [['Acreditaci\u00f3n en Calidad por la Superintendencia de Salud', 'Renovaci\u00f3n ascensor edificio consultad m\u00e9dicas'], 'http:\/\/revistacampus.uandes.cl\/2020\/wp-content\/uploads\/2020\/09\/MG_7964-scaled.jpg'],\n'2020' : [['Nuevo terreno de 1.000 m2 para estacionamientos'], 'http:\/\/revistacampus.uandes.cl\/2020\/wp-content\/uploads\/2020\/09\/CAPTURA-CESA2.png']}\n\njQuery(function() {\n    jQuery(\"input[type='radio']\").change(function(){\n    const year = jQuery(this).attr('data-description')\n    let list, img\n    [list, img] = timeline[year]\n    const $ul = jQuery(\"ul[class='timeline-list']\")\n    $ul.empty()\n    $ul.append(\n        list.map(item => \n        jQuery('<li>').text(item))\n    )\n    const image = jQuery(\".timeline-image figure img\")\n    image.removeAttr('srcset')\n    image.attr('src', img + \"?nocache=\" + Math.random())\n});\njQuery(\"input[type='radio']\").first().trigger('click')\n});\n<\/script>\n\n\n<style>\n.flex-parent {\n  display: flex;\n  flex-direction: column;\n  justify-content: center;\n  align-items: center;\n  width: 100%;\n  height: 100%;\n  margin-top: 150px;\n  \/* min-height: 500px; *\/\n}\n\n.input-flex-container {\n  display: flex;\n  justify-content: space-around;\n  align-items: center;\n  flex-wrap: wrap;\n  width: 80vw;\n  max-width: 1000px;\n  position: relative;\n  z-index: 0;\n  margin-left: calc((80vw - 25px) \/ 20);\n}\n\ninput {\n  width: 25px;\n  height: 25px;\n  background-color: #0061a8;\n  position: relative;\n  border-radius: 50%;\n  display: block;\n  -moz-appearance: none;\n  -webkit-appearance: none;\n  appearance: none;\n  cursor: pointer;\n}\ninput:focus {\n  outline: none;\n}\ninput::before, input::after {\n  content: \"\";\n  display: block;\n  position: absolute;\n  z-index: -1;\n  top: 50%;\n  transform: translateY(-50%);\n  background-color: #0061a8;\n  width: 4vw;\n  height: 5px;\n  max-width: 50px;\n}\ninput::before {\n  left: calc(-4vw + 12.5px);\n}\ninput::after {\n  right: calc(-4vw + 12.5px);\n}\ninput:checked {\n  background-color: #0061a8;\n}\ninput:checked::before {\n  background-color: #0061a8;\n}\ninput:checked::after {\n  background-color: #AEB6BF;\n}\ninput:checked ~ input, input:checked ~ input::before, input:checked ~ input::after {\n  background-color: #AEB6BF;\n}\ninput:checked + .dot-info span {\n  font-size: 13px;\n  font-weight: bold;\n}\n\n.dot-info {\n  width: 25px;\n  height: 25px;\n  display: block;\n  visibility: hidden;\n  position: relative;\n  z-index: -1;\n  left: calc((((80vw - 25px) \/ 20) * -1) - 1px);\n}\n.dot-info span {\n  visibility: visible;\n  position: absolute;\n  font-size: 12px;\n}\n.dot-info span.year {\n  bottom: -30px;\n  left: 50%;\n  transform: translateX(-50%);\n}\n.dot-info span.label {\n  top: -90px;\n  left: 0;\n  transform: rotateZ(-45deg);\n  width: 150px;\n  text-indent: -10px;\n}\n\n#timeline-descriptions-wrapper {\n  width: 100%;\n  margin-top: 140px;\n  font-size: 22px;\n  font-weight: 400;\n  margin-left: calc((-80vw - 25px) \/ 20);\n}\n#timeline-descriptions-wrapper p {\n  margin-top: 0;\n  display: none;\n}\n\n@media (min-width: 1250px) {\n  .input-flex-container {\n    margin-left: 62.5px;\n  }\n\n  input::before {\n    left: -37.5px;\n  }\n  input::after {\n    right: -37.5px;\n  }\n\n  .dot-info {\n    left: calc((((1000px - 25px) \/ 20) * -1) - 1px);\n  }\n\n  #timeline-descriptions-wrapper {\n    margin-left: -37.5px;\n  }\n}\n@media (max-width: 767px) {\n  .flex-parent {\n    justify-content: initial;\n    margin-top: 0px!important;\n  }\n\n  .input-flex-container {\n    flex-wrap: wrap;\n    justify-content: center;\n    width: 400px;\n    height: auto;\n    margin-top: 0px!important;\n    margin-left: 0;\n    padding-bottom: 0px;\n  }\n\n  input, .dot-info {\n    width: 60px;\n    height: 60px;\n    margin: 0 10px 92px;\n  }\n\n  input {\n    background-color: transparent !important;\n    z-index: 1;\n  }\n  input::before, input::after {\n    content: none;\n  }\n  input:checked + .dot-info {\n    background-color: #0061a8;\n  }\n  input:checked + .dot-info span.year {\n    font-size: 14px;\n  }\n  input:checked + .dot-info span.label {\n    font-size: 12px;\n  }\n\n  .dot-info {\n    visibility: visible;\n    border-radius: 50%;\n    z-index: 0;\n    left: 0;\n    margin-left: -70px;\n    background-color: #AEB6BF;\n  }\n  .dot-info span.year {\n    top: 0;\n    left: 0;\n    transform: none;\n    width: 100%;\n    height: 100%;\n    display: flex;\n    justify-content: center;\n    align-items: center;\n    color: #ECF0F1;\n  }\n  .dot-info span.label {\n    top: calc(100% + 5px);\n    left: 50%;\n    transform: translateX(-50%);\n    text-indent: 0;\n    text-align: center;\n  }\n\n  #timeline-descriptions-wrapper {\n    margin-top: 30px;\n    margin-left: 0;\n    text-align: center;\n  }\n\n.dot-info span.label {\n  width: 70px!important;\n}\n}\n@media (max-width: 480px) {\n  .input-flex-container {\n    width: 340px;\n  }\n}\n@media (max-width: 400px) {\n  .input-flex-container {\n    width: 300px;\n  }\n}\n<\/style>\n\n\n<div class=\"flex-parent\">\n\t<div class=\"input-flex-container\">\n\t\t<input type=\"radio\" name=\"timeline-dot\" data-description=\"1999\">\n\t\t<div class=\"dot-info\" data-description=\"1999\">\n\t\t\t<span class=\"year\">1999<\/span>\n\t\t\t<span class=\"label\">Inauguraci\u00f3n del Centro<\/span>\n\t\t<\/div>\n\t\t<input type=\"radio\" name=\"timeline-dot\" data-description=\"2001\">\n\t\t<div class=\"dot-info\" data-description=\"2001\">\n\t\t\t<span class=\"year\">2001<\/span>\n\t\t\t<span class=\"label\">Unidad de Salud Mental<\/span>\n\t\t<\/div>\n\t\t<input type=\"radio\" name=\"timeline-dot\" data-description=\"2007\" checked=\"\">\n\t\t<div class=\"dot-info\" data-description=\"2007\">\n\t\t\t<span class=\"year\">2007<\/span>\n\t\t\t<span class=\"label\">Edificio de Odontolog\u00eda<\/span>\n\t\t<\/div>\n\t\t<input type=\"radio\" name=\"timeline-dot\" data-description=\"2011\">\n\t\t<div class=\"dot-info\" data-description=\"2011\">\n\t\t\t<span class=\"year\">2011<\/span>\n\t\t\t<span class=\"label\">Ficha m\u00e9dica digital<\/span>\n\t\t<\/div>\n\t\t<input type=\"radio\" name=\"timeline-dot\" data-description=\"2012\">\n\t\t<div class=\"dot-info\" data-description=\"2012\">\n\t\t\t<span class=\"year\">2012<\/span>\n\t\t\t<span class=\"label\">Comit\u00e9 de \u00c9tica CESA- UANDES<\/span>\n\t\t<\/div>\n\t\t<input type=\"radio\" name=\"timeline-dot\" data-description=\"2013\">\n\t\t<div class=\"dot-info\" data-description=\"2013\">\n\t\t\t<span class=\"year\">2013<\/span>\n\t\t\t<span class=\"label\">Ampliaci\u00f3n de Central de Esterilizaci\u00f3n<\/span>\n\t\t<\/div>\n\t\t<input type=\"radio\" name=\"timeline-dot\" data-description=\"2016\">\n\t\t<div class=\"dot-info\" data-description=\"2016\">\n\t\t\t<span class=\"year\">2016<\/span>\n\t\t\t<span class=\"label\">Ficha Digital Docente<\/span>\n\t\t<\/div>\n\t\t<input type=\"radio\" name=\"timeline-dot\" data-description=\"2017\">\n\t\t<div class=\"dot-info\" data-description=\"2017\">\n\t\t\t<span class=\"year\">2017<\/span>\n\t\t\t<span class=\"label\">Nueva Cl\u00ednica Odontolog\u00eda<\/span>\n\t\t<\/div>\n\t\t<input type=\"radio\" name=\"timeline-dot\" data-description=\"2018\">\n\t\t<div class=\"dot-info\" data-description=\"2018\">\n\t\t\t<span class=\"year\">2018<\/span>\n\t\t\t<span class=\"label\">Servicio de Mediaci\u00f3n Familiar<\/span>\n\t\t<\/div>\n\t\t<input type=\"radio\" name=\"timeline-dot\" data-description=\"2019\">\n\t\t<div class=\"dot-info\" data-description=\"2019\">\n\t\t\t<span class=\"year\">2019<\/span>\n\t\t\t<span class=\"label\">Acreditaci\u00f3n de Calidad<\/span>\n\t\t<\/div>\n\t\t\t\t<input type=\"radio\" name=\"timeline-dot\" data-description=\"2020\">\n\t\t<div class=\"dot-info\" data-description=\"2020\">\n\t\t\t<span class=\"year\">2020<\/span>\n\t\t\t<span class=\"label\">Nuevo terreno<\/span>\n\t\t<\/div>\n\t<\/div>\n<\/div>\n\n\n\n<p><\/p>\n\n\n\n<p style=\"font-size:15px\"><p style=\"font-size:15px;margin-top:50px;\">La construcci\u00f3n del CESA, junto al <a href=\"http:\/\/www.hpsb.cl\/WP\/\" target=\"_blank\" rel=\"noreferrer noopener\">Hospital Parroquial de San Bernardo<\/a>, surge como una \u201cvisionaria idea de las autoridades universitarias de la \u00e9poca, quienes comprendieron que para procurar una mejor formaci\u00f3n de los alumnos de Medicina era importante tener un centro en que pudieran participar y formarse, tanto humana como profesionalmente\u201d, relata el doctor Rodr\u00edguez, quien ha estado presente desde sus or\u00edgenes, cuando se llamaba CUEM (Centro Universitario de Especialidades M\u00e9dicas).<\/p><\/p>\n\n\n\n<p style=\"font-size:15px\">\u201cA todos nos costaba decir ese nombre, menos mal que lo cambiaron\u201d, comenta el actual director de la <a href=\"https:\/\/www.uandes.cl\/carrera\/medicina\/\" target=\"_blank\" rel=\"noreferrer noopener\">Escuela de Medicina<\/a> y egresado de la primera generaci\u00f3n de la carrera, <strong>Dr. Gustavo M\u00f6nckeberg<\/strong>, quien recuerda que le \u201chac\u00eda mucha ilusi\u00f3n\u201d ir al CESA, donde realizaba algunas actividades pr\u00e1cticas en el pabell\u00f3n de Anatom\u00eda, que combinaba con la atenci\u00f3n de pacientes del Hospital Parroquial. \u201cLlegar a San Bernardo era toda una odisea\u201d, rememora sobre este centro, que dos a\u00f1os despu\u00e9s de su inauguraci\u00f3n abri\u00f3 la<strong> Unidad de Salud Mental<\/strong> y en 2007 comenz\u00f3 a construir el <strong>edificio de Odontolog\u00eda<\/strong>. \u201cRealizamos un real aporte a un segmento de la poblaci\u00f3n que, si bien no es de extrema pobreza, de no atenderse aqu\u00ed quiz\u00e1s no podr\u00eda acceder a recuperar su salud bucal por los altos costos que conlleva\u201d, resalta <strong>Renzo Casanova, director de la Cl\u00ednica Odontol\u00f3gica.<\/strong><\/p>\n\n\n\n<h4 class=\"has-text-color\" style=\"color:#006cb7\">SIEMPRE LISTOS<\/h4>\n\n\n\n<p style=\"font-size:15px\">\u201cPertenezco a un grupo de personas que le tenemos un amor muy grande al Centro\u201d, confiesa el <strong>pediatra Manuel Fern\u00e1ndez<\/strong>, quien atiende pacientes y hace docencia desde los inicios de este lugar. \u201cEs el campo cl\u00ednico innato de la UANDES, un lugar donde se puede llevar a la pr\u00e1ctica todo lo que aspiramos como Universidad\u201d.<\/p>\n\n\n\n<figure class=\"wp-block-image size-large is-resized\"><img loading=\"lazy\" src=\"http:\/\/revistacampus.uandes.cl\/2020\/wp-content\/uploads\/2020\/09\/Manuel-Ferna\u0301ndez-1024x768.jpg\" alt=\"\" class=\"wp-image-4305\" width=\"768\" height=\"576\" srcset=\"https:\/\/revistacampus.uandes.cl\/2020\/wp-content\/uploads\/2020\/09\/Manuel-Ferna\u0301ndez-1024x768.jpg 1024w, https:\/\/revistacampus.uandes.cl\/2020\/wp-content\/uploads\/2020\/09\/Manuel-Ferna\u0301ndez-300x225.jpg 300w, https:\/\/revistacampus.uandes.cl\/2020\/wp-content\/uploads\/2020\/09\/Manuel-Ferna\u0301ndez-768x576.jpg 768w, https:\/\/revistacampus.uandes.cl\/2020\/wp-content\/uploads\/2020\/09\/Manuel-Ferna\u0301ndez-1536x1152.jpg 1536w, https:\/\/revistacampus.uandes.cl\/2020\/wp-content\/uploads\/2020\/09\/Manuel-Ferna\u0301ndez-2048x1536.jpg 2048w, https:\/\/revistacampus.uandes.cl\/2020\/wp-content\/uploads\/2020\/09\/Manuel-Ferna\u0301ndez-480x360.jpg 480w\" sizes=\"(max-width: 768px) 100vw, 768px\" \/><figcaption>El <strong>Dr. Manuel Fern\u00e1ndez<\/strong> fue el maestro de ceremonia cuando el entonces <strong>Rector Ra\u00fal Bertelsen<\/strong> inaugur\u00f3 el CESA, proyecto en el que participaron <strong>Jos\u00e9 Manuel Garc\u00eda<\/strong>, entonces administrador general de la Universidad; el <strong>Dr. Fernando Orrego<\/strong>, decano de la Facultad de Medicina en ese momento, y <strong>Mons. Orozimbo Fuenzalida<\/strong>, exobispo de San Bernardo, entre muchos otros.<\/figcaption><\/figure>\n\n\n\n<p style=\"font-size:15px\"><strong>\u201cHemos estado siempre listos, pese a cualquier contingencia\u201d, como el terremoto de 2010 o los temporales que anegaban Santiago.<\/strong> \u201cUna vez que hubo una inundaci\u00f3n tremenda, como yo ya me conoc\u00eda los caminos, les dije a mis internos: v\u00e9nganse para ac\u00e1, porque vamos a funcionar como sea. Nuestro premio por haber hecho bien las cosas fue poder ver la inauguraci\u00f3n del Mundial\u201d.<\/p>\n\n\n\n<p style=\"font-size:15px\">Esa impronta es la que les ha permitido continuar evolucionando, incorporando moderna tecnolog\u00eda, habilitando m\u00e1s espacios. \u201cEs relevante destacar el apoyo decidido y permanente de las autoridades universitarias hacia el CESA, que se manifiesta no solo con la aprobaci\u00f3n de importantes inversiones, sino en el acompa\u00f1amiento permanente\u201d, concluye Rodr\u00edguez.<\/p>\n\n\n\n<hr class=\"wp-block-separator has-text-color has-background is-style-default\" style=\"background-color:#0071a1;color:#0071a1\"\/>\n\n\n\n<div class=\"wp-block-columns\">\n<div class=\"wp-block-column\">\n<figure class=\"wp-block-image size-large is-style-rounded\"><img loading=\"lazy\" width=\"945\" height=\"945\" src=\"http:\/\/revistacampus.uandes.cl\/2020\/wp-content\/uploads\/2020\/09\/CESA.jpg\" alt=\"\" class=\"wp-image-4554\" srcset=\"https:\/\/revistacampus.uandes.cl\/2020\/wp-content\/uploads\/2020\/09\/CESA.jpg 945w, https:\/\/revistacampus.uandes.cl\/2020\/wp-content\/uploads\/2020\/09\/CESA-300x300.jpg 300w, https:\/\/revistacampus.uandes.cl\/2020\/wp-content\/uploads\/2020\/09\/CESA-150x150.jpg 150w, https:\/\/revistacampus.uandes.cl\/2020\/wp-content\/uploads\/2020\/09\/CESA-768x768.jpg 768w, https:\/\/revistacampus.uandes.cl\/2020\/wp-content\/uploads\/2020\/09\/CESA-480x480.jpg 480w\" sizes=\"(max-width: 945px) 100vw, 945px\" \/><\/figure>\n\n\n\n<p><strong><em>Firmes, pese al estallido social y al Covid-19<\/em><\/strong><\/p>\n\n\n\n<p class=\"has-text-align-left has-white-background-color has-background\">El cari\u00f1o y la gratitud de la comunidad hacia el CESA parece haber blindado a este lugar durante el estallido social, pues pese a las protestas, no sufri\u00f3 ning\u00fan tipo de da\u00f1o. As\u00ed lo destaca <strong>Francisca Valdevenito, alumna de 5\u00b0 a\u00f1o de Odontolog\u00eda.<\/strong> \u201cAfortunadamente no pas\u00f3 nada. La gente realmente lo valora mucho\u201d. Agrega que trabajar aqu\u00ed \u201ces una experiencia muy linda, por el ambiente humano y el trato con los pacientes\u201d.  Este episodio junto a la pandemia del <strong>Covid-19<\/strong> \u201chan puesto a prueba toda nuestra dotaci\u00f3n, requiriendo de gran esfuerzo y abnegaci\u00f3n\u201d, afirma el director m\u00e9dico del CESA. \u201cHemos logrado sortear estos obst\u00e1culos sin interrumpir el funcionamiento\u201d, agrega Jorge Landeta sobre los <strong>turnos \u00e9ticos de 2020<\/strong>. \u201cNos anima a este desaf\u00edo la necesidad de la poblaci\u00f3n a la que servimos y lo relevante que es para el Hospital Parroquial de San Bernardo la continuidad de nuestros servicios\u201d.<\/p>\n<\/div>\n\n\n\n<div class=\"wp-block-column\">\n<figure class=\"wp-block-image size-large is-style-rounded\"><img loading=\"lazy\" width=\"845\" height=\"836\" src=\"http:\/\/revistacampus.uandes.cl\/2020\/wp-content\/uploads\/2020\/09\/luis-ortega.png\" alt=\"\" class=\"wp-image-4272\" srcset=\"https:\/\/revistacampus.uandes.cl\/2020\/wp-content\/uploads\/2020\/09\/luis-ortega.png 845w, https:\/\/revistacampus.uandes.cl\/2020\/wp-content\/uploads\/2020\/09\/luis-ortega-300x297.png 300w, https:\/\/revistacampus.uandes.cl\/2020\/wp-content\/uploads\/2020\/09\/luis-ortega-768x760.png 768w, https:\/\/revistacampus.uandes.cl\/2020\/wp-content\/uploads\/2020\/09\/luis-ortega-480x475.png 480w\" sizes=\"(max-width: 845px) 100vw, 845px\" \/><\/figure>\n\n\n\n<p><strong><em>Una ceremonia para agradecer y reconocer a las personas<\/em><\/strong><\/p>\n\n\n\n<p class=\"has-white-background-color has-background\">Con un llamado a no olvidar el rol \u201cevangelizador\u201d que subyace en el trabajo del CESA, el <strong>Rector Jos\u00e9 Antonio Guzm\u00e1n<\/strong> inaugur\u00f3 la <a rel=\"noreferrer noopener\" href=\"https:\/\/www.uandes.cl\/noticias\/jorge-landeta-la-universidad-eligio-a-san-bernardo-con-el-objetivo-de-hacer-vivo-el-espiritu-de-servicio-a-la-comunidad\/\" target=\"_blank\">ceremonia de aniversario de sus 20 a\u00f1os<\/a>, evento que comenz\u00f3 con una solemne Misa celebrada por el obispo de San Bernardo, <strong>Mons. Juan Ignacio Gonz\u00e1lez<\/strong>. En la oportunidad se exhibi\u00f3 un video institucional (ver a continuaci\u00f3n) y se distingui\u00f3 a funcionarios destacados, entre ellos, a <strong>Alejandro Ortega<\/strong> (en la imagen), quien recibi\u00f3 la M<em>edalla 20 a\u00f1os UANDES<\/em> por sus dos d\u00e9cadas de servicio en el CESA. Este t\u00e9cnico radi\u00f3logo, que lleg\u00f3 a trabajar \u201ccuando ten\u00eda el pelo negro\u201d, afirma que este lugar es su segunda casa. \u201cHe tenido la posibilidad de cambiarme, pero no lo he hecho, por la gente, el ambiente y la estabilidad que se ofrece. Yo por m\u00ed estar\u00eda aqu\u00ed hasta que no pueda trabajar m\u00e1s\u201d.<\/p>\n<\/div>\n<\/div>\n\n\n\n<figure class=\"wp-block-embed-youtube wp-block-embed is-type-video is-provider-youtube wp-embed-aspect-16-9 wp-has-aspect-ratio\"><div class=\"wp-block-embed__wrapper\">\n<iframe title=\"20 a\u00f1os Centro de Salud San Bernardo\" width=\"1080\" height=\"608\" src=\"https:\/\/www.youtube.com\/embed\/wOsl0uTPmbw?feature=oembed\" frameborder=\"0\" allow=\"accelerometer; autoplay; encrypted-media; gyroscope; picture-in-picture\" allowfullscreen><\/iframe>\n<\/div><\/figure>\n","protected":false},"excerpt":{"rendered":"<p>An\u00e9cdotas que hablan de la impronta que lo caracteriza guardan los muros del campo docente-asistencial ubicado en San Bernardo. Quienes han pasado por all\u00ed comparten esas historias.<\/p>\n","protected":false},"author":2,"featured_media":4266,"comment_status":"open","ping_status":"open","sticky":false,"template":"","format":"standard","meta":[],"categories":[43],"tags":[],"_links":{"self":[{"href":"https:\/\/revistacampus.uandes.cl\/2020\/wp-json\/wp\/v2\/posts\/4251"}],"collection":[{"href":"https:\/\/revistacampus.uandes.cl\/2020\/wp-json\/wp\/v2\/posts"}],"about":[{"href":"https:\/\/revistacampus.uandes.cl\/2020\/wp-json\/wp\/v2\/types\/post"}],"author":[{"embeddable":true,"href":"https:\/\/revistacampus.uandes.cl\/2020\/wp-json\/wp\/v2\/users\/2"}],"replies":[{"embeddable":true,"href":"https:\/\/revistacampus.uandes.cl\/2020\/wp-json\/wp\/v2\/comments?post=4251"}],"version-history":[{"count":80,"href":"https:\/\/revistacampus.uandes.cl\/2020\/wp-json\/wp\/v2\/posts\/4251\/revisions"}],"predecessor-version":[{"id":4648,"href":"https:\/\/revistacampus.uandes.cl\/2020\/wp-json\/wp\/v2\/posts\/4251\/revisions\/4648"}],"wp:featuredmedia":[{"embeddable":true,"href":"https:\/\/revistacampus.uandes.cl\/2020\/wp-json\/wp\/v2\/media\/4266"}],"wp:attachment":[{"href":"https:\/\/revistacampus.uandes.cl\/2020\/wp-json\/wp\/v2\/media?parent=4251"}],"wp:term":[{"taxonomy":"category","embeddable":true,"href":"https:\/\/revistacampus.uandes.cl\/2020\/wp-json\/wp\/v2\/categories?post=4251"},{"taxonomy":"post_tag","embeddable":true,"href":"https:\/\/revistacampus.uandes.cl\/2020\/wp-json\/wp\/v2\/tags?post=4251"}],"curies":[{"name":"wp","href":"https:\/\/api.w.org\/{rel}","templated":true}]}}