{"id":3981,"date":"2020-09-04T10:46:18","date_gmt":"2020-09-04T14:46:18","guid":{"rendered":"http:\/\/revistacampus.uandes.cl\/2020\/?p=3981"},"modified":"2020-09-07T18:13:24","modified_gmt":"2020-09-07T21:13:24","slug":"primergiving-dayde-la-educacion-superior-chilena","status":"publish","type":"post","link":"https:\/\/revistacampus.uandes.cl\/2020\/primergiving-dayde-la-educacion-superior-chilena\/","title":{"rendered":"<span class=\"subtitulo\">Primer<\/span><br>Giving Day<br><span class=\"subtitulo\">de la educaci\u00f3n superior chilena<\/span>"},"content":{"rendered":"\n<p><em><strong>Bajo el lema \u201cDar es recibir\u201d, Mario Kreutzberger y Lucy Ana Avil\u00e9s se sumaron a esta iniciativa, que busc\u00f3 fomentar en la comunidad universitaria la cultura filantr\u00f3pica y becar a m\u00e1s alumnos.<\/strong><\/em><\/p>\n\n\n\n<p style=\"font-size:15px\">\u201cLa Universidad quiere ser un puente entre una ayuda generosa y las necesidades de la sociedad\u201d, asegur\u00f3 el <a href=\"https:\/\/www.uandes.cl\/personas\/jose-antonio-guzman-cruzat\/\">Rector Jos\u00e9 Antonio Guzm\u00e1n<\/a> al dar inicio al conversatorio \u201cLa importancia de dar\u201d, actividad central del primer <strong><a href=\"https:\/\/www.uandes.cl\/noticias\/superamos-la-meta\/\" target=\"_blank\" rel=\"noreferrer noopener\">Giving Day<\/a><\/strong> de la educaci\u00f3n superior chilena, organizado por la <a href=\"https:\/\/www.uandes.cl\/\">Universidad de los Andes<\/a> en el marco de su 30\u00b0 aniversario.<\/p>\n\n\n\n<p style=\"font-size:15px\">Junto a los reconocidos expositores nacionales de la filantrop\u00eda <strong>Mario Kreutzberger -Don Francisco-<\/strong>, creador en Chile de la <a href=\"https:\/\/www.teleton.cl\/\" target=\"_blank\" rel=\"noreferrer noopener\">Telet\u00f3n<\/a>, y <strong><a href=\"https:\/\/twitter.com\/lucyanaah?ref_src=twsrc%5Egoogle%7Ctwcamp%5Eserp%7Ctwgr%5Eauthor\" target=\"_blank\" rel=\"noreferrer noopener\">Lucy Ana Avil\u00e9s<\/a><\/strong>, quien facilit\u00f3 el avi\u00f3n Supertanker para luchar contra los incendios del verano de 2017 en nuestro pa\u00eds, esta campa\u00f1a se puso como objetivo difundir el esp\u00edritu filantr\u00f3pico dentro de la comunidad universitaria y recaudar 30 millones de pesos en 24 horas, con el fin de becar a alumnos de buen rendimiento acad\u00e9mico, pero que no cuentan con los recursos necesarios para estudiar. La hist\u00f3rica cruzada super\u00f3 su meta y alcanz\u00f3 los $36.341.018, entregando as\u00ed m\u00e1s y mejores oportunidades para que futuros profesionales puedan estudiar y formarse en esta casa de estudios.<\/p>\n\n\n\n<div class=\"wp-block-columns\">\n<div class=\"wp-block-column\"><\/div>\n\n\n\n<div class=\"wp-block-column\"><\/div>\n\n\n\n<div class=\"wp-block-column\">\n<figure class=\"wp-block-image size-large is-resized\"><img loading=\"lazy\" src=\"http:\/\/revistacampus.uandes.cl\/2020\/wp-content\/uploads\/2020\/08\/logo-citas.png\" alt=\"\" class=\"wp-image-3021\" width=\"87\" height=\"69\"\/><\/figure>\n\n\n\n<p><\/p>\n<\/div>\n<\/div>\n\n\n\n<p class=\"has-text-color\" style=\"color:#d3191d\"><em><strong>&#8220;\u00bfCu\u00e1l es realmente el \u00e9xito de una vida? Dejar algo. Alumnos, llegaron aqu\u00ed gracias a muchas personas. Insp\u00edrense en ellos para ayudar&#8221;.<\/strong><\/em><\/p>\n\n\n\n<p class=\"has-small-font-size\"><em>&#8220;Don Francisco&#8221;<\/em> <strong>Mario Kreutzberger<\/strong>.<\/p>\n\n\n\n<div class=\"wp-block-image\"><figure class=\"aligncenter size-large is-resized\"><img loading=\"lazy\" src=\"http:\/\/revistacampus.uandes.cl\/2020\/wp-content\/uploads\/2020\/09\/Giving-img1-1024x628.jpg\" alt=\"\" class=\"wp-image-3995\" width=\"768\" height=\"471\" srcset=\"https:\/\/revistacampus.uandes.cl\/2020\/wp-content\/uploads\/2020\/09\/Giving-img1-1024x628.jpg 1024w, https:\/\/revistacampus.uandes.cl\/2020\/wp-content\/uploads\/2020\/09\/Giving-img1-300x184.jpg 300w, https:\/\/revistacampus.uandes.cl\/2020\/wp-content\/uploads\/2020\/09\/Giving-img1-768x471.jpg 768w, https:\/\/revistacampus.uandes.cl\/2020\/wp-content\/uploads\/2020\/09\/Giving-img1-1536x942.jpg 1536w, https:\/\/revistacampus.uandes.cl\/2020\/wp-content\/uploads\/2020\/09\/Giving-img1-480x294.jpg 480w, https:\/\/revistacampus.uandes.cl\/2020\/wp-content\/uploads\/2020\/09\/Giving-img1.jpg 2000w\" sizes=\"(max-width: 768px) 100vw, 768px\" \/><\/figure><\/div>\n\n\n\n<h4 class=\"has-text-color\" style=\"color:#d3191d\">DAR ES RECIBIR<\/h4>\n\n\n\n<p style=\"font-size:15px\">\u201cPonerse al servicio de causas nobles hace un bien enorme a muchas personas y los privados tenemos gran espacio para ser generosos\u201d, destac\u00f3 el <a href=\"https:\/\/www.uandes.cl\/la-uandes\/el-rector\/\" target=\"_blank\" rel=\"noreferrer noopener\">Rector Jos\u00e9 Antonio Guzm\u00e1n<\/a>, en concordancia con <strong>Lucy Ana Avil\u00e9s<\/strong>, quien puso \u00e9nfasis en el agradecimiento y el deber como elementos primordiales al hablar de filantrop\u00eda. \u201cHay que agradecer lo que uno tiene. Estamos en una situaci\u00f3n privilegiada y por eso nuestra responsabilidad es m\u00e1s grande\u201d, afirm\u00f3. La chilena, miembro del directorio de <em><strong><a href=\"https:\/\/www.waltonfamilyfoundation.org\/\" target=\"_blank\" rel=\"noreferrer noopener\">Walton Family Foundation<\/a><\/strong><\/em>, felicit\u00f3 a la UANDES, porque \u201cen 30 a\u00f1os han logrado much\u00edsimo y veo que tienen un esp\u00edritu solidario muy grande\u201d.<\/p>\n\n\n\n<p style=\"font-size:15px\">En esta l\u00ednea, <strong>\u201cDon Francisco\u201d <\/strong>se tom\u00f3 un instante para compartir la historia acerca de la entidad solidaria m\u00e1s importante de nuestro pa\u00eds. \u201cTuve \u00e9xito como comunicador, me fue bien. Y dije \u2018c\u00f3mo puedo devolver eso\u2019. Y ese sentimiento de satisfacci\u00f3n de dar no lo puedo tener solo yo, lo deben tener tambi\u00e9n otros comunicadores, y as\u00ed se unieron bastantes personas a este proyecto\u201d, cont\u00f3 sobre el esp\u00edritu de la <a href=\"https:\/\/www.teleton.cl\/\" target=\"_blank\" rel=\"noreferrer noopener\">Telet\u00f3n<\/a>. \u201cA trav\u00e9s de la filantrop\u00eda se pueden hacer cambios sociales profundos\u201d, agreg\u00f3. Don Francisco aprovech\u00f3 de destacar las palabras del <a href=\"https:\/\/www.uandes.cl\/la-uandes\/el-rector\/\" target=\"_blank\" rel=\"noreferrer noopener\">Rector Jos\u00e9 Antonio Guzm\u00e1n<\/a> hacia los alumnos becados. \u201cLos que aqu\u00ed estudian, con o sin recursos, tienen que llevarse en su mente la responsabilidad de devolver la satisfacci\u00f3n que aqu\u00ed les han dado. \u00bfCu\u00e1l es realmente el \u00e9xito de una vida? Dejar algo\u201d, les dijo. \u201cInsp\u00edrense en otros. Alumnos, llegaron aqu\u00ed gracias a muchas personas. Insp\u00edrense en ellos para ayudar. Y no enfocarse en el dinero, sino en la satisfacci\u00f3n que genera ayudar\u201d, agreg\u00f3.<\/p>\n\n\n\n<div class=\"wp-block-image\"><figure class=\"aligncenter size-large is-resized\"><img loading=\"lazy\" src=\"http:\/\/revistacampus.uandes.cl\/2020\/wp-content\/uploads\/2020\/09\/Giving-img2-1024x622.jpg\" alt=\"\" class=\"wp-image-3993\" width=\"768\" height=\"467\" srcset=\"https:\/\/revistacampus.uandes.cl\/2020\/wp-content\/uploads\/2020\/09\/Giving-img2-1024x622.jpg 1024w, https:\/\/revistacampus.uandes.cl\/2020\/wp-content\/uploads\/2020\/09\/Giving-img2-300x182.jpg 300w, https:\/\/revistacampus.uandes.cl\/2020\/wp-content\/uploads\/2020\/09\/Giving-img2-768x467.jpg 768w, https:\/\/revistacampus.uandes.cl\/2020\/wp-content\/uploads\/2020\/09\/Giving-img2-1536x933.jpg 1536w, https:\/\/revistacampus.uandes.cl\/2020\/wp-content\/uploads\/2020\/09\/Giving-img2-480x292.jpg 480w, https:\/\/revistacampus.uandes.cl\/2020\/wp-content\/uploads\/2020\/09\/Giving-img2.jpg 2000w\" sizes=\"(max-width: 768px) 100vw, 768px\" \/><\/figure><\/div>\n\n\n\n<h4 class=\"has-text-color\" style=\"color:#d3191d\">VISI\u00d3N DE FUTURO<\/h4>\n\n\n\n<p style=\"font-size:15px\">Hoy, m\u00e1s del 25% de los alumnos cuenta con alg\u00fan tipo de beca. \u201cHemos hecho un esfuerzo importante para que todos quienes quieran, puedan estudiar en la <a href=\"https:\/\/www.uandes.cl\/\" target=\"_blank\" rel=\"noreferrer noopener\">Universidad de los Andes<\/a>\u201d, relat\u00f3 el Rector, con las esperanzas puestas en que, a futuro, el 10 o 15% pueda estudiar gratis. \u201cLo ideal es que la persona sea admitida y, luego, se le pregunte qu\u00e9 necesidad econ\u00f3mica tiene. Que nadie que quiera estudiar en la UANDES se quede fuera por temas econ\u00f3micos\u201d.<\/p>\n\n\n\n<p style=\"font-size:15px\">Complementando esta idea, Lucy Ana propuso que instancias como esta vayan m\u00e1s all\u00e1 de 24 horas de solidaridad. \u201cMi sue\u00f1o es que m\u00e1s que un <em>Giving Day<\/em>, sea un <em>Giving Everyday<\/em>. La responsabilidad la tenemos todos. Hay que preocuparse y ocuparse\u201d, se\u00f1al\u00f3, en concordancia con el Rector, quien destac\u00f3 la bidireccionalidad que caracteriza al esp\u00edritu filantr\u00f3pico.<\/p>\n\n\n\n<h4 class=\"has-text-color\" style=\"color:#d3191d\">\u00bfQu\u00e9 es el Giving Day?<\/h4>\n\n\n\n<p style=\"font-size:15px\">Es una iniciativa implementada por muchas universidades alrededor del mundo, con el fin de recaudar fondos durante 24 horas y aportar as\u00ed a diversas causas filantr\u00f3picas, es decir, de ayuda desinteresada para alcanzar el bien de las personas y la humanidad. Con este objetivo, a principios de octubre de 2019, las Direcciones de <a href=\"https:\/\/www.uandes.cl\/filantropia-y-donaciones\/nosotros\/\" target=\"_blank\" rel=\"noreferrer noopener\">Avance Institucional <\/a>y de <a href=\"https:\/\/alumni.uandes.cl\/?utm_source=sitio_uandes&amp;utm_medium=header\">alumniUANDES<\/a> se animaron a movilizar a la comunidad universitaria para lograr un impacto social, generando un cambio concreto en la vida de los becados. M\u00e1s de mil personas, entre alumnos, egresados, profesores, administrativos, vecinos, apoderados y amigos de nuestra instituci\u00f3n se unieron a este proyecto y se convirtieron en donantes por un d\u00eda para apoyar su educaci\u00f3n en la <a href=\"https:\/\/www.uandes.cl\/noticias\/superamos-la-meta\/\" target=\"_blank\" rel=\"noreferrer noopener\">primera versi\u00f3n del Giving Day UANDES<\/a>.<\/p>\n\n\n\n<div class=\"wp-block-image\"><figure class=\"aligncenter size-large\"><img loading=\"lazy\" width=\"1024\" height=\"680\" src=\"http:\/\/revistacampus.uandes.cl\/2020\/wp-content\/uploads\/2020\/09\/Giving-img3-1024x680.jpg\" alt=\"\" class=\"wp-image-4000\" srcset=\"https:\/\/revistacampus.uandes.cl\/2020\/wp-content\/uploads\/2020\/09\/Giving-img3-1024x680.jpg 1024w, https:\/\/revistacampus.uandes.cl\/2020\/wp-content\/uploads\/2020\/09\/Giving-img3-300x199.jpg 300w, https:\/\/revistacampus.uandes.cl\/2020\/wp-content\/uploads\/2020\/09\/Giving-img3-768x510.jpg 768w, https:\/\/revistacampus.uandes.cl\/2020\/wp-content\/uploads\/2020\/09\/Giving-img3-1536x1020.jpg 1536w, https:\/\/revistacampus.uandes.cl\/2020\/wp-content\/uploads\/2020\/09\/Giving-img3-480x319.jpg 480w, https:\/\/revistacampus.uandes.cl\/2020\/wp-content\/uploads\/2020\/09\/Giving-img3.jpg 2000w\" sizes=\"(max-width: 1024px) 100vw, 1024px\" \/><figcaption>Venta de hotdogs y alfajores, las ganancias del d\u00eda de proveedores internos como cafeter\u00edas y fotocopiadoras, entradas a la funci\u00f3n prime del Teatro Musical \u201cManuel Rodr\u00edguez\u201d, donaciones online, transferencias electr\u00f3nicas y alcanc\u00edas dispuestas en el campus fueron parte de las iniciativas para recaudar fondos durante 24 horas.<\/figcaption><\/figure><\/div>\n\n\n\n<p class=\"has-text-align-center has-medium-font-size\"><a href=\"https:\/\/www.uandes.cl\/noticias\/giving-day-2020-60-millones-como-meta\/\" target=\"_blank\" rel=\"noreferrer noopener\">Conoce aqu\u00ed<\/a> a los invitados del <strong><em>Giving Day 2020<\/em><\/strong>, que realizaremos el 6 de octubre, y an\u00edmate a donar.<\/p>\n","protected":false},"excerpt":{"rendered":"<p>Bajo el lema \u201cDar es recibir\u201d, Mario Kreutzberger y Lucy Ana Avil\u00e9s se sumaron a esta iniciativa, que busc\u00f3 fomentar en la comunidad universitaria la cultura filantr\u00f3pica y becar a m\u00e1s alumnos.<\/p>\n","protected":false},"author":2,"featured_media":3982,"comment_status":"open","ping_status":"open","sticky":false,"template":"","format":"standard","meta":[],"categories":[43],"tags":[],"_links":{"self":[{"href":"https:\/\/revistacampus.uandes.cl\/2020\/wp-json\/wp\/v2\/posts\/3981"}],"collection":[{"href":"https:\/\/revistacampus.uandes.cl\/2020\/wp-json\/wp\/v2\/posts"}],"about":[{"href":"https:\/\/revistacampus.uandes.cl\/2020\/wp-json\/wp\/v2\/types\/post"}],"author":[{"embeddable":true,"href":"https:\/\/revistacampus.uandes.cl\/2020\/wp-json\/wp\/v2\/users\/2"}],"replies":[{"embeddable":true,"href":"https:\/\/revistacampus.uandes.cl\/2020\/wp-json\/wp\/v2\/comments?post=3981"}],"version-history":[{"count":10,"href":"https:\/\/revistacampus.uandes.cl\/2020\/wp-json\/wp\/v2\/posts\/3981\/revisions"}],"predecessor-version":[{"id":4564,"href":"https:\/\/revistacampus.uandes.cl\/2020\/wp-json\/wp\/v2\/posts\/3981\/revisions\/4564"}],"wp:featuredmedia":[{"embeddable":true,"href":"https:\/\/revistacampus.uandes.cl\/2020\/wp-json\/wp\/v2\/media\/3982"}],"wp:attachment":[{"href":"https:\/\/revistacampus.uandes.cl\/2020\/wp-json\/wp\/v2\/media?parent=3981"}],"wp:term":[{"taxonomy":"category","embeddable":true,"href":"https:\/\/revistacampus.uandes.cl\/2020\/wp-json\/wp\/v2\/categories?post=3981"},{"taxonomy":"post_tag","embeddable":true,"href":"https:\/\/revistacampus.uandes.cl\/2020\/wp-json\/wp\/v2\/tags?post=3981"}],"curies":[{"name":"wp","href":"https:\/\/api.w.org\/{rel}","templated":true}]}}