{"id":3873,"date":"2020-09-03T13:53:57","date_gmt":"2020-09-03T17:53:57","guid":{"rendered":"http:\/\/revistacampus.uandes.cl\/2020\/?p=3873"},"modified":"2020-09-07T17:40:12","modified_gmt":"2020-09-07T20:40:12","slug":"una-decada-de-innovacion","status":"publish","type":"post","link":"https:\/\/revistacampus.uandes.cl\/2020\/una-decada-de-innovacion\/","title":{"rendered":"Una d\u00e9cada  de innovaci\u00f3n"},"content":{"rendered":"\n<p><em><strong>Cuando la Universidad cumpli\u00f3 20 a\u00f1os, decidi\u00f3 aventurarse por desarrollar y transferir la ciencia aplicada que estaba generando, con el objetivo de resolver los problemas reales y directos de las personas.<\/strong><\/em><\/p>\n\n\n\n<div class=\"wp-block-columns\">\n<div class=\"wp-block-column\">\n<div class=\"wp-block-image\"><figure class=\"aligncenter size-large is-resized\"><img loading=\"lazy\" src=\"http:\/\/revistacampus.uandes.cl\/2020\/wp-content\/uploads\/2020\/09\/Recurso-7.png\" alt=\"\" class=\"wp-image-3884\" width=\"203\" height=\"203\" srcset=\"https:\/\/revistacampus.uandes.cl\/2020\/wp-content\/uploads\/2020\/09\/Recurso-7.png 811w, https:\/\/revistacampus.uandes.cl\/2020\/wp-content\/uploads\/2020\/09\/Recurso-7-300x300.png 300w, https:\/\/revistacampus.uandes.cl\/2020\/wp-content\/uploads\/2020\/09\/Recurso-7-150x150.png 150w, https:\/\/revistacampus.uandes.cl\/2020\/wp-content\/uploads\/2020\/09\/Recurso-7-768x768.png 768w, https:\/\/revistacampus.uandes.cl\/2020\/wp-content\/uploads\/2020\/09\/Recurso-7-480x480.png 480w\" sizes=\"(max-width: 203px) 100vw, 203px\" \/><\/figure><\/div>\n\n\n\n<p class=\"has-text-align-center has-small-font-size\"><em>Reconocimientos<\/em><\/p>\n<\/div>\n\n\n\n<div class=\"wp-block-column\">\n<div class=\"wp-block-image\"><figure class=\"aligncenter size-large is-resized\"><img loading=\"lazy\" src=\"http:\/\/revistacampus.uandes.cl\/2020\/wp-content\/uploads\/2020\/09\/Recurso-6.png\" alt=\"\" class=\"wp-image-3883\" width=\"203\" height=\"203\" srcset=\"https:\/\/revistacampus.uandes.cl\/2020\/wp-content\/uploads\/2020\/09\/Recurso-6.png 811w, https:\/\/revistacampus.uandes.cl\/2020\/wp-content\/uploads\/2020\/09\/Recurso-6-300x300.png 300w, https:\/\/revistacampus.uandes.cl\/2020\/wp-content\/uploads\/2020\/09\/Recurso-6-150x150.png 150w, https:\/\/revistacampus.uandes.cl\/2020\/wp-content\/uploads\/2020\/09\/Recurso-6-768x768.png 768w, https:\/\/revistacampus.uandes.cl\/2020\/wp-content\/uploads\/2020\/09\/Recurso-6-480x480.png 480w\" sizes=\"(max-width: 203px) 100vw, 203px\" \/><\/figure><\/div>\n\n\n\n<p class=\"has-text-align-center has-small-font-size\"><em>Innovaci\u00f3n Social<\/em><\/p>\n<\/div>\n<\/div>\n\n\n\n<p style=\"font-size:15px\">\u201cLa <a href=\"https:\/\/innovacion.uandes.cl\/\">Direcci\u00f3n de Innovaci\u00f3n<\/a> naci\u00f3 porque ten\u00edamos el inter\u00e9s de impactar con nuestra investigaci\u00f3n, no solo con nuestros art\u00edculos cient\u00edficos; transferir todo ese conocimiento que es capaz de generar la Universidad y resolver problemas reales y directos de las personas en el \u00e1mbito de la salud\u201d. Con esa idea en mente es que el actual <strong>Rector Jos\u00e9 Antonio Guzm\u00e1n<\/strong>, quien se desempe\u00f1aba en esos a\u00f1os como vicerrector acad\u00e9mico, llam\u00f3 al entonces director de Admisi\u00f3n y Promoci\u00f3n, <strong>Mat\u00edas Vial<\/strong>, para plantearle la idea de crear una Direcci\u00f3n de Innovaci\u00f3n UANDES.<\/p>\n\n\n\n<p style=\"font-size:15px\">De esas conversaciones, el Rector recuerda que \u201cuno de los motivos que nos inspiraron fue esa conexi\u00f3n que existe entre los problemas reales de las personas y aquellos que la industria necesitaba resolver. Desde ah\u00ed naci\u00f3 la pregunta de por qu\u00e9 no hacer algo as\u00ed en la Universidad de los Andes\u201d. Decidieron explorar los distintos ejemplos que exist\u00edan en el mundo, con el fin de adecuarlos a la realidad de la Universidad, y adoptaron las mejores pr\u00e1cticas extranjeras para crear el <a href=\"https:\/\/innovacion.uandes.cl\/modelo-id\/\" data-type=\"URL\" data-id=\"https:\/\/innovacion.uandes.cl\/modelo-id\/\">modelo<\/a>.<\/p>\n\n\n\n<div class=\"wp-block-columns\">\n<div class=\"wp-block-column\">\n<div class=\"wp-block-image\"><figure class=\"aligncenter size-large is-resized\"><img loading=\"lazy\" src=\"http:\/\/revistacampus.uandes.cl\/2020\/wp-content\/uploads\/2020\/09\/Recurso-4.png\" alt=\"\" class=\"wp-image-3877\" width=\"203\" height=\"203\" srcset=\"https:\/\/revistacampus.uandes.cl\/2020\/wp-content\/uploads\/2020\/09\/Recurso-4.png 811w, https:\/\/revistacampus.uandes.cl\/2020\/wp-content\/uploads\/2020\/09\/Recurso-4-300x300.png 300w, https:\/\/revistacampus.uandes.cl\/2020\/wp-content\/uploads\/2020\/09\/Recurso-4-150x150.png 150w, https:\/\/revistacampus.uandes.cl\/2020\/wp-content\/uploads\/2020\/09\/Recurso-4-768x769.png 768w, https:\/\/revistacampus.uandes.cl\/2020\/wp-content\/uploads\/2020\/09\/Recurso-4-480x481.png 480w\" sizes=\"(max-width: 203px) 100vw, 203px\" \/><\/figure><\/div>\n\n\n\n<p class=\"has-text-align-center has-small-font-size\"><em>Oficina de Transferencia y Licenciamiento<\/em><\/p>\n<\/div>\n\n\n\n<div class=\"wp-block-column\">\n<div class=\"wp-block-image\"><figure class=\"aligncenter size-large is-resized\"><img loading=\"lazy\" src=\"http:\/\/revistacampus.uandes.cl\/2020\/wp-content\/uploads\/2020\/09\/Recurso-5.png\" alt=\"\" class=\"wp-image-3878\" width=\"203\" height=\"203\" srcset=\"https:\/\/revistacampus.uandes.cl\/2020\/wp-content\/uploads\/2020\/09\/Recurso-5.png 811w, https:\/\/revistacampus.uandes.cl\/2020\/wp-content\/uploads\/2020\/09\/Recurso-5-300x300.png 300w, https:\/\/revistacampus.uandes.cl\/2020\/wp-content\/uploads\/2020\/09\/Recurso-5-150x150.png 150w, https:\/\/revistacampus.uandes.cl\/2020\/wp-content\/uploads\/2020\/09\/Recurso-5-768x768.png 768w, https:\/\/revistacampus.uandes.cl\/2020\/wp-content\/uploads\/2020\/09\/Recurso-5-480x480.png 480w\" sizes=\"(max-width: 203px) 100vw, 203px\" \/><\/figure><\/div>\n\n\n\n<p class=\"has-text-align-center has-small-font-size\"><em>Plan de Mejoramiento Institucional<\/em><\/p>\n<\/div>\n<\/div>\n\n\n\n<p style=\"font-size:15px\">Para Mat\u00edas Vial, quien fuera el primer director de Innovaci\u00f3n, la creaci\u00f3n de esta unidad estuvo alineada con el prop\u00f3sito de la Universidad. \u201cServir y trascender es la finalidad de nuestra instituci\u00f3n, y en esa determinaci\u00f3n est\u00e1 el ocuparse de las necesidades del pa\u00eds. Es as\u00ed como la Direcci\u00f3n cumple su objetivo, en plenitud, cuando logra <a href=\"https:\/\/innovacion.uandes.cl\/casos-de-exito\/\" data-type=\"URL\" data-id=\"https:\/\/innovacion.uandes.cl\/casos-de-exito\/\">transferir sus tecnolog\u00edas a la sociedad<\/a>\u201d. Ha pasado una d\u00e9cada y los principales hitos tienen relaci\u00f3n con aquello: resolver los problemas de las personas.<\/p>\n\n\n\n<p style=\"font-size:15px\">Para el vicerrector de <a href=\"https:\/\/www.uandes.cl\/investigacion-y-doctorado\/\" target=\"_blank\" rel=\"noreferrer noopener\">Investigaci\u00f3n y Postgrado<\/a>, <strong>Luis Alejandro Silva<\/strong>, el mayor hito es que la Universidad haya apostado por la innovaci\u00f3n y el desarrollo. \u201cIncorporar estas \u00e1reas en la planificaci\u00f3n estrat\u00e9gica supone una proyecci\u00f3n de la Universidad en \u00e1reas tremendamente competitivas y eso es muy importante\u201d, asegura.<\/p>\n\n\n\n<p style=\"font-size:15px\">\u201cUna de las cosas que nos han marcado en estos 10 a\u00f1os es empezar a ver resultados, cuando las <a href=\"https:\/\/innovacion.uandes.cl\/wp-content\/uploads\/2019\/07\/portafolio-tecnologico-2019.pdf\" data-type=\"URL\" data-id=\"https:\/\/innovacion.uandes.cl\/wp-content\/uploads\/2019\/07\/portafolio-tecnologico-2019.pdf\">tecnolog\u00edas nacidas en la UANDES<\/a> hoy est\u00e1n generando un impacto positivo en la sociedad\u201d, afirma <strong>Anil Sadarangani<\/strong>, quien asumi\u00f3 como director de Innovaci\u00f3n en 2018, luego de que Mat\u00edas Vial fuera nombrado vicerrector de Relaciones Universitarias.<\/p>\n\n\n\n<div class=\"wp-block-image\"><figure class=\"aligncenter size-large is-resized\"><img loading=\"lazy\" src=\"http:\/\/revistacampus.uandes.cl\/2020\/wp-content\/uploads\/2020\/09\/recursos-1-1024x558.jpg\" alt=\"\" class=\"wp-image-3889\" width=\"688\" height=\"375\" srcset=\"https:\/\/revistacampus.uandes.cl\/2020\/wp-content\/uploads\/2020\/09\/recursos-1-1024x558.jpg 1024w, https:\/\/revistacampus.uandes.cl\/2020\/wp-content\/uploads\/2020\/09\/recursos-1-300x163.jpg 300w, https:\/\/revistacampus.uandes.cl\/2020\/wp-content\/uploads\/2020\/09\/recursos-1-768x418.jpg 768w, https:\/\/revistacampus.uandes.cl\/2020\/wp-content\/uploads\/2020\/09\/recursos-1-1536x836.jpg 1536w, https:\/\/revistacampus.uandes.cl\/2020\/wp-content\/uploads\/2020\/09\/recursos-1-480x261.jpg 480w, https:\/\/revistacampus.uandes.cl\/2020\/wp-content\/uploads\/2020\/09\/recursos-1.jpg 2000w\" sizes=\"(max-width: 688px) 100vw, 688px\" \/><\/figure><\/div>\n\n\n\n<p class=\"has-text-color\" style=\"color:#006cb7\"><em><strong>\u201cHan sido 10 a\u00f1os de la Direcci\u00f3n de Innovaci\u00f3n y sabemos que estamos en el inicio, pero lo que se ve venir a futuro es muy potente y, a trav\u00e9s de nuestro trabajo cient\u00edfico, haremos de Chile un mejor pa\u00eds\u201d.<\/strong><\/em><\/p>\n\n\n\n<p class=\"has-small-font-size\"><em>R<\/em>e<em>ctor<\/em> <strong>Jos\u00e9 Antonio Guzm\u00e1n<\/strong><\/p>\n\n\n\n<h4 class=\"has-text-color\" style=\"color:#006cb7\">EL FUTURO<\/h4>\n\n\n\n<p style=\"font-size:15px\">Para los pr\u00f3ximos a\u00f1os, uno de los anhelos es que los proyectos se diversifiquen, incorporando distintas \u00e1reas. \u201cLo que se viene ahora es el desarrollo de la <a href=\"https:\/\/innovacion.uandes.cl\/innovacion-social\/\" data-type=\"URL\" data-id=\"https:\/\/innovacion.uandes.cl\/innovacion-social\/\">Innovaci\u00f3n Social<\/a>, por el potencial que tiene esta Universidad, muy fuerte en el \u00e1rea de las Ciencias Sociales y Humanidades. Creemos que ah\u00ed hay una oportunidad muy interesante para desarrollar la innovaci\u00f3n\u201d, afirma Luis Alejandro Silva. Adem\u00e1s, Anil Sadarangani espera estar presente en temas como cambio clim\u00e1tico, Inteligencia Artificial o los nuevos modelos de gobernanza. \u201cCreo que la Universidad tiene un rol protag\u00f3nico en poder establecer y dar soluciones a esas necesidades, al hacernos cargo de esos temas, <strong>como lo estamos haciendo con las <a href=\"https:\/\/innovacion.uandes.cl\/uandes-se-adjudica-fondos-para-implementar-innovadoras-iniciativas-para-proteger-al-personal-de-salud-frente-al-covid-19\/\" data-type=\"URL\" data-id=\"https:\/\/innovacion.uandes.cl\/uandes-se-adjudica-fondos-para-implementar-innovadoras-iniciativas-para-proteger-al-personal-de-salud-frente-al-covid-19\/\">mascarillas 3D con nanopart\u00edculas de cobre<\/a><\/strong>, donde les estamos entregando una soluci\u00f3n a los equipos de salud en medio de esta pandemia\u201d, asegura el director de Innovaci\u00f3n.<\/p>\n\n\n\n<div class=\"wp-block-image\"><figure class=\"aligncenter size-large is-resized\"><img loading=\"lazy\" src=\"http:\/\/revistacampus.uandes.cl\/2020\/wp-content\/uploads\/2020\/09\/mascarillas-cobre3-1024x678.jpg\" alt=\"\" class=\"wp-image-3976\" width=\"512\" height=\"339\" srcset=\"https:\/\/revistacampus.uandes.cl\/2020\/wp-content\/uploads\/2020\/09\/mascarillas-cobre3-1024x678.jpg 1024w, https:\/\/revistacampus.uandes.cl\/2020\/wp-content\/uploads\/2020\/09\/mascarillas-cobre3-300x199.jpg 300w, https:\/\/revistacampus.uandes.cl\/2020\/wp-content\/uploads\/2020\/09\/mascarillas-cobre3-768x509.jpg 768w, https:\/\/revistacampus.uandes.cl\/2020\/wp-content\/uploads\/2020\/09\/mascarillas-cobre3-480x318.jpg 480w, https:\/\/revistacampus.uandes.cl\/2020\/wp-content\/uploads\/2020\/09\/mascarillas-cobre3.jpg 1200w\" sizes=\"(max-width: 512px) 100vw, 512px\" \/><\/figure><\/div>\n","protected":false},"excerpt":{"rendered":"<p>Cuando la Universidad cumpli\u00f3 20 a\u00f1os, decidi\u00f3 aventurarse por desarrollar y transferir la ciencia aplicada que estaba generando, con el objetivo de resolver los problemas reales y directos de las personas.<\/p>\n","protected":false},"author":2,"featured_media":3900,"comment_status":"open","ping_status":"open","sticky":false,"template":"","format":"standard","meta":[],"categories":[41],"tags":[],"_links":{"self":[{"href":"https:\/\/revistacampus.uandes.cl\/2020\/wp-json\/wp\/v2\/posts\/3873"}],"collection":[{"href":"https:\/\/revistacampus.uandes.cl\/2020\/wp-json\/wp\/v2\/posts"}],"about":[{"href":"https:\/\/revistacampus.uandes.cl\/2020\/wp-json\/wp\/v2\/types\/post"}],"author":[{"embeddable":true,"href":"https:\/\/revistacampus.uandes.cl\/2020\/wp-json\/wp\/v2\/users\/2"}],"replies":[{"embeddable":true,"href":"https:\/\/revistacampus.uandes.cl\/2020\/wp-json\/wp\/v2\/comments?post=3873"}],"version-history":[{"count":12,"href":"https:\/\/revistacampus.uandes.cl\/2020\/wp-json\/wp\/v2\/posts\/3873\/revisions"}],"predecessor-version":[{"id":4545,"href":"https:\/\/revistacampus.uandes.cl\/2020\/wp-json\/wp\/v2\/posts\/3873\/revisions\/4545"}],"wp:featuredmedia":[{"embeddable":true,"href":"https:\/\/revistacampus.uandes.cl\/2020\/wp-json\/wp\/v2\/media\/3900"}],"wp:attachment":[{"href":"https:\/\/revistacampus.uandes.cl\/2020\/wp-json\/wp\/v2\/media?parent=3873"}],"wp:term":[{"taxonomy":"category","embeddable":true,"href":"https:\/\/revistacampus.uandes.cl\/2020\/wp-json\/wp\/v2\/categories?post=3873"},{"taxonomy":"post_tag","embeddable":true,"href":"https:\/\/revistacampus.uandes.cl\/2020\/wp-json\/wp\/v2\/tags?post=3873"}],"curies":[{"name":"wp","href":"https:\/\/api.w.org\/{rel}","templated":true}]}}