{"id":3846,"date":"2020-09-03T13:03:45","date_gmt":"2020-09-03T17:03:45","guid":{"rendered":"http:\/\/revistacampus.uandes.cl\/2020\/?p=3846"},"modified":"2020-09-07T13:49:34","modified_gmt":"2020-09-07T16:49:34","slug":"un-campus-abierto-a-la-comunidad","status":"publish","type":"post","link":"https:\/\/revistacampus.uandes.cl\/2020\/un-campus-abierto-a-la-comunidad\/","title":{"rendered":"<span class=\"subtitulo\">Un campus abierto <\/span><br>a la comunidad"},"content":{"rendered":"\n<p><em><strong>El convenio con la Asociaci\u00f3n Parque Cordillera, para acceder a un circuito de trekking en terrenos de la Universidad, y la iniciativa \u201cD\u00eda de campus\u201d, para disfrutar cultura en sus jardines, son ejemplo del inter\u00e9s institucional por compartir con la comunidad este espacio de formaci\u00f3n acad\u00e9mica integral.<\/strong><\/em><\/p>\n\n\n\n<p style=\"font-size:15px\">En 2015, la prensa dedic\u00f3 sus p\u00e1ginas a comentar la segunda enc\u00edclica del Papa Francisco. Es que la <a href=\"http:\/\/www.vatican.va\/content\/francesco\/es\/encyclicals\/documents\/papa-francesco_20150524_enciclica-laudato-si.html\" target=\"_blank\" rel=\"noreferrer noopener\"><em>Laudato <\/em>Si\u2019<\/a> no dej\u00f3 indiferente, pues aborda un tema que afecta a todos: la <strong>sustentabilidad del planeta<\/strong>, nuestra casa com\u00fan. Pero tambi\u00e9n lleva a una reflexi\u00f3n antropol\u00f3gica sobre el lugar del hombre en el mundo y demuestra que el problema ecol\u00f3gico no se resuelve solo en lo ecol\u00f3gico.<\/p>\n\n\n\n<p style=\"font-size:15px\">Ubicado a los pies de la Cordillera de los Andes, el <a href=\"https:\/\/www.uandes.cl\/la-uandes\/#campus\" target=\"_blank\" rel=\"noreferrer noopener\">campus universitario<\/a> es un espacio dise\u00f1ado para sustentar el <a href=\"https:\/\/www.uandes.cl\/la-uandes\/informacion-institucional\/modelo-educativo\/\" target=\"_blank\" rel=\"noreferrer noopener\">modelo acad\u00e9mico<\/a>, donde el desarrollo del conocimiento, la investigaci\u00f3n, la cultura y la vida universitaria coexisten en un entorno natural con grandes \u00e1reas verdes que propician la creatividad intelectual y belleza con un sentido formativo, porque esta casa de estudios siempre se ha preocupado del ambiente que la rodea, tanto de su emplazamiento natural como de sus personas.<\/p>\n\n\n\n<p style=\"font-size:15px\">Por ello acogi\u00f3 la invitaci\u00f3n a un \u201cnuevo di\u00e1logo sobre el modo c\u00f3mo estamos construyendo el futuro del planeta\u201d y dio inicio al proyecto \u201c<a href=\"http:\/\/noticias.uandes.cl\/la-universidad\/nuestra-casa-comun.html\" target=\"_blank\" rel=\"noreferrer noopener\">Campus UANDES, nuestra casa com\u00fan<\/a>\u201d, que adem\u00e1s del cuidado sustentable apunta a generar identidad y comunidad con su entorno.<\/p>\n\n\n\n<div class=\"wp-block-columns\">\n<div class=\"wp-block-column\">\n<h4 class=\"has-text-color\" style=\"color:#92c83e\">NATURALEZA, M\u00daSICA Y COP25<\/h4>\n\n\n\n<p style=\"font-size:15px\">Si bien las circunstancias impidieron que la conferencia sobre cambio clim\u00e1tico se realizara en Chile en 2019, durante el a\u00f1o se mantuvo la conversaci\u00f3n en torno al <strong>desarrollo sostenible<\/strong>. Esta inspir\u00f3 el <a href=\"https:\/\/www.uandes.cl\/noticias\/concierto-un-canto-a-la-naturaleza-invita-a-la-comunidad-universitaria-a-celebrar-la-naturaleza-a-traves-de-la-musica\/\" target=\"_blank\" rel=\"noreferrer noopener\">concierto \u201cUn canto a la naturaleza\u201d<\/a>, cuyo repertorio celebraba nuestro entorno con piezas reconocidas, como <em>La tempesta di mare de Vivaldi<\/em>, y estrenos como <em>Dancing on Clouds<\/em> de Paul Stanhope.<\/p>\n\n\n\n<p style=\"font-size:15px\">Asimismo, impuls\u00f3 a las Direcciones de Cultura Corporativa y de <a href=\"https:\/\/www.uandes.cl\/extension\/\" target=\"_blank\" rel=\"noreferrer noopener\">Extensi\u00f3n Cultural<\/a> a organizar un \u201c<a rel=\"noreferrer noopener\" href=\"https:\/\/www.uandes.cl\/noticias\/familias-comparten-una-manana-de-musica-y-jardines-en-el-campus-uandes\/\" target=\"_blank\">D\u00eda de Campus<\/a>\u201d, una invitaci\u00f3n abierta a la comunidad para disfrutar la naturaleza a trav\u00e9s de la m\u00fasica. Como una forma de contribuir con un momento de sana y positiva distracci\u00f3n ante la situaci\u00f3n del pa\u00eds, a mediados de noviembre las familias se reunieron a apreciar melod\u00edas inspiradas en la naturaleza junto al proyecto <strong>CamerataEduca<\/strong>.<\/p>\n\n\n\n<p style=\"font-size:15px\">Luego, el p\u00fablico pudo participar en talleres art\u00edsticos y bot\u00e1nicos, adem\u00e1s de disfrutar una zona de picnic en los jardines y recorrer una ruta sobre la flora y aves del campus, instalada para la ocasi\u00f3n.<\/p>\n<\/div>\n\n\n\n<div class=\"wp-block-column\">\n<div class=\"wp-block-image is-style-rounded\"><figure class=\"aligncenter size-large is-resized\"><img loading=\"lazy\" src=\"http:\/\/revistacampus.uandes.cl\/2020\/wp-content\/uploads\/2020\/09\/Concierto-Un-canto-a-la-naturaleza-1024x1024.jpg\" alt=\"\" class=\"wp-image-3851\" width=\"256\" height=\"256\" srcset=\"https:\/\/revistacampus.uandes.cl\/2020\/wp-content\/uploads\/2020\/09\/Concierto-Un-canto-a-la-naturaleza-1024x1024.jpg 1024w, https:\/\/revistacampus.uandes.cl\/2020\/wp-content\/uploads\/2020\/09\/Concierto-Un-canto-a-la-naturaleza-300x300.jpg 300w, https:\/\/revistacampus.uandes.cl\/2020\/wp-content\/uploads\/2020\/09\/Concierto-Un-canto-a-la-naturaleza-150x150.jpg 150w, https:\/\/revistacampus.uandes.cl\/2020\/wp-content\/uploads\/2020\/09\/Concierto-Un-canto-a-la-naturaleza-768x768.jpg 768w, https:\/\/revistacampus.uandes.cl\/2020\/wp-content\/uploads\/2020\/09\/Concierto-Un-canto-a-la-naturaleza-480x480.jpg 480w, https:\/\/revistacampus.uandes.cl\/2020\/wp-content\/uploads\/2020\/09\/Concierto-Un-canto-a-la-naturaleza.jpg 1080w\" sizes=\"(max-width: 256px) 100vw, 256px\" \/><\/figure><\/div>\n\n\n\n<p class=\"has-text-align-center has-small-font-size\"><em>Un quinteto de bronces dio inicio al concierto \u201c<a rel=\"noreferrer noopener\" href=\"https:\/\/www.uandes.cl\/noticias\/concierto-un-canto-a-la-naturaleza-invita-a-la-comunidad-universitaria-a-celebrar-la-naturaleza-a-traves-de-la-musica\/\" target=\"_blank\">Un canto a la naturaleza<\/a>\u201d en el puente del edificio Central, interpretando la M\u00fasica del Agua, de Haendel, que dio paso a un canto de ecos dentro del edificio en voz del coro UANDES, para finalizar en el Sal\u00f3n de Honor \u00c1lvaro del Portillo<\/em>.<\/p>\n\n\n\n<div class=\"wp-block-image is-style-rounded\"><figure class=\"aligncenter size-large is-resized\"><img loading=\"lazy\" src=\"http:\/\/revistacampus.uandes.cl\/2020\/wp-content\/uploads\/2020\/09\/D\u00eda-de-Campus-1024x1024.jpg\" alt=\"\" class=\"wp-image-3853\" width=\"256\" height=\"256\" srcset=\"https:\/\/revistacampus.uandes.cl\/2020\/wp-content\/uploads\/2020\/09\/D\u00eda-de-Campus-1024x1024.jpg 1024w, https:\/\/revistacampus.uandes.cl\/2020\/wp-content\/uploads\/2020\/09\/D\u00eda-de-Campus-300x300.jpg 300w, https:\/\/revistacampus.uandes.cl\/2020\/wp-content\/uploads\/2020\/09\/D\u00eda-de-Campus-150x150.jpg 150w, https:\/\/revistacampus.uandes.cl\/2020\/wp-content\/uploads\/2020\/09\/D\u00eda-de-Campus-768x768.jpg 768w, https:\/\/revistacampus.uandes.cl\/2020\/wp-content\/uploads\/2020\/09\/D\u00eda-de-Campus-480x480.jpg 480w, https:\/\/revistacampus.uandes.cl\/2020\/wp-content\/uploads\/2020\/09\/D\u00eda-de-Campus.jpg 1080w\" sizes=\"(max-width: 256px) 100vw, 256px\" \/><\/figure><\/div>\n\n\n\n<p class=\"has-text-align-center has-small-font-size\"><em>M\u00e1s de 300 ni\u00f1os y adultos participaron del CamerataEduca \u201cCompartiendo con canciones\u201d y de una zona de picnic y talleres durante el \u201c<a href=\"https:\/\/www.uandes.cl\/noticias\/familias-comparten-una-manana-de-musica-y-jardines-en-el-campus-uandes\/\" target=\"_blank\" rel=\"noreferrer noopener\">D\u00eda de Campus<\/a>\u201d, iniciativa que espera replicarse a futuro.<\/em><\/p>\n<\/div>\n<\/div>\n\n\n\n<p class=\"has-text-color\" style=\"color:#92c83e\"><strong><em>La est\u00e9tica como motor de la imaginaci\u00f3n tiene una influencia vital en el aprendizaje de los estudiantes, ya que despierta sus cinco sentidos para permitirles interpretar el mundo.<\/em><\/strong><\/p>\n\n\n\n<div class=\"wp-block-columns\">\n<div class=\"wp-block-column\">\n<div style=\"height:150px\" aria-hidden=\"true\" class=\"wp-block-spacer\"><\/div>\n\n\n\n<div class=\"wp-block-image is-style-rounded\"><figure class=\"aligncenter size-large is-resized\"><img loading=\"lazy\" src=\"http:\/\/revistacampus.uandes.cl\/2020\/wp-content\/uploads\/2020\/09\/Parque-Cordillera-1024x1024.jpg\" alt=\"\" class=\"wp-image-3859\" width=\"256\" height=\"256\" srcset=\"https:\/\/revistacampus.uandes.cl\/2020\/wp-content\/uploads\/2020\/09\/Parque-Cordillera-1024x1024.jpg 1024w, https:\/\/revistacampus.uandes.cl\/2020\/wp-content\/uploads\/2020\/09\/Parque-Cordillera-300x300.jpg 300w, https:\/\/revistacampus.uandes.cl\/2020\/wp-content\/uploads\/2020\/09\/Parque-Cordillera-150x150.jpg 150w, https:\/\/revistacampus.uandes.cl\/2020\/wp-content\/uploads\/2020\/09\/Parque-Cordillera-768x768.jpg 768w, https:\/\/revistacampus.uandes.cl\/2020\/wp-content\/uploads\/2020\/09\/Parque-Cordillera-480x480.jpg 480w, https:\/\/revistacampus.uandes.cl\/2020\/wp-content\/uploads\/2020\/09\/Parque-Cordillera.jpg 1080w\" sizes=\"(max-width: 256px) 100vw, 256px\" \/><\/figure><\/div>\n\n\n\n<p class=\"has-text-align-center has-small-font-size\"><em>Gracias al convenio con la Asociaci\u00f3n Parque Cordillera, esperamos aumentar nuestra relaci\u00f3n con la comunidad, el cuidado del bosque nativo y la vida silvestre, adem\u00e1s de fomentar las actividades deportivas de monta\u00f1a.<\/em><br><em><a href=\"https:\/\/asociacionparquecordillera.cl\/red-de-parques-naturales\/la-plaza\/\" target=\"_blank\" rel=\"noreferrer noopener\">Ver m\u00e1s sobre el parte natural La Plaza<\/a><\/em>.<\/p>\n\n\n\n<div class=\"wp-block-image is-style-rounded\"><figure class=\"aligncenter size-large is-resized\"><img loading=\"lazy\" src=\"http:\/\/revistacampus.uandes.cl\/2020\/wp-content\/uploads\/2020\/09\/Rueda-de-los-Andes-1024x1024.jpg\" alt=\"\" class=\"wp-image-3860\" width=\"256\" height=\"256\" srcset=\"https:\/\/revistacampus.uandes.cl\/2020\/wp-content\/uploads\/2020\/09\/Rueda-de-los-Andes-1024x1024.jpg 1024w, https:\/\/revistacampus.uandes.cl\/2020\/wp-content\/uploads\/2020\/09\/Rueda-de-los-Andes-300x300.jpg 300w, https:\/\/revistacampus.uandes.cl\/2020\/wp-content\/uploads\/2020\/09\/Rueda-de-los-Andes-150x150.jpg 150w, https:\/\/revistacampus.uandes.cl\/2020\/wp-content\/uploads\/2020\/09\/Rueda-de-los-Andes-768x768.jpg 768w, https:\/\/revistacampus.uandes.cl\/2020\/wp-content\/uploads\/2020\/09\/Rueda-de-los-Andes-480x480.jpg 480w, https:\/\/revistacampus.uandes.cl\/2020\/wp-content\/uploads\/2020\/09\/Rueda-de-los-Andes.jpg 1080w\" sizes=\"(max-width: 256px) 100vw, 256px\" \/><\/figure><\/div>\n\n\n\n<p class=\"has-text-align-center has-small-font-size\"><em>En <a rel=\"noreferrer noopener\" href=\"http:\/\/www.uandes.cl\/ruta-cultural\" target=\"_blank\">www.uandes.cl\/ruta-cultural<\/a> se puede acceder al recorrido por las obras de arte instaladas en el campus universitario, como la Rueda de los Andes, del escultor Francisco Gacit\u00faa.<\/em><\/p>\n<\/div>\n\n\n\n<div class=\"wp-block-column\">\n<h4 class=\"has-text-color\" style=\"color:#92c83e\">PARA RECORRER Y APRENDER<\/h4>\n\n\n\n<p style=\"font-size:15px\">La idea de organizar visitas guiadas y circuitos de <em>trekking <\/em>por los terrenos de la Universidad es antigua. De hecho, desde hace a\u00f1os han servido para que alumnos de colegios aleda\u00f1os estudien la flora y fauna y como lugar de muestras del Servicio Agr\u00edcola y Ganadero (SAG).<\/p>\n\n\n\n<p style=\"font-size:15px\">La idea se concret\u00f3 el a\u00f1o pasado, cuando se firm\u00f3 un convenio con la <a rel=\"noreferrer noopener\" href=\"https:\/\/asociacionparquecordillera.cl\/\" target=\"_blank\">Asociaci\u00f3n Parque Cordillera<\/a> orientado a que esta administre unas 10 hect\u00e1reas de la Universidad, ubicadas al oriente de la <a rel=\"noreferrer noopener\" href=\"https:\/\/www.clinicauandes.cl\/\" target=\"_blank\">Cl\u00ednica UANDES<\/a>. Hacia el final de Av. La Plaza, la Cl\u00ednica posibilit\u00f3 un acceso al sendero \u201cMorro Las Papas\u201d, del \u201c<a rel=\"noreferrer noopener\" href=\"https:\/\/asociacionparquecordillera.cl\/red-de-parques-naturales\/san-carlos-de-apoquindo-2\/\" target=\"_blank\">Parque Natural San Carlos de Apoquindo<\/a>\u201d, que en una hora lleva hasta un mirador donde se aprecian Santiago y la hoya hidrogr\u00e1fica del parque, en lo que ahora es el <a href=\"https:\/\/asociacionparquecordillera.cl\/red-de-parques-naturales\/la-plaza\/\" target=\"_blank\" rel=\"noreferrer noopener\">parque natural La Plaza.<\/a> A futuro, la Asociaci\u00f3n proyecta habilitar una porter\u00eda, ba\u00f1os, cafeter\u00eda y otros servicios, como una posible pista de <em>bicicross<\/em>.<\/p>\n\n\n\n<p style=\"font-size:15px\">Esta iniciativa se suma a los catastros de flora, insectos y <a href=\"http:\/\/www.uandes.cl\/images\/la_universidad\/campus\/campus_uandes\/registro-aves-del-campus.pdf\" target=\"_blank\" rel=\"noreferrer noopener\">aves precordilleranas<\/a>, elaborados por la Universidad, para aportar con un registro de las especies que habitan la zona y la posibilidad de visitarlas. Hasta ahora se han realizado algunas visitas guiadas, pero el objetivo es implementar una ruta abierta a la comunidad.<\/p>\n\n\n\n<p style=\"font-size:15px\">Esta se integrar\u00e1 con el proyecto de la <a href=\"http:\/\/www.uandes.cl\/ruta-cultural\" target=\"_blank\" rel=\"noreferrer noopener\">Ruta Cultural<\/a>, que invita a conocer algunas obras de arte instaladas en la Universidad, desde el Museo de Artes hasta las esculturas \u2018Rueda de los Andes\u2019 y \u2018Pirca de San Ram\u00f3n\u2019, de Francisco Gazit\u00faa, o la Virgen de la Sabidur\u00eda, de los hermanos Rodr\u00edguez.<\/p>\n<\/div>\n<\/div>\n\n\n\n<div class=\"wp-block-columns\">\n<div class=\"wp-block-column\">\n<h4 class=\"has-text-color\" style=\"color:#92c83e\">EVALUACI\u00d3N DE IMPACTO B<\/h4>\n\n\n\n<p style=\"font-size:15px\">Uno de los cinco focos de la <a rel=\"noreferrer noopener\" href=\"https:\/\/www.uandes.cl\/la-uandes\/informacion-institucional\/pei\/\" target=\"_blank\">Planificaci\u00f3n Estrat\u00e9gica Institucional UANDES 2017-2021<\/a> es \u2018Desarrollo Sustentable\u2019, por lo que la <strong>Vicerrector\u00eda de Comunicaciones<\/strong> solicit\u00f3 un <strong>estudio de Impacto B <\/strong>para conocer la realidad actual y abrir un camino de mejora continua en t\u00e9rminos de <strong>sustentabilidad, considerando su triple impacto: econ\u00f3mico, social y ambiental<\/strong>. De acuerdo a los resultados obtenidos por la <a rel=\"noreferrer noopener\" href=\"http:\/\/needo.cl\/\" target=\"_blank\">consultora Needo<\/a>, la Universidad de los Andes alcanz\u00f3 el puntaje necesario que le permitir\u00eda certificarse.<\/p>\n\n\n\n<p style=\"font-size:15px\">Entre las buenas pr\u00e1cticas reconocidas destacan el aporte social brindado como fruto de la formaci\u00f3n universitaria, el aporte cultural y de integraci\u00f3n con la comunidad a trav\u00e9s del arte, el cuidado de la naturaleza y la contribuci\u00f3n a su preservaci\u00f3n y la labor del proyecto de alumnos <a href=\"https:\/\/www.instagram.com\/ecocampusuandes\/?hl=es-la\" target=\"_blank\" rel=\"noreferrer noopener\">UANDES EcoCampus<\/a>.<\/p>\n\n\n\n<p style=\"font-size:15px\">Entre los indicadores ecol\u00f3gicos se reconoce la gesti\u00f3n de materiales peligrosos y el dise\u00f1o e implementaci\u00f3n de programas de reciclaje, como parte del sistema de gesti\u00f3n ambiental aplicado por la Direcci\u00f3n de Operaciones. En relaci\u00f3n a indicadores para avanzar en gesti\u00f3n sustentable se describe el monitoreo del consumo de agua y energ\u00eda, la reducci\u00f3n de impacto ambiental en los traslados, la gesti\u00f3n de residuos y el monitoreo de emisiones de gases de efecto invernadero.<\/p>\n<\/div>\n\n\n\n<div class=\"wp-block-column\">\n<div style=\"height:220px\" aria-hidden=\"true\" class=\"wp-block-spacer\"><\/div>\n\n\n\n<div class=\"wp-block-image is-style-rounded\"><figure class=\"aligncenter size-large\"><img loading=\"lazy\" width=\"1024\" height=\"1024\" src=\"http:\/\/revistacampus.uandes.cl\/2020\/wp-content\/uploads\/2020\/09\/cargador-autos-electricos-1024x1024.jpg\" alt=\"\" class=\"wp-image-3867\" srcset=\"https:\/\/revistacampus.uandes.cl\/2020\/wp-content\/uploads\/2020\/09\/cargador-autos-electricos-1024x1024.jpg 1024w, https:\/\/revistacampus.uandes.cl\/2020\/wp-content\/uploads\/2020\/09\/cargador-autos-electricos-300x300.jpg 300w, https:\/\/revistacampus.uandes.cl\/2020\/wp-content\/uploads\/2020\/09\/cargador-autos-electricos-150x150.jpg 150w, https:\/\/revistacampus.uandes.cl\/2020\/wp-content\/uploads\/2020\/09\/cargador-autos-electricos-768x768.jpg 768w, https:\/\/revistacampus.uandes.cl\/2020\/wp-content\/uploads\/2020\/09\/cargador-autos-electricos-480x480.jpg 480w, https:\/\/revistacampus.uandes.cl\/2020\/wp-content\/uploads\/2020\/09\/cargador-autos-electricos.jpg 1080w\" sizes=\"(max-width: 1024px) 100vw, 1024px\" \/><\/figure><\/div>\n\n\n\n<p class=\"has-text-align-center has-small-font-size\"><em>La energ\u00eda limpia se integr\u00f3 al proyecto \u201cCampus UANDES: nuestra casa com\u00fan\u201d, mediante la <a href=\"https:\/\/www.uandes.cl\/noticias\/campus-uandes-se-suma-a-la-movilidad-electrica\/\" target=\"_blank\" rel=\"noreferrer noopener\">primera estaci\u00f3n de carga para veh\u00edculos el\u00e9ctricos e h\u00edbridos instalada en una Universidad<\/a> y disponible para la comunidad interna y externa, gracias a la empresa especializada TE-Mobility<\/em><\/p>\n<\/div>\n<\/div>\n\n\n\n<div class=\"wp-block-buttons\">\n<div class=\"wp-block-button\"><a class=\"wp-block-button__link\" href=\"https:\/\/www.uandes.cl\/compromiso\/#iniciativas\" target=\"_blank\" rel=\"noreferrer noopener\">Estas iniciativas sustentables forman parte de <br><em>Compromiso UANDES<\/em><\/a><\/div>\n<\/div>\n","protected":false},"excerpt":{"rendered":"<p>El convenio con la Asociaci\u00f3n Parque Cordillera, para acceder a un circuito de trekking en terrenos de la Universidad, y la iniciativa \u201cD\u00eda de campus\u201d, para disfrutar cultura en sus jardines, son ejemplo del inter\u00e9s institucional por compartir con la comunidad este espacio de formaci\u00f3n acad\u00e9mica integral.<\/p>\n","protected":false},"author":2,"featured_media":3895,"comment_status":"open","ping_status":"open","sticky":false,"template":"","format":"standard","meta":[],"categories":[44],"tags":[],"_links":{"self":[{"href":"https:\/\/revistacampus.uandes.cl\/2020\/wp-json\/wp\/v2\/posts\/3846"}],"collection":[{"href":"https:\/\/revistacampus.uandes.cl\/2020\/wp-json\/wp\/v2\/posts"}],"about":[{"href":"https:\/\/revistacampus.uandes.cl\/2020\/wp-json\/wp\/v2\/types\/post"}],"author":[{"embeddable":true,"href":"https:\/\/revistacampus.uandes.cl\/2020\/wp-json\/wp\/v2\/users\/2"}],"replies":[{"embeddable":true,"href":"https:\/\/revistacampus.uandes.cl\/2020\/wp-json\/wp\/v2\/comments?post=3846"}],"version-history":[{"count":12,"href":"https:\/\/revistacampus.uandes.cl\/2020\/wp-json\/wp\/v2\/posts\/3846\/revisions"}],"predecessor-version":[{"id":4474,"href":"https:\/\/revistacampus.uandes.cl\/2020\/wp-json\/wp\/v2\/posts\/3846\/revisions\/4474"}],"wp:featuredmedia":[{"embeddable":true,"href":"https:\/\/revistacampus.uandes.cl\/2020\/wp-json\/wp\/v2\/media\/3895"}],"wp:attachment":[{"href":"https:\/\/revistacampus.uandes.cl\/2020\/wp-json\/wp\/v2\/media?parent=3846"}],"wp:term":[{"taxonomy":"category","embeddable":true,"href":"https:\/\/revistacampus.uandes.cl\/2020\/wp-json\/wp\/v2\/categories?post=3846"},{"taxonomy":"post_tag","embeddable":true,"href":"https:\/\/revistacampus.uandes.cl\/2020\/wp-json\/wp\/v2\/tags?post=3846"}],"curies":[{"name":"wp","href":"https:\/\/api.w.org\/{rel}","templated":true}]}}