{"id":3798,"date":"2020-09-03T08:18:51","date_gmt":"2020-09-03T12:18:51","guid":{"rendered":"http:\/\/revistacampus.uandes.cl\/2020\/?p=3798"},"modified":"2020-09-08T09:47:30","modified_gmt":"2020-09-08T12:47:30","slug":"facultad-de-derechoa-30-anos-de-la-creacion-de-la-primera-carrera-de-nuestra-universidad","status":"publish","type":"post","link":"https:\/\/revistacampus.uandes.cl\/2020\/facultad-de-derechoa-30-anos-de-la-creacion-de-la-primera-carrera-de-nuestra-universidad\/","title":{"rendered":"Facultad de Derecho<br><span class=\"subtitulo\">A 30 a\u00f1os de la creaci\u00f3n de la primera carrera de nuestra Universidad <\/span>"},"content":{"rendered":"\n<p><em><strong>La fe que pusieron los primeros estudiantes y acad\u00e9micos en este proyecto ha dado frutos y se ha consolidado como una de las facultades de Derecho m\u00e1s prestigiosas del pa\u00eds, siendo reconocida tanto en los medios universitarios como profesionales.<\/strong><\/em><\/p>\n\n\n\n<p style=\"font-size:15px\">\u201cLa idea de fundar la que ser\u00eda la <a rel=\"noreferrer noopener\" href=\"https:\/\/www.uandes.cl\/\" target=\"_blank\">Universidad de los Andes<\/a> en 1989 llevaba consigo la necesidad de definir cu\u00e1l ser\u00eda la primera carrera en abrirse. No se trataba solo de crear una instituci\u00f3n y dejar para m\u00e1s adelante la determinaci\u00f3n de las \u00e1reas del saber a cultivar, sino de comenzar a hacerlo de inmediato y formar alumnos universitarios\u201d, cuenta su primer Rector, <a rel=\"noreferrer noopener\" href=\"https:\/\/www.uandes.cl\/personas\/raul-bertelsen-repetto\/\" target=\"_blank\">Ra\u00fal Bertelsen<\/a>. Por diversas razones, la decisi\u00f3n de cu\u00e1l ser\u00eda esta primera carrera estaba clara: Derecho. <\/p>\n\n\n\n<p style=\"font-size:15px\">Los desaf\u00edos eran muchos. Hab\u00eda que nombrar autoridades, conformar el profesorado, desarrollar la malla, los programas de los cursos, elegir ayudantes, encontrar una universidad dispuesta a ser examinadora, incluso, hallar una sede y equiparla, adem\u00e1s de \u201cencontrar alumnos que quisieran estudiar en una universidad que era un proyecto atractivo, pero que no ten\u00eda materialidad alguna\u201d, recuerda su primer Rector.<\/p>\n\n\n\n<div class=\"wp-block-image\"><figure class=\"aligncenter size-large\"><img loading=\"lazy\" width=\"1024\" height=\"489\" src=\"http:\/\/revistacampus.uandes.cl\/2020\/wp-content\/uploads\/2020\/09\/Derecho-img1-1024x489.jpg\" alt=\"\" class=\"wp-image-3801\" srcset=\"https:\/\/revistacampus.uandes.cl\/2020\/wp-content\/uploads\/2020\/09\/Derecho-img1-1024x489.jpg 1024w, https:\/\/revistacampus.uandes.cl\/2020\/wp-content\/uploads\/2020\/09\/Derecho-img1-300x143.jpg 300w, https:\/\/revistacampus.uandes.cl\/2020\/wp-content\/uploads\/2020\/09\/Derecho-img1-768x367.jpg 768w, https:\/\/revistacampus.uandes.cl\/2020\/wp-content\/uploads\/2020\/09\/Derecho-img1-1536x734.jpg 1536w, https:\/\/revistacampus.uandes.cl\/2020\/wp-content\/uploads\/2020\/09\/Derecho-img1-480x229.jpg 480w, https:\/\/revistacampus.uandes.cl\/2020\/wp-content\/uploads\/2020\/09\/Derecho-img1.jpg 2000w\" sizes=\"(max-width: 1024px) 100vw, 1024px\" \/><figcaption><em>La <a href=\"https:\/\/www.uandes.cl\/carrera\/derecho\/\" target=\"_blank\" rel=\"noreferrer noopener\">Facultad de Derecho<\/a> es reconocida por su calidad docente, su vasta producci\u00f3n cient\u00edfica y su aporte a la discusi\u00f3n p\u00fablica a trav\u00e9s de los medios de comunicaci\u00f3n, como evidencia el profesor <a href=\"https:\/\/www.uandes.cl\/personas\/hernan-corral-talciani\/\" target=\"_blank\" rel=\"noreferrer noopener\">Hern\u00e1n Corral <\/a>(en la imagen).<\/em><\/figcaption><\/figure><\/div>\n\n\n\n<p style=\"font-size:15px\">Tres fueron los primeros cargos de gobierno. Como decano, Arturo Yrarr\u00e1zaval; como director de Estudios, <a rel=\"noreferrer noopener\" href=\"https:\/\/www.uandes.cl\/personas\/enrique-brahm-garcia\/\" target=\"_blank\">Enrique Brahm<\/a>, y como secretario acad\u00e9mico, <a rel=\"noreferrer noopener\" href=\"https:\/\/www.uandes.cl\/personas\/jose-antonio-guzman-cruzat\/\" target=\"_blank\">Jos\u00e9 Antonio Guzm\u00e1n<\/a>, nuestro actual Rector. \u201cQuiero destacar y dejar constancia de la labor esforzada y exitosa que realizara Arturo como decano. Desde que acept\u00f3 el cargo puso todo su empe\u00f1o, capacidad y entusiasmo para lograr que la Facultad comenzara a funcionar en unos meses\u201d, enfatiza Ra\u00fal Bertelsen. <\/p>\n\n\n\n<p style=\"font-size:15px\">Por su parte, Arturo Yrarr\u00e1zaval recuerda que su experiencia como decano fue extraordinaria, \u201cgracias a la calidad acad\u00e9mica y humana de los profesores y ayudantes, de un personal de excelencia y de nuestros queridos alumnos. Se cre\u00f3 verdaderamente una comunidad de maestros y estudiantes como en las primeras universidades europeas\u201d.<\/p>\n\n\n\n<p class=\"has-text-color\" style=\"color:#542e91\"><strong>En 30 a\u00f1os, la Facultad ha formado a cerca de dos mil licenciados en Derecho y a m\u00e1s de 500 mag\u00edsteres y doctores, que hoy sirven a la sociedad en el \u00e1mbito p\u00fablico y privado.<\/strong><\/p>\n\n\n\n<div class=\"wp-block-columns\">\n<div class=\"wp-block-column\">\n<div style=\"height:60px\" aria-hidden=\"true\" class=\"wp-block-spacer\"><\/div>\n\n\n\n<figure class=\"wp-block-image size-large is-style-rounded\"><img loading=\"lazy\" width=\"1024\" height=\"1024\" src=\"http:\/\/revistacampus.uandes.cl\/2020\/wp-content\/uploads\/2020\/09\/1994-1024x1024.jpg\" alt=\"\" class=\"wp-image-4050\" srcset=\"https:\/\/revistacampus.uandes.cl\/2020\/wp-content\/uploads\/2020\/09\/1994-1024x1024.jpg 1024w, https:\/\/revistacampus.uandes.cl\/2020\/wp-content\/uploads\/2020\/09\/1994-300x300.jpg 300w, https:\/\/revistacampus.uandes.cl\/2020\/wp-content\/uploads\/2020\/09\/1994-150x150.jpg 150w, https:\/\/revistacampus.uandes.cl\/2020\/wp-content\/uploads\/2020\/09\/1994-768x768.jpg 768w, https:\/\/revistacampus.uandes.cl\/2020\/wp-content\/uploads\/2020\/09\/1994-480x480.jpg 480w, https:\/\/revistacampus.uandes.cl\/2020\/wp-content\/uploads\/2020\/09\/1994.jpg 1080w\" sizes=\"(max-width: 1024px) 100vw, 1024px\" \/><figcaption><em>Arturo Yrarr\u00e1zaval, primer decano de Derecho (al centro), en una de las primeras actividades de la Universidad.<\/em><\/figcaption><\/figure>\n<\/div>\n\n\n\n<div class=\"wp-block-column\">\n<h5 class=\"has-text-color\" style=\"color:#542e91\">UNA R\u00c1PIDA EVOLUCI\u00d3N<\/h5>\n\n\n\n<p style=\"font-size:14px\">En marzo de 1990 hab\u00eda 38 j\u00f3venes en una casa se\u00f1orial situada en Bustamante 86. \u201cEse d\u00eda ten\u00edamos a estos alumnos sentados en una sala de clases, que fueron los primeros estudiantes de la Universidad, gente que tuvo mucha fe; era solo eso, no hab\u00eda nada m\u00e1s\u201d, cuenta <strong>Enrique Brahm<\/strong> (<a href=\"http:\/\/30a\u00f1os.uandes.cl\/historias\/enrique-brahm\/\" target=\"_blank\" rel=\"noreferrer noopener\">ver video<\/a>) sobre los sencillos or\u00edgenes de la <a href=\"https:\/\/www.uandes.cl\/carrera\/derecho\/\" target=\"_blank\" rel=\"noreferrer noopener\">Facultad de Derecho<\/a>. Una de esas j\u00f3venes era <strong>Paula Pinedo<\/strong>. \u201cTengo los mejores recuerdos de mi paso por Bustamante, era un ambiente familiar y de permanente cuidado, pero con much\u00edsima exigencia. Era todo muy grato, desde Marco, el auxiliar, a don Ra\u00fal como Rector. A modo anecd\u00f3tico recuerdo que Pilar Bustamante, la administradora en aquel entonces, nos prestaba su oficina para estudiar. El decano, Arturo Yrarr\u00e1zaval, era un lujo\u201d, relata.<\/p>\n<\/div>\n<\/div>\n\n\n\n<figure class=\"wp-block-image size-large\"><img loading=\"lazy\" width=\"1024\" height=\"489\" src=\"http:\/\/revistacampus.uandes.cl\/2020\/wp-content\/uploads\/2020\/09\/Derecho-img-3-1024x489.jpg\" alt=\"\" class=\"wp-image-3811\" srcset=\"https:\/\/revistacampus.uandes.cl\/2020\/wp-content\/uploads\/2020\/09\/Derecho-img-3-1024x489.jpg 1024w, https:\/\/revistacampus.uandes.cl\/2020\/wp-content\/uploads\/2020\/09\/Derecho-img-3-300x143.jpg 300w, https:\/\/revistacampus.uandes.cl\/2020\/wp-content\/uploads\/2020\/09\/Derecho-img-3-768x367.jpg 768w, https:\/\/revistacampus.uandes.cl\/2020\/wp-content\/uploads\/2020\/09\/Derecho-img-3-1536x734.jpg 1536w, https:\/\/revistacampus.uandes.cl\/2020\/wp-content\/uploads\/2020\/09\/Derecho-img-3-480x229.jpg 480w, https:\/\/revistacampus.uandes.cl\/2020\/wp-content\/uploads\/2020\/09\/Derecho-img-3.jpg 2000w\" sizes=\"(max-width: 1024px) 100vw, 1024px\" \/><figcaption>La construcci\u00f3n del edificio del Reloj, donde desde 2009 funcionan la <a href=\"https:\/\/www.uandes.cl\/carrera\/derecho\/\" target=\"_blank\" rel=\"noreferrer noopener\">Facultad de Derecho<\/a> y la de <a href=\"https:\/\/www.uandes.cl\/carrera\/ingenieria-comercial\/\" target=\"_blank\" rel=\"noreferrer noopener\">Ciencias Econ\u00f3micas y Empresariales<\/a>, fue posible gracias al aporte generoso de muchos egresados de la carrera, que quisieron apoyar el desarrollo de su <em>alma mater<\/em>.<\/figcaption><\/figure>\n\n\n\n<p style=\"font-size:15px\"><strong>En 1991 la Facultad se adjudic\u00f3 el primer Fondecyt, dando origen a una vasta <a rel=\"noreferrer noopener\" href=\"https:\/\/www.uandes.cl\/wp-content\/uploads\/2019\/12\/Producci%C3%B3n-Cient%C3%ADfica-2019-Facultad-de-Derecho.pdf\" target=\"_blank\">producci\u00f3n cient\u00edfica<\/a><\/strong>. En 1994 egres\u00f3 la primera promoci\u00f3n y al a\u00f1o siguiente la Facultad se traslad\u00f3 al edificio de Humanidades del campus San Carlos de Apoquindo. El a\u00f1o 2000 se declar\u00f3 oficialmente la autonom\u00eda de la Universidad de los Andes y qued\u00f3 facultada para otorgar en forma independiente el grado acad\u00e9mico de Licenciado en Derecho. El mismo a\u00f1o se duplic\u00f3 el n\u00famero de alumnos aceptados en primer a\u00f1o, para tener dos secciones por curso. <\/p>\n\n\n\n<p style=\"font-size:15px\"><strong>En 2001 se cre\u00f3 el que ser\u00eda el primer programa de <a rel=\"noreferrer noopener\" href=\"https:\/\/postgradosuandes.cl\/doctorados\/doctorado-en-derecho\/\" target=\"_blank\">Doctorado en Derecho<\/a> del pa\u00eds<\/strong>. Su primera doctora, <a rel=\"noreferrer noopener\" href=\"http:\/\/uandes.cl\/personas\/tatiana-vargas-pinto\/\" target=\"_blank\">Tatiana Vargas<\/a>, recuerda que en una visita a la Universidad se encontr\u00f3 con el entonces decano <a rel=\"noreferrer noopener\" href=\"https:\/\/www.uandes.cl\/personas\/orlando-poblete-iturrate-2\/\" target=\"_blank\">Orlando Poblete<\/a>, quien le inform\u00f3 sobre el programa que se iniciar\u00eda en 2002. \u201cTodo era desconocido y se ir\u00eda construyendo en el camino. \u00c9ramos tres alumnos con jornada completa\u201d. Desde entonces han egresado del programa <a rel=\"noreferrer noopener\" href=\"https:\/\/www.uandes.cl\/noticias\/nuevo-doctor-pablo-manterola-aprueba-con-nota-sobresaliente-su-defensa-de-tesis\/\" target=\"_blank\">30 doctores<\/a>.<\/p>\n\n\n\n<div class=\"wp-block-columns\">\n<div class=\"wp-block-column\">\n<p><\/p>\n\n\n\n<p class=\"has-small-font-size\"><em>Pablo Manterola es el 30\u00b0 egresado del Doctorado en Derecho, pionero en Chile.<\/em><\/p>\n<\/div>\n\n\n\n<div class=\"wp-block-column\">\n<figure class=\"wp-block-image size-large is-style-rounded\"><img loading=\"lazy\" width=\"1024\" height=\"1024\" src=\"http:\/\/revistacampus.uandes.cl\/2020\/wp-content\/uploads\/2020\/09\/Pablo-Manterola-1024x1024.jpg\" alt=\"\" class=\"wp-image-3817\" srcset=\"https:\/\/revistacampus.uandes.cl\/2020\/wp-content\/uploads\/2020\/09\/Pablo-Manterola-1024x1024.jpg 1024w, https:\/\/revistacampus.uandes.cl\/2020\/wp-content\/uploads\/2020\/09\/Pablo-Manterola-300x300.jpg 300w, https:\/\/revistacampus.uandes.cl\/2020\/wp-content\/uploads\/2020\/09\/Pablo-Manterola-150x150.jpg 150w, https:\/\/revistacampus.uandes.cl\/2020\/wp-content\/uploads\/2020\/09\/Pablo-Manterola-768x768.jpg 768w, https:\/\/revistacampus.uandes.cl\/2020\/wp-content\/uploads\/2020\/09\/Pablo-Manterola-480x480.jpg 480w, https:\/\/revistacampus.uandes.cl\/2020\/wp-content\/uploads\/2020\/09\/Pablo-Manterola.jpg 1080w\" sizes=\"(max-width: 1024px) 100vw, 1024px\" \/><\/figure>\n<\/div>\n<\/div>\n\n\n\n<p style=\"font-size:15px\">\u201cLa Facultad hoy est\u00e1 en una gran posici\u00f3n. <strong>Se han seguido incorporando profesores de primera calidad, existen grandes investigadores que est\u00e1n en la frontera del conocimiento jur\u00eddico<\/strong>. Los <a href=\"https:\/\/postgradosuandes.cl\/filtro\/?programa=doctorados%2Cmagisters&amp;facultad=facultad-de-derecho&amp;s=\" target=\"_blank\" rel=\"noreferrer noopener\">programas de m\u00e1gister y doctorado <\/a>son muy buenos. Las actividades de extensi\u00f3n o de relaci\u00f3n con el medio son variadas y de gran calidad. En los <em>rankings<\/em>, tanto la Universidad como la Facultad aparecen dentro de las diez mejores posiciones en Chile, a\u00f1o tras a\u00f1o\u201d, plantea <a href=\"http:\/\/derecho.uc.cl\/cn\/profesores\/nomina-por-departamento\/departamento-de-derecho-economico-comercial-y-tributario\/753-yrarrazaval-covarrubias-arturo\" target=\"_blank\" rel=\"noreferrer noopener\">Arturo Yrarr\u00e1zaval<\/a>, quien actualmente se desempe\u00f1a como profesor de la <a href=\"http:\/\/derecho.uc.cl\/es\/\" target=\"_blank\" rel=\"noreferrer noopener\">Facultad de Derecho de la Pontificia Universidad Cat\u00f3lica de Chile<\/a>.<\/p>\n\n\n\n<p style=\"font-size:15px\">Sobre estos 30 a\u00f1os, el actual decano, <a href=\"https:\/\/www.uandes.cl\/personas\/jose-ignacio-martinez-estay\/\" target=\"_blank\" rel=\"noreferrer noopener\">Jos\u00e9 Ignacio Mart\u00ednez<\/a>, destaca \u201cla trayectoria, la calidad del claustro acad\u00e9mico y, por supuesto, a nuestros alumnos, quienes cada d\u00eda m\u00e1s prefieren cursar la carrera en la Universidad de los Andes. Adem\u00e1s, el posicionamiento que se ha logrado y que la ha situado como un actor relevante en la comunidad jur\u00eddica nacional. Seguiremos trabajando con la seriedad de siempre para continuar creciendo y avanzando.\u201d<\/p>\n\n\n\n<div class=\"wp-block-columns\">\n<div class=\"wp-block-column\">\n<figure class=\"wp-block-image size-large is-resized is-style-default\"><img loading=\"lazy\" src=\"http:\/\/revistacampus.uandes.cl\/2020\/wp-content\/uploads\/2020\/09\/Decano-Jos\u00e9-Ignacio-Mart\u00ednez-1024x1024.jpg\" alt=\"\" class=\"wp-image-3812\" width=\"256\" height=\"256\" srcset=\"https:\/\/revistacampus.uandes.cl\/2020\/wp-content\/uploads\/2020\/09\/Decano-Jos\u00e9-Ignacio-Mart\u00ednez-1024x1024.jpg 1024w, https:\/\/revistacampus.uandes.cl\/2020\/wp-content\/uploads\/2020\/09\/Decano-Jos\u00e9-Ignacio-Mart\u00ednez-300x300.jpg 300w, https:\/\/revistacampus.uandes.cl\/2020\/wp-content\/uploads\/2020\/09\/Decano-Jos\u00e9-Ignacio-Mart\u00ednez-150x150.jpg 150w, https:\/\/revistacampus.uandes.cl\/2020\/wp-content\/uploads\/2020\/09\/Decano-Jos\u00e9-Ignacio-Mart\u00ednez-768x768.jpg 768w, https:\/\/revistacampus.uandes.cl\/2020\/wp-content\/uploads\/2020\/09\/Decano-Jos\u00e9-Ignacio-Mart\u00ednez-480x480.jpg 480w, https:\/\/revistacampus.uandes.cl\/2020\/wp-content\/uploads\/2020\/09\/Decano-Jos\u00e9-Ignacio-Mart\u00ednez.jpg 1080w\" sizes=\"(max-width: 256px) 100vw, 256px\" \/><\/figure>\n<\/div>\n\n\n\n<div class=\"wp-block-column\">\n<div style=\"height:90px\" aria-hidden=\"true\" class=\"wp-block-spacer\"><\/div>\n\n\n\n<p class=\"has-small-font-size\"><em>Jos\u00e9 Ignacio Mart\u00ednez, decano de la Facultad de Derecho desde 2018.<\/em><\/p>\n<\/div>\n<\/div>\n\n\n\n<div class=\"wp-block-columns\">\n<div class=\"wp-block-column\"><\/div>\n\n\n\n<div class=\"wp-block-column\"><\/div>\n<\/div>\n","protected":false},"excerpt":{"rendered":"<p>La fe que pusieron los primeros estudiantes y acad\u00e9micos en este proyecto ha dado frutos y se ha consolidado como una de las facultades de Derecho m\u00e1s prestigiosas del pa\u00eds, siendo reconocida tanto en los medios universitarios como profesionales.<\/p>\n","protected":false},"author":2,"featured_media":3974,"comment_status":"open","ping_status":"open","sticky":false,"template":"","format":"standard","meta":[],"categories":[37],"tags":[],"_links":{"self":[{"href":"https:\/\/revistacampus.uandes.cl\/2020\/wp-json\/wp\/v2\/posts\/3798"}],"collection":[{"href":"https:\/\/revistacampus.uandes.cl\/2020\/wp-json\/wp\/v2\/posts"}],"about":[{"href":"https:\/\/revistacampus.uandes.cl\/2020\/wp-json\/wp\/v2\/types\/post"}],"author":[{"embeddable":true,"href":"https:\/\/revistacampus.uandes.cl\/2020\/wp-json\/wp\/v2\/users\/2"}],"replies":[{"embeddable":true,"href":"https:\/\/revistacampus.uandes.cl\/2020\/wp-json\/wp\/v2\/comments?post=3798"}],"version-history":[{"count":13,"href":"https:\/\/revistacampus.uandes.cl\/2020\/wp-json\/wp\/v2\/posts\/3798\/revisions"}],"predecessor-version":[{"id":4428,"href":"https:\/\/revistacampus.uandes.cl\/2020\/wp-json\/wp\/v2\/posts\/3798\/revisions\/4428"}],"wp:featuredmedia":[{"embeddable":true,"href":"https:\/\/revistacampus.uandes.cl\/2020\/wp-json\/wp\/v2\/media\/3974"}],"wp:attachment":[{"href":"https:\/\/revistacampus.uandes.cl\/2020\/wp-json\/wp\/v2\/media?parent=3798"}],"wp:term":[{"taxonomy":"category","embeddable":true,"href":"https:\/\/revistacampus.uandes.cl\/2020\/wp-json\/wp\/v2\/categories?post=3798"},{"taxonomy":"post_tag","embeddable":true,"href":"https:\/\/revistacampus.uandes.cl\/2020\/wp-json\/wp\/v2\/tags?post=3798"}],"curies":[{"name":"wp","href":"https:\/\/api.w.org\/{rel}","templated":true}]}}