{"id":3774,"date":"2020-07-02T17:29:02","date_gmt":"2020-07-02T21:29:02","guid":{"rendered":"http:\/\/revistacampus.uandes.cl\/2020\/?p=3774"},"modified":"2020-09-07T22:50:12","modified_gmt":"2020-09-08T01:50:12","slug":"medios-de-comunicacion-y-rrssconsumo-confianza-e-informacion-en-pandemia","status":"publish","type":"post","link":"https:\/\/revistacampus.uandes.cl\/2020\/medios-de-comunicacion-y-rrssconsumo-confianza-e-informacion-en-pandemia\/","title":{"rendered":"Medios de comunicaci\u00f3n y RRSS:<br><span class=\"subtitulo\">Consumo, confianza e informaci\u00f3n en pandemia<\/span>"},"content":{"rendered":"\n<p><em><strong>Si en algo influyen las crisis es en la demanda por informaci\u00f3n. Por ello, la Facultad de Comunicaci\u00f3n realiz\u00f3 un estudio para conocer c\u00f3mo son las personas que buscan informaci\u00f3n, d\u00f3nde lo hacen y en qui\u00e9n conf\u00edan.<\/strong><\/em><\/p>\n\n\n\n<p style=\"font-size:15px\">Coronavirus, Covid-19, pandemia son quiz\u00e1s las palabras m\u00e1s buscadas en internet en el \u00faltimo tiempo, y es que <a rel=\"noreferrer noopener\" href=\"https:\/\/www.uandes.cl\/noticias\/como-ha-afectado-el-coronavirus-a-los-medios-de-comunicacion\/\" target=\"_blank\">las personas quieren\/necesitan estar informadas sobre una enfermedad que ha paralizado al mundo<\/a>. En este tipo de situaciones \u00bfcambia la forma en que la gente consume informaci\u00f3n?, \u00bfqu\u00e9 medios utilizan?, \u00bfqu\u00e9 rol ocupan las redes sociales? Estas fueron, algunas de las interrogantes que la Facultad de Comunicaci\u00f3n quiso responder mediante un <strong>estudio exploratorio realizado a m\u00e1s de 800 personas durante el primer semestre de 2020.<\/strong><\/p>\n\n\n\n<div class=\"wp-block-image\"><figure class=\"aligncenter size-large is-resized\"><img loading=\"lazy\" src=\"http:\/\/revistacampus.uandes.cl\/2020\/wp-content\/uploads\/2020\/09\/Anotaci\u00f3n-1-1.png\" alt=\"\" class=\"wp-image-3778\" width=\"410\" height=\"386\" srcset=\"https:\/\/revistacampus.uandes.cl\/2020\/wp-content\/uploads\/2020\/09\/Anotaci\u00f3n-1-1.png 547w, https:\/\/revistacampus.uandes.cl\/2020\/wp-content\/uploads\/2020\/09\/Anotaci\u00f3n-1-1-300x282.png 300w, https:\/\/revistacampus.uandes.cl\/2020\/wp-content\/uploads\/2020\/09\/Anotaci\u00f3n-1-1-480x452.png 480w\" sizes=\"(max-width: 410px) 100vw, 410px\" \/><\/figure><\/div>\n\n\n\n<p style=\"font-size:15px\">A trav\u00e9s de preguntas como \u00bfcu\u00e1ntos d\u00edas a la semana usted se informa?, \u00bfse siente en riesgo de contraer el coronavirus?, \u00bfqu\u00e9 dispositivo utiliza para informarse? o \u00bfqu\u00e9 sitios o plataformas prefiere? pudieron entender c\u00f3mo afecta en las personas la informaci\u00f3n y establecieron ciertos perfiles: los altamente informados, quienes se informan 6 o 7 d\u00edas a la semana; los medianamente informados, los que lo hacen 3 o 4 d\u00edas; y los escasamente informados, quienes se informan m\u00e1ximo un d\u00eda a la semana.<\/p>\n\n\n\n<p style=\"font-size:15px\">\u201cCon respecto a las edades, curiosamente se dio que los mayores de 40 a\u00f1os entran en el primer grupo, mientras que a menor edad decae el grado de informaci\u00f3n con el que se identifican, lo que repercute en la percepci\u00f3n de riesgo que tienen las personas del coronavirus. Quienes est\u00e1n menos informados, se sienten menos propensos a contraerlo\u201d, comenta <strong><a href=\"https:\/\/www.uandes.cl\/personas\/maria-fernanda-cerda-diez\/\" target=\"_blank\" rel=\"noreferrer noopener\">Fernanda Cerda, acad\u00e9mica de la FCOM<\/a> y quien lider\u00f3 este estudio.<\/strong><\/p>\n\n\n\n<div class=\"wp-block-columns\">\n<div class=\"wp-block-column\" style=\"flex-basis:33.33%\">\n<p><\/p>\n\n\n\n<p class=\"has-text-color has-small-font-size\" style=\"color:#7850a5\"><strong>\u00bfCu\u00e1n confiables cree ud. que son las redes sociales en informar lo que pasa en su comuna respecto al coronavirus comparado con los medios de comunicaci\u00f3n?<\/strong><\/p>\n<\/div>\n\n\n\n<div class=\"wp-block-column\" style=\"flex-basis:66.66%\">\n<figure class=\"wp-block-image size-large\"><img loading=\"lazy\" width=\"528\" height=\"338\" src=\"http:\/\/revistacampus.uandes.cl\/2020\/wp-content\/uploads\/2020\/09\/grafico.png\" alt=\"\" class=\"wp-image-3779\" srcset=\"https:\/\/revistacampus.uandes.cl\/2020\/wp-content\/uploads\/2020\/09\/grafico.png 528w, https:\/\/revistacampus.uandes.cl\/2020\/wp-content\/uploads\/2020\/09\/grafico-300x192.png 300w, https:\/\/revistacampus.uandes.cl\/2020\/wp-content\/uploads\/2020\/09\/grafico-480x307.png 480w\" sizes=\"(max-width: 528px) 100vw, 528px\" \/><\/figure>\n<\/div>\n<\/div>\n\n\n\n<p style=\"font-size:15px\">Otro de los resultados evidencia que <a href=\"https:\/\/www.uandes.cl\/noticias\/los-medios-de-comunicacion-en-la-era-de-la-incertidumbre\/\" target=\"_blank\" rel=\"noreferrer noopener\">existe una relaci\u00f3n respecto del grado de confianza que tienen las personas con los medios de comunicaci\u00f3n y su nivel de consumo de medios<\/a>. \u201cPor ejemplo, los altamente informados tienen una mayor confianza hacia los medios que las personas que est\u00e1n menos informadas\u201d, agrega. En cuanto a las plataformas, demostr\u00f3 que los sitios de noticias convencionales llevan la delantera en cuanto a preferencia, \u201csin embargo, es cada vez m\u00e1s com\u00fan ver que la ciudadan\u00eda se informe a trav\u00e9s de otros medios, principalmente redes sociales\u201d, concluye Fernanda.<\/p>\n\n\n\n<p style=\"font-size:15px\">\u201cLos medios tienen una oportunidad tremenda de encantar a la gente, ya que, en la mayor\u00eda de aquellos eventos relevantes, como terremotos, crisis sociales o el caso del coronavirus, la audiencia tiende a irse a las marcas m\u00e1s reconocidas. La diferencia es que esta situaci\u00f3n ha sido m\u00e1s duradera y eso permite que los medios tradicionales, a trav\u00e9s de su credibilidad, objetividad, seriedad y otros atributos, se puedan reimpulsar\u201d, afirma <a href=\"https:\/\/www.uandes.cl\/personas\/cristobal-benavides-almarza\/\" target=\"_blank\" rel=\"noreferrer noopener\">Crist\u00f3bal Benavides, decano de la FCOM<\/a>. \u201cAhora bien, no pueden quedarse en lo que siempre han hecho, <a href=\"https:\/\/www.youtube.com\/watch?v=sA_HbrxNC3w\" target=\"_blank\" rel=\"noreferrer noopener\">tienen que aprovechar ese reconocimiento de marca, esos atributos positivos y llevarlos a nuevas plataformas<\/a> para recapturar a aquellas personas que los dejaron y a aquellas nuevas audiencias que se est\u00e1n generando\u201d.<\/p>\n\n\n\n<figure class=\"wp-block-image size-large\"><img loading=\"lazy\" width=\"1024\" height=\"554\" src=\"http:\/\/revistacampus.uandes.cl\/2020\/wp-content\/uploads\/2020\/09\/absolutvision--1024x554.jpg\" alt=\"\" class=\"wp-image-3776\" srcset=\"https:\/\/revistacampus.uandes.cl\/2020\/wp-content\/uploads\/2020\/09\/absolutvision--1024x554.jpg 1024w, https:\/\/revistacampus.uandes.cl\/2020\/wp-content\/uploads\/2020\/09\/absolutvision--300x162.jpg 300w, https:\/\/revistacampus.uandes.cl\/2020\/wp-content\/uploads\/2020\/09\/absolutvision--768x416.jpg 768w, https:\/\/revistacampus.uandes.cl\/2020\/wp-content\/uploads\/2020\/09\/absolutvision--1536x832.jpg 1536w, https:\/\/revistacampus.uandes.cl\/2020\/wp-content\/uploads\/2020\/09\/absolutvision--480x260.jpg 480w, https:\/\/revistacampus.uandes.cl\/2020\/wp-content\/uploads\/2020\/09\/absolutvision-.jpg 2000w\" sizes=\"(max-width: 1024px) 100vw, 1024px\" \/><\/figure>\n","protected":false},"excerpt":{"rendered":"<p>Si en algo influyen las crisis es en la demanda por informaci\u00f3n. Por ello, la Facultad de Comunicaci\u00f3n realiz\u00f3 un estudio para conocer c\u00f3mo son las personas que buscan informaci\u00f3n, d\u00f3nde lo hacen y en qui\u00e9n conf\u00edan.<\/p>\n","protected":false},"author":2,"featured_media":3775,"comment_status":"open","ping_status":"open","sticky":false,"template":"","format":"standard","meta":[],"categories":[42],"tags":[],"_links":{"self":[{"href":"https:\/\/revistacampus.uandes.cl\/2020\/wp-json\/wp\/v2\/posts\/3774"}],"collection":[{"href":"https:\/\/revistacampus.uandes.cl\/2020\/wp-json\/wp\/v2\/posts"}],"about":[{"href":"https:\/\/revistacampus.uandes.cl\/2020\/wp-json\/wp\/v2\/types\/post"}],"author":[{"embeddable":true,"href":"https:\/\/revistacampus.uandes.cl\/2020\/wp-json\/wp\/v2\/users\/2"}],"replies":[{"embeddable":true,"href":"https:\/\/revistacampus.uandes.cl\/2020\/wp-json\/wp\/v2\/comments?post=3774"}],"version-history":[{"count":8,"href":"https:\/\/revistacampus.uandes.cl\/2020\/wp-json\/wp\/v2\/posts\/3774\/revisions"}],"predecessor-version":[{"id":4591,"href":"https:\/\/revistacampus.uandes.cl\/2020\/wp-json\/wp\/v2\/posts\/3774\/revisions\/4591"}],"wp:featuredmedia":[{"embeddable":true,"href":"https:\/\/revistacampus.uandes.cl\/2020\/wp-json\/wp\/v2\/media\/3775"}],"wp:attachment":[{"href":"https:\/\/revistacampus.uandes.cl\/2020\/wp-json\/wp\/v2\/media?parent=3774"}],"wp:term":[{"taxonomy":"category","embeddable":true,"href":"https:\/\/revistacampus.uandes.cl\/2020\/wp-json\/wp\/v2\/categories?post=3774"},{"taxonomy":"post_tag","embeddable":true,"href":"https:\/\/revistacampus.uandes.cl\/2020\/wp-json\/wp\/v2\/tags?post=3774"}],"curies":[{"name":"wp","href":"https:\/\/api.w.org\/{rel}","templated":true}]}}