{"id":3760,"date":"2020-09-01T16:56:08","date_gmt":"2020-09-01T20:56:08","guid":{"rendered":"http:\/\/revistacampus.uandes.cl\/2020\/?p=3760"},"modified":"2020-09-07T16:19:28","modified_gmt":"2020-09-07T19:19:28","slug":"alumnique-van-por-mas","status":"publish","type":"post","link":"https:\/\/revistacampus.uandes.cl\/2020\/alumnique-van-por-mas\/","title":{"rendered":"Alumni<br><span class=\"subtitulo\">que van por m\u00e1s<\/span>"},"content":{"rendered":"\n<p><em><strong>Su aporte a la educaci\u00f3n, a la sustentabilidad y a la responsabilidad social destacan a estos alumniUANDES, quienes dan cuenta de la formaci\u00f3n integral recibida durante sus a\u00f1os de estudio.<\/strong><\/em><\/p>\n\n\n\n<div class=\"wp-block-image\"><figure class=\"aligncenter size-large is-resized\"><img loading=\"lazy\" src=\"http:\/\/revistacampus.uandes.cl\/2020\/wp-content\/uploads\/2020\/09\/Crist\u00f3bal-Benavides-y-Margarita-1024x745.jpg\" alt=\"\" class=\"wp-image-3761\" width=\"512\" height=\"373\" srcset=\"https:\/\/revistacampus.uandes.cl\/2020\/wp-content\/uploads\/2020\/09\/Crist\u00f3bal-Benavides-y-Margarita-1024x745.jpg 1024w, https:\/\/revistacampus.uandes.cl\/2020\/wp-content\/uploads\/2020\/09\/Crist\u00f3bal-Benavides-y-Margarita-300x218.jpg 300w, https:\/\/revistacampus.uandes.cl\/2020\/wp-content\/uploads\/2020\/09\/Crist\u00f3bal-Benavides-y-Margarita-768x559.jpg 768w, https:\/\/revistacampus.uandes.cl\/2020\/wp-content\/uploads\/2020\/09\/Crist\u00f3bal-Benavides-y-Margarita-1536x1117.jpg 1536w, https:\/\/revistacampus.uandes.cl\/2020\/wp-content\/uploads\/2020\/09\/Crist\u00f3bal-Benavides-y-Margarita-480x349.jpg 480w, https:\/\/revistacampus.uandes.cl\/2020\/wp-content\/uploads\/2020\/09\/Crist\u00f3bal-Benavides-y-Margarita.jpg 1811w\" sizes=\"(max-width: 512px) 100vw, 512px\" \/><\/figure><\/div>\n\n\n\n<p class=\"has-text-color\" style=\"color:#ed1d24\"><strong>MARGARITA M\u00d6NCKEBERG Y CRIST\u00d3BAL BENAVIDES<\/strong><\/p>\n\n\n\n<p><strong>Alumni en altos cargos de gobierno UANDES<\/strong><\/p>\n\n\n\n<ul><li><strong>PERIODISMO, 2002 <\/strong>y<strong> 2000<\/strong><\/li><\/ul>\n\n\n\n<p style=\"font-size:14px\">Entre los hitos del 30\u00b0 aniversario de la Universidad pasar\u00e1n a la historia estos egresados de la Escuela de Periodismo, hoy <a href=\"https:\/\/www.uandes.cl\/facultad\/facultad-de-comunicacion\/\" target=\"_blank\" rel=\"noreferrer noopener\">Facultad de Comunicaci\u00f3n<\/a>, por ser los primeros alumniUANDES en asumir como miembro de la <a href=\"https:\/\/www.uandes.cl\/la-uandes\/organizacion\/#autoridades\" target=\"_blank\" rel=\"noreferrer noopener\">Junta Directiva<\/a> y como decano.<\/p>\n\n\n\n<p style=\"font-size:14px\">\u201cMe sent\u00ed profundamente sorprendida, feliz y agradecida. Es una importante se\u00f1al de crecimiento de la Universidad que <strong>un alumni ocupe un lugar en la Junta Directiva<\/strong>\u201d, destaca Margarita, quien se integr\u00f3 al primer \u00f3rgano de gobierno universitario, adem\u00e1s de ser estudiante del <a href=\"https:\/\/postgradosuandes.cl\/filtro?programa=doctorados&amp;s=\" target=\"_blank\" rel=\"noreferrer noopener\">Doctorado en Comunicaci\u00f3n UANDES<\/a> y ejercer como docente en su <em>alma mater<\/em>.<\/p>\n\n\n\n<p style=\"font-size:14px\">\u201cEs algo que me hace sentir muy bien y ojal\u00e1 yo sea el primero de muchos, porque el sello de los alumni es muy caracter\u00edstico, es algo muy propio, y <strong>poder devolver toda esa ense\u00f1anza integral que recibimos dirigiendo las facultades en que nos formamos es un lindo desaf\u00edo<\/strong>\u201d, asegura Crist\u00f3bal Benavides, doctor en Comunicaci\u00f3n P\u00fablica por la Universidad de Navarra, Espa\u00f1a, quien <a href=\"https:\/\/www.uandes.cl\/noticias\/cristobal-benavides-es-nombrado-decano-de-la-facultad-de-comunicacion\/\" target=\"_blank\" rel=\"noreferrer noopener\">asumi\u00f3 como decano de la Facultad de Comunicaci\u00f3n<\/a>.<\/p>\n\n\n\n<div class=\"wp-block-columns\">\n<div class=\"wp-block-column\">\n<figure class=\"wp-block-image size-large\"><img loading=\"lazy\" width=\"673\" height=\"1024\" src=\"http:\/\/revistacampus.uandes.cl\/2020\/wp-content\/uploads\/2020\/09\/Virginia-de-la-Lastra-673x1024.jpg\" alt=\"\" class=\"wp-image-3762\" srcset=\"https:\/\/revistacampus.uandes.cl\/2020\/wp-content\/uploads\/2020\/09\/Virginia-de-la-Lastra-673x1024.jpg 673w, https:\/\/revistacampus.uandes.cl\/2020\/wp-content\/uploads\/2020\/09\/Virginia-de-la-Lastra-197x300.jpg 197w, https:\/\/revistacampus.uandes.cl\/2020\/wp-content\/uploads\/2020\/09\/Virginia-de-la-Lastra-768x1169.jpg 768w, https:\/\/revistacampus.uandes.cl\/2020\/wp-content\/uploads\/2020\/09\/Virginia-de-la-Lastra-480x731.jpg 480w, https:\/\/revistacampus.uandes.cl\/2020\/wp-content\/uploads\/2020\/09\/Virginia-de-la-Lastra.jpg 865w\" sizes=\"(max-width: 673px) 100vw, 673px\" \/><\/figure>\n\n\n\n<p class=\"has-text-color\" style=\"color:#ed1d24\"><strong>VIRGINIA DE LA LASTRA<\/strong><\/p>\n\n\n\n<p><strong>Ilustradora m\u00e9dica y m\u00e1ster en apolog\u00e9tica<\/strong><\/p>\n\n\n\n<ul><li><strong>MEDICINA, 2005<\/strong><\/li><\/ul>\n\n\n\n<p style=\"font-size:14px\">Para realizar clases a sus alumnos de Medicina UANDES, Virginia combina <strong>dos de sus grandes aprendizajes, la ilustraci\u00f3n m\u00e9dica y un <em>M\u00e1ster of Arts<\/em> en Apolog\u00e9tica<\/strong>, realizado en Houston. \u201cSiento admiraci\u00f3n por G.K. Chesterton. Hay gente que pelea con espadas, flechas, catapultas, pero \u00e9l pelea con una pluma. Lo aplicaba en mis clases de Medicina y daba resultados\u201d, explica la <a rel=\"noreferrer noopener\" href=\"https:\/\/www.uandes.cl\/noticias\/dra-virginia-de-la-lastra-med-99-a-traves-del-estudio-de-los-pequenos-seres-vivos-uno-se-da-cuenta-de-que-el-mundo-es-enorme\/\" target=\"_blank\">especialista en Microbiolog\u00eda<\/a> sobre sus estudios orientados a la argumentaci\u00f3n. \u201cSi alguna vez digo algo sabio, no es m\u00edo, es de \u00e9l\u201d, agrega sobre el autor que tambi\u00e9n la llev\u00f3 hacia el mundo del arte.<\/p>\n\n\n\n<p style=\"font-size:14px\">\u201cPart\u00ed como ilustradora m\u00e9dica porque hice una efusiva queja sobre la fealdad de las tapas de los libros de <em>Ortodoxia<\/em> en la conferencia de Chesterton en 2015. Encontraba que eran tristes y poco atractivas. Unos amigos me pidieron que les hiciera un <em>sketch<\/em> de mi idea de car\u00e1tula, les gust\u00f3 y me pidieron publicarla. Cuando volv\u00ed a Houston, mi tutora del programa, Dr. Holly Ordway, me dijo que ten\u00eda talento para el dibujo. As\u00ed fue como a mis 35 a\u00f1os comenc\u00e9 a dibujar\u201d, comenta.<\/p>\n<\/div>\n\n\n\n<div class=\"wp-block-column\">\n<figure class=\"wp-block-image size-large\"><img loading=\"lazy\" width=\"673\" height=\"1024\" src=\"http:\/\/revistacampus.uandes.cl\/2020\/wp-content\/uploads\/2020\/09\/Guillermo-Atizt\u00eda-673x1024.jpg\" alt=\"\" class=\"wp-image-3763\" srcset=\"https:\/\/revistacampus.uandes.cl\/2020\/wp-content\/uploads\/2020\/09\/Guillermo-Atizt\u00eda-673x1024.jpg 673w, https:\/\/revistacampus.uandes.cl\/2020\/wp-content\/uploads\/2020\/09\/Guillermo-Atizt\u00eda-197x300.jpg 197w, https:\/\/revistacampus.uandes.cl\/2020\/wp-content\/uploads\/2020\/09\/Guillermo-Atizt\u00eda-768x1169.jpg 768w, https:\/\/revistacampus.uandes.cl\/2020\/wp-content\/uploads\/2020\/09\/Guillermo-Atizt\u00eda-480x731.jpg 480w, https:\/\/revistacampus.uandes.cl\/2020\/wp-content\/uploads\/2020\/09\/Guillermo-Atizt\u00eda.jpg 865w\" sizes=\"(max-width: 673px) 100vw, 673px\" \/><\/figure>\n\n\n\n<p class=\"has-text-color\" style=\"color:#ed1d24\"><strong>GUILLERMO ARIZT\u00cdA<\/strong><\/p>\n\n\n\n<p><strong>Coordinador de la donaci\u00f3n de ventiladores mec\u00e1nicos de la CChC<\/strong><\/p>\n\n\n\n<ul><li><strong>INGENIER\u00cdA COMERCIAL, 2008<\/strong><\/li><\/ul>\n\n\n\n<p style=\"font-size:14px\">\u201cDos semanas fue el tiempo en que se llev\u00f3 a cabo una <strong>negociaci\u00f3n confidencial con proveedores chinos, gestionando el almacenaje en la embajada de Chile y luego el traslado de los respiradores mec\u00e1nicos<\/strong>. Llegaron en el momento preciso para enfrentar la pandemia\u201d, relata quien <a rel=\"noreferrer noopener\" href=\"https:\/\/alumni.uandes.cl\/noticias\/alumniuandes-que-gestiona-la-donacion-de-500-ventiladores-mecanicos-de-la-cpc-estan-llegando-en-el-momento-preciso-para-ayudar-a-enfrentar-la-pandemia\/195\" target=\"_blank\">lidera el equipo de la C\u00e1mara Chilena de la Construcci\u00f3n<\/a>, encargado de comprar y trasladar a Chile los 500 respiradores comprometidos por la C\u00e1mara Chilena de la Construcci\u00f3n para el sistema de salud nacional.<\/p>\n\n\n\n<p style=\"font-size:14px\">\u201cEl avi\u00f3n presidencial de la FACH realiz\u00f3 un viaje de ida y vuelta en 76 horas, con un personal de 20 funcionarios, que luego debieron realizar cuarentena preventiva\u201d, recuerda sobre la entrega de las primeras 117 unidades en mayo, cuando el alza en el n\u00famero de contagiados por Covid-19 comenzaba a encender las alarmas y en medio de la guerra en que se hab\u00eda convertido la compra de respiradores a nivel global.<\/p>\n<\/div>\n<\/div>\n\n\n\n<div class=\"wp-block-columns\">\n<div class=\"wp-block-column\">\n<figure class=\"wp-block-image size-large\"><img loading=\"lazy\" width=\"673\" height=\"1024\" src=\"http:\/\/revistacampus.uandes.cl\/2020\/wp-content\/uploads\/2020\/09\/Paula-Espejo-673x1024.jpg\" alt=\"\" class=\"wp-image-3766\" srcset=\"https:\/\/revistacampus.uandes.cl\/2020\/wp-content\/uploads\/2020\/09\/Paula-Espejo-673x1024.jpg 673w, https:\/\/revistacampus.uandes.cl\/2020\/wp-content\/uploads\/2020\/09\/Paula-Espejo-197x300.jpg 197w, https:\/\/revistacampus.uandes.cl\/2020\/wp-content\/uploads\/2020\/09\/Paula-Espejo-768x1169.jpg 768w, https:\/\/revistacampus.uandes.cl\/2020\/wp-content\/uploads\/2020\/09\/Paula-Espejo-480x731.jpg 480w, https:\/\/revistacampus.uandes.cl\/2020\/wp-content\/uploads\/2020\/09\/Paula-Espejo.jpg 865w\" sizes=\"(max-width: 673px) 100vw, 673px\" \/><\/figure>\n\n\n\n<p class=\"has-text-color\" style=\"color:#ed1d24\"><strong>PAULA ESPEJO<\/strong><\/p>\n\n\n\n<p><strong>Al combate de micropl\u00e1sticos en los oc\u00e9anos<\/strong><\/p>\n\n\n\n<ul><li><strong>PSICOLOG\u00cdA, 2006<\/strong><\/li><\/ul>\n\n\n\n<p style=\"font-size:14px\">Gracias a su conciencia ambiental, Paula no lo pens\u00f3 dos veces y acept\u00f3 embarcarse en <a rel=\"noreferrer noopener\" href=\"https:\/\/exxpedition.com\/expedition\/round-the-world\/\" target=\"_blank\"><em>eXXpedition Round The World<\/em> 2019-2022<\/a>, un <strong>viaje por los oc\u00e9anos, solo con mujeres, en busca de mejorar el entendimiento cient\u00edfico de la contaminaci\u00f3n con micropl\u00e1sticos<\/strong>. <a rel=\"noreferrer noopener\" href=\"https:\/\/www.latercera.com\/que-pasa\/noticia\/la-chilena-elegida-entre-3-000-mujeres-para-estudiar\/842762\/\" target=\"_blank\">Fue seleccionada entre m\u00e1s de 3.000 mujeres y es la \u00fanica chilena en la Ruta Giro Pac\u00edfico Sur<\/a>.<\/p>\n\n\n\n<p style=\"font-size:14px\">\u201cCreo que fui elegida para este proyecto tanto por mi experiencia en el mar, como por mi trayectoria como psic\u00f3loga. Siempre he sido una persona aventurera y amante de la naturaleza. Mi prioridad fue postular a esta ruta, ya que estaba vinculada con nuestro territorio\u201d, se\u00f1ala la psic\u00f3loga y <em>coach<\/em> de liderazgo, quien debi\u00f3 instruirse con la Armada de Chile.<\/p>\n\n\n\n<p style=\"font-size:14px\">La <a href=\"https:\/\/exxpedition.com\/about\/about-us\/\" target=\"_blank\" rel=\"noreferrer noopener\">iniciativa re\u00fane a mujeres con vocaci\u00f3n medioambiental y expertas en diferentes rubros<\/a>, como ciencias, artes, ingenier\u00eda o periodismo, con el fin de trazar el pl\u00e1stico, c\u00f3mo las corrientes oce\u00e1nicas lo desplazan y comprender su efecto en la flora y fauna marina.<\/p>\n<\/div>\n\n\n\n<div class=\"wp-block-column\">\n<figure class=\"wp-block-image size-large\"><img loading=\"lazy\" width=\"673\" height=\"1024\" src=\"http:\/\/revistacampus.uandes.cl\/2020\/wp-content\/uploads\/2020\/09\/Luis-Enberg-M\u00e9dico-673x1024.jpg\" alt=\"\" class=\"wp-image-3767\" srcset=\"https:\/\/revistacampus.uandes.cl\/2020\/wp-content\/uploads\/2020\/09\/Luis-Enberg-M\u00e9dico-673x1024.jpg 673w, https:\/\/revistacampus.uandes.cl\/2020\/wp-content\/uploads\/2020\/09\/Luis-Enberg-M\u00e9dico-197x300.jpg 197w, https:\/\/revistacampus.uandes.cl\/2020\/wp-content\/uploads\/2020\/09\/Luis-Enberg-M\u00e9dico-768x1169.jpg 768w, https:\/\/revistacampus.uandes.cl\/2020\/wp-content\/uploads\/2020\/09\/Luis-Enberg-M\u00e9dico-480x731.jpg 480w, https:\/\/revistacampus.uandes.cl\/2020\/wp-content\/uploads\/2020\/09\/Luis-Enberg-M\u00e9dico.jpg 865w\" sizes=\"(max-width: 673px) 100vw, 673px\" \/><\/figure>\n\n\n\n<p class=\"has-text-color\" style=\"color:#ed1d24\"><strong>LUIS ENBERG<\/strong><\/p>\n\n\n\n<p><strong>Presidente de la Sociedad Chilena de Medicina de Urgencia<\/strong><\/p>\n\n\n\n<ul><li><strong>MEDICINA, 2001<\/strong><\/li><\/ul>\n\n\n\n<p style=\"font-size:14px\">Adem\u00e1s de ser miembro del <em>staff<\/em> de urgencia en el hospital de la Universidad Cat\u00f3lica y subdirector de la Cl\u00ednica MEDS, <strong>Luis preside hoy la <a rel=\"noreferrer noopener\" href=\"https:\/\/www.sochimu.cl\/\" target=\"_blank\">Sociedad Chilena de Medicina de Urgencia<\/a>, sociedad cient\u00edfica que promueve, uniforma y congrega el desarrollo acad\u00e9mico de la Medicina de Urgencia en Chile.<\/strong> <a href=\"https:\/\/www.uandes.cl\/noticias\/dr-luis-enberg-med-01-la-unica-forma-de-que-la-pandemia-pare-es-que-se-cuiden-y-cuiden-a-su-gente\/\">Su momento de liderarla le correspondi\u00f3 durante la mayor pandemia de los \u00faltimos 100 a\u00f1os<\/a>.<\/p>\n\n\n\n<p style=\"font-size:14px\">\u201cLo que nosotros buscamos es entregar directrices basadas en la evidencia de la medicina de urgencia. Hasta ahora, por ejemplo, hemos entregado una propuesta al <a rel=\"noreferrer noopener\" href=\"https:\/\/www.minsal.cl\/\" target=\"_blank\">Ministerio de Salud<\/a> sobre c\u00f3mo manejar a los pacientes en la urgencia y elaboramos protocolos en conjunto con la <a href=\"https:\/\/www.socgeriatria.cl\/site\/\" target=\"_blank\" rel=\"noreferrer noopener\">Sociedad de Geriatr\u00eda y Gerontolog\u00eda<\/a>. Tambi\u00e9n hemos hecho colchones de prono para facilitar a la gente estar boca abajo, que se ha visto funciona en esta enfermedad\u201d, expres\u00f3 el urgenci\u00f3logo sobre sus aportes a la crisis sanitaria por Covid-19.<\/p>\n<\/div>\n<\/div>\n\n\n\n<div class=\"wp-block-columns\">\n<div class=\"wp-block-column\">\n<figure class=\"wp-block-image size-large\"><img loading=\"lazy\" width=\"673\" height=\"1024\" src=\"http:\/\/revistacampus.uandes.cl\/2020\/wp-content\/uploads\/2020\/09\/Agust\u00edn-C\u00e1diz-673x1024.jpg\" alt=\"\" class=\"wp-image-3770\" srcset=\"https:\/\/revistacampus.uandes.cl\/2020\/wp-content\/uploads\/2020\/09\/Agust\u00edn-C\u00e1diz-673x1024.jpg 673w, https:\/\/revistacampus.uandes.cl\/2020\/wp-content\/uploads\/2020\/09\/Agust\u00edn-C\u00e1diz-197x300.jpg 197w, https:\/\/revistacampus.uandes.cl\/2020\/wp-content\/uploads\/2020\/09\/Agust\u00edn-C\u00e1diz-768x1169.jpg 768w, https:\/\/revistacampus.uandes.cl\/2020\/wp-content\/uploads\/2020\/09\/Agust\u00edn-C\u00e1diz-480x731.jpg 480w, https:\/\/revistacampus.uandes.cl\/2020\/wp-content\/uploads\/2020\/09\/Agust\u00edn-C\u00e1diz.jpg 865w\" sizes=\"(max-width: 673px) 100vw, 673px\" \/><\/figure>\n\n\n\n<p class=\"has-text-color\" style=\"color:#ed1d24\"><strong>AGUST\u00cdN C\u00c1DIZ<\/strong><\/p>\n\n\n\n<p><strong>Socio fundador de Rentivo, ganador de un fondo Start-Up Chile<\/strong><\/p>\n\n\n\n<ul><li><strong>INGENIER\u00cdA COMERCIAL, 2007<\/strong><\/li><\/ul>\n\n\n\n<p style=\"font-size:14px\">Basado en el concepto de econom\u00eda circular, el emprendimiento de Agust\u00edn persigue la <strong>reutilizaci\u00f3n de equipamiento y juguetes infantiles<\/strong>, de manera de abaratar costos a los padres, extender la vida \u00fatil de los bienes y contribuir a la sustentabilidad. El proyecto le vali\u00f3 el <a rel=\"noreferrer noopener\" href=\"https:\/\/www.uandes.cl\/noticias\/rentivo-emprendimiento-de-agustin-cadiz-icom-07-que-gano-fondo-start-up-chile\/\" target=\"_blank\">primer lugar de <em>S Factory<\/em> de Start-Up Chile<\/a> a <a href=\"https:\/\/www.rentivo.cl\/\" target=\"_blank\" rel=\"noreferrer noopener\">www.rentivo.cl<\/a>, desarrollado junto a cuatro socios extranjeros y cuyo nombre proviene de las palabras \u201crenta\u201d y \u201ccreativo\u201d.<\/p>\n\n\n\n<p style=\"font-size:14px\">\u201cSiempre he tenido impulso emprendedor, aunque no es f\u00e1cil decidir qu\u00e9 hacer ni cu\u00e1ndo\u201d, explica. \u201cValoro tambi\u00e9n los fracasos como las mayores oportunidades de aprendizaje. Me han ense\u00f1ado la importancia de un buen equipo, de desarrollar negocios con escala mundial, de entender qui\u00e9n es tu usuario, de no crear una soluci\u00f3n encerrado entre cuatro paredes y de salir al mercado lo m\u00e1s r\u00e1pido posible, para asegurarse de no estar generando algo que nadie quiere\u201d, explica quien hoy est\u00e1 100% dedicado a esta soluci\u00f3n para las familias.<\/p>\n<\/div>\n\n\n\n<div class=\"wp-block-column\">\n<figure class=\"wp-block-image size-large\"><img loading=\"lazy\" width=\"673\" height=\"1024\" src=\"http:\/\/revistacampus.uandes.cl\/2020\/wp-content\/uploads\/2020\/09\/Carol-Neumann-673x1024.jpg\" alt=\"\" class=\"wp-image-3771\" srcset=\"https:\/\/revistacampus.uandes.cl\/2020\/wp-content\/uploads\/2020\/09\/Carol-Neumann-673x1024.jpg 673w, https:\/\/revistacampus.uandes.cl\/2020\/wp-content\/uploads\/2020\/09\/Carol-Neumann-197x300.jpg 197w, https:\/\/revistacampus.uandes.cl\/2020\/wp-content\/uploads\/2020\/09\/Carol-Neumann-768x1169.jpg 768w, https:\/\/revistacampus.uandes.cl\/2020\/wp-content\/uploads\/2020\/09\/Carol-Neumann-480x731.jpg 480w, https:\/\/revistacampus.uandes.cl\/2020\/wp-content\/uploads\/2020\/09\/Carol-Neumann.jpg 865w\" sizes=\"(max-width: 673px) 100vw, 673px\" \/><\/figure>\n\n\n\n<p class=\"has-text-color\" style=\"color:#ed1d24\"><strong>CAROL NEUMANN<\/strong><\/p>\n\n\n\n<p><strong>Cofundadora de MentorPro, herramienta educativa premiada en China<\/strong><\/p>\n\n\n\n<ul><li><strong>PEDAGOG\u00cdA, 2014<\/strong><\/li><\/ul>\n\n\n\n<p style=\"font-size:14px\">\u201cMe encanta compatibilizar el mundo de la academia y la docencia universitaria con este emprendimiento, ya que ambos apuntan a <strong>formar profesores de calidad<\/strong>\u201d, asegura Carol (al centro en la imagen), quien junto a sus socias Cecilia Hevia y Magdalena Izquierdo <a href=\"https:\/\/www.uandes.cl\/noticias\/emprendimiento-co-fundado-por-academica-uandes-gano-el-acrobator-growth-award-en-encuentro-unleash-en-shenzhen-china\/\" target=\"_blank\" rel=\"noreferrer noopener\">gan\u00f3 el <em>Acrobator<\/em> <em>Growth Award<\/em> en el encuentro Unleash+, en Shenzhen, China<\/a>, por ser el equipo que demostr\u00f3 m\u00e1s potencial y mayor crecimiento durante el programa, entre m\u00e1s de 150 pa\u00edses participantes.<\/p>\n\n\n\n<p style=\"font-size:14px\"><a rel=\"noreferrer noopener\" href=\"https:\/\/www.mentorpro.cl\/\" target=\"_blank\">MentorPro<\/a> es una plataforma que analiza videos para potenciar el desarrollo profesional docente a trav\u00e9s de la retroalimentaci\u00f3n frecuente. Surgi\u00f3 de la tesis de su M\u00e1ster en Educaci\u00f3n y Comunicaci\u00f3n en<em> Teachers College<\/em>, de <a rel=\"noreferrer noopener\" href=\"https:\/\/www.columbia.edu\/\" target=\"_blank\">Columbia University<\/a>. MentorPro tambi\u00e9n se adjudic\u00f3 la <a rel=\"noreferrer noopener\" href=\"https:\/\/www.educationcompetition.org\/\" target=\"_blank\">Milken-Penn Competition<\/a>, de la Facultad de Educaci\u00f3n de la <a rel=\"noreferrer noopener\" href=\"https:\/\/www.upenn.edu\/\" target=\"_blank\">Universidad de Pensilvania<\/a>, Estados Unidos, y un <a rel=\"noreferrer noopener\" href=\"https:\/\/www.corfo.cl\/sites\/cpp\/semilla\" target=\"_blank\">capital semilla Corfo<\/a>. Actualmente, Carol es profesora de la <a href=\"https:\/\/www.uandes.cl\/facultad\/facultad-de-educacion\/\" target=\"_blank\" rel=\"noreferrer noopener\">Facultad de Educaci\u00f3n UANDES<\/a>, donde trabaja en la l\u00ednea pr\u00e1ctica de los cursos de Docencia Aplicada, entre otros.<\/p>\n<\/div>\n<\/div>\n","protected":false},"excerpt":{"rendered":"<p>Su aporte a la educaci\u00f3n, a la sustentabilidad y a la responsabilidad social destacan a estos alumniUANDES, quienes dan cuenta de la formaci\u00f3n integral recibida durante sus a\u00f1os de estudio.<\/p>\n","protected":false},"author":2,"featured_media":3972,"comment_status":"open","ping_status":"open","sticky":false,"template":"","format":"standard","meta":[],"categories":[38],"tags":[],"_links":{"self":[{"href":"https:\/\/revistacampus.uandes.cl\/2020\/wp-json\/wp\/v2\/posts\/3760"}],"collection":[{"href":"https:\/\/revistacampus.uandes.cl\/2020\/wp-json\/wp\/v2\/posts"}],"about":[{"href":"https:\/\/revistacampus.uandes.cl\/2020\/wp-json\/wp\/v2\/types\/post"}],"author":[{"embeddable":true,"href":"https:\/\/revistacampus.uandes.cl\/2020\/wp-json\/wp\/v2\/users\/2"}],"replies":[{"embeddable":true,"href":"https:\/\/revistacampus.uandes.cl\/2020\/wp-json\/wp\/v2\/comments?post=3760"}],"version-history":[{"count":10,"href":"https:\/\/revistacampus.uandes.cl\/2020\/wp-json\/wp\/v2\/posts\/3760\/revisions"}],"predecessor-version":[{"id":4411,"href":"https:\/\/revistacampus.uandes.cl\/2020\/wp-json\/wp\/v2\/posts\/3760\/revisions\/4411"}],"wp:featuredmedia":[{"embeddable":true,"href":"https:\/\/revistacampus.uandes.cl\/2020\/wp-json\/wp\/v2\/media\/3972"}],"wp:attachment":[{"href":"https:\/\/revistacampus.uandes.cl\/2020\/wp-json\/wp\/v2\/media?parent=3760"}],"wp:term":[{"taxonomy":"category","embeddable":true,"href":"https:\/\/revistacampus.uandes.cl\/2020\/wp-json\/wp\/v2\/categories?post=3760"},{"taxonomy":"post_tag","embeddable":true,"href":"https:\/\/revistacampus.uandes.cl\/2020\/wp-json\/wp\/v2\/tags?post=3760"}],"curies":[{"name":"wp","href":"https:\/\/api.w.org\/{rel}","templated":true}]}}