{"id":3742,"date":"2020-07-02T15:02:31","date_gmt":"2020-07-02T19:02:31","guid":{"rendered":"http:\/\/revistacampus.uandes.cl\/2020\/?p=3742"},"modified":"2020-09-07T13:10:44","modified_gmt":"2020-09-07T16:10:44","slug":"destacados-ese","status":"publish","type":"post","link":"https:\/\/revistacampus.uandes.cl\/2020\/destacados-ese\/","title":{"rendered":"Destacados ESE"},"content":{"rendered":"\n<h4 class=\"has-text-color\" style=\"color:#006cb7\">DESARROLLO INMOBILIARIO<\/h4>\n\n\n\n<p style=\"font-size:15px\">El <a href=\"https:\/\/www.ese.cl\/ese\/noticias\/centros-estudios-inmobiliarios\/centro-estudios-inmobiliarios-lanzo-el-real-estate-modeling-lab\/2019-12-20\/145913.html\" target=\"_blank\" rel=\"noreferrer noopener\"><em>Real Estate Modeling Lab &#8211;<\/em>RemLab-<\/a>, formado al alero del <a href=\"https:\/\/www.ese.cl\/ese\/site\/edic\/base\/port\/centro_estudios_inmobiliarios.html\" target=\"_blank\" rel=\"noreferrer noopener\">Centro de Estudios Inmobiliarios<\/a> del ESE Business School, tiene como fin <strong>generar estudios e indicadores para una mejor comprensi\u00f3n del mercado de activos inmobiliarios e informar adecuadamente a los actores de la industria<\/strong>, para que tomen decisiones que beneficien a sus clientes. Dirigido por <a href=\"https:\/\/www.ese.cl\/ese\/academico\/full-time\/santiago-truffa\/2019-03-07\/163725.html\" target=\"_blank\" rel=\"noreferrer noopener\">Santiago Truffa<\/a>, ofrece un cruce de informaci\u00f3n \u00fanico en Chile gracias al convenio de colaboraci\u00f3n firmado con TOC TOC, plata-forma <em>online<\/em> que entrega una serie de datos respecto de la compra, venta y arriendo de propiedades en el pa\u00eds.<\/p>\n\n\n\n<figure class=\"wp-block-image size-large\"><img loading=\"lazy\" width=\"1024\" height=\"779\" src=\"http:\/\/revistacampus.uandes.cl\/2020\/wp-content\/uploads\/2020\/09\/42-Destacados-ESE-Centro-de-Estudios-Inmobiliarios-Remlab-2-1024x779.png\" alt=\"\" class=\"wp-image-3562\" srcset=\"https:\/\/revistacampus.uandes.cl\/2020\/wp-content\/uploads\/2020\/09\/42-Destacados-ESE-Centro-de-Estudios-Inmobiliarios-Remlab-2-1024x779.png 1024w, https:\/\/revistacampus.uandes.cl\/2020\/wp-content\/uploads\/2020\/09\/42-Destacados-ESE-Centro-de-Estudios-Inmobiliarios-Remlab-2-300x228.png 300w, https:\/\/revistacampus.uandes.cl\/2020\/wp-content\/uploads\/2020\/09\/42-Destacados-ESE-Centro-de-Estudios-Inmobiliarios-Remlab-2-768x584.png 768w, https:\/\/revistacampus.uandes.cl\/2020\/wp-content\/uploads\/2020\/09\/42-Destacados-ESE-Centro-de-Estudios-Inmobiliarios-Remlab-2-480x365.png 480w, https:\/\/revistacampus.uandes.cl\/2020\/wp-content\/uploads\/2020\/09\/42-Destacados-ESE-Centro-de-Estudios-Inmobiliarios-Remlab-2.png 1081w\" sizes=\"(max-width: 1024px) 100vw, 1024px\" \/><\/figure>\n\n\n\n<div class=\"wp-block-columns\">\n<div class=\"wp-block-column\"><\/div>\n\n\n\n<div class=\"wp-block-column\">\n<hr class=\"wp-block-separator has-text-color has-background has-vivid-cyan-blue-background-color has-vivid-cyan-blue-color is-style-wide\"\/>\n<\/div>\n\n\n\n<div class=\"wp-block-column\"><\/div>\n<\/div>\n\n\n\n<div class=\"wp-block-columns\">\n<div class=\"wp-block-column\">\n<figure class=\"wp-block-image size-large\"><img loading=\"lazy\" width=\"1024\" height=\"927\" src=\"http:\/\/revistacampus.uandes.cl\/2020\/wp-content\/uploads\/2020\/09\/42-Destacados-ESE-Cecilia-Cifuentes-1024x927.jpg\" alt=\"\" class=\"wp-image-3570\" srcset=\"https:\/\/revistacampus.uandes.cl\/2020\/wp-content\/uploads\/2020\/09\/42-Destacados-ESE-Cecilia-Cifuentes-1024x927.jpg 1024w, https:\/\/revistacampus.uandes.cl\/2020\/wp-content\/uploads\/2020\/09\/42-Destacados-ESE-Cecilia-Cifuentes-300x272.jpg 300w, https:\/\/revistacampus.uandes.cl\/2020\/wp-content\/uploads\/2020\/09\/42-Destacados-ESE-Cecilia-Cifuentes-768x695.jpg 768w, https:\/\/revistacampus.uandes.cl\/2020\/wp-content\/uploads\/2020\/09\/42-Destacados-ESE-Cecilia-Cifuentes-480x435.jpg 480w, https:\/\/revistacampus.uandes.cl\/2020\/wp-content\/uploads\/2020\/09\/42-Destacados-ESE-Cecilia-Cifuentes.jpg 1193w\" sizes=\"(max-width: 1024px) 100vw, 1024px\" \/><\/figure>\n\n\n\n<h4 class=\"has-text-color\" style=\"color:#006cb7\"><strong>CECILIA CIFUENTES<\/strong> EN EL CONSEJO CONSULTIVO PREVISIONAL<\/h4>\n\n\n\n<p style=\"font-size:15px\">Con el fin de asesorar a los ministros de Hacienda y del Trabajo y Previsi\u00f3n Social en materias relacionadas con el Sistema de Pensiones Solidarias, la economista <a href=\"https:\/\/www.ese.cl\/ese\/academico\/full-time\/maria-cecilia-cifuentes\/2018-04-04\/133938.html\" target=\"_blank\" rel=\"noreferrer noopener\">Mar\u00eda Cecilia Cifuentes<\/a> fue <a href=\"https:\/\/ese.cl\/ese\/noticias\/centro-estudios-financieros\/directora-del-centro-estudios-financieros-es-nombrada-integrante-del\/2019-01-22\/111841.html\" target=\"_blank\" rel=\"noreferrer noopener\">nombrada miembro del Consejo Consultivo Previsional<\/a>. Adem\u00e1s, en 2020, la <strong>directora ejecutiva del <a href=\"https:\/\/www.ese.cl\/ese\/academico\/full-time\/maria-cecilia-cifuentes\/2018-04-04\/133938.html\" target=\"_blank\" rel=\"noreferrer noopener\">Centro de Estudios Financieros<\/a> del ESE Business School, especialista en sistemas de pensiones, mercado laboral y teor\u00eda fiscal y monetaria<\/strong>, fue <a href=\"https:\/\/ese.cl\/ese\/noticias\/centro-estudios-financieros\/maria-cecilia-cifuentes-es-nombrada-miembro-suplente-de-la-comision\/2020-08-10\/111550.html\" target=\"_blank\" rel=\"noreferrer noopener\">nombrada miembro suplente de la Comisi\u00f3n Clasificadora de Riesgos<\/a>, entidad que apoya t\u00e9cnicamente a las Administradoras de Fondos de Pensiones (AFP) en temas de inversi\u00f3n.<\/p>\n<\/div>\n\n\n\n<div class=\"wp-block-column\">\n<figure class=\"wp-block-image size-large\"><img loading=\"lazy\" width=\"1024\" height=\"927\" src=\"http:\/\/revistacampus.uandes.cl\/2020\/wp-content\/uploads\/2020\/09\/ESE-100-10-2-1024x927.jpg\" alt=\"\" class=\"wp-image-3566\" srcset=\"https:\/\/revistacampus.uandes.cl\/2020\/wp-content\/uploads\/2020\/09\/ESE-100-10-2-1024x927.jpg 1024w, https:\/\/revistacampus.uandes.cl\/2020\/wp-content\/uploads\/2020\/09\/ESE-100-10-2-300x272.jpg 300w, https:\/\/revistacampus.uandes.cl\/2020\/wp-content\/uploads\/2020\/09\/ESE-100-10-2-768x695.jpg 768w, https:\/\/revistacampus.uandes.cl\/2020\/wp-content\/uploads\/2020\/09\/ESE-100-10-2-480x435.jpg 480w, https:\/\/revistacampus.uandes.cl\/2020\/wp-content\/uploads\/2020\/09\/ESE-100-10-2.jpg 1193w\" sizes=\"(max-width: 1024px) 100vw, 1024px\" \/><\/figure>\n\n\n\n<h4 class=\"has-text-color\" style=\"color:#006cb7\">NUEVO PROGRAMA <strong>ESE100<\/strong><\/h4>\n\n\n\n<p style=\"font-size:15px\">El 9 de abril, y con m\u00e1s de 100 participantes, se <a rel=\"noreferrer noopener\" href=\"https:\/\/www.ese.cl\/ese\/noticias\/ese-business-school-dio-inicio-al-programa-ese100-con-nueva-modalidad\/2020-04-06\/171100.html\" target=\"_blank\">dio inicio al Programa ESE100<\/a>, un programa exclusivo para nuestros alumni, creado con el compromiso de mantener a los egresados actualizados de por vida. En un ciclo anual, y junto a profesores de excelencia, los participantes exploran cada mes las tendencias emergentes, los nuevos conceptos, las \u00faltimas herramientas y sus desaf\u00edos como l\u00edderes en la empresa. Todav\u00eda hay cupos disponibles para quienes quieran integrarse al <a href=\"https:\/\/www.ese.cl\/alumni\/ese-100\/2019-10-16\/123104.html\" target=\"_blank\" rel=\"noreferrer noopener\"><strong>ESE100<\/strong><\/a>, que tambi\u00e9n ofrece acceso a becas. 100% aprendizaje, 100% actualizaci\u00f3n, 100% v\u00ednculos, 100% alumni, 100% ESE.<\/p>\n<\/div>\n<\/div>\n\n\n\n<p class=\"has-text-align-center\"><a rel=\"noreferrer noopener\" href=\"https:\/\/www.ese.cl\/ese\/site\/edic\/base\/port\/inicio.html\" target=\"_blank\"><strong><em>ESE Business School<\/em><\/strong><\/a><\/p>\n","protected":false},"excerpt":{"rendered":"<p>La conformaci\u00f3n del Real Estate Modeling Lab, el nuevo programa ESE100 y los nombramientos de Cecilia Cifuentes en temas previsionales destacan entre las actividades del ESE Business School en 2019.<\/p>\n","protected":false},"author":2,"featured_media":4006,"comment_status":"open","ping_status":"open","sticky":false,"template":"","format":"standard","meta":[],"categories":[42],"tags":[],"_links":{"self":[{"href":"https:\/\/revistacampus.uandes.cl\/2020\/wp-json\/wp\/v2\/posts\/3742"}],"collection":[{"href":"https:\/\/revistacampus.uandes.cl\/2020\/wp-json\/wp\/v2\/posts"}],"about":[{"href":"https:\/\/revistacampus.uandes.cl\/2020\/wp-json\/wp\/v2\/types\/post"}],"author":[{"embeddable":true,"href":"https:\/\/revistacampus.uandes.cl\/2020\/wp-json\/wp\/v2\/users\/2"}],"replies":[{"embeddable":true,"href":"https:\/\/revistacampus.uandes.cl\/2020\/wp-json\/wp\/v2\/comments?post=3742"}],"version-history":[{"count":7,"href":"https:\/\/revistacampus.uandes.cl\/2020\/wp-json\/wp\/v2\/posts\/3742\/revisions"}],"predecessor-version":[{"id":4445,"href":"https:\/\/revistacampus.uandes.cl\/2020\/wp-json\/wp\/v2\/posts\/3742\/revisions\/4445"}],"wp:featuredmedia":[{"embeddable":true,"href":"https:\/\/revistacampus.uandes.cl\/2020\/wp-json\/wp\/v2\/media\/4006"}],"wp:attachment":[{"href":"https:\/\/revistacampus.uandes.cl\/2020\/wp-json\/wp\/v2\/media?parent=3742"}],"wp:term":[{"taxonomy":"category","embeddable":true,"href":"https:\/\/revistacampus.uandes.cl\/2020\/wp-json\/wp\/v2\/categories?post=3742"},{"taxonomy":"post_tag","embeddable":true,"href":"https:\/\/revistacampus.uandes.cl\/2020\/wp-json\/wp\/v2\/tags?post=3742"}],"curies":[{"name":"wp","href":"https:\/\/api.w.org\/{rel}","templated":true}]}}