{"id":3714,"date":"2020-09-02T13:33:13","date_gmt":"2020-09-02T17:33:13","guid":{"rendered":"http:\/\/revistacampus.uandes.cl\/2020\/?p=3714"},"modified":"2020-09-07T13:44:23","modified_gmt":"2020-09-07T16:44:23","slug":"uandes-y-18-oun-espacio-de-reflexion","status":"publish","type":"post","link":"https:\/\/revistacampus.uandes.cl\/2020\/uandes-y-18-oun-espacio-de-reflexion\/","title":{"rendered":"<span class=\"subtitulo\">UANDES y 18-O<\/span><br>UN ESPACIO DE REFLEXI\u00d3N"},"content":{"rendered":"\n<p><em><strong>La crisis social activ\u00f3 a la comunidad universitaria en torno al di\u00e1logo y el encuentro, propios de su Ideario, inspiraci\u00f3n que dio pie a una serie de acciones internas y externas que se convirtieron en una valiosa oportunidad.<\/strong><\/em><\/p>\n\n\n\n<p style=\"font-size:15px\">Escuchar, acoger y acompa\u00f1ar a la comunidad y, al mismo tiempo, abrir un espacio de reflexi\u00f3n acad\u00e9mica para entender lo que ocurr\u00eda y orientar el debate. Esa fue la respuesta <a rel=\"noreferrer noopener\" href=\"https:\/\/www.uandes.cl\/\" target=\"_blank\">UANDES<\/a> al estallido social del 18 de octubre, fecha emblem\u00e1tica que abri\u00f3 una valiosa oportunidad de di\u00e1logo y encuentro.<\/p>\n\n\n\n<div class=\"wp-block-columns\">\n<div class=\"wp-block-column\">\n<figure class=\"wp-block-image size-large is-resized\"><img loading=\"lazy\" src=\"http:\/\/revistacampus.uandes.cl\/2020\/wp-content\/uploads\/2020\/08\/logo-citas.png\" alt=\"\" class=\"wp-image-3021\" width=\"87\" height=\"69\"\/><\/figure>\n<\/div>\n\n\n\n<div class=\"wp-block-column\"><\/div>\n\n\n\n<div class=\"wp-block-column\"><\/div>\n<\/div>\n\n\n\n<p class=\"has-text-color\" style=\"color:#f58220\"><strong><em>&#8220;AQU\u00cd HAY MUCHAS IDEAS QUE SE HAN PUESTO SOBRE LA MESA, POR LO TANTO, EL TRABAJO QUE VIENE POR DELANTE ES MUY INTENSO&#8221;.<\/em><\/strong><\/p>\n\n\n\n<p class=\"has-small-font-size\"><strong>Rector Jos\u00e9 Antonio Guzm\u00e1n<\/strong><\/p>\n\n\n\n<p style=\"font-size:15px\">\u201cEl primer foco de atenci\u00f3n fue conectar con nuestra gente, nuestros estudiantes, profesores, trabajadores y quienes est\u00e1n cerca de la Universidad. Pero tambi\u00e9n nos interesaba conectar con el problema que ocurr\u00eda en el pa\u00eds, esa gran incertidumbre social, esa serie de preguntas que se hab\u00edan planteado y que se deb\u00edan responder\u201d, comenta el <a rel=\"noreferrer noopener\" href=\"https:\/\/www.uandes.cl\/la-uandes\/el-rector\/\" target=\"_blank\">Rector Jos\u00e9 Antonio Guzm\u00e1n<\/a> al recordar aquellos convulsionados d\u00edas de octubre.<\/p>\n\n\n\n<div class=\"wp-block-columns\">\n<div class=\"wp-block-column\">\n<figure class=\"wp-block-image size-large\"><img loading=\"lazy\" width=\"1024\" height=\"682\" src=\"http:\/\/revistacampus.uandes.cl\/2020\/wp-content\/uploads\/2020\/09\/EA8A7173-1024x682.jpg\" alt=\"\" class=\"wp-image-3921\" srcset=\"https:\/\/revistacampus.uandes.cl\/2020\/wp-content\/uploads\/2020\/09\/EA8A7173-1024x682.jpg 1024w, https:\/\/revistacampus.uandes.cl\/2020\/wp-content\/uploads\/2020\/09\/EA8A7173-300x200.jpg 300w, https:\/\/revistacampus.uandes.cl\/2020\/wp-content\/uploads\/2020\/09\/EA8A7173-768x512.jpg 768w, https:\/\/revistacampus.uandes.cl\/2020\/wp-content\/uploads\/2020\/09\/EA8A7173-720x480.jpg 720w, https:\/\/revistacampus.uandes.cl\/2020\/wp-content\/uploads\/2020\/09\/EA8A7173-480x320.jpg 480w, https:\/\/revistacampus.uandes.cl\/2020\/wp-content\/uploads\/2020\/09\/EA8A7173.jpg 1300w\" sizes=\"(max-width: 1024px) 100vw, 1024px\" \/><figcaption>El primer coloquio reuni\u00f3 al director del Centro UANDES Signos, <strong>Daniel Mansuy<\/strong>; al acad\u00e9mico de Derecho de la Universidad de Chile <strong>Alfredo Jocelyn-Holt <\/strong>y al presidente de la Fundaci\u00f3n Nodo XXI, <strong>Carlos Ruiz<\/strong>, moderados por la periodista de El Mercurio <strong>Elena Irarr\u00e1zaval<\/strong>.<\/figcaption><\/figure>\n\n\n\n<p><em><a href=\"https:\/\/www.uandes.cl\/u-de-los-andes-y-la-crisis-social-en-chile\/\" target=\"_blank\" rel=\"noreferrer noopener\">Revise aqu\u00ed<\/a> todas las actividades realizadas desde este primer coloquio.<\/em><\/p>\n<\/div>\n\n\n\n<div class=\"wp-block-column\">\n<figure class=\"wp-block-image size-large\"><img loading=\"lazy\" width=\"1024\" height=\"682\" src=\"http:\/\/revistacampus.uandes.cl\/2020\/wp-content\/uploads\/2020\/09\/Segundo-Coloquio-1-1024x682.jpg\" alt=\"\" class=\"wp-image-3718\" srcset=\"https:\/\/revistacampus.uandes.cl\/2020\/wp-content\/uploads\/2020\/09\/Segundo-Coloquio-1-1024x682.jpg 1024w, https:\/\/revistacampus.uandes.cl\/2020\/wp-content\/uploads\/2020\/09\/Segundo-Coloquio-1-300x200.jpg 300w, https:\/\/revistacampus.uandes.cl\/2020\/wp-content\/uploads\/2020\/09\/Segundo-Coloquio-1-768x512.jpg 768w, https:\/\/revistacampus.uandes.cl\/2020\/wp-content\/uploads\/2020\/09\/Segundo-Coloquio-1-1536x1024.jpg 1536w, https:\/\/revistacampus.uandes.cl\/2020\/wp-content\/uploads\/2020\/09\/Segundo-Coloquio-1-720x480.jpg 720w, https:\/\/revistacampus.uandes.cl\/2020\/wp-content\/uploads\/2020\/09\/Segundo-Coloquio-1-480x320.jpg 480w, https:\/\/revistacampus.uandes.cl\/2020\/wp-content\/uploads\/2020\/09\/Segundo-Coloquio-1.jpg 2000w\" sizes=\"(max-width: 1024px) 100vw, 1024px\" \/><figcaption><em>El segundo coloquio convoc\u00f3 a la directora del Centro de Estudios Financieros del ESE Business School, <strong>Cecilia Cifuentes<\/strong>; el entonces decano de la Facultad de Comunicaci\u00f3n, <strong>Juan Ignacio Brito<\/strong>, y al abogado y profesor de la Universidad de Chile <strong>Roberto \u00c1vila<\/strong>, moderados por el acad\u00e9mico del Instituto de Filosof\u00eda <strong>Joaqu\u00edn Garc\u00eda-Huidobro<\/strong>.<\/em><\/figcaption><\/figure>\n\n\n\n<p class=\"has-small-font-size\"><\/p>\n<\/div>\n<\/div>\n\n\n\n<figure class=\"wp-block-embed-youtube wp-block-embed is-type-video is-provider-youtube wp-embed-aspect-16-9 wp-has-aspect-ratio\"><div class=\"wp-block-embed__wrapper\">\n<iframe title=\"UANDES y 18-O: Un espacio de reflexi\u00f3n\" width=\"1080\" height=\"608\" src=\"https:\/\/www.youtube.com\/embed\/IWJOWsUCsi4?feature=oembed\" frameborder=\"0\" allow=\"accelerometer; autoplay; encrypted-media; gyroscope; picture-in-picture\" allowfullscreen><\/iframe>\n<\/div><\/figure>\n\n\n\n<p style=\"font-size:15px\">\u201cSentimos que ten\u00edamos el deber de dar una respuesta, ser capaces de generar las ideas desde las cuales poder volver a encontrar la orientaci\u00f3n necesaria respecto de los acontecimientos que estaban pasando y que nos ten\u00edan tan sorprendidos\u201d, complementa <a rel=\"noreferrer noopener\" href=\"https:\/\/www.uandes.cl\/personas\/cristina-errazuriz-t\/\" target=\"_blank\">Cristina Err\u00e1zuriz<\/a>, vicerrectora de Comunicaciones.<\/p>\n\n\n\n<p style=\"font-size:15px\">Inspirados en estos principios, y movidos por el <a rel=\"noreferrer noopener\" href=\"https:\/\/www.uandes.cl\/wp-content\/uploads\/2019\/01\/IDEARIO-UANDES_ORIGINAL_.pdf\" target=\"_blank\">Ideario UANDES<\/a>, comenzaron a organizarse una serie de iniciativas. \u201cNos manejamos con mucha prudencia, pues como hab\u00eda tanta incertidumbre y tantos puntos de vista, la Universidad ten\u00eda que ser un espacio donde, de alguna forma, todos se sintieran acogidos. Ese ha sido el punto central de nuestro modo de enfrentar esta situaci\u00f3n tan dif\u00edcil\u201d, destaca el Rector.<\/p>\n\n\n\n<figure class=\"wp-block-image size-large\"><img loading=\"lazy\" width=\"1024\" height=\"339\" src=\"http:\/\/revistacampus.uandes.cl\/2020\/wp-content\/uploads\/2020\/09\/Javiera-Parada_Daniel-Mansuy_Claudio-Alvarado-2-1024x339.jpg\" alt=\"\" class=\"wp-image-4041\" srcset=\"https:\/\/revistacampus.uandes.cl\/2020\/wp-content\/uploads\/2020\/09\/Javiera-Parada_Daniel-Mansuy_Claudio-Alvarado-2-1024x339.jpg 1024w, https:\/\/revistacampus.uandes.cl\/2020\/wp-content\/uploads\/2020\/09\/Javiera-Parada_Daniel-Mansuy_Claudio-Alvarado-2-300x99.jpg 300w, https:\/\/revistacampus.uandes.cl\/2020\/wp-content\/uploads\/2020\/09\/Javiera-Parada_Daniel-Mansuy_Claudio-Alvarado-2-768x255.jpg 768w, https:\/\/revistacampus.uandes.cl\/2020\/wp-content\/uploads\/2020\/09\/Javiera-Parada_Daniel-Mansuy_Claudio-Alvarado-2-1536x509.jpg 1536w, https:\/\/revistacampus.uandes.cl\/2020\/wp-content\/uploads\/2020\/09\/Javiera-Parada_Daniel-Mansuy_Claudio-Alvarado-2-480x159.jpg 480w, https:\/\/revistacampus.uandes.cl\/2020\/wp-content\/uploads\/2020\/09\/Javiera-Parada_Daniel-Mansuy_Claudio-Alvarado-2.jpg 2000w\" sizes=\"(max-width: 1024px) 100vw, 1024px\" \/><figcaption><em>La excandidata presidencial <strong>Javiera Parada<\/strong>, <strong>Claudio Alvarado<\/strong>, del Instituto de Estudios de la Sociedad, <strong>Ignacio Irarr\u00e1zaval<\/strong>, del Centro de Pol\u00edticas P\u00fablicas UC, y la exministra <strong>Carolina Toh\u00e1<\/strong>, entre otros invitados, abordaron las <a rel=\"noreferrer noopener\" href=\"https:\/\/www.uandes.cl\/noticias\/coloquio-nuestra-crisis-un-nuevo-pacto-social-organizado-por-signos-reunio-a-personalidades-del-mundo-politico-en-uandes\/\" target=\"_blank\">implicancias de un nuevo pacto social<\/a> en un encuentro organizado por el <a rel=\"noreferrer noopener\" href=\"https:\/\/www.uandes.cl\/signos\/\" target=\"_blank\">Centro UANDES Signos<\/a>.<\/em><\/figcaption><\/figure>\n\n\n\n<h4 class=\"has-text-color\" style=\"color:#f58220\">Conversatorios e instancias reflexivas<\/h4>\n\n\n\n<p>Pese al ambiente de agitaci\u00f3n que reinaba en las calles y cuando hab\u00edan transcurrido apenas seis d\u00edas del comienzo de la crisis, la Universidad convoc\u00f3 a una <a rel=\"noreferrer noopener\" href=\"https:\/\/www.uandes.cl\/noticias\/expertos-abordan-crisis-social-que-vive-nuestro-pais\/\" target=\"_blank\">primera instancia reflexiva<\/a>, incluso antes de reiniciar las clases. Cientos de estudiantes, profesores, administrativos, vecinos e invitados en general se congregaron para tratar de empezar a entender lo que ocurr\u00eda.<\/p>\n\n\n\n<p>Desde entonces se sucedieron una amplia variedad de encuentros, para analizar la situaci\u00f3n desde la psicolog\u00eda, la ciencia pol\u00edtica, el derecho, las comunicaciones, la econom\u00eda o la doctrina social de la Iglesia. Siempre con la premisa de integrar diferentes miradas y abrir el campus a los m\u00e1s diversos invitados, como exministros, directores de medios de comunicaci\u00f3n y acad\u00e9micos de diferentes universidades.<\/p>\n\n\n\n<div class=\"wp-block-columns\">\n<div class=\"wp-block-column\">\n<figure class=\"wp-block-image size-large\"><img loading=\"lazy\" width=\"1024\" height=\"682\" src=\"http:\/\/revistacampus.uandes.cl\/2020\/wp-content\/uploads\/2020\/09\/Chile-en-Crisis-1024x682.jpg\" alt=\"\" class=\"wp-image-3721\" srcset=\"https:\/\/revistacampus.uandes.cl\/2020\/wp-content\/uploads\/2020\/09\/Chile-en-Crisis-1024x682.jpg 1024w, https:\/\/revistacampus.uandes.cl\/2020\/wp-content\/uploads\/2020\/09\/Chile-en-Crisis-300x200.jpg 300w, https:\/\/revistacampus.uandes.cl\/2020\/wp-content\/uploads\/2020\/09\/Chile-en-Crisis-768x512.jpg 768w, https:\/\/revistacampus.uandes.cl\/2020\/wp-content\/uploads\/2020\/09\/Chile-en-Crisis-1536x1024.jpg 1536w, https:\/\/revistacampus.uandes.cl\/2020\/wp-content\/uploads\/2020\/09\/Chile-en-Crisis-720x480.jpg 720w, https:\/\/revistacampus.uandes.cl\/2020\/wp-content\/uploads\/2020\/09\/Chile-en-Crisis-480x320.jpg 480w, https:\/\/revistacampus.uandes.cl\/2020\/wp-content\/uploads\/2020\/09\/Chile-en-Crisis.jpg 2000w\" sizes=\"(max-width: 1024px) 100vw, 1024px\" \/><figcaption><em>Solidaridad, bien com\u00fan, compromiso y dignidad de la persona fueron el foco del encuentro \u201c<a rel=\"noreferrer noopener\" href=\"https:\/\/www.uandes.cl\/noticias\/la-situacion-que-vive-chile-desde-la-doctrina-social-de-la-iglesia\/\" target=\"_blank\">Crisis en Chile: doctrina de la Iglesia frente a la cuesti\u00f3n social<\/a>\u201d, a cargo del investigador de Signos <strong>Mat\u00edas Petersen<\/strong>, el capell\u00e1n general <strong>P. Sebasti\u00e1n Urruticoechea<\/strong> y el <strong>P. Enrique Colom<\/strong>, quien trabaj\u00f3 en el Compendio de la Doctrina Social de la Iglesia.<\/em><\/figcaption><\/figure>\n<\/div>\n\n\n\n<div class=\"wp-block-column\">\n<figure class=\"wp-block-image size-large\"><img loading=\"lazy\" width=\"1024\" height=\"658\" src=\"http:\/\/revistacampus.uandes.cl\/2020\/wp-content\/uploads\/2020\/09\/Informaci\u00f3n-de-crisis-o-crisis-de-informaci\u00f3n-1024x658.jpg\" alt=\"\" class=\"wp-image-3730\" srcset=\"https:\/\/revistacampus.uandes.cl\/2020\/wp-content\/uploads\/2020\/09\/Informaci\u00f3n-de-crisis-o-crisis-de-informaci\u00f3n-1024x658.jpg 1024w, https:\/\/revistacampus.uandes.cl\/2020\/wp-content\/uploads\/2020\/09\/Informaci\u00f3n-de-crisis-o-crisis-de-informaci\u00f3n-300x193.jpg 300w, https:\/\/revistacampus.uandes.cl\/2020\/wp-content\/uploads\/2020\/09\/Informaci\u00f3n-de-crisis-o-crisis-de-informaci\u00f3n-768x493.jpg 768w, https:\/\/revistacampus.uandes.cl\/2020\/wp-content\/uploads\/2020\/09\/Informaci\u00f3n-de-crisis-o-crisis-de-informaci\u00f3n-1536x987.jpg 1536w, https:\/\/revistacampus.uandes.cl\/2020\/wp-content\/uploads\/2020\/09\/Informaci\u00f3n-de-crisis-o-crisis-de-informaci\u00f3n-480x308.jpg 480w, https:\/\/revistacampus.uandes.cl\/2020\/wp-content\/uploads\/2020\/09\/Informaci\u00f3n-de-crisis-o-crisis-de-informaci\u00f3n.jpg 2000w\" sizes=\"(max-width: 1024px) 100vw, 1024px\" \/><figcaption><em>El periodista<strong> Juan Ignacio Brito<\/strong> convers\u00f3 con <strong>Eduardo Sep\u00falveda<\/strong>, director de El L\u00edbero; <strong>Gabriel Vergara<\/strong>, director de la Asociaci\u00f3n Nacional de la Prensa; <strong>Cristi\u00e1n Rodr\u00edguez<\/strong>, director editorial de Pauta, y <strong>Christian Weinborn<\/strong>, editor general del Canal 24 Horas, en el conversatorio \u201c<a rel=\"noreferrer noopener\" href=\"https:\/\/www.uandes.cl\/noticias\/medios-de-comunicacion-en-tiempos-de-crisis\/\" target=\"_blank\">\u00bfInformaci\u00f3n de crisis o crisis de informaci\u00f3n?<\/a>\u201d.<\/em><\/figcaption><\/figure>\n<\/div>\n<\/div>\n\n\n\n<p>Paralelamente, estudiantes y acad\u00e9micos se reunieron en <em>Mesas de Di\u00e1logo<\/em>, abiertas a la comunidad, para reflexionar sobre la Universidad, el pa\u00eds y su misi\u00f3n en medio del conflicto, resultados que fueron levantados al <a rel=\"noreferrer noopener\" href=\"https:\/\/www.uandes.cl\/la-uandes\/autoridades\/\" target=\"_blank\">Consejo de Rector\u00eda<\/a> al finalizar los tres d\u00edas de conversaciones. Mientras que las carreras, en conjunto con sus centros de alumnos, organizaron encuentros orientados a analizar el rol de su propia profesi\u00f3n antes, durante y despu\u00e9s del conflicto, como es el caso de Psicolog\u00eda, Educaci\u00f3n y Comunicaci\u00f3n, entre otras.<\/p>\n\n\n\n<div class=\"wp-block-columns\">\n<div class=\"wp-block-column\">\n<figure class=\"wp-block-image size-large\"><img loading=\"lazy\" width=\"1024\" height=\"683\" src=\"http:\/\/revistacampus.uandes.cl\/2020\/wp-content\/uploads\/2020\/09\/Carta-Magna-1024x683.jpg\" alt=\"\" class=\"wp-image-3728\" srcset=\"https:\/\/revistacampus.uandes.cl\/2020\/wp-content\/uploads\/2020\/09\/Carta-Magna-1024x683.jpg 1024w, https:\/\/revistacampus.uandes.cl\/2020\/wp-content\/uploads\/2020\/09\/Carta-Magna-300x200.jpg 300w, https:\/\/revistacampus.uandes.cl\/2020\/wp-content\/uploads\/2020\/09\/Carta-Magna-768x513.jpg 768w, https:\/\/revistacampus.uandes.cl\/2020\/wp-content\/uploads\/2020\/09\/Carta-Magna-720x480.jpg 720w, https:\/\/revistacampus.uandes.cl\/2020\/wp-content\/uploads\/2020\/09\/Carta-Magna-480x320.jpg 480w, https:\/\/revistacampus.uandes.cl\/2020\/wp-content\/uploads\/2020\/09\/Carta-Magna.jpg 1482w\" sizes=\"(max-width: 1024px) 100vw, 1024px\" \/><figcaption><em>La tem\u00e1tica sobre una nueva Carta Magna fue el foco del conversatorio impulsado por la Facultad de Derecho \u201c<a rel=\"noreferrer noopener\" href=\"https:\/\/www.uandes.cl\/noticias\/crisis-social-y-el-camino-hacia-una-eventual-nueva-constitucion\/\" target=\"_blank\">La cuesti\u00f3n social y la Constituci\u00f3n<\/a>\u201d, moderado por el decano,<strong> Jos\u00e9 Ignacio Mart\u00ednez<\/strong>, y la participaci\u00f3n de los abogados y acad\u00e9micos <strong>Francisco Z\u00fa\u00f1iga<\/strong>, de la Universidad de Chile, e <strong>Ignacio Covarrubias<\/strong>, de la Universidad Finis Terrae.<\/em><\/figcaption><\/figure>\n<\/div>\n\n\n\n<div class=\"wp-block-column\">\n<figure class=\"wp-block-image size-large\"><img loading=\"lazy\" width=\"1024\" height=\"683\" src=\"http:\/\/revistacampus.uandes.cl\/2020\/wp-content\/uploads\/2020\/09\/Repercusiones-psicol\u00f3gicas-frente-a-la-tensi\u00f3n-social-1024x683.jpg\" alt=\"\" class=\"wp-image-3729\" srcset=\"https:\/\/revistacampus.uandes.cl\/2020\/wp-content\/uploads\/2020\/09\/Repercusiones-psicol\u00f3gicas-frente-a-la-tensi\u00f3n-social-1024x683.jpg 1024w, https:\/\/revistacampus.uandes.cl\/2020\/wp-content\/uploads\/2020\/09\/Repercusiones-psicol\u00f3gicas-frente-a-la-tensi\u00f3n-social-300x200.jpg 300w, https:\/\/revistacampus.uandes.cl\/2020\/wp-content\/uploads\/2020\/09\/Repercusiones-psicol\u00f3gicas-frente-a-la-tensi\u00f3n-social-768x513.jpg 768w, https:\/\/revistacampus.uandes.cl\/2020\/wp-content\/uploads\/2020\/09\/Repercusiones-psicol\u00f3gicas-frente-a-la-tensi\u00f3n-social-720x480.jpg 720w, https:\/\/revistacampus.uandes.cl\/2020\/wp-content\/uploads\/2020\/09\/Repercusiones-psicol\u00f3gicas-frente-a-la-tensi\u00f3n-social-480x320.jpg 480w, https:\/\/revistacampus.uandes.cl\/2020\/wp-content\/uploads\/2020\/09\/Repercusiones-psicol\u00f3gicas-frente-a-la-tensi\u00f3n-social.jpg 1482w\" sizes=\"(max-width: 1024px) 100vw, 1024px\" \/><figcaption><em>Los acad\u00e9micos de la Escuela de Psicolog\u00eda <strong>Mar\u00eda Elena P\u00e9rez<\/strong>, <strong>Mariarita Bertuzzi<\/strong> y <strong>Nicol\u00e1s Labb\u00e9<\/strong> lideraron el encuentro \u201c<a rel=\"noreferrer noopener\" href=\"https:\/\/www.uandes.cl\/noticias\/repercusiones-psicologicas-frente-a-la-tension-social\/\" target=\"_blank\">Repercusiones psicol\u00f3gicas frente a la tensi\u00f3n social<\/a>\u201d.<\/em><\/figcaption><\/figure>\n<\/div>\n<\/div>\n\n\n\n<div class=\"wp-block-columns\">\n<div class=\"wp-block-column\">\n<figure class=\"wp-block-image size-large\"><img loading=\"lazy\" width=\"906\" height=\"761\" src=\"http:\/\/revistacampus.uandes.cl\/2020\/wp-content\/uploads\/2020\/09\/coloquio-ese-uandes.jpg\" alt=\"\" class=\"wp-image-3961\" srcset=\"https:\/\/revistacampus.uandes.cl\/2020\/wp-content\/uploads\/2020\/09\/coloquio-ese-uandes.jpg 906w, https:\/\/revistacampus.uandes.cl\/2020\/wp-content\/uploads\/2020\/09\/coloquio-ese-uandes-300x252.jpg 300w, https:\/\/revistacampus.uandes.cl\/2020\/wp-content\/uploads\/2020\/09\/coloquio-ese-uandes-768x645.jpg 768w, https:\/\/revistacampus.uandes.cl\/2020\/wp-content\/uploads\/2020\/09\/coloquio-ese-uandes-480x403.jpg 480w\" sizes=\"(max-width: 906px) 100vw, 906px\" \/><\/figure>\n<\/div>\n\n\n\n<div class=\"wp-block-column\">\n<div style=\"height:60px\" aria-hidden=\"true\" class=\"wp-block-spacer\"><\/div>\n\n\n\n<p class=\"has-small-font-size\"><em>El <a rel=\"noreferrer noopener\" href=\"https:\/\/www.ese.cl\/\/\" target=\"_blank\">ESE Business School<\/a> llev\u00f3 a cabo diferentes conversatorios con sus alumnos, egresados y trabajadores acerca del <a rel=\"noreferrer noopener\" href=\"https:\/\/www.ese.cl\/alumni\/noticias\/ese-business-school-realizo-seminario-proceso-de-cambio-constitucional\/2019-12-18\/174555.html\" target=\"_blank\">proceso de cambio constitucional<\/a>, <a rel=\"noreferrer noopener\" href=\"https:\/\/ese.cl\/ese\/noticias\/direccion-alumni-realizo-jornada-conversando-sobre-el-futuro-como\/2019-12-02\/112719.html\" target=\"_blank\">c\u00f3mo recuperar la paz y construir un Chile mejor<\/a> y para analizar el escenario econ\u00f3mico de Chile.<\/em><\/p>\n<\/div>\n<\/div>\n\n\n\n<h4 class=\"has-text-color\" style=\"color:#f58220\">Espacios de escucha y acompa\u00f1amiento<\/h4>\n\n\n\n<p style=\"font-size:15px\">La salud mental fue tema de preocupaci\u00f3n desde un comienzo. La <a href=\"https:\/\/www.uandes.cl\/carrera\/psicologia\/\" target=\"_blank\" rel=\"noreferrer noopener\">Escuela de Psicolog\u00eda<\/a> y la <a href=\"https:\/\/www.uandes.cl\/direccion-de-personas\/\" target=\"_blank\" rel=\"noreferrer noopener\">Direcci\u00f3n de Personas<\/a> ofrecieron primeros auxilios psicol\u00f3gicos para profesores y administrativos, mientras que la <a href=\"https:\/\/www.uandes.cl\/alumnos\/vida-universitaria\/bienestar-universitario\/\" target=\"_blank\" rel=\"noreferrer noopener\">Unidad de Bienestar<\/a> de <a href=\"https:\/\/www.uandes.cl\/alumnos\/vida-universitaria\/\" target=\"_blank\" rel=\"noreferrer noopener\">Vida Universitaria<\/a> hizo lo propio con los estudiantes. Todas las carreras organizaron encuentros y espacios de conversaci\u00f3n con sus alumnos, para analizar la situaci\u00f3n y expresar sus emociones. Y <a href=\"https:\/\/www.uandes.cl\/la-uandes\/capellania-universitaria\/\" target=\"_blank\" rel=\"noreferrer noopener\">Capellan\u00eda Universitaria<\/a> entreg\u00f3 asistencia espiritual y congreg\u00f3 a la comunidad universitaria a trav\u00e9s de la oraci\u00f3n para pedir por la uni\u00f3n y el reencuentro, por ejemplo, en el marco de las Misas por Chile.<\/p>\n\n\n\n<p style=\"font-size:15px\">Para ocuparse de los m\u00e1s peque\u00f1os y apoyar a las madres y padres que no ten\u00edan con qui\u00e9n dejar a sus hijos en los primeros d\u00edas del estallido social, estudiantes y profesores de la <a href=\"https:\/\/www.uandes.cl\/facultad\/facultad-de-educacion\/\" target=\"_blank\" rel=\"noreferrer noopener\">Facultad de Educaci\u00f3n<\/a> montaron una <a href=\"https:\/\/www.uandes.cl\/noticias\/una-gran-ayuda-para-la-comunidad-uandes\/\" target=\"_blank\" rel=\"noreferrer noopener\">guarder\u00eda de emergencia<\/a> en la <a href=\"https:\/\/www.clinicauandes.cl\/\" target=\"_blank\" rel=\"noreferrer noopener\">Cl\u00ednica UANDES<\/a>.<\/p>\n\n\n\n<p style=\"font-size:15px\">Y en momentos en que movilizarse se volvi\u00f3 todo un desaf\u00edo, la Direcci\u00f3n de Operaciones ampli\u00f3 los recorridos de los buses de acercamiento para transportar a alumnos, profesores y administrativos hasta las comunas m\u00e1s alejadas, reorganiz\u00f3 los turnos de sus auxiliares y se preocup\u00f3 de llevarlos directo a sus hogares cuando sal\u00edan m\u00e1s tarde, adem\u00e1s de velar por la seguridad y bienestar del personal externo, como los equipos de aseo, jardines y guardias.<\/p>\n\n\n\n<div class=\"wp-block-image\"><figure class=\"aligncenter size-large is-resized\"><img loading=\"lazy\" src=\"http:\/\/revistacampus.uandes.cl\/2020\/wp-content\/uploads\/2020\/09\/Facultad-de-Educaci\u00f3n-1024x658.jpg\" alt=\"\" class=\"wp-image-3731\" width=\"512\" height=\"329\" srcset=\"https:\/\/revistacampus.uandes.cl\/2020\/wp-content\/uploads\/2020\/09\/Facultad-de-Educaci\u00f3n-1024x658.jpg 1024w, https:\/\/revistacampus.uandes.cl\/2020\/wp-content\/uploads\/2020\/09\/Facultad-de-Educaci\u00f3n-300x193.jpg 300w, https:\/\/revistacampus.uandes.cl\/2020\/wp-content\/uploads\/2020\/09\/Facultad-de-Educaci\u00f3n-768x493.jpg 768w, https:\/\/revistacampus.uandes.cl\/2020\/wp-content\/uploads\/2020\/09\/Facultad-de-Educaci\u00f3n-1536x987.jpg 1536w, https:\/\/revistacampus.uandes.cl\/2020\/wp-content\/uploads\/2020\/09\/Facultad-de-Educaci\u00f3n-480x308.jpg 480w, https:\/\/revistacampus.uandes.cl\/2020\/wp-content\/uploads\/2020\/09\/Facultad-de-Educaci\u00f3n.jpg 2000w\" sizes=\"(max-width: 512px) 100vw, 512px\" \/><figcaption><em>Durante los primeros d\u00edas del estallido social, la Facultad de Educaci\u00f3n mont\u00f3 una guarder\u00eda en la cl\u00ednica universitaria, para apoyar a los funcionarios que no tuvieran con qui\u00e9n dejar a sus hijos<\/em><\/figcaption><\/figure><\/div>\n\n\n\n<h4 class=\"has-text-color\" style=\"color:#f58220\">Estudiantes comprometidos<\/h4>\n\n\n\n<p style=\"font-size:15px\">Los alumnos no se conformaron con ser simples espectadores de la crisis social. Apelando a su esp\u00edritu solidario,<a href=\"https:\/\/www.uandes.cl\/noticias\/alumnos-se-organizan-para-ayudar-a-personas-mayores-de-puente-alto-y-colaboran-en-limpieza-de-santiago\/\" target=\"_blank\" rel=\"noreferrer noopener\"> se activaron para ayudar en diferentes instancias<\/a>, muchas veces convocados por la Federaci\u00f3n de Estudiantes (<a href=\"https:\/\/www.uandes.cl\/alumnos\/vida-universitaria\/representacion-estudiantil\/\" target=\"_blank\" rel=\"noreferrer noopener\">FEUANDES<\/a>). Fue as\u00ed como algunos se organizaron en cuadrillas para limpiar las calles de Santiago, mientras que otros salieron a prestar primeros auxilios, como parte del Colectivo Salud Consciente.<\/p>\n\n\n\n<p style=\"font-size:15px\">Del mismo modo, se unieron con <a rel=\"noreferrer noopener\" href=\"https:\/\/www.uandes.cl\/alumnos\/vida-universitaria\/\" target=\"_blank\">Vida Universitaria<\/a>, Direcci\u00f3n de Personas y con el <a rel=\"noreferrer noopener\" href=\"https:\/\/www.uandes.cl\/cief\/\" target=\"_blank\">Centro Integral para el Envejecimiento Feliz<\/a>, en torno a campa\u00f1as de recolecci\u00f3n de alimentos y \u00fatiles de aseo destinados a personas de la tercera edad de Puente Alto y para el personal UANDES que se hab\u00eda visto afectado.<\/p>\n\n\n\n<div class=\"wp-block-image\"><figure class=\"aligncenter size-large is-resized\"><img loading=\"lazy\" src=\"http:\/\/revistacampus.uandes.cl\/2020\/wp-content\/uploads\/2020\/09\/Centros-de-Alumnos-1-1024x658.jpg\" alt=\"\" class=\"wp-image-3733\" width=\"512\" height=\"329\" srcset=\"https:\/\/revistacampus.uandes.cl\/2020\/wp-content\/uploads\/2020\/09\/Centros-de-Alumnos-1-1024x658.jpg 1024w, https:\/\/revistacampus.uandes.cl\/2020\/wp-content\/uploads\/2020\/09\/Centros-de-Alumnos-1-300x193.jpg 300w, https:\/\/revistacampus.uandes.cl\/2020\/wp-content\/uploads\/2020\/09\/Centros-de-Alumnos-1-768x493.jpg 768w, https:\/\/revistacampus.uandes.cl\/2020\/wp-content\/uploads\/2020\/09\/Centros-de-Alumnos-1-1536x987.jpg 1536w, https:\/\/revistacampus.uandes.cl\/2020\/wp-content\/uploads\/2020\/09\/Centros-de-Alumnos-1-480x308.jpg 480w, https:\/\/revistacampus.uandes.cl\/2020\/wp-content\/uploads\/2020\/09\/Centros-de-Alumnos-1.jpg 2000w\" sizes=\"(max-width: 512px) 100vw, 512px\" \/><figcaption><em>\u00bfC\u00f3mo puedo contribuir en medio de una crisis social? fue el foco de las Mesas de Di\u00e1logo, jornadas organizadas por Vida Universitaria, junto a la FEUANDES y los Centros de Alumnos, y cuyo informe final se present\u00f3 a Rector\u00eda.<\/em><\/figcaption><\/figure><\/div>\n\n\n\n<div class=\"wp-block-columns\">\n<div class=\"wp-block-column\">\n<figure class=\"wp-block-image size-large is-resized\"><img loading=\"lazy\" src=\"http:\/\/revistacampus.uandes.cl\/2020\/wp-content\/uploads\/2020\/08\/logo-citas.png\" alt=\"\" class=\"wp-image-3021\" width=\"87\" height=\"69\"\/><\/figure>\n<\/div>\n\n\n\n<div class=\"wp-block-column\"><\/div>\n\n\n\n<div class=\"wp-block-column\"><\/div>\n<\/div>\n\n\n\n<p class=\"has-text-color\" style=\"color:#f58220\"><em><strong>\u201cFieles a nuestra vocaci\u00f3n universitaria, abrimos el espacio para una reflexi\u00f3n m\u00e1s profunda, para encontrarnos con las diferentes posiciones que conviven en la sociedad y que permiten entablar un di\u00e1logo\u201d.<\/strong><\/em><\/p>\n\n\n\n<p style=\"font-size:12px\"><strong>Cristina Err\u00e1zuriz<\/strong>, <em>vicerrectora de Comunicaciones<\/em><\/p>\n\n\n\n<h4 class=\"has-text-color\" style=\"color:#f58220\"><em>Flexibilidad online para terminar el a\u00f1o acad\u00e9mico<\/em><\/h4>\n\n\n\n<p style=\"font-size:15px\">Concluir el a\u00f1o acad\u00e9mico fue una gran prioridad, pues se trata de la forma natural en que una universidad aporta al pa\u00eds. Si bien la prudencia aconsej\u00f3 suspender actividades algunos d\u00edas, as\u00ed como adelantar el horario de salida para un retorno seguro a casa, la intenci\u00f3n fue seguir adelante con el di\u00e1logo universitario, el intercambio entre alumnos y profesores y la b\u00fasqueda de la verdad.<\/p>\n\n\n\n<div class=\"wp-block-columns\">\n<div class=\"wp-block-column\">\n<div class=\"wp-block-image is-style-rounded\"><figure class=\"aligncenter size-large is-resized\"><img loading=\"lazy\" src=\"http:\/\/revistacampus.uandes.cl\/2020\/wp-content\/uploads\/2020\/09\/guardia.jpg\" alt=\"\" class=\"wp-image-4465\" width=\"222\" height=\"234\" srcset=\"https:\/\/revistacampus.uandes.cl\/2020\/wp-content\/uploads\/2020\/09\/guardia.jpg 590w, https:\/\/revistacampus.uandes.cl\/2020\/wp-content\/uploads\/2020\/09\/guardia-285x300.jpg 285w, https:\/\/revistacampus.uandes.cl\/2020\/wp-content\/uploads\/2020\/09\/guardia-480x506.jpg 480w\" sizes=\"(max-width: 222px) 100vw, 222px\" \/><\/figure><\/div>\n<\/div>\n\n\n\n<div class=\"wp-block-column\">\n<div style=\"height:35px\" aria-hidden=\"true\" class=\"wp-block-spacer\"><\/div>\n\n\n\n<p style=\"font-size:14px\"><em>El apoyo a la comunidad interna, desde auxiliares y personal externo hasta alumnos y profesores, fue primordial durante los meses de manifestaciones sociales, y se evidenci\u00f3 en medidas como flexibilidad horaria, facilitaci\u00f3n de transporte y acompa\u00f1amiento permanente para garantizar la seguridad de todos, especialmente de los m\u00e1s vulnerables.<\/em><\/p>\n<\/div>\n<\/div>\n\n\n\n<p style=\"font-size:15px\">La \u201cflexibilidad\u201d fue la principal herramienta que lo hizo posible, facilitando que los alumnos asistieran a clases o rindieran evaluaciones en la medida de sus posibilidades; que los funcionarios modificaran sus horarios de ingreso y salida de acuerdo a la contingencia y que los profesores desarrollaran al m\u00e1ximo la creatividad para reagendar el semestre. De hecho, la plataforma de educaci\u00f3n <em>online <\/em><a href=\"http:\/\/canvas.uandes.cl\/\" target=\"_blank\" rel=\"noreferrer noopener\">Canvas <\/a>fue una herramienta clave en este proceso.<\/p>\n\n\n\n<p style=\"font-size:15px\">Por supuesto, las carreras, con el apoyo de la Vicerrector\u00eda de Alumnos y Alumni, tomaron contacto desde el primer d\u00eda con los estudiantes que se encontraban en situaciones m\u00e1s complejas, detectando sus necesidades y brind\u00e1ndoles las facilidades para finalizar el semestre, que solo se retras\u00f3 en una semana.<\/p>\n\n\n\n<div class=\"wp-block-image\"><figure class=\"aligncenter size-large is-resized\"><img loading=\"lazy\" src=\"http:\/\/revistacampus.uandes.cl\/2020\/wp-content\/uploads\/2020\/09\/juan-manuel-nunez-mendez-1024x680.jpg\" alt=\"\" class=\"wp-image-3716\" width=\"512\" height=\"340\" srcset=\"https:\/\/revistacampus.uandes.cl\/2020\/wp-content\/uploads\/2020\/09\/juan-manuel-nunez-mendez-1024x680.jpg 1024w, https:\/\/revistacampus.uandes.cl\/2020\/wp-content\/uploads\/2020\/09\/juan-manuel-nunez-mendez-300x199.jpg 300w, https:\/\/revistacampus.uandes.cl\/2020\/wp-content\/uploads\/2020\/09\/juan-manuel-nunez-mendez-768x510.jpg 768w, https:\/\/revistacampus.uandes.cl\/2020\/wp-content\/uploads\/2020\/09\/juan-manuel-nunez-mendez-1536x1020.jpg 1536w, https:\/\/revistacampus.uandes.cl\/2020\/wp-content\/uploads\/2020\/09\/juan-manuel-nunez-mendez-720x480.jpg 720w, https:\/\/revistacampus.uandes.cl\/2020\/wp-content\/uploads\/2020\/09\/juan-manuel-nunez-mendez-480x319.jpg 480w, https:\/\/revistacampus.uandes.cl\/2020\/wp-content\/uploads\/2020\/09\/juan-manuel-nunez-mendez.jpg 2000w\" sizes=\"(max-width: 512px) 100vw, 512px\" \/><\/figure><\/div>\n","protected":false},"excerpt":{"rendered":"<p>La crisis social activ\u00f3 a la comunidad universitaria en torno al di\u00e1logo y el encuentro, propios de su Ideario, inspiraci\u00f3n que dio pie a una serie de acciones internas y externas que se convirtieron en una valiosa oportunidad.<\/p>\n","protected":false},"author":2,"featured_media":3715,"comment_status":"open","ping_status":"open","sticky":false,"template":"","format":"standard","meta":[],"categories":[37],"tags":[],"_links":{"self":[{"href":"https:\/\/revistacampus.uandes.cl\/2020\/wp-json\/wp\/v2\/posts\/3714"}],"collection":[{"href":"https:\/\/revistacampus.uandes.cl\/2020\/wp-json\/wp\/v2\/posts"}],"about":[{"href":"https:\/\/revistacampus.uandes.cl\/2020\/wp-json\/wp\/v2\/types\/post"}],"author":[{"embeddable":true,"href":"https:\/\/revistacampus.uandes.cl\/2020\/wp-json\/wp\/v2\/users\/2"}],"replies":[{"embeddable":true,"href":"https:\/\/revistacampus.uandes.cl\/2020\/wp-json\/wp\/v2\/comments?post=3714"}],"version-history":[{"count":29,"href":"https:\/\/revistacampus.uandes.cl\/2020\/wp-json\/wp\/v2\/posts\/3714\/revisions"}],"predecessor-version":[{"id":4472,"href":"https:\/\/revistacampus.uandes.cl\/2020\/wp-json\/wp\/v2\/posts\/3714\/revisions\/4472"}],"wp:featuredmedia":[{"embeddable":true,"href":"https:\/\/revistacampus.uandes.cl\/2020\/wp-json\/wp\/v2\/media\/3715"}],"wp:attachment":[{"href":"https:\/\/revistacampus.uandes.cl\/2020\/wp-json\/wp\/v2\/media?parent=3714"}],"wp:term":[{"taxonomy":"category","embeddable":true,"href":"https:\/\/revistacampus.uandes.cl\/2020\/wp-json\/wp\/v2\/categories?post=3714"},{"taxonomy":"post_tag","embeddable":true,"href":"https:\/\/revistacampus.uandes.cl\/2020\/wp-json\/wp\/v2\/tags?post=3714"}],"curies":[{"name":"wp","href":"https:\/\/api.w.org\/{rel}","templated":true}]}}