{"id":3679,"date":"2020-09-03T11:33:48","date_gmt":"2020-09-03T15:33:48","guid":{"rendered":"http:\/\/revistacampus.uandes.cl\/2020\/?p=3679"},"modified":"2020-09-07T13:45:30","modified_gmt":"2020-09-07T16:45:30","slug":"una-nueva-forma-de-vivir-laexperiencia-uandes","status":"publish","type":"post","link":"https:\/\/revistacampus.uandes.cl\/2020\/una-nueva-forma-de-vivir-laexperiencia-uandes\/","title":{"rendered":"<span class=\"subtitulo\">Una nueva forma de vivir la<\/span><br>experiencia UANDES"},"content":{"rendered":"\n<p><em><strong>Cuando el campus ya no pod\u00eda ser el escenario de las actividades de formaci\u00f3n cocurricular debido al aislamiento social, Zoom, Instagram, YouTube, WhatsApp y el sitio web <a href=\"https:\/\/www.uandes.cl\/\" target=\"_blank\" rel=\"noreferrer noopener\">uandes.cl<\/a> se convirtieron en el nuevo lugar de encuentro para las actividades de Vida Universitaria.<\/strong><\/em><\/p>\n\n\n\n<p style=\"font-size:15px\"><strong>Mantener la cercan\u00eda con todos los estudiantes, ayud\u00e1ndolos en su adaptaci\u00f3n a las nuevas circunstancias<\/strong> y generando instancias que les permitan desarrollar sus habilidades m\u00e1s all\u00e1 de lo acad\u00e9mico, ha sido el desaf\u00edo de <a rel=\"noreferrer noopener\" href=\"https:\/\/www.uandes.cl\/alumnos\/vida-universitaria\/\" target=\"_blank\">Vida Universitaria<\/a> en este tiempo de educaci\u00f3n a distancia.<\/p>\n\n\n\n<p style=\"font-size:15px\">Asegurar que <strong>todos pudieran acceder a sus clases <em>online<\/em><\/strong> en buenas condiciones fue uno de los primeros objetivos que se plantearon, junto a otras unidades. Gracias a este esfuerzo se entregaron <strong>m\u00e1s de 100 chips de internet y 45 computadores<\/strong> a alumnos de Santiago y regiones.<\/p>\n\n\n\n<p style=\"font-size:15px\">Inmediatamente, el \u00e1rea de <a rel=\"noreferrer noopener\" href=\"https:\/\/www.uandes.cl\/alumnos\/vida-universitaria\/bienestar-universitario\/\" target=\"_blank\">Bienestar<\/a> impuls\u00f3 iniciativas de prevenci\u00f3n de la salud mental y promoci\u00f3n de la vida saludable, <strong>aumentando su capacidad para entregar orientaci\u00f3n psicol\u00f3gica<\/strong>, con el fin de satisfacer las necesidades de los estudiantes y brindarles contenci\u00f3n emocional.<\/p>\n\n\n\n<figure class=\"wp-block-image size-large\"><a href=\"https:\/\/www.uandes.cl\/bienvenida\/#primer-semestre\" target=\"_blank\" rel=\"noopener noreferrer\"><img loading=\"lazy\" width=\"1024\" height=\"589\" src=\"http:\/\/revistacampus.uandes.cl\/2020\/wp-content\/uploads\/2020\/09\/apoyo-uandes-1024x589.jpg\" alt=\"\" class=\"wp-image-4391\" srcset=\"https:\/\/revistacampus.uandes.cl\/2020\/wp-content\/uploads\/2020\/09\/apoyo-uandes-1024x589.jpg 1024w, https:\/\/revistacampus.uandes.cl\/2020\/wp-content\/uploads\/2020\/09\/apoyo-uandes-300x173.jpg 300w, https:\/\/revistacampus.uandes.cl\/2020\/wp-content\/uploads\/2020\/09\/apoyo-uandes-768x442.jpg 768w, https:\/\/revistacampus.uandes.cl\/2020\/wp-content\/uploads\/2020\/09\/apoyo-uandes-480x276.jpg 480w, https:\/\/revistacampus.uandes.cl\/2020\/wp-content\/uploads\/2020\/09\/apoyo-uandes.jpg 1461w\" sizes=\"(max-width: 1024px) 100vw, 1024px\" \/><\/a><\/figure>\n\n\n\n<p class=\"has-text-align-center\"><a href=\"https:\/\/www.uandes.cl\/bienvenida\/#primer-semestre\" target=\"_blank\" rel=\"noreferrer noopener\">Revisa el apoyo entregado el primer semestre.<\/a><\/p>\n\n\n\n<p style=\"font-size:15px\">Las 11 selecciones deportivas continuaron con sus entrenamientos <em>online<\/em>, se organizaron<strong> entrevistas virtuales a destacados deportistas nacionales<\/strong>, los profesores del gimnasio compartieron rutinas deportivas a trav\u00e9s de las redes sociales y siguieron con un acompa\u00f1amiento personalizado a los estudiantes inscritos en el gimnasio.<\/p>\n\n\n\n<p style=\"font-size:15px\">Los alumnos de la <a href=\"https:\/\/www.uandes.cl\/academia-de-artes-escenicas\/\">Academia de Artes Esc\u00e9nicas<\/a> comenzaron con los ensayos virtuales del <strong>pr\u00f3ximo musical, que presentar\u00e1n en un formato in\u00e9dito a fin de a\u00f1o.<\/strong> Y el <a rel=\"noreferrer noopener\" href=\"https:\/\/www.uandes.cl\/premiacion-concurso-de-cuentos-grandes-obras-literatura-nacido-momentos-crisis\/\" target=\"_blank\">tradicional concurso de cuentos <\/a>se adelant\u00f3 para ofrecer una forma de pasar mejor el tiempo en casa, convocando a m\u00e1s de 160 participantes, junto con <a href=\"https:\/\/admision.uandes.cl\/\" target=\"_blank\" rel=\"noreferrer noopener\">Admisi\u00f3n <\/a>y <a href=\"https:\/\/alumni.uandes.cl\/\" target=\"_blank\" rel=\"noreferrer noopener\">Alumni<\/a>.<\/p>\n\n\n\n<p style=\"font-size:15px\">La <a rel=\"noreferrer noopener\" href=\"https:\/\/www.uandes.cl\/alumnos\/vida-universitaria\/escuela-de-liderazgo\/\" target=\"_blank\">Escuela de Liderazgo<\/a> <strong>invit\u00f3 a elevar la mirada mediante los ciclos de conversaciones \u201cHablemos de\u201d<\/strong>; analiz\u00f3 con invitados internacionales la forma de gobierno de diversos pa\u00edses; convoc\u00f3 a los l\u00edderes pol\u00edticos universitarios en un foro <em>online<\/em> y realiz\u00f3 seminarios con los centros de alumnos. Adem\u00e1s, organiz\u00f3 conversatorios con autoridades nacionales y con alumnos y alumni destacados.<\/p>\n\n\n\n<figure class=\"wp-block-embed-youtube wp-block-embed is-type-video is-provider-youtube wp-embed-aspect-16-9 wp-has-aspect-ratio\"><div class=\"wp-block-embed__wrapper\">\n<iframe title=\"Primer cap\u00edtulo del ciclo Hablemos de Liderazgo en tiempos de crisis. Invitado: Joaqu\u00edn Lav\u00edn.\" width=\"1080\" height=\"608\" src=\"https:\/\/www.youtube.com\/embed\/HJz78207nH8?feature=oembed\" frameborder=\"0\" allow=\"accelerometer; autoplay; encrypted-media; gyroscope; picture-in-picture\" allowfullscreen><\/iframe>\n<\/div><\/figure>\n\n\n\n<p style=\"font-size:15px\">Desde Responsabilidad Social siguieron <strong>acompa\u00f1ando las diversas iniciativas impulsadas por alumnos<\/strong>, como el PREUANDES, que continu\u00f3 con sus clases a trav\u00e9s de internet, convocando a estudiantes de III y IV medio de Santiago y regiones.<\/p>\n\n\n\n<p style=\"font-size:15px\">Y, en medio de la pandemia, se dio comienzo a una <strong>nueva iniciativa para impulsar los emprendimientos sociales de estudiantes y egresados: <a rel=\"noreferrer noopener\" href=\"https:\/\/www.uandes.cl\/alumnos\/vida-universitaria\/emprendimiento-social\/\" target=\"_blank\">Cantera UANDES<\/a>.<\/strong> A trav\u00e9s de capacitaciones, acompa\u00f1amiento personalizado y la entrega de fondos, busca ser un semillero de emprendimiento para j\u00f3venes con esp\u00edritu de superaci\u00f3n y deseos de perseverar en el impulso de ideas que busquen aportar a la sociedad.<\/p>\n\n\n\n<figure class=\"wp-block-embed-youtube aligncenter wp-block-embed is-type-video is-provider-youtube wp-embed-aspect-16-9 wp-has-aspect-ratio\"><div class=\"wp-block-embed__wrapper\">\n<iframe title=\"Lanzamiento Cantera UANDES\" width=\"1080\" height=\"608\" src=\"https:\/\/www.youtube.com\/embed\/mSpBmQHPjAA?feature=oembed\" frameborder=\"0\" allow=\"accelerometer; autoplay; encrypted-media; gyroscope; picture-in-picture\" allowfullscreen><\/iframe>\n<\/div><\/figure>\n\n\n\n<p class=\"has-text-color\" style=\"color:#ed1d24\"><strong>CANTERA UANDES<\/strong> ES UNA INICIATIVA QUE COMENZ\u00d3 EN MEDIO DE LA PANDEMIA, PARA IMPULSAR LOS EMPRENDIMIENTOS SOCIALES DE ESTUDIANTES Y EGRESADOS.<\/p>\n\n\n\n<h4 class=\"has-text-color\" style=\"color:#ed1d24\">Acompa\u00f1amiento <em>online<\/em><\/h4>\n\n\n\n<p style=\"font-size:15px\">La <a rel=\"noreferrer noopener\" href=\"https:\/\/www.uandes.cl\/alumnos\/apoyo-academico\/\" target=\"_blank\">Direcci\u00f3n de Apoyo Acad\u00e9mico<\/a> tambi\u00e9n digitaliz\u00f3 sus servicios para entregar acompa\u00f1amiento a los estudiantes, quienes pudieron acceder a la gu\u00eda de un asesor universitario <em>online<\/em> y a instancias de apoyo pedag\u00f3gico, como los Instructores Pares, el Centro de Escritura y Apoyo Psicoeducativo. El equipo se <strong>coordin\u00f3 con los Centros de Alumnos para llegar a m\u00e1s estudiantes con sus servicios, comparti\u00f3 consejos a trav\u00e9s de redes sociales<\/strong> y, junto a la Unidad de Bienestar, organiz\u00f3 un exitoso taller para preparar los primeros ex\u00e1menes virtuales.<\/p>\n\n\n\n<figure class=\"wp-block-embed-youtube aligncenter wp-block-embed is-type-video is-provider-youtube wp-embed-aspect-16-9 wp-has-aspect-ratio\"><div class=\"wp-block-embed__wrapper\">\n<iframe title=\"Taller \u00bfC\u00f3mo preparar los ex\u00e1menes de modo efectivo?\" width=\"1080\" height=\"608\" src=\"https:\/\/www.youtube.com\/embed\/AjGq1dqdiwc?feature=oembed\" frameborder=\"0\" allow=\"accelerometer; autoplay; encrypted-media; gyroscope; picture-in-picture\" allowfullscreen><\/iframe>\n<\/div><\/figure>\n\n\n\n<div style=\"height:100px\" aria-hidden=\"true\" class=\"wp-block-spacer\"><\/div>\n","protected":false},"excerpt":{"rendered":"<p>Cuando el campus ya no pod\u00eda ser el escenario de las actividades de formaci\u00f3n cocurricular debido al aislamiento social, Zoom, Instagram, YouTube, WhatsApp y el sitio web uandes.cl se convirtieron en el nuevo lugar de encuentro para las actividades de Vida Universitaria.<\/p>\n","protected":false},"author":2,"featured_media":3788,"comment_status":"open","ping_status":"open","sticky":false,"template":"","format":"standard","meta":[],"categories":[38],"tags":[],"_links":{"self":[{"href":"https:\/\/revistacampus.uandes.cl\/2020\/wp-json\/wp\/v2\/posts\/3679"}],"collection":[{"href":"https:\/\/revistacampus.uandes.cl\/2020\/wp-json\/wp\/v2\/posts"}],"about":[{"href":"https:\/\/revistacampus.uandes.cl\/2020\/wp-json\/wp\/v2\/types\/post"}],"author":[{"embeddable":true,"href":"https:\/\/revistacampus.uandes.cl\/2020\/wp-json\/wp\/v2\/users\/2"}],"replies":[{"embeddable":true,"href":"https:\/\/revistacampus.uandes.cl\/2020\/wp-json\/wp\/v2\/comments?post=3679"}],"version-history":[{"count":15,"href":"https:\/\/revistacampus.uandes.cl\/2020\/wp-json\/wp\/v2\/posts\/3679\/revisions"}],"predecessor-version":[{"id":4473,"href":"https:\/\/revistacampus.uandes.cl\/2020\/wp-json\/wp\/v2\/posts\/3679\/revisions\/4473"}],"wp:featuredmedia":[{"embeddable":true,"href":"https:\/\/revistacampus.uandes.cl\/2020\/wp-json\/wp\/v2\/media\/3788"}],"wp:attachment":[{"href":"https:\/\/revistacampus.uandes.cl\/2020\/wp-json\/wp\/v2\/media?parent=3679"}],"wp:term":[{"taxonomy":"category","embeddable":true,"href":"https:\/\/revistacampus.uandes.cl\/2020\/wp-json\/wp\/v2\/categories?post=3679"},{"taxonomy":"post_tag","embeddable":true,"href":"https:\/\/revistacampus.uandes.cl\/2020\/wp-json\/wp\/v2\/tags?post=3679"}],"curies":[{"name":"wp","href":"https:\/\/api.w.org\/{rel}","templated":true}]}}