{"id":3574,"date":"2020-09-01T15:05:36","date_gmt":"2020-09-01T19:05:36","guid":{"rendered":"http:\/\/revistacampus.uandes.cl\/2020\/?p=3574"},"modified":"2020-09-07T20:43:08","modified_gmt":"2020-09-07T23:43:08","slug":"para-cultivar-el-espiritu","status":"publish","type":"post","link":"https:\/\/revistacampus.uandes.cl\/2020\/para-cultivar-el-espiritu\/","title":{"rendered":"Para cultivar el esp\u00edritu"},"content":{"rendered":"\n<p><em><strong>M\u00fasica, arte y teatro forman parte de la experiencia est\u00e9tica que ofrece la <a href=\"https:\/\/www.uandes.cl\/extension\/\" target=\"_blank\" rel=\"noreferrer noopener\">Direcci\u00f3n de Extensi\u00f3n Cultural<\/a>, desde lo vivencial a lo online.<\/strong><\/em><\/p>\n\n\n\n<h4 class=\"has-text-color\" style=\"color:#ffc20e\"><em>Shakespeare desde Gran Breta\u00f1a<\/em><\/h4>\n\n\n\n<p style=\"font-size:15px\">Gracias al trabajo conjunto del <a href=\"http:\/\/www.adg-europe.com\/\" target=\"_blank\" rel=\"noreferrer noopener\"><em>American Drama Group Europe<\/em> (ADGE)<\/a> y de <em><a href=\"http:\/\/www.adg-europe.com\/?page_id=3039\" target=\"_blank\" rel=\"noreferrer noopener\">TNT Theatre Britain<\/a><\/em>, con el apoyo de <a href=\"https:\/\/www.uandes.cl\/extension\/\" target=\"_blank\" rel=\"noreferrer noopener\">Extensi\u00f3n Cultural<\/a> y del <a href=\"https:\/\/www.uandes.cl\/carrera\/instituto-de-literatura\/\" target=\"_blank\" rel=\"noreferrer noopener\">Instituto de Literatura<\/a>, m\u00e1s de 550 personas disfrutaron en el campus de <strong>\u201cLa tragedia de Macbeth\u201d<\/strong>, de William Shakespeare, una obra llena de suspenso, intrigas y elementos sobrenaturales.<\/p>\n\n\n\n<p style=\"font-size:15px\">Dirigida por Paul Stebbings, junto a Paul Flush como director musical y Grantly Marshall en la producci\u00f3n, la puesta en escena fue presenciada por alumnos y acad\u00e9micos de diversas casas de estudio de la capital, adem\u00e1s de escolares de <strong>Santiago<\/strong>, <strong>Casablanca<\/strong> y <strong>Graneros<\/strong>, y profesores de <strong>La Serena<\/strong>.<\/p>\n\n\n\n<p style=\"font-size:15px\">La compa\u00f1\u00eda brit\u00e1nica, que tambi\u00e9n ofreci\u00f3 funciones en <strong>Valpara\u00edso<\/strong> y <strong>Puerto Montt<\/strong>, fue fundada en 1980 y sus montajes son producidos por ADGE en m\u00e1s de 40 pa\u00edses, con representaciones cl\u00e1sicas y modernas.<\/p>\n\n\n\n<p class=\"has-text-align-center\"><em><a href=\"https:\/\/www.uandes.cl\/noticias\/shakespeare-estuvo-en-la-uandes\/\" target=\"_blank\" rel=\"noreferrer noopener\">Ver m\u00e1s<\/a><\/em><\/p>\n\n\n\n<h4 class=\"has-text-color\" style=\"color:#ffc20e\"><em>CamerataEduca impacta a las comunidades de Pica, Alto Hospicio e Iquique<\/em><\/h4>\n\n\n\n<p style=\"font-size:15px\">Con el fin de contribuir a la <strong>Regi\u00f3n de Tarapac\u00e1<\/strong>, y junto a la <a href=\"https:\/\/es-la.facebook.com\/pages\/category\/Art\/Corporaci%C3%B3n-Cultural-de-Iquique-212460939213123\/\" target=\"_blank\" rel=\"noreferrer noopener\">Corporaci\u00f3n Cultural de Iquique<\/a>, la <a href=\"https:\/\/www.uandes.cl\/extension\/\" target=\"_blank\" rel=\"noreferrer noopener\">Direcci\u00f3n de Extensi\u00f3n Cultural<\/a> llev\u00f3 este proyecto al norte para aportar con una oferta musical y cultural para la familia.<\/p>\n\n\n\n<p style=\"font-size:15px\">Gracias al financiamiento de la <a href=\"https:\/\/www.fundacioncollahuasi.cl\/web\/presentacion\/index.php\" target=\"_blank\" rel=\"noreferrer noopener\">Fundaci\u00f3n Educacional Collahuasi<\/a>, en diciembre de 2019 se realizaron tres conciertos infantiles en <strong>Alto Hospicio<\/strong>, <strong>Pica<\/strong> e <strong>Iquique<\/strong>, impactando a m\u00e1s de 500 ni\u00f1os, profesores, directores de colegios, pap\u00e1s y p\u00fablico general.<\/p>\n\n\n\n<p style=\"font-size:15px\"><strong>Carmen Lavanchy<\/strong> y <strong>Eduardo Browne<\/strong>, directora art\u00edstica y director musical del proyecto, trabajaron con los m\u00fasicos de la <a rel=\"noreferrer noopener\" href=\"http:\/\/www.unap.cl\/prontus_unap\/site\/artic\/20140813\/pags\/20140813101747.html\" target=\"_blank\">Escuela Moderna de Artes y Comunicaciones de la Universidad Arturo Prat<\/a>, quienes interpretaron las piezas de los conciertos. Eduardo Browne realiz\u00f3, adem\u00e1s, una conferencia sobre Beethoven y un seminario de Direcci\u00f3n de Orquesta, con una docena de directores de la regi\u00f3n.<\/p>\n\n\n\n<p class=\"has-text-align-center\"><em><a href=\"https:\/\/www.uandes.cl\/noticias\/camerataeduca-viaja-al-norte-e-impacta-a-las-comunidades-de-pica-alto-hospicio-e-iquique\/\" target=\"_blank\" rel=\"noreferrer noopener\">Ver m\u00e1s<\/a><\/em><\/p>\n\n\n\n<div class=\"wp-block-image\"><figure class=\"aligncenter size-large\"><img loading=\"lazy\" width=\"1024\" height=\"720\" src=\"http:\/\/revistacampus.uandes.cl\/2020\/wp-content\/uploads\/2020\/09\/Extencion-Cultural-1024x720.png\" alt=\"\" class=\"wp-image-3645\" srcset=\"https:\/\/revistacampus.uandes.cl\/2020\/wp-content\/uploads\/2020\/09\/Extencion-Cultural-1024x720.png 1024w, https:\/\/revistacampus.uandes.cl\/2020\/wp-content\/uploads\/2020\/09\/Extencion-Cultural-300x211.png 300w, https:\/\/revistacampus.uandes.cl\/2020\/wp-content\/uploads\/2020\/09\/Extencion-Cultural-768x540.png 768w, https:\/\/revistacampus.uandes.cl\/2020\/wp-content\/uploads\/2020\/09\/Extencion-Cultural-480x338.png 480w, https:\/\/revistacampus.uandes.cl\/2020\/wp-content\/uploads\/2020\/09\/Extencion-Cultural.png 1280w\" sizes=\"(max-width: 1024px) 100vw, 1024px\" \/><\/figure><\/div>\n\n\n\n<h4 class=\"has-text-color\" style=\"color:#ffc20e\"><em>\u201cVerbum\u201d: lenguaje e inclusi\u00f3n<\/em><\/h4>\n\n\n\n<p style=\"font-size:15px\">En septiembre de 2019, la artista <strong>Mar\u00eda Elena Naveill\u00e1n<\/strong> mont\u00f3 en el campus una <strong>exposici\u00f3n con descripciones en braille y audiogu\u00edas<\/strong>, a trav\u00e9s de c\u00f3digos QR, en cada una de las obras, para llegar a personas con discapacidad visual. De esta manera, <strong>\u201cVerbum\u201d<\/strong> realiz\u00f3 un gran gui\u00f1o a la inclusi\u00f3n, con la tecnolog\u00eda como actor central para lograrlo.<\/p>\n\n\n\n<p style=\"font-size:15px\">La exposici\u00f3n, que apunt\u00f3 a distintas culturas y per\u00edodos de la historia de la escritura, y a la creaci\u00f3n del lenguaje y su relaci\u00f3n con el desarrollo del ser humano en distintas \u00e9pocas, fue visitada por alumnos de la <a rel=\"noreferrer noopener\" href=\"http:\/\/www.corporacionparaciegos.cl\/\" target=\"_blank\">Corporaci\u00f3n para Ciegos<\/a>, quienes pudieron realizar interpretaciones tangibles de las piezas. \u201cQue los artistas y las galer\u00edas piensen el arte para todos, dejando atr\u00e1s dificultades f\u00edsicas, abre el camino para una inclusi\u00f3n real, porque el arte es tambi\u00e9n otra forma de situar a las personas en el mundo\u201d, coment\u00f3 su profesora, Mar\u00eda Jos\u00e9 Guti\u00e9rrez.<\/p>\n\n\n\n<p class=\"has-text-align-center\"><em><a href=\"https:\/\/www.uandes.cl\/noticias\/exposicion-alude-al-lenguaje-y-a-la-inclusion-de-la-mano-de-destacada-artista-visual\/\" target=\"_blank\" rel=\"noreferrer noopener\">Ver m\u00e1s<\/a><\/em><\/p>\n\n\n\n<div class=\"wp-block-image\"><figure class=\"aligncenter size-large\"><img loading=\"lazy\" width=\"1024\" height=\"720\" src=\"http:\/\/revistacampus.uandes.cl\/2020\/wp-content\/uploads\/2020\/09\/Extencion-Cultural5_Mesa-de-trabajo-1-1024x720.png\" alt=\"\" class=\"wp-image-3646\" srcset=\"https:\/\/revistacampus.uandes.cl\/2020\/wp-content\/uploads\/2020\/09\/Extencion-Cultural5_Mesa-de-trabajo-1-1024x720.png 1024w, https:\/\/revistacampus.uandes.cl\/2020\/wp-content\/uploads\/2020\/09\/Extencion-Cultural5_Mesa-de-trabajo-1-300x211.png 300w, https:\/\/revistacampus.uandes.cl\/2020\/wp-content\/uploads\/2020\/09\/Extencion-Cultural5_Mesa-de-trabajo-1-768x540.png 768w, https:\/\/revistacampus.uandes.cl\/2020\/wp-content\/uploads\/2020\/09\/Extencion-Cultural5_Mesa-de-trabajo-1-480x338.png 480w, https:\/\/revistacampus.uandes.cl\/2020\/wp-content\/uploads\/2020\/09\/Extencion-Cultural5_Mesa-de-trabajo-1.png 1280w\" sizes=\"(max-width: 1024px) 100vw, 1024px\" \/><\/figure><\/div>\n\n\n\n<h4 class=\"has-text-color\" style=\"color:#ffc20e\"><em>Vida y m\u00fasica de Beethoven en pandemia<\/em><\/h4>\n\n\n\n<p style=\"font-size:15px\">A 250 a\u00f1os de su natalicio, y con el objetivo de acercar a las familias y a los m\u00e1s peque\u00f1os a la vida y m\u00fasica del famoso compositor y director de orquesta alem\u00e1n<strong> Ludwig van Beethoven<\/strong>, la <a href=\"https:\/\/www.uandes.cl\/extension\/\" target=\"_blank\" rel=\"noreferrer noopener\">Direcci\u00f3n de Extensi\u00f3n Cultural <\/a>difundi\u00f3 <a href=\"https:\/\/www.uandes.cl\/extension\/actividades-familiares\/habia-una-vez\/\" target=\"_blank\" rel=\"noreferrer noopener\">videos din\u00e1micos y musicales sobre el compositor<\/a>, su vida y sus obras m\u00e1s destacadas, de la mano de la alumni Francisca Fern\u00e1ndez (PSI 04), concertista en flauta y participante habitual de la <strong>Camerata UANDES<\/strong>.<\/p>\n\n\n\n<p style=\"font-size:15px\">El proyecto form\u00f3 parte de la iniciativa <strong><a href=\"https:\/\/www.uandes.cl\/extension\/actividades-familiares\/habia-una-vez\/\" target=\"_blank\" rel=\"noreferrer noopener\">\u201cHab\u00eda una vez un compositor\u201d<\/a><\/strong>, que surgi\u00f3 como respuesta para llevar la m\u00fasica a los ni\u00f1os y sus familias, en medio de la pandemia de Covid-19, ofreciendo un espacio de reuni\u00f3n en torno a la cultura a trav\u00e9s de las redes sociales.<\/p>\n\n\n\n<p style=\"font-size:15px\">Con este fin se realizaron tambi\u00e9n interesantes conferencias, cursos y podcasts, todos de manera <em><a href=\"https:\/\/www.uandes.cl\/extension\/cultura-online\/\" target=\"_blank\" rel=\"noreferrer noopener\">online<\/a><\/em>, sobre arquitectura, astronom\u00eda, m\u00fasica, historia, literatura y mucho m\u00e1s.<\/p>\n\n\n\n<div class=\"wp-block-image\"><figure class=\"aligncenter size-large\"><img loading=\"lazy\" width=\"1024\" height=\"720\" src=\"http:\/\/revistacampus.uandes.cl\/2020\/wp-content\/uploads\/2020\/09\/Extencion-Cultural4_Mesa-de-trabajo-1-1024x720.png\" alt=\"\" class=\"wp-image-3647\" srcset=\"https:\/\/revistacampus.uandes.cl\/2020\/wp-content\/uploads\/2020\/09\/Extencion-Cultural4_Mesa-de-trabajo-1-1024x720.png 1024w, https:\/\/revistacampus.uandes.cl\/2020\/wp-content\/uploads\/2020\/09\/Extencion-Cultural4_Mesa-de-trabajo-1-300x211.png 300w, https:\/\/revistacampus.uandes.cl\/2020\/wp-content\/uploads\/2020\/09\/Extencion-Cultural4_Mesa-de-trabajo-1-768x540.png 768w, https:\/\/revistacampus.uandes.cl\/2020\/wp-content\/uploads\/2020\/09\/Extencion-Cultural4_Mesa-de-trabajo-1-480x338.png 480w, https:\/\/revistacampus.uandes.cl\/2020\/wp-content\/uploads\/2020\/09\/Extencion-Cultural4_Mesa-de-trabajo-1.png 1280w\" sizes=\"(max-width: 1024px) 100vw, 1024px\" \/><\/figure><\/div>\n\n\n\n<h4 class=\"has-text-color\" style=\"color:#ffc20e\"><em>Museo de Artes cumple una d\u00e9cada<\/em><\/h4>\n\n\n\n<p style=\"font-size:15px\">En 2010, y gracias a la donaci\u00f3n de parte de la colecci\u00f3n privada de Mar\u00eda Loreto Mar\u00edn Est\u00e9vez, se inaugur\u00f3 este espacio cultural en el edificio del Reloj. Su colecci\u00f3n de arte religioso, conformada por una secci\u00f3n rusa y otra sudamericana, con piezas del siglo XVIII al XX, fue incorporada en 2015 a <em><a href=\"https:\/\/www.uandes.cl\/extension\/museo-de-artes\/google-arts-culture\/\" target=\"_blank\" rel=\"noreferrer noopener\">Google Arts &amp; Culture<\/a><\/em>, plataforma de galer\u00edas virtuales de destacados museos del mundo.<\/p>\n\n\n\n<p style=\"font-size:15px\">A su alero se cre\u00f3 el <a href=\"https:\/\/www.uandes.cl\/extension\/museo-de-artes\/taller-de-restauracion\/\" target=\"_blank\" rel=\"noreferrer noopener\">Taller de Restauraci\u00f3n<\/a>, que ha velado por preservar diversas piezas, entre esculturas y pinturas coloniales, italianas y rusas, as\u00ed como el programa <a href=\"https:\/\/www.uandes.cl\/extension\/museo-de-artes\/museoeduca\/\" target=\"_blank\" rel=\"noreferrer noopener\">Museo Educa<\/a>, que fomenta la observaci\u00f3n y el intercambio de ideas en torno a la colecci\u00f3n.<\/p>\n\n\n\n<p style=\"font-size:15px\">La permanente preocupaci\u00f3n por el uso de materiales reciclables, como algunos pl\u00e1sticos, telas y textiles, llev\u00f3 en 2019 a la artista visual Maite Izquierdo a crear una obra colectiva a partir de retazos y tiras de PVC de lienzos y palomas publicitarias, junto a m\u00e1s de 50 ni\u00f1os y sus familias.<\/p>\n\n\n\n<p style=\"font-size:15px\">Con iniciativas como esta, el proyecto Museo en Familia fomenta el desarrollo creativo y la experiencia est\u00e9tica de trabajar con artistas profesionales.<\/p>\n\n\n\n<div class=\"wp-block-image\"><figure class=\"aligncenter size-large\"><img loading=\"lazy\" width=\"1024\" height=\"720\" src=\"http:\/\/revistacampus.uandes.cl\/2020\/wp-content\/uploads\/2020\/09\/Extencion-Cultural6_Mesa-de-trabajo-1-1024x720.png\" alt=\"\" class=\"wp-image-3648\" srcset=\"https:\/\/revistacampus.uandes.cl\/2020\/wp-content\/uploads\/2020\/09\/Extencion-Cultural6_Mesa-de-trabajo-1-1024x720.png 1024w, https:\/\/revistacampus.uandes.cl\/2020\/wp-content\/uploads\/2020\/09\/Extencion-Cultural6_Mesa-de-trabajo-1-300x211.png 300w, https:\/\/revistacampus.uandes.cl\/2020\/wp-content\/uploads\/2020\/09\/Extencion-Cultural6_Mesa-de-trabajo-1-768x540.png 768w, https:\/\/revistacampus.uandes.cl\/2020\/wp-content\/uploads\/2020\/09\/Extencion-Cultural6_Mesa-de-trabajo-1-480x338.png 480w, https:\/\/revistacampus.uandes.cl\/2020\/wp-content\/uploads\/2020\/09\/Extencion-Cultural6_Mesa-de-trabajo-1.png 1280w\" sizes=\"(max-width: 1024px) 100vw, 1024px\" \/><\/figure><\/div>\n\n\n\n<h4 class=\"has-text-color\" style=\"color:#ffc20e\">Narraci\u00f3n Oral para comunidades vulnerables<\/h4>\n\n\n\n<p style=\"font-size:14px\">Instituciones de seis comunas de Santiago, que velan por problem\u00e1ticas como discapacidad, salud, interculturalidad o violencia intrafamiliar, fueron visitadas en 2019 por alumnas del taller de Narraci\u00f3n Oral, dictado por Elena Garc\u00eda Huidobro. Por medio de la creatividad, contaron cuentos con el fin de promover la inclusi\u00f3n, la participaci\u00f3n y el fortalecimiento de las relaciones de las personas.<\/p>\n\n\n\n<p style=\"font-size:14px\"><a rel=\"noreferrer noopener\" href=\"https:\/\/www.regazo.cl\/\" target=\"_blank\">Fundaci\u00f3n Regazo<\/a> (Independencia), <a rel=\"noreferrer noopener\" href=\"http:\/\/www.iglesia.cl\/detalle_noticia.php?id=6201\" target=\"_blank\">Casa Acogida Santa Ana<\/a> (Estaci\u00f3n Central), <a rel=\"noreferrer noopener\" href=\"https:\/\/www.corporacionparaciegos.cl\/\" target=\"_blank\">Corporaci\u00f3n para Ciegos<\/a> (Providencia), <a rel=\"noreferrer noopener\" href=\"https:\/\/www.hospitalsoterodelrio.cl\/web\/unidad-de-medicina-oncologica-del-hospital-dr-sotero-del-rio-entrega-una-atencion-efectiva-y-de-calidad-a-sus-pacientes\/\" target=\"_blank\">Unidad Oncol\u00f3gica del Hospital S\u00f3tero del R\u00edo <\/a>(Puente Alto), <a rel=\"noreferrer noopener\" href=\"https:\/\/villasoleares.cl\/\" target=\"_blank\">Centro de Ancianos de Villa Soleares <\/a>(La Reina) y la <a rel=\"noreferrer noopener\" href=\"https:\/\/www.lobarnechea.cl\/contenidos_cultura\/centro-lector\/?parent=Centro%20Lector\" target=\"_blank\">Escuela de Lenguaje del Centro Lector<\/a> (Lo Barnechea) recibieron a las alumnas, quienes trabajaron con la cultura como agente de cambio, mostrando los m\u00faltiples beneficios que la lectura, la narraci\u00f3n y la audici\u00f3n de cuentos ofrecen para el desarrollo humano.<\/p>\n\n\n\n<p class=\"has-text-align-center\"><em><a href=\"https:\/\/www.uandes.cl\/noticias\/curso-de-extension-cultural-implementa-proyectos-en-comunidades-vulnerables-de-santiago\/\" target=\"_blank\" rel=\"noreferrer noopener\">Ver m\u00e1s<\/a><\/em><\/p>\n\n\n\n<div class=\"wp-block-columns\">\n<div class=\"wp-block-column\">\n<figure class=\"wp-block-image size-large\"><img loading=\"lazy\" width=\"1024\" height=\"720\" src=\"http:\/\/revistacampus.uandes.cl\/2020\/wp-content\/uploads\/2020\/09\/Extencion-Cultural3_Mesa-de-trabajo-1-1024x720.png\" alt=\"\" class=\"wp-image-3649\" srcset=\"https:\/\/revistacampus.uandes.cl\/2020\/wp-content\/uploads\/2020\/09\/Extencion-Cultural3_Mesa-de-trabajo-1-1024x720.png 1024w, https:\/\/revistacampus.uandes.cl\/2020\/wp-content\/uploads\/2020\/09\/Extencion-Cultural3_Mesa-de-trabajo-1-300x211.png 300w, https:\/\/revistacampus.uandes.cl\/2020\/wp-content\/uploads\/2020\/09\/Extencion-Cultural3_Mesa-de-trabajo-1-768x540.png 768w, https:\/\/revistacampus.uandes.cl\/2020\/wp-content\/uploads\/2020\/09\/Extencion-Cultural3_Mesa-de-trabajo-1-480x338.png 480w, https:\/\/revistacampus.uandes.cl\/2020\/wp-content\/uploads\/2020\/09\/Extencion-Cultural3_Mesa-de-trabajo-1.png 1280w\" sizes=\"(max-width: 1024px) 100vw, 1024px\" \/><\/figure>\n<\/div>\n\n\n\n<div class=\"wp-block-column\">\n<figure class=\"wp-block-image size-large\"><img loading=\"lazy\" width=\"1024\" height=\"720\" src=\"http:\/\/revistacampus.uandes.cl\/2020\/wp-content\/uploads\/2020\/09\/Extencion-Cultural2_Mesa-de-trabajo-1-1024x720.png\" alt=\"\" class=\"wp-image-3650\" srcset=\"https:\/\/revistacampus.uandes.cl\/2020\/wp-content\/uploads\/2020\/09\/Extencion-Cultural2_Mesa-de-trabajo-1-1024x720.png 1024w, https:\/\/revistacampus.uandes.cl\/2020\/wp-content\/uploads\/2020\/09\/Extencion-Cultural2_Mesa-de-trabajo-1-300x211.png 300w, https:\/\/revistacampus.uandes.cl\/2020\/wp-content\/uploads\/2020\/09\/Extencion-Cultural2_Mesa-de-trabajo-1-768x540.png 768w, https:\/\/revistacampus.uandes.cl\/2020\/wp-content\/uploads\/2020\/09\/Extencion-Cultural2_Mesa-de-trabajo-1-480x338.png 480w, https:\/\/revistacampus.uandes.cl\/2020\/wp-content\/uploads\/2020\/09\/Extencion-Cultural2_Mesa-de-trabajo-1.png 1280w\" sizes=\"(max-width: 1024px) 100vw, 1024px\" \/><\/figure>\n<\/div>\n<\/div>\n\n\n\n<h4 class=\"has-text-color\" style=\"color:#ffc20e\"><em>Camerata UANDES celebra su 20\u00b0 aniversario<\/em><\/h4>\n\n\n\n<p style=\"font-size:15px\">La trayectoria de la <strong><a href=\"https:\/\/www.uandes.cl\/extension\/conciertos-uandes\/\" target=\"_blank\" rel=\"noreferrer noopener\">Camerata<\/a><\/strong>, ideada para difundir las artes y la cultura y contribuir a la formaci\u00f3n integral de los alumnos, ha estado marcada por el trabajo junto a su director musical, el <strong>maestro Eduardo Browne<\/strong>, y la compa\u00f1\u00eda fiel de m\u00fasicos, solistas, compositores y el p\u00fablico que participa de las interpretaciones.<\/p>\n\n\n\n<p style=\"font-size:15px\">Una de sus iniciativas m\u00e1s innovadoras han sido los conciertos comisionados a compositores nacionales, con el fin de fomentar y contribuir a la creaci\u00f3n art\u00edstica y al enriquecimiento del patrimonio musical. Asimismo, los <strong>seminarios de direcci\u00f3n de orquesta<\/strong> fueron ideados para formar y dar continuidad, frecuencia y regularidad al aprendizaje de quienes lideran las orquestas infantiles y juveniles del pa\u00eds, bajo la batuta de <strong>Eduardo Browne<\/strong>, mag\u00edster en Direcci\u00f3n Orquestal de <em><a rel=\"noreferrer noopener\" href=\"https:\/\/www.juilliard.edu\/\" target=\"_blank\">The Juilliard School<\/a><\/em> y director de conciertos y \u00f3peras en <strong>Estados Unidos<\/strong>, <strong>Am\u00e9rica Latina<\/strong>, <strong>Filipinas<\/strong> y <strong>Malasia<\/strong>.<\/p>\n\n\n\n<div class=\"wp-block-image\"><figure class=\"aligncenter size-large is-resized\"><img loading=\"lazy\" src=\"http:\/\/revistacampus.uandes.cl\/2020\/wp-content\/uploads\/2020\/09\/113-116-Extensi\u00f3n-Cultural-Camerata-UANDES-1024x682.jpg\" alt=\"\" class=\"wp-image-3711\" width=\"512\" height=\"341\" srcset=\"https:\/\/revistacampus.uandes.cl\/2020\/wp-content\/uploads\/2020\/09\/113-116-Extensi\u00f3n-Cultural-Camerata-UANDES-1024x682.jpg 1024w, https:\/\/revistacampus.uandes.cl\/2020\/wp-content\/uploads\/2020\/09\/113-116-Extensi\u00f3n-Cultural-Camerata-UANDES-300x200.jpg 300w, https:\/\/revistacampus.uandes.cl\/2020\/wp-content\/uploads\/2020\/09\/113-116-Extensi\u00f3n-Cultural-Camerata-UANDES-768x512.jpg 768w, https:\/\/revistacampus.uandes.cl\/2020\/wp-content\/uploads\/2020\/09\/113-116-Extensi\u00f3n-Cultural-Camerata-UANDES-1536x1024.jpg 1536w, https:\/\/revistacampus.uandes.cl\/2020\/wp-content\/uploads\/2020\/09\/113-116-Extensi\u00f3n-Cultural-Camerata-UANDES-720x480.jpg 720w, https:\/\/revistacampus.uandes.cl\/2020\/wp-content\/uploads\/2020\/09\/113-116-Extensi\u00f3n-Cultural-Camerata-UANDES-480x320.jpg 480w, https:\/\/revistacampus.uandes.cl\/2020\/wp-content\/uploads\/2020\/09\/113-116-Extensi\u00f3n-Cultural-Camerata-UANDES.jpg 2000w\" sizes=\"(max-width: 512px) 100vw, 512px\" \/><\/figure><\/div>\n","protected":false},"excerpt":{"rendered":"<p>M\u00fasica, arte y teatro forman parte de la experiencia est\u00e9tica que ofrece la Direcci\u00f3n de Extensi\u00f3n Cultural, desde lo vivencial a lo online.<\/p>\n","protected":false},"author":2,"featured_media":3575,"comment_status":"open","ping_status":"open","sticky":false,"template":"","format":"standard","meta":[],"categories":[44],"tags":[],"_links":{"self":[{"href":"https:\/\/revistacampus.uandes.cl\/2020\/wp-json\/wp\/v2\/posts\/3574"}],"collection":[{"href":"https:\/\/revistacampus.uandes.cl\/2020\/wp-json\/wp\/v2\/posts"}],"about":[{"href":"https:\/\/revistacampus.uandes.cl\/2020\/wp-json\/wp\/v2\/types\/post"}],"author":[{"embeddable":true,"href":"https:\/\/revistacampus.uandes.cl\/2020\/wp-json\/wp\/v2\/users\/2"}],"replies":[{"embeddable":true,"href":"https:\/\/revistacampus.uandes.cl\/2020\/wp-json\/wp\/v2\/comments?post=3574"}],"version-history":[{"count":14,"href":"https:\/\/revistacampus.uandes.cl\/2020\/wp-json\/wp\/v2\/posts\/3574\/revisions"}],"predecessor-version":[{"id":4578,"href":"https:\/\/revistacampus.uandes.cl\/2020\/wp-json\/wp\/v2\/posts\/3574\/revisions\/4578"}],"wp:featuredmedia":[{"embeddable":true,"href":"https:\/\/revistacampus.uandes.cl\/2020\/wp-json\/wp\/v2\/media\/3575"}],"wp:attachment":[{"href":"https:\/\/revistacampus.uandes.cl\/2020\/wp-json\/wp\/v2\/media?parent=3574"}],"wp:term":[{"taxonomy":"category","embeddable":true,"href":"https:\/\/revistacampus.uandes.cl\/2020\/wp-json\/wp\/v2\/categories?post=3574"},{"taxonomy":"post_tag","embeddable":true,"href":"https:\/\/revistacampus.uandes.cl\/2020\/wp-json\/wp\/v2\/tags?post=3574"}],"curies":[{"name":"wp","href":"https:\/\/api.w.org\/{rel}","templated":true}]}}