{"id":3547,"date":"2020-08-31T23:58:56","date_gmt":"2020-09-01T03:58:56","guid":{"rendered":"http:\/\/revistacampus.uandes.cl\/2020\/?p=3547"},"modified":"2020-09-07T13:53:52","modified_gmt":"2020-09-07T16:53:52","slug":"la-importancia-dela-etica-empresarialen-tiempos-de-pandemia","status":"publish","type":"post","link":"https:\/\/revistacampus.uandes.cl\/2020\/la-importancia-dela-etica-empresarialen-tiempos-de-pandemia\/","title":{"rendered":"La \u00e9tica empresarial<br><span class=\"subtitulo\">en tiempos de pandemia<\/span>"},"content":{"rendered":"\n<p><em><strong>Expertos del ESE Business School analizan c\u00f3mo ha sido el proceder de las compa\u00f1\u00edas en el marco de la crisis sanitaria, coincidiendo en que este escenario adverso ofrece una gran oportunidad para establecer un \u201cnuevo trato\u201d con la sociedad chilena.<\/strong><\/em><\/p>\n\n\n\n<p style=\"font-size:15px\">Restablecer las confianzas para acercarse y trabajar juntos en reactivar el pa\u00eds. Esa es la oportunidad que ofrece el coronavirus a las empresas y a la sociedad chilena, de acuerdo a un grupo de expertos del <a href=\"https:\/\/www.ese.cl\/\/\" target=\"_blank\" rel=\"noreferrer noopener\">ESE Business School<\/a>, escuela de negocios que, en medio de la crisis sanitaria, se ha dado el tiempo para reflexionar sobre la importancia del actuar \u00e9tico.<\/p>\n\n\n\n<p style=\"font-size:15px\"><a href=\"https:\/\/www.ese.cl\/ese\/academico\/full-time\/alvaro-pezoa\/2018-04-05\/154420.html\" target=\"_blank\" rel=\"noreferrer noopener\">\u00c1lvaro Pezoa<\/a>, director del <a href=\"https:\/\/www.ese.cl\/ese\/site\/edic\/base\/port\/centro_etica_empresarial.html\" target=\"_blank\" rel=\"noreferrer noopener\">Centro \u00c9tica Empresarial<\/a>, asegura percibir una buena disposici\u00f3n por parte de las compa\u00f1\u00edas. \u201cMe atrever\u00eda a decir que est\u00e1n haciendo los mejores esfuerzos por mantener a sus colaboradores, tratar de no reducir los sueldos o hacerlo en lo m\u00ednimo posible\u201d, afirma.<\/p>\n\n\n\n<p style=\"font-size:15px\">\u201cSi los empresarios lo hacen bien, la empresa puede salir fortalecida en su imagen y en su reputaci\u00f3n, fruto de una actuaci\u00f3n \u00e9tica y solidaria\u201d, destaca. \u201cTiene una gran oportunidad para generar luces de confianza y de confiabilidad, que le permitan a la ciudadan\u00eda mirarla de otra forma y concederle la posibilidad de revalidar su val\u00eda social\u201d, enfatiza.<\/p>\n\n\n\n<h4 class=\"has-text-color\" style=\"color:#006cb7\">UN SELECTO C\u00cdRCULO DE DIRECTORES<\/h4>\n\n\n\n<div class=\"wp-block-image\"><figure class=\"aligncenter size-large\"><img loading=\"lazy\" width=\"1024\" height=\"545\" src=\"http:\/\/revistacampus.uandes.cl\/2020\/wp-content\/uploads\/2020\/09\/C\u00edrculo-de-Directores-1024x545.png\" alt=\"\" class=\"wp-image-3553\" srcset=\"https:\/\/revistacampus.uandes.cl\/2020\/wp-content\/uploads\/2020\/09\/C\u00edrculo-de-Directores-1024x545.png 1024w, https:\/\/revistacampus.uandes.cl\/2020\/wp-content\/uploads\/2020\/09\/C\u00edrculo-de-Directores-300x160.png 300w, https:\/\/revistacampus.uandes.cl\/2020\/wp-content\/uploads\/2020\/09\/C\u00edrculo-de-Directores-768x409.png 768w, https:\/\/revistacampus.uandes.cl\/2020\/wp-content\/uploads\/2020\/09\/C\u00edrculo-de-Directores-1536x817.png 1536w, https:\/\/revistacampus.uandes.cl\/2020\/wp-content\/uploads\/2020\/09\/C\u00edrculo-de-Directores-2048x1090.png 2048w, https:\/\/revistacampus.uandes.cl\/2020\/wp-content\/uploads\/2020\/09\/C\u00edrculo-de-Directores-480x255.png 480w\" sizes=\"(max-width: 1024px) 100vw, 1024px\" \/><\/figure><\/div>\n\n\n\n<p style=\"font-size:15px\">\u201cHasta ahora, no he conocido a ning\u00fan empresario que no haya puesto la seguridad de sus empleados y clientes por encima de todo\u201d, acota <a href=\"https:\/\/www.ese.cl\/ese\/academico\/full-time\/alfredo-enrione\/2018-04-05\/154225.html\" target=\"_blank\" rel=\"noreferrer noopener\">Alfredo Enrione<\/a>, director del <a href=\"https:\/\/www.ese.cl\/ese\/site\/edic\/base\/port\/centro_gobierno_corporativo.html\" target=\"_blank\" rel=\"noreferrer noopener\">Centro de Gobierno Corporativo<\/a> del ESE e impulsor del <a href=\"http:\/\/www.circulodedirectores.org\/\" target=\"_blank\" rel=\"noreferrer noopener\"><strong>C\u00edrculo de Directores<\/strong><\/a>, <a href=\"https:\/\/ese.cl\/ese\/noticias\/centro-de-gobierno-corporativo-y-sociedad\/circulo-de-directores-realizo-su-lanzamiento-oficial-con-seminario\/2019-06-06\/120627.html\" target=\"_blank\" rel=\"noreferrer noopener\">agrupaci\u00f3n lanzada en junio de 2019<\/a> y que re\u00fane a representantes de las firmas m\u00e1s importantes del pa\u00eds para generar un espacio de intercambio de ideas y buenas pr\u00e1cticas.<\/p>\n\n\n\n<p style=\"font-size:15px\">\u201cLa pandemia es, sin duda, un tema importante, pero no es la \u00fanica fuerza que afectar\u00e1 el futuro de nuestra sociedad. Vemos grandes tensiones, desconfianza en las instituciones, cambios tecnol\u00f3gicos brutales. Hemos trabajado en un proceso de reflexi\u00f3n y en una definici\u00f3n sobre qu\u00e9 deben hacer las empresas y sus directores en el Chile de hoy\u201d, explica.<\/p>\n\n\n\n<p style=\"font-size:15px\">\u201cEstamos tratando de dilucidar las acciones que deben impulsar para sobrevivir y servir a sus clientes en el mediano y largo plazo\u201d, agrega sobre un debate que fue anticipado por el ESE Business School tres meses antes de la llegada del <strong>Covid-19<\/strong> al pa\u00eds, mediante el <a href=\"https:\/\/www.ese.cl\/ese\/noticias\/centro-trabajo-y-familia\/ese-business-school-realizo-seminario-sostenibilidad-objetivo-o\/2019-12-19\/171108.html\" target=\"_blank\" rel=\"noreferrer noopener\">seminario \u201cSostenibilidad, \u00bfobjetivo o restricci\u00f3n?\u201d<\/a>, organizado por los Centros de <a href=\"https:\/\/www.ese.cl\/ese\/site\/edic\/base\/port\/centro_estudios_financieros.html\" target=\"_blank\" rel=\"noreferrer noopener\">Estudios Financieros<\/a>, de <a href=\"https:\/\/www.ese.cl\/ese\/site\/edic\/base\/port\/centro_gobierno_corporativo.html\" target=\"_blank\" rel=\"noreferrer noopener\">Gobierno Corporativo y Sociedad<\/a> y de <a href=\"https:\/\/www.ese.cl\/ese\/site\/edic\/base\/port\/centro_trabajo_familia.html\" target=\"_blank\" rel=\"noreferrer noopener\">Trabajo y Familia<\/a>.<\/p>\n\n\n\n<p style=\"font-size:15px\"><a rel=\"noreferrer noopener\" href=\"https:\/\/www.ese.cl\/ese\/academico\/full-time\/maria-jose-bosch\/2018-04-04\/133907.html\" target=\"_blank\">Mar\u00eda Jos\u00e9 Bosch<\/a>, directora de este \u00faltimo, moder\u00f3 un panel que sucedi\u00f3 a exposiciones de empresas, fundaciones y el Consejo Minero, que buscaron mirar el tema desde distintos puntos de vista. \u201cLlevado a la pandemia actual, si queremos ser sustentables a trav\u00e9s de la empresa, debemos preocuparnos de c\u00f3mo accionistas, clientes, proveedores y trabajadores vamos a salir adelante todos juntos. Este no es tema de un grupo, debe mirarse de manera integral\u201d, concluye.<\/p>\n\n\n\n<div class=\"wp-block-columns\">\n<div class=\"wp-block-column\">\n<figure class=\"wp-block-image size-large is-resized\"><img loading=\"lazy\" src=\"http:\/\/revistacampus.uandes.cl\/2020\/wp-content\/uploads\/2020\/08\/logo-citas.png\" alt=\"\" class=\"wp-image-3021\" width=\"87\" height=\"69\"\/><\/figure>\n<\/div>\n\n\n\n<div class=\"wp-block-column\"><\/div>\n\n\n\n<div class=\"wp-block-column\"><\/div>\n<\/div>\n\n\n\n<p class=\"has-text-color\" style=\"color:#006cb7\"><em><strong>\u201cHemos trabajado en un proceso de reflexi\u00f3n y en una definici\u00f3n sobre qu\u00e9 deben hacer las empresas y sus directores en el Chile de hoy\u201d.<\/strong><\/em><\/p>\n\n\n\n<p class=\"has-small-font-size\"><strong>Alfredo Enrione<\/strong>, <em>director del Centro de Gobierno Corporativo del ESE e impulsor del C\u00edrculo de Directores.<\/em><\/p>\n\n\n\n<hr class=\"wp-block-separator has-text-color has-background is-style-default\" style=\"background-color:#0071a1;color:#0071a1\"\/>\n\n\n\n<h4 class=\"has-text-color\" style=\"color:#006cb7\"><em>Una valiosa oportunidad de crecer<\/em><\/h4>\n\n\n\n<p style=\"font-size:15px\">En momentos de crisis, el <a rel=\"noreferrer noopener\" href=\"https:\/\/www.ese.cl\/ese\/noticias\/alumnos-del-diploma-gestion-para-microempresarios-de-la-pintana\/2019-09-11\/171610.html\" target=\"_blank\">Diplomado de Emprendimiento<\/a> que hace cuatro a\u00f1os imparte el ESE Business School en La Pintana y Puente Alto puede transformar la realidad de los microempresarios y mujeres cabezas de familia que aprenden sobre finanzas, marketing y ventas con profesores de primer nivel y viven la experiencia de presentar su plan de negocios ante importantes empresarios.<\/p>\n\n\n\n<div class=\"wp-block-columns\">\n<div class=\"wp-block-column\">\n<figure class=\"wp-block-image size-large is-style-rounded\"><img loading=\"lazy\" width=\"1024\" height=\"1024\" src=\"http:\/\/revistacampus.uandes.cl\/2020\/wp-content\/uploads\/2020\/09\/nocedal2018_Mesa-de-trabajo-1-1024x1024.png\" alt=\"\" class=\"wp-image-3611\" srcset=\"https:\/\/revistacampus.uandes.cl\/2020\/wp-content\/uploads\/2020\/09\/nocedal2018_Mesa-de-trabajo-1-1024x1024.png 1024w, https:\/\/revistacampus.uandes.cl\/2020\/wp-content\/uploads\/2020\/09\/nocedal2018_Mesa-de-trabajo-1-300x300.png 300w, https:\/\/revistacampus.uandes.cl\/2020\/wp-content\/uploads\/2020\/09\/nocedal2018_Mesa-de-trabajo-1-150x150.png 150w, https:\/\/revistacampus.uandes.cl\/2020\/wp-content\/uploads\/2020\/09\/nocedal2018_Mesa-de-trabajo-1-768x768.png 768w, https:\/\/revistacampus.uandes.cl\/2020\/wp-content\/uploads\/2020\/09\/nocedal2018_Mesa-de-trabajo-1-1536x1536.png 1536w, https:\/\/revistacampus.uandes.cl\/2020\/wp-content\/uploads\/2020\/09\/nocedal2018_Mesa-de-trabajo-1-2048x2048.png 2048w, https:\/\/revistacampus.uandes.cl\/2020\/wp-content\/uploads\/2020\/09\/nocedal2018_Mesa-de-trabajo-1-480x480.png 480w\" sizes=\"(max-width: 1024px) 100vw, 1024px\" \/><\/figure>\n<\/div>\n\n\n\n<div class=\"wp-block-column\">\n<figure class=\"wp-block-image size-large is-style-rounded\"><img loading=\"lazy\" width=\"1024\" height=\"1024\" src=\"http:\/\/revistacampus.uandes.cl\/2020\/wp-content\/uploads\/2020\/09\/nocedal1_Mesa-de-trabajo-1-1024x1024.png\" alt=\"\" class=\"wp-image-3610\" srcset=\"https:\/\/revistacampus.uandes.cl\/2020\/wp-content\/uploads\/2020\/09\/nocedal1_Mesa-de-trabajo-1-1024x1024.png 1024w, https:\/\/revistacampus.uandes.cl\/2020\/wp-content\/uploads\/2020\/09\/nocedal1_Mesa-de-trabajo-1-300x300.png 300w, https:\/\/revistacampus.uandes.cl\/2020\/wp-content\/uploads\/2020\/09\/nocedal1_Mesa-de-trabajo-1-150x150.png 150w, https:\/\/revistacampus.uandes.cl\/2020\/wp-content\/uploads\/2020\/09\/nocedal1_Mesa-de-trabajo-1-768x768.png 768w, https:\/\/revistacampus.uandes.cl\/2020\/wp-content\/uploads\/2020\/09\/nocedal1_Mesa-de-trabajo-1-1536x1536.png 1536w, https:\/\/revistacampus.uandes.cl\/2020\/wp-content\/uploads\/2020\/09\/nocedal1_Mesa-de-trabajo-1-2048x2048.png 2048w, https:\/\/revistacampus.uandes.cl\/2020\/wp-content\/uploads\/2020\/09\/nocedal1_Mesa-de-trabajo-1-480x480.png 480w\" sizes=\"(max-width: 1024px) 100vw, 1024px\" \/><\/figure>\n<\/div>\n<\/div>\n","protected":false},"excerpt":{"rendered":"<p>Expertos del ESE Business School analizan c\u00f3mo ha sido el proceder de las compa\u00f1\u00edas en el marco de la crisis sanitaria, coincidiendo en que este escenario adverso ofrece una gran oportunidad para establecer un \u201cnuevo trato\u201d con la sociedad chilena.<\/p>\n","protected":false},"author":2,"featured_media":3548,"comment_status":"open","ping_status":"open","sticky":false,"template":"","format":"standard","meta":[],"categories":[42],"tags":[],"_links":{"self":[{"href":"https:\/\/revistacampus.uandes.cl\/2020\/wp-json\/wp\/v2\/posts\/3547"}],"collection":[{"href":"https:\/\/revistacampus.uandes.cl\/2020\/wp-json\/wp\/v2\/posts"}],"about":[{"href":"https:\/\/revistacampus.uandes.cl\/2020\/wp-json\/wp\/v2\/types\/post"}],"author":[{"embeddable":true,"href":"https:\/\/revistacampus.uandes.cl\/2020\/wp-json\/wp\/v2\/users\/2"}],"replies":[{"embeddable":true,"href":"https:\/\/revistacampus.uandes.cl\/2020\/wp-json\/wp\/v2\/comments?post=3547"}],"version-history":[{"count":21,"href":"https:\/\/revistacampus.uandes.cl\/2020\/wp-json\/wp\/v2\/posts\/3547\/revisions"}],"predecessor-version":[{"id":4477,"href":"https:\/\/revistacampus.uandes.cl\/2020\/wp-json\/wp\/v2\/posts\/3547\/revisions\/4477"}],"wp:featuredmedia":[{"embeddable":true,"href":"https:\/\/revistacampus.uandes.cl\/2020\/wp-json\/wp\/v2\/media\/3548"}],"wp:attachment":[{"href":"https:\/\/revistacampus.uandes.cl\/2020\/wp-json\/wp\/v2\/media?parent=3547"}],"wp:term":[{"taxonomy":"category","embeddable":true,"href":"https:\/\/revistacampus.uandes.cl\/2020\/wp-json\/wp\/v2\/categories?post=3547"},{"taxonomy":"post_tag","embeddable":true,"href":"https:\/\/revistacampus.uandes.cl\/2020\/wp-json\/wp\/v2\/tags?post=3547"}],"curies":[{"name":"wp","href":"https:\/\/api.w.org\/{rel}","templated":true}]}}