{"id":3502,"date":"2020-08-31T17:13:18","date_gmt":"2020-08-31T21:13:18","guid":{"rendered":"http:\/\/revistacampus.uandes.cl\/2020\/?p=3502"},"modified":"2020-09-08T10:00:44","modified_gmt":"2020-09-08T13:00:44","slug":"la-democracia-liberal-bajo-la-lupa","status":"publish","type":"post","link":"https:\/\/revistacampus.uandes.cl\/2020\/la-democracia-liberal-bajo-la-lupa\/","title":{"rendered":"LA DEMOCRACIA liberal bajo la lupa"},"content":{"rendered":"\n<p><em><strong>Las instituciones pol\u00edticas atraviesan por una crisis de legitimidad en gran parte del mundo. Desde octubre se hizo m\u00e1s evidente en Chile con el llamado estallido social, discusi\u00f3n que los investigadores UANDES han abordado estableciendo un puente entre las humanidades, las ciencias sociales y la opini\u00f3n p\u00fablica.<\/strong><\/em><\/p>\n\n\n\n<p style=\"font-size:15px\">Antes de la pandemia del coronavirus, el debate pol\u00edtico copaba la agenda. Se avecinaba el plebiscito constituyente y Chile llevaba meses enfrentando la <strong>crisis social gatillada el 18 de octubre<\/strong>. Parte del malestar social que se evidenci\u00f3 apunt\u00f3 sus dardos al sistema pol\u00edtico, debate que es parte de uno global sobre la <strong>crisis de la democracia liberal<\/strong>. Es una discusi\u00f3n de largo aliento, que los investigadores UANDES han abordado en diferentes instancias para contribuir a la reflexi\u00f3n p\u00fablica.<\/p>\n\n\n\n<p style=\"font-size:15px\">\u201cLa <strong>democracia liberal<\/strong> parece afrontar una grave crisis, y el principal s\u00edntoma tiene que ver con las dificultades que enfrenta la representaci\u00f3n: <strong>nuestros representantes ya no logran articular la vida com\u00fan, ni la acci\u00f3n com\u00fan<\/strong>. A partir de all\u00ed, las instituciones padecen un grave d\u00e9ficit de legitimidad\u201d, se\u00f1ala <strong>Daniel Mansuy<\/strong>, director ejecutivo del <a href=\"https:\/\/www.uandes.cl\/signos\/\">Centro de Estudios e Investigaci\u00f3n Social UANDES Signos <\/a>y columnista de El Mercurio, espacio donde aborda los problemas pol\u00edticos y sociales del Chile actual.<\/p>\n\n\n\n<div class=\"wp-block-columns\">\n<div class=\"wp-block-column\">\n<figure class=\"wp-block-image size-large is-style-rounded\"><img loading=\"lazy\" width=\"1024\" height=\"1024\" src=\"http:\/\/revistacampus.uandes.cl\/2020\/wp-content\/uploads\/2020\/08\/Manfred-Svensson-1024x1024.jpg\" alt=\"\" class=\"wp-image-3505\" srcset=\"https:\/\/revistacampus.uandes.cl\/2020\/wp-content\/uploads\/2020\/08\/Manfred-Svensson-1024x1024.jpg 1024w, https:\/\/revistacampus.uandes.cl\/2020\/wp-content\/uploads\/2020\/08\/Manfred-Svensson-300x300.jpg 300w, https:\/\/revistacampus.uandes.cl\/2020\/wp-content\/uploads\/2020\/08\/Manfred-Svensson-150x150.jpg 150w, https:\/\/revistacampus.uandes.cl\/2020\/wp-content\/uploads\/2020\/08\/Manfred-Svensson-768x768.jpg 768w, https:\/\/revistacampus.uandes.cl\/2020\/wp-content\/uploads\/2020\/08\/Manfred-Svensson-480x480.jpg 480w, https:\/\/revistacampus.uandes.cl\/2020\/wp-content\/uploads\/2020\/08\/Manfred-Svensson.jpg 1080w\" sizes=\"(max-width: 1024px) 100vw, 1024px\" \/><\/figure>\n\n\n\n<p><\/p>\n<\/div>\n\n\n\n<div class=\"wp-block-column\">\n<p><\/p>\n\n\n\n<p style=\"font-size:14px\"><em>Manfred Svensson, director del Instituto de Filosof\u00eda y doctor en la materia por la Universidad de Munich, Alemania, participa activamente de la discusi\u00f3n p\u00fablica a trav\u00e9s de los medios de comunicaci\u00f3n.<\/em><\/p>\n<\/div>\n<\/div>\n\n\n\n<p style=\"font-size:15px\">Seg\u00fan reflexiona <strong>Manfred Svensson<\/strong>, director del <a href=\"https:\/\/www.uandes.cl\/carrera\/instituto-de-filosofia\/\">Instituto de Filosof\u00eda<\/a> y tambi\u00e9n columnista en diversos medios, <strong>todo orden pol\u00edtico tiene sus fragilidades, pero la democracia liberal \u201ces particularmente inconsciente de ellas<\/strong>. Eso se refleja en la idea de que hab\u00edamos llegado al final de la historia, que los cambios en adelante ser\u00edan cosm\u00e9ticos y no pasar\u00edan por grandes convulsiones. Con esa ceguera se es incapaz de ver y procesar las tensiones\u201d.<\/p>\n\n\n\n<p style=\"font-size:15px\">Si bien no hay una \u00fanica definici\u00f3n de democracia liberal, lo que impide encontrar una \u00fanica respuesta a la crisis, \u201cun diagn\u00f3stico com\u00fan es que ella depende de ciertas instituciones sociales que no puede producir por s\u00ed misma\u201d, explica <strong>Mat\u00edas Petersen,<\/strong> investigador de <a href=\"https:\/\/www.uandes.cl\/signos\/\">Signos <\/a>y director del <a href=\"https:\/\/www.uandes.cl\/signos\/magister-en-estudios-politicos\/\">Mag\u00edster en Estudios Pol\u00edticos<\/a>. Algunas son la familia, una visi\u00f3n trascendente de la persona y amplios grados de confianza social.<\/p>\n\n\n\n<p style=\"font-size:15px\">En su libro <em>\u00bfPor qu\u00e9 ha fracasado el liberalismo?<\/em>, el acad\u00e9mico norteamericano <strong>Patrick Deneen<\/strong>, quien visit\u00f3 la <a href=\"https:\/\/www.uandes.cl\/\">UANDES<\/a> invitado por <a href=\"https:\/\/www.uandes.cl\/signos\/\">Signos<\/a>, sostiene esa tesis. Se\u00f1ala que <strong>el orden liberal ha fracasado, parad\u00f3jicamente, porque ha sido exitoso<\/strong>. Su argumento es que <strong>el liberalismo depende de instituciones y v\u00ednculos sociales que no es capaz de crear ni proteger, y que tiende a erosionar<\/strong>.<\/p>\n\n\n\n<div class=\"wp-block-columns\">\n<div class=\"wp-block-column\">\n<div style=\"height:90px\" aria-hidden=\"true\" class=\"wp-block-spacer\"><\/div>\n\n\n\n<p style=\"font-size:14px\"><em>Patrick Deneen, profesor de Ciencias Pol\u00edticas en la Universidad de Notre Dame, Estados Unidos, fue uno de los invitados al ciclo de charlas \u201cDiscusiones Actuales\u201d, organizado por el Centro UANDES Signos para analizar temas de la contingencia nacional.<\/em><\/p>\n<\/div>\n\n\n\n<div class=\"wp-block-column\">\n<figure class=\"wp-block-image size-large is-style-rounded\"><img loading=\"lazy\" width=\"1024\" height=\"1024\" src=\"http:\/\/revistacampus.uandes.cl\/2020\/wp-content\/uploads\/2020\/08\/18-20-Crisis-de-la-democracia-liberal-y-aporte-a-la-discusi\u00f3n-1-1024x1024.jpg\" alt=\"\" class=\"wp-image-3520\" srcset=\"https:\/\/revistacampus.uandes.cl\/2020\/wp-content\/uploads\/2020\/08\/18-20-Crisis-de-la-democracia-liberal-y-aporte-a-la-discusi\u00f3n-1-1024x1024.jpg 1024w, https:\/\/revistacampus.uandes.cl\/2020\/wp-content\/uploads\/2020\/08\/18-20-Crisis-de-la-democracia-liberal-y-aporte-a-la-discusi\u00f3n-1-300x300.jpg 300w, https:\/\/revistacampus.uandes.cl\/2020\/wp-content\/uploads\/2020\/08\/18-20-Crisis-de-la-democracia-liberal-y-aporte-a-la-discusi\u00f3n-1-150x150.jpg 150w, https:\/\/revistacampus.uandes.cl\/2020\/wp-content\/uploads\/2020\/08\/18-20-Crisis-de-la-democracia-liberal-y-aporte-a-la-discusi\u00f3n-1-768x768.jpg 768w, https:\/\/revistacampus.uandes.cl\/2020\/wp-content\/uploads\/2020\/08\/18-20-Crisis-de-la-democracia-liberal-y-aporte-a-la-discusi\u00f3n-1-480x480.jpg 480w, https:\/\/revistacampus.uandes.cl\/2020\/wp-content\/uploads\/2020\/08\/18-20-Crisis-de-la-democracia-liberal-y-aporte-a-la-discusi\u00f3n-1.jpg 1080w\" sizes=\"(max-width: 1024px) 100vw, 1024px\" \/><\/figure>\n<\/div>\n<\/div>\n\n\n\n<p style=\"font-size:15px\">\u00bfC\u00f3mo se relaciona este debate con la crisis social en Chile? Es una de las aristas abordadas en el ciclo de charlas <strong>Discusiones Actuales <\/strong>organizado por <a href=\"https:\/\/www.uandes.cl\/signos\/\">Signos<\/a>. Para Manfred Svensson hay varios ingredientes, pero uno clave es lo que el intelectual estadounidense Christopher Lasch diagnostic\u00f3 como la <strong>\u2018rebeli\u00f3n de las \u00e9lites\u2019<\/strong>. \u201cAnte problemas materiales y espirituales de primera envergadura, ofrecemos como respuesta derechos, lenguaje correcto, etc. No es raro que en alg\u00fan momento eso explote\u201d, se\u00f1ala, y sugiere leer a Eric Voegelin para pensar el momento actual.<\/p>\n\n\n\n<p class=\"has-text-color\" style=\"color:#542e91\"><em><strong>El equipo del Centro UANDES Signos busca contribuir al conocimiento de la realidad por medio de la investigaci\u00f3n en las distintas \u00e1reas de las ciencias sociales, asumiendo la variedad de perspectivas y el respeto a la dignidad humana como caracter\u00edsticas fundamentales de su trabajo.<\/strong><\/em><\/p>\n\n\n\n<div class=\"wp-block-columns\">\n<div class=\"wp-block-column\"><\/div>\n\n\n\n<div class=\"wp-block-column\"><\/div>\n<\/div>\n\n\n\n<h4 class=\"has-text-color\" style=\"color:#542e91\">PENSAR PARA DEBATIR<\/h4>\n\n\n\n<p style=\"font-size:15px\">Para Daniel Mansuy, \u201c<strong>las ciencias sociales y las humanidades est\u00e1n llamadas a tratar de iluminar estos problemas, pues no hay nada m\u00e1s importante que contar con un diagn\u00f3stico adecuado<\/strong>. No podremos dar con una salida razonable si no disponemos antes de una explicaci\u00f3n\u201d. En su libro <em>Nos fuimos quedando en silencio<\/em>, ampliamente citado en la discusi\u00f3n p\u00fablica sobre el Chile de hoy, propone un diagn\u00f3stico provocativo, donde se percata del malestar social que se incubaba en el pa\u00eds y del vaciamiento ideol\u00f3gico de buena parte del mundo pol\u00edtico chileno desde la transici\u00f3n.<\/p>\n\n\n\n<div class=\"wp-block-columns\">\n<div class=\"wp-block-column\">\n<div style=\"height:50px\" aria-hidden=\"true\" class=\"wp-block-spacer\"><\/div>\n\n\n\n<p style=\"font-size:14px\"><em>Mat\u00edas Petersen (a la derecha) dirige el Mag\u00edster en Estudios Pol\u00edticos, programa impartido en conjunto por el Instituto de Filosof\u00eda y el Centro Signos. Junto a \u00e9l, la historiadora Sarah Wilford.<\/em><\/p>\n<\/div>\n\n\n\n<div class=\"wp-block-column\">\n<figure class=\"wp-block-image size-large\"><img loading=\"lazy\" width=\"1024\" height=\"682\" src=\"http:\/\/revistacampus.uandes.cl\/2020\/wp-content\/uploads\/2020\/08\/18-20-Crisis-de-la-democracia-liberal-y-aporte-a-la-discusi\u00f3n-1024x682.jpg\" alt=\"\" class=\"wp-image-3510\" srcset=\"https:\/\/revistacampus.uandes.cl\/2020\/wp-content\/uploads\/2020\/08\/18-20-Crisis-de-la-democracia-liberal-y-aporte-a-la-discusi\u00f3n-1024x682.jpg 1024w, https:\/\/revistacampus.uandes.cl\/2020\/wp-content\/uploads\/2020\/08\/18-20-Crisis-de-la-democracia-liberal-y-aporte-a-la-discusi\u00f3n-300x200.jpg 300w, https:\/\/revistacampus.uandes.cl\/2020\/wp-content\/uploads\/2020\/08\/18-20-Crisis-de-la-democracia-liberal-y-aporte-a-la-discusi\u00f3n-768x512.jpg 768w, https:\/\/revistacampus.uandes.cl\/2020\/wp-content\/uploads\/2020\/08\/18-20-Crisis-de-la-democracia-liberal-y-aporte-a-la-discusi\u00f3n-1536x1024.jpg 1536w, https:\/\/revistacampus.uandes.cl\/2020\/wp-content\/uploads\/2020\/08\/18-20-Crisis-de-la-democracia-liberal-y-aporte-a-la-discusi\u00f3n-720x480.jpg 720w, https:\/\/revistacampus.uandes.cl\/2020\/wp-content\/uploads\/2020\/08\/18-20-Crisis-de-la-democracia-liberal-y-aporte-a-la-discusi\u00f3n-480x320.jpg 480w, https:\/\/revistacampus.uandes.cl\/2020\/wp-content\/uploads\/2020\/08\/18-20-Crisis-de-la-democracia-liberal-y-aporte-a-la-discusi\u00f3n.jpg 2000w\" sizes=\"(max-width: 1024px) 100vw, 1024px\" \/><\/figure>\n<\/div>\n<\/div>\n\n\n\n<p style=\"font-size:15px\">Los problemas contempor\u00e1neos, como la crisis de la democracia liberal, exigen una mirada multidimensional para ser comprendidos. Eso inspira el <a href=\"https:\/\/www.uandes.cl\/signos\/magister-en-estudios-politicos\/\">Mag\u00edster en Estudios Pol\u00edticos<\/a>, que ya cuenta con su primera generaci\u00f3n de egresados, y tambi\u00e9n a <a href=\"https:\/\/www.uandes.cl\/signos\/\">Signos<\/a>, que sum\u00f3 a su equipo a <strong>Sarah Wilford<\/strong>, Ph.D. en Ciencia Pol\u00edtica del <a href=\"https:\/\/www.kcl.ac.uk\/\" target=\"_blank\" rel=\"noreferrer noopener\"><em>King\u2019s College<\/em> de Londres<\/a> y autora del art\u00edculo <em>After the Ostroms, who needs Tocqueville<\/em>. En \u00e9l aborda la mirada de los pensadores en torno a la democracia. \u201c<strong>Ambas perspectivas destacan la precariedad y la fragilidad de la vida democr\u00e1tica y el papel de los individuos y las comunidades locales en el \u00e9xito de una democracia<\/strong>\u201d, se\u00f1ala.<\/p>\n\n\n\n<hr class=\"wp-block-separator has-text-color has-background\" style=\"background-color:#542e91;color:#542e91\"\/>\n\n\n\n<h4 class=\"has-text-color\" style=\"color:#542e91\">Los l\u00edmites del progreso<\/h4>\n\n\n\n<div class=\"wp-block-columns\">\n<div class=\"wp-block-column\" style=\"flex-basis:33.33%\">\n<figure class=\"wp-block-image size-large is-style-rounded\"><img loading=\"lazy\" width=\"1024\" height=\"1024\" src=\"http:\/\/revistacampus.uandes.cl\/2020\/wp-content\/uploads\/2020\/08\/Daniel-Mansuy-1024x1024.jpg\" alt=\"\" class=\"wp-image-3515\" srcset=\"https:\/\/revistacampus.uandes.cl\/2020\/wp-content\/uploads\/2020\/08\/Daniel-Mansuy-1024x1024.jpg 1024w, https:\/\/revistacampus.uandes.cl\/2020\/wp-content\/uploads\/2020\/08\/Daniel-Mansuy-300x300.jpg 300w, https:\/\/revistacampus.uandes.cl\/2020\/wp-content\/uploads\/2020\/08\/Daniel-Mansuy-150x150.jpg 150w, https:\/\/revistacampus.uandes.cl\/2020\/wp-content\/uploads\/2020\/08\/Daniel-Mansuy-768x768.jpg 768w, https:\/\/revistacampus.uandes.cl\/2020\/wp-content\/uploads\/2020\/08\/Daniel-Mansuy-480x480.jpg 480w, https:\/\/revistacampus.uandes.cl\/2020\/wp-content\/uploads\/2020\/08\/Daniel-Mansuy.jpg 1080w\" sizes=\"(max-width: 1024px) 100vw, 1024px\" \/><\/figure>\n<\/div>\n\n\n\n<div class=\"wp-block-column\" style=\"flex-basis:66.66%\">\n<p style=\"font-size:14px\">La pregunta sobre c\u00f3mo el hombre concibe el mundo, lo habita y se vincula con \u00e9l y la naturaleza ha estado presente a lo largo de la historia. Pero a ra\u00edz de la pandemia volvi\u00f3 a estar al centro. Es el tema que abord\u00f3 <strong>Daniel Mansuy<\/strong> en la <strong><a href=\"https:\/\/www.uandes.cl\/noticias\/profesor-daniel-mansuy-analiza-los-limites-del-progreso-en-inauguracion-del-ano-academico-uandes-2020\/\" target=\"_blank\" rel=\"noreferrer noopener\">clase magistral del Acto Acad\u00e9mico 2020<\/a><\/strong>, realizado en formato <em>online<\/em>, donde explor\u00f3 las <strong>tensiones que genera el progreso y sus l\u00edmites. <\/strong><\/p>\n\n\n\n<p style=\"font-size:14px\">\u201cHoy vivimos como si todo estuviera a nuestra disposici\u00f3n, y eso es lo que esta crisis ha frenado de modo brutal\u201d, se\u00f1al\u00f3. \u201cPor eso hemos olvidado la tragedia, porque lo tr\u00e1gico es lo que escapa a nuestras manos. Por eso no sabemos muy bien c\u00f3mo reaccionar frente a ella, no tenemos categor\u00edas intelectuales, no sabemos qu\u00e9 hacer. El virus no est\u00e1, por ahora, a nuestra disposici\u00f3n; sino que, m\u00e1s bien, estamos nosotros a su disposici\u00f3n. Y eso nos desespera\u201d, sostuvo.<\/p>\n<\/div>\n<\/div>\n\n\n\n<p><\/p>\n","protected":false},"excerpt":{"rendered":"<p>Las instituciones pol\u00edticas atraviesan por una crisis de legitimidad en gran parte del mundo. Desde octubre se hizo m\u00e1s evidente en Chile con el llamado estallido social, discusi\u00f3n que los investigadores UANDES han abordado estableciendo un puente entre las humanidades, las ciencias sociales y la opini\u00f3n p\u00fablica.<\/p>\n","protected":false},"author":2,"featured_media":4125,"comment_status":"open","ping_status":"open","sticky":false,"template":"","format":"standard","meta":[],"categories":[42],"tags":[],"_links":{"self":[{"href":"https:\/\/revistacampus.uandes.cl\/2020\/wp-json\/wp\/v2\/posts\/3502"}],"collection":[{"href":"https:\/\/revistacampus.uandes.cl\/2020\/wp-json\/wp\/v2\/posts"}],"about":[{"href":"https:\/\/revistacampus.uandes.cl\/2020\/wp-json\/wp\/v2\/types\/post"}],"author":[{"embeddable":true,"href":"https:\/\/revistacampus.uandes.cl\/2020\/wp-json\/wp\/v2\/users\/2"}],"replies":[{"embeddable":true,"href":"https:\/\/revistacampus.uandes.cl\/2020\/wp-json\/wp\/v2\/comments?post=3502"}],"version-history":[{"count":18,"href":"https:\/\/revistacampus.uandes.cl\/2020\/wp-json\/wp\/v2\/posts\/3502\/revisions"}],"predecessor-version":[{"id":4539,"href":"https:\/\/revistacampus.uandes.cl\/2020\/wp-json\/wp\/v2\/posts\/3502\/revisions\/4539"}],"wp:featuredmedia":[{"embeddable":true,"href":"https:\/\/revistacampus.uandes.cl\/2020\/wp-json\/wp\/v2\/media\/4125"}],"wp:attachment":[{"href":"https:\/\/revistacampus.uandes.cl\/2020\/wp-json\/wp\/v2\/media?parent=3502"}],"wp:term":[{"taxonomy":"category","embeddable":true,"href":"https:\/\/revistacampus.uandes.cl\/2020\/wp-json\/wp\/v2\/categories?post=3502"},{"taxonomy":"post_tag","embeddable":true,"href":"https:\/\/revistacampus.uandes.cl\/2020\/wp-json\/wp\/v2\/tags?post=3502"}],"curies":[{"name":"wp","href":"https:\/\/api.w.org\/{rel}","templated":true}]}}