{"id":3495,"date":"2020-06-30T16:49:24","date_gmt":"2020-06-30T20:49:24","guid":{"rendered":"http:\/\/revistacampus.uandes.cl\/2020\/?p=3495"},"modified":"2020-09-07T13:05:59","modified_gmt":"2020-09-07T16:05:59","slug":"abuso-de-sustanciasen-tiempos-de-pandemia","status":"publish","type":"post","link":"https:\/\/revistacampus.uandes.cl\/2020\/abuso-de-sustanciasen-tiempos-de-pandemia\/","title":{"rendered":"Abuso de  Sustancias<br><span class=\"subtitulo\">en tiempos de pandemia<\/span>"},"content":{"rendered":"\n<p><em><strong>El aumento del consumo de alcohol durante la crisis sanitaria pone sobre la mesa un tema muchas veces olvidado y que requiere de un arduo trabajo de prevenci\u00f3n y de formaci\u00f3n humana, para promover una vida sana y evitar el consumo problem\u00e1tico.<\/strong><\/em><\/p>\n\n\n\n<p style=\"font-size:15px\">La cuarentena que hemos vivido ha impactado nuestra salud f\u00edsica, mental, emocional, espiritual y ocupacional. Esta situaci\u00f3n de excepci\u00f3n conlleva altas cuotas de estr\u00e9s, miedo e incertidumbre y puede encaminar a que personas que presentan, o han tenido, un consumo problem\u00e1tico de drogas aumenten o retomen ese consumo. El hecho de disponer de alcohol, tabaco y f\u00e1rmacos de prescripci\u00f3n m\u00e9dica en casa agrava la situaci\u00f3n.<\/p>\n\n\n\n<p style=\"font-size:15px\">Un caso ocurrido en Graneros, donde el edil facilit\u00f3 la entrega de un f\u00e1rmaco a un vecino contagiado por Covid-19 que pasaba por per\u00edodo de abstinencia -tal como la autoridad se\u00f1al\u00f3 en una radio local-, dej\u00f3 de manifiesto la importancia de visibilizar a este grupo de la poblaci\u00f3n, muchas veces desatendido.<\/p>\n\n\n\n<p style=\"font-size:15px\"><strong>Mar\u00eda Elena Riveros<\/strong>, directora de la <a href=\"https:\/\/www.uandes.cl\/carrera\/terapia-ocupacional\/\" target=\"_blank\" rel=\"noreferrer noopener\">Escuela de Terapia Ocupaciona<\/a>l y especialista en salud p\u00fablica y drogodependencias, explica que entre las personas consumidoras de sustancias se pueden distinguir distintos perfiles con caracter\u00edsticas propias. \u201cEn el caso de ni\u00f1os y adolescentes, cualquier uso de sustancias es de riesgo, dada la etapa en la que est\u00e1n, con un cerebro, cuerpo y afectividad en desarrollo. Otras poblaciones en que el consumo de drogas refleja alta vulnerabilidad son las mujeres, personas privadas de libertad, quienes viven en situaci\u00f3n de calle, migrantes, j\u00f3venes en conflicto con la justicia y personas con comorbilidad psiqui\u00e1trica, entre otros\u201d, detalla.<\/p>\n\n\n\n<div class=\"wp-block-columns\">\n<div class=\"wp-block-column\">\n<figure class=\"wp-block-image size-large is-style-rounded\"><img loading=\"lazy\" width=\"1024\" height=\"1024\" src=\"http:\/\/revistacampus.uandes.cl\/2020\/wp-content\/uploads\/2020\/08\/Maria-Elena-Riveros-1-1024x1024.jpg\" alt=\"\" class=\"wp-image-3496\" srcset=\"https:\/\/revistacampus.uandes.cl\/2020\/wp-content\/uploads\/2020\/08\/Maria-Elena-Riveros-1-1024x1024.jpg 1024w, https:\/\/revistacampus.uandes.cl\/2020\/wp-content\/uploads\/2020\/08\/Maria-Elena-Riveros-1-300x300.jpg 300w, https:\/\/revistacampus.uandes.cl\/2020\/wp-content\/uploads\/2020\/08\/Maria-Elena-Riveros-1-150x150.jpg 150w, https:\/\/revistacampus.uandes.cl\/2020\/wp-content\/uploads\/2020\/08\/Maria-Elena-Riveros-1-768x768.jpg 768w, https:\/\/revistacampus.uandes.cl\/2020\/wp-content\/uploads\/2020\/08\/Maria-Elena-Riveros-1-480x480.jpg 480w, https:\/\/revistacampus.uandes.cl\/2020\/wp-content\/uploads\/2020\/08\/Maria-Elena-Riveros-1.jpg 1080w\" sizes=\"(max-width: 1024px) 100vw, 1024px\" \/><\/figure>\n<\/div>\n\n\n\n<div class=\"wp-block-column\">\n<div style=\"height:30px\" aria-hidden=\"true\" class=\"wp-block-spacer\"><\/div>\n\n\n\n<p style=\"font-size:14px\"><em>Mar\u00eda Elena Riveros, directora de la Escuela de Terapia Ocupacional y miembro del consejo asesor t\u00e9cnico de la <a rel=\"noreferrer noopener\" href=\"https:\/\/www.corporacionmanana.org\/\" target=\"_blank\">Corporaci\u00f3n Ma\u00f1ana<\/a>, advierte sobre la falta de profesionales y t\u00e9cnicos capacitados para atender a personas con consumo problem\u00e1tico de drogas, pues en Chile hay una baja formaci\u00f3n en programas de pregrado y escasa oferta de especializaci\u00f3n en educaci\u00f3n continua y postgrado.<\/em><\/p>\n<\/div>\n<\/div>\n\n\n\n<p style=\"font-size:15px\">La especialista destaca que el rol de la familia es fundamental y que, si no existe la figura familiar de apoyo, se debe crear una. \u201cLas personas con historia de consumo de droga tambi\u00e9n cargan historias de abandono, sufrimiento y p\u00e9rdida de confianza de otros. Debemos fortalecer las competencias parentales -y de quienes desempe\u00f1an ese rol- para educar a los hijos, dar las herramientas para formar un v\u00ednculo y generar un ambiente de protecci\u00f3n y cuidado, para ejercer un trabajo de primera importancia: criar a la futura generaci\u00f3n\u201d.<\/p>\n\n\n\n<figure class=\"wp-block-image size-large\"><img loading=\"lazy\" width=\"1024\" height=\"406\" src=\"http:\/\/revistacampus.uandes.cl\/2020\/wp-content\/uploads\/2020\/08\/Curso-Plan-Colombo-enero-2020-1024x406.jpg\" alt=\"\" class=\"wp-image-3528\" srcset=\"https:\/\/revistacampus.uandes.cl\/2020\/wp-content\/uploads\/2020\/08\/Curso-Plan-Colombo-enero-2020-1024x406.jpg 1024w, https:\/\/revistacampus.uandes.cl\/2020\/wp-content\/uploads\/2020\/08\/Curso-Plan-Colombo-enero-2020-300x119.jpg 300w, https:\/\/revistacampus.uandes.cl\/2020\/wp-content\/uploads\/2020\/08\/Curso-Plan-Colombo-enero-2020-768x304.jpg 768w, https:\/\/revistacampus.uandes.cl\/2020\/wp-content\/uploads\/2020\/08\/Curso-Plan-Colombo-enero-2020-1536x608.jpg 1536w, https:\/\/revistacampus.uandes.cl\/2020\/wp-content\/uploads\/2020\/08\/Curso-Plan-Colombo-enero-2020-480x190.jpg 480w, https:\/\/revistacampus.uandes.cl\/2020\/wp-content\/uploads\/2020\/08\/Curso-Plan-Colombo-enero-2020.jpg 2000w\" sizes=\"(max-width: 1024px) 100vw, 1024px\" \/><figcaption><em>Este a\u00f1o, la <strong>Escuela de Terapia Ocupacional <\/strong>ha patrocinado dos versiones del Curso de Entrenamiento del Curr\u00edculum Universal de Tratamiento (Serie B\u00e1sica) del <a href=\"https:\/\/www.uandes.cl\/noticias\/profesionales-se-capacitaron-en-plan-colombo-para-la-prevencion-y-erradicacion-del-consumo-de-sustancias-de-abuso\/\">Plan Colombo, Drug Advisory Programme (DAP)<\/a>. Patrocinado por la ONU, busca abordar el consumo de sustancias ilegales, a trav\u00e9s de la prevenci\u00f3n, tratamiento e integraci\u00f3n social.<\/em><\/figcaption><\/figure>\n\n\n\n<h4 class=\"has-text-color\" style=\"color:#ed1d24\">EL TRABAJO COMO FACTOR ESCENCIAL<\/h4>\n\n\n\n<p style=\"font-size:15px\">El acceso al trabajo es un factor que contribuye a reducir las brechas de equidad. \u201cHabitamos en una sociedad cargada de prejuicios y que prefiere \u2018invisibilizar\u2019 a una parte de su poblaci\u00f3n, como las personas consumidoras problem\u00e1ticas de drogas\u201d, afirma la terapeuta ocupacional. \u201cPara avanzar en inclusi\u00f3n se debe afirmar el valor y dignidad de cada persona y su derecho a una vida plena, donde el trabajo ocupa un lugar esencial. Debemos dar el valor que tiene el esfuerzo de recuperaci\u00f3n, de salir adelante con perseverancia, a pesar de las situaciones adversas. Son personas que han tenido menos oportunidades y m\u00e1s dificultades a lo largo de sus vidas\u201d.<\/p>\n\n\n\n<hr class=\"wp-block-separator\"\/>\n\n\n\n<p class=\"has-text-color\" style=\"color:#ed1d24\"><em><strong>La Escuela de Terapia Ocupacional imparte el \u201c<a rel=\"noreferrer noopener\" href=\"http:\/\/minors.uandes.cl\/consumo_de_alcohol_y_drogas.html\" target=\"_blank\"><span class=\"has-inline-color has-vivid-red-color\">Minor en Consumo de alcohol y drogas: impacto en la ocupaci\u00f3n humana<\/span><\/a>\u201d a estudiantes de diferentes carreras, con el objetivo de formar desde el pregrado y abordar los desaf\u00edos que enfrentamos como pa\u00eds en el uso problem\u00e1tico de drogas.<\/strong><\/em><\/p>\n","protected":false},"excerpt":{"rendered":"<p>El aumento del consumo de alcohol durante la crisis sanitaria pone sobre la mesa un tema muchas veces olvidado y que requiere de un arduo trabajo de prevenci\u00f3n y de formaci\u00f3n humana, para promover una vida sana y evitar el consumo problem\u00e1tico.<\/p>\n","protected":false},"author":2,"featured_media":3751,"comment_status":"open","ping_status":"open","sticky":false,"template":"","format":"standard","meta":[],"categories":[42],"tags":[],"_links":{"self":[{"href":"https:\/\/revistacampus.uandes.cl\/2020\/wp-json\/wp\/v2\/posts\/3495"}],"collection":[{"href":"https:\/\/revistacampus.uandes.cl\/2020\/wp-json\/wp\/v2\/posts"}],"about":[{"href":"https:\/\/revistacampus.uandes.cl\/2020\/wp-json\/wp\/v2\/types\/post"}],"author":[{"embeddable":true,"href":"https:\/\/revistacampus.uandes.cl\/2020\/wp-json\/wp\/v2\/users\/2"}],"replies":[{"embeddable":true,"href":"https:\/\/revistacampus.uandes.cl\/2020\/wp-json\/wp\/v2\/comments?post=3495"}],"version-history":[{"count":12,"href":"https:\/\/revistacampus.uandes.cl\/2020\/wp-json\/wp\/v2\/posts\/3495\/revisions"}],"predecessor-version":[{"id":4444,"href":"https:\/\/revistacampus.uandes.cl\/2020\/wp-json\/wp\/v2\/posts\/3495\/revisions\/4444"}],"wp:featuredmedia":[{"embeddable":true,"href":"https:\/\/revistacampus.uandes.cl\/2020\/wp-json\/wp\/v2\/media\/3751"}],"wp:attachment":[{"href":"https:\/\/revistacampus.uandes.cl\/2020\/wp-json\/wp\/v2\/media?parent=3495"}],"wp:term":[{"taxonomy":"category","embeddable":true,"href":"https:\/\/revistacampus.uandes.cl\/2020\/wp-json\/wp\/v2\/categories?post=3495"},{"taxonomy":"post_tag","embeddable":true,"href":"https:\/\/revistacampus.uandes.cl\/2020\/wp-json\/wp\/v2\/tags?post=3495"}],"curies":[{"name":"wp","href":"https:\/\/api.w.org\/{rel}","templated":true}]}}