{"id":3488,"date":"2020-07-31T16:15:57","date_gmt":"2020-07-31T20:15:57","guid":{"rendered":"http:\/\/revistacampus.uandes.cl\/2020\/?p=3488"},"modified":"2020-09-07T16:48:42","modified_gmt":"2020-09-07T19:48:42","slug":"estudiantes-en-liderazgo","status":"publish","type":"post","link":"https:\/\/revistacampus.uandes.cl\/2020\/estudiantes-en-liderazgo\/","title":{"rendered":"Estudiantes en Liderazgo"},"content":{"rendered":"\n<p><strong><em>El trabajo de la FEUANDES, el proyecto Incuba UANDES y la Escuela de Liderazgo son algunas de las formas en que nuestros estudiantes demuestran su iniciativa.<\/em><\/strong><\/p>\n\n\n\n<h4 class=\"has-text-color\" style=\"color:#ffc20e\">Formando los l\u00edderes que la sociedad necesita<\/h4>\n\n\n\n<p>De manera presencial y luego online, la <a href=\"https:\/\/www.uandes.cl\/alumnos\/vida-universitaria\/escuela-de-liderazgo\/\">Escuela de Liderazgo<\/a> sigue adelante con su misi\u00f3n de <strong>fomentar en los estudiantes el pensamiento cr\u00edtico y las ganas de ser agentes de cambio<\/strong>. Durante 2020, cientos de alumnos han analizado el liderazgo de los presidentes de diversos pa\u00edses, han conversado con personajes de relevancia p\u00fablica y han participado de foros con l\u00edderes pol\u00edticos universitarios. Adem\u00e1s, los centros de alumnos recibieron capacitaci\u00f3n para poder llevar adelante sus proyectos.<\/p>\n\n\n\n<div class=\"wp-block-columns\">\n<div class=\"wp-block-column\">\n<figure class=\"wp-block-embed-youtube wp-block-embed is-type-video is-provider-youtube wp-embed-aspect-16-9 wp-has-aspect-ratio\"><div class=\"wp-block-embed__wrapper\">\n<iframe title=\"Segundo cap\u00edtulo del ciclo Hablemos de Liderazgo en tiempos de crisis. Invitado:Jos\u00e9 Antonio Guzm\u00e1n.\" width=\"1080\" height=\"608\" src=\"https:\/\/www.youtube.com\/embed\/-fHKs2lSYz0?feature=oembed\" frameborder=\"0\" allow=\"accelerometer; autoplay; encrypted-media; gyroscope; picture-in-picture\" allowfullscreen><\/iframe>\n<\/div><\/figure>\n<\/div>\n\n\n\n<div class=\"wp-block-column\">\n<figure class=\"wp-block-embed-youtube wp-block-embed is-type-video is-provider-youtube wp-embed-aspect-16-9 wp-has-aspect-ratio\"><div class=\"wp-block-embed__wrapper\">\n<iframe title=\"Tercer cap\u00edtulo del ciclo Hablemos de Liderazgo en tiempos de crisis. Invitado: Laura Debesa.\" width=\"1080\" height=\"608\" src=\"https:\/\/www.youtube.com\/embed\/uc6vlPYxIzs?feature=oembed\" frameborder=\"0\" allow=\"accelerometer; autoplay; encrypted-media; gyroscope; picture-in-picture\" allowfullscreen><\/iframe>\n<\/div><\/figure>\n<\/div>\n<\/div>\n\n\n\n<hr class=\"wp-block-separator has-text-color has-background is-style-default\" style=\"background-color:#ffc20e;color:#ffc20e\"\/>\n\n\n\n<h4 class=\"has-text-color\" style=\"color:#ffc20e\">Proyecto transversal con foco en los alumnos<\/h4>\n\n\n\n<p>El estallido social y la pandemia del coronavirus no fueron impedimentos para que la Federaci\u00f3n de Estudiantes, <strong>FEUANDES 2020<\/strong>, liderada por el alumno de Medicina <a rel=\"noreferrer noopener\" href=\"https:\/\/www.uandes.cl\/noticias\/ignacio-cruz-queremos-impulsar-una-nueva-forma-de-hacer-politica-universitaria\/\" target=\"_blank\">Ignacio Cruz<\/a>, cumpliera con su misi\u00f3n de representar a sus compa\u00f1eros. En el transcurso de este a\u00f1o, Ignacio ha participado en el <a href=\"https:\/\/www.uandes.cl\/la-uandes\/organizacion\/#autoridades\" target=\"_blank\" rel=\"noreferrer noopener\">Consejo Superior<\/a> y ha tenido diversas instancias de encuentro y conversaci\u00f3n con las autoridades universitarias.<\/p>\n\n\n\n<figure class=\"wp-block-image size-large\"><img loading=\"lazy\" width=\"1024\" height=\"682\" src=\"http:\/\/revistacampus.uandes.cl\/2020\/wp-content\/uploads\/2020\/08\/Feuandes-y-Rector\u00eda-1024x682.jpg\" alt=\"\" class=\"wp-image-3492\" srcset=\"https:\/\/revistacampus.uandes.cl\/2020\/wp-content\/uploads\/2020\/08\/Feuandes-y-Rector\u00eda-1024x682.jpg 1024w, https:\/\/revistacampus.uandes.cl\/2020\/wp-content\/uploads\/2020\/08\/Feuandes-y-Rector\u00eda-300x200.jpg 300w, https:\/\/revistacampus.uandes.cl\/2020\/wp-content\/uploads\/2020\/08\/Feuandes-y-Rector\u00eda-768x512.jpg 768w, https:\/\/revistacampus.uandes.cl\/2020\/wp-content\/uploads\/2020\/08\/Feuandes-y-Rector\u00eda-1536x1024.jpg 1536w, https:\/\/revistacampus.uandes.cl\/2020\/wp-content\/uploads\/2020\/08\/Feuandes-y-Rector\u00eda-720x480.jpg 720w, https:\/\/revistacampus.uandes.cl\/2020\/wp-content\/uploads\/2020\/08\/Feuandes-y-Rector\u00eda-480x320.jpg 480w, https:\/\/revistacampus.uandes.cl\/2020\/wp-content\/uploads\/2020\/08\/Feuandes-y-Rector\u00eda.jpg 2000w\" sizes=\"(max-width: 1024px) 100vw, 1024px\" \/><\/figure>\n\n\n\n<h4 class=\"has-text-color\" style=\"color:#ffc20e\">Innovaci\u00f3n y emprendimiento<\/h4>\n\n\n\n<p><a rel=\"noreferrer noopener\" href=\"https:\/\/www.uandes.cl\/noticias\/incubauandes-realiza-su-primera-charla-de-innovacion-y-emprendimiento\/\" target=\"_blank\">Incuba UANDES<\/a> naci\u00f3 como una <strong>iniciativa de alumnos para apoyar a otros estudiantes en la implementaci\u00f3n de sus emprendimientos.<\/strong> Gracias a los Fondos Concursables de <a href=\"https:\/\/www.uandes.cl\/alumnos\/vida-universitaria\/\" target=\"_blank\" rel=\"noreferrer noopener\">Vida Universitaria<\/a>, y al apoyo de la <a href=\"https:\/\/innovacion.uandes.cl\/\" target=\"_blank\" rel=\"noreferrer noopener\">Direcci\u00f3n de Innovaci\u00f3n<\/a> y de la <a href=\"https:\/\/www.uandes.cl\/carrera\/ingenieria-comercial\/\" target=\"_blank\" rel=\"noreferrer noopener\">Facultad de Ingenier\u00eda Comercial<\/a>, pudieron convocar a CEOs de aplicaciones exitosas para abordar los desaf\u00edos a la hora de emprender y se han reunido peri\u00f3dicamente para fomentar y motivar la creaci\u00f3n de oportunidades dentro de la comunidad universitaria.<\/p>\n\n\n\n<figure class=\"wp-block-image size-large\"><img loading=\"lazy\" width=\"1024\" height=\"682\" src=\"http:\/\/revistacampus.uandes.cl\/2020\/wp-content\/uploads\/2020\/08\/Proyecto-Incuba-1024x682.jpg\" alt=\"\" class=\"wp-image-3491\" srcset=\"https:\/\/revistacampus.uandes.cl\/2020\/wp-content\/uploads\/2020\/08\/Proyecto-Incuba-1024x682.jpg 1024w, https:\/\/revistacampus.uandes.cl\/2020\/wp-content\/uploads\/2020\/08\/Proyecto-Incuba-300x200.jpg 300w, https:\/\/revistacampus.uandes.cl\/2020\/wp-content\/uploads\/2020\/08\/Proyecto-Incuba-768x512.jpg 768w, https:\/\/revistacampus.uandes.cl\/2020\/wp-content\/uploads\/2020\/08\/Proyecto-Incuba-1536x1024.jpg 1536w, https:\/\/revistacampus.uandes.cl\/2020\/wp-content\/uploads\/2020\/08\/Proyecto-Incuba-720x480.jpg 720w, https:\/\/revistacampus.uandes.cl\/2020\/wp-content\/uploads\/2020\/08\/Proyecto-Incuba-480x320.jpg 480w, https:\/\/revistacampus.uandes.cl\/2020\/wp-content\/uploads\/2020\/08\/Proyecto-Incuba.jpg 2000w\" sizes=\"(max-width: 1024px) 100vw, 1024px\" \/><\/figure>\n","protected":false},"excerpt":{"rendered":"<p>El trabajo de la FEUANDES, el proyecto Incuba UANDES y la Escuela de Liderazgo son algunas de las formas en que nuestros estudiantes demuestran su iniciativa.<\/p>\n","protected":false},"author":2,"featured_media":3489,"comment_status":"open","ping_status":"open","sticky":false,"template":"","format":"standard","meta":[],"categories":[38],"tags":[],"_links":{"self":[{"href":"https:\/\/revistacampus.uandes.cl\/2020\/wp-json\/wp\/v2\/posts\/3488"}],"collection":[{"href":"https:\/\/revistacampus.uandes.cl\/2020\/wp-json\/wp\/v2\/posts"}],"about":[{"href":"https:\/\/revistacampus.uandes.cl\/2020\/wp-json\/wp\/v2\/types\/post"}],"author":[{"embeddable":true,"href":"https:\/\/revistacampus.uandes.cl\/2020\/wp-json\/wp\/v2\/users\/2"}],"replies":[{"embeddable":true,"href":"https:\/\/revistacampus.uandes.cl\/2020\/wp-json\/wp\/v2\/comments?post=3488"}],"version-history":[{"count":8,"href":"https:\/\/revistacampus.uandes.cl\/2020\/wp-json\/wp\/v2\/posts\/3488\/revisions"}],"predecessor-version":[{"id":4522,"href":"https:\/\/revistacampus.uandes.cl\/2020\/wp-json\/wp\/v2\/posts\/3488\/revisions\/4522"}],"wp:featuredmedia":[{"embeddable":true,"href":"https:\/\/revistacampus.uandes.cl\/2020\/wp-json\/wp\/v2\/media\/3489"}],"wp:attachment":[{"href":"https:\/\/revistacampus.uandes.cl\/2020\/wp-json\/wp\/v2\/media?parent=3488"}],"wp:term":[{"taxonomy":"category","embeddable":true,"href":"https:\/\/revistacampus.uandes.cl\/2020\/wp-json\/wp\/v2\/categories?post=3488"},{"taxonomy":"post_tag","embeddable":true,"href":"https:\/\/revistacampus.uandes.cl\/2020\/wp-json\/wp\/v2\/tags?post=3488"}],"curies":[{"name":"wp","href":"https:\/\/api.w.org\/{rel}","templated":true}]}}