{"id":3475,"date":"2020-09-01T15:58:41","date_gmt":"2020-09-01T19:58:41","guid":{"rendered":"http:\/\/revistacampus.uandes.cl\/2020\/?p=3475"},"modified":"2020-09-07T22:17:46","modified_gmt":"2020-09-08T01:17:46","slug":"estudiantes-en-investigacion","status":"publish","type":"post","link":"https:\/\/revistacampus.uandes.cl\/2020\/estudiantes-en-investigacion\/","title":{"rendered":"Estudiantes en Investigaci\u00f3n"},"content":{"rendered":"\n<p><strong><em>El inter\u00e9s por la investigaci\u00f3n se refleja en estas noticias sobre una pasant\u00eda en el Centro de Investigaci\u00f3n e Innovaci\u00f3n Biom\u00e9dica, el Congreso Nacional de Estudiantes de Odontolog\u00eda y la participaci\u00f3n en el certamen \u201cCaminos de Libertad\u201d.<\/em><\/strong><\/p>\n\n\n\n<h4 class=\"has-text-color\" style=\"color:#92c83e\">Inmersos en la Investigaci\u00f3n Cient\u00edfica<\/h4>\n\n\n\n<p style=\"font-size:15px\">Veintid\u00f3s estudiantes de tercer y cuarto a\u00f1o de Medicina participaron en la <strong>segunda versi\u00f3n del Programa de Inmersi\u00f3n en la Investigaci\u00f3n Cient\u00edfica<\/strong>, desarrollado en el <a href=\"https:\/\/www.uandes.cl\/centro-de-investigacion-biomedica\/\" target=\"_blank\" rel=\"noreferrer noopener\">Centro de Investigaci\u00f3n e Innovaci\u00f3n Biom\u00e9dica (CIIB)<\/a>, con el objetivo de involucrarse en el trabajo que se realiza en los distintos laboratorios, como Neurociencias y Terapia Celular. El <a href=\"https:\/\/www.uandes.cl\/noticias\/alumnos-del-colegio-bradford-realizaron-pasantia-en-el-centro-de-investigacion-biomedica-uandes\/\" target=\"_blank\" rel=\"noreferrer noopener\">CIIB recibi\u00f3 tambi\u00e9n a estudiantes de III Medio de <em>Bradford School<\/em><\/a>, quienes se familiarizaron con los proyectos cient\u00edficos a trav\u00e9s de una pasant\u00eda que los llev\u00f3 semanalmente al CIIB durante 2019, bajo la gu\u00eda de un tutor.<\/p>\n\n\n\n<figure class=\"wp-block-image size-large\"><img loading=\"lazy\" width=\"1024\" height=\"682\" src=\"http:\/\/revistacampus.uandes.cl\/2020\/wp-content\/uploads\/2020\/08\/Conadeo2019-1024x682.jpg\" alt=\"\" class=\"wp-image-3477\" srcset=\"https:\/\/revistacampus.uandes.cl\/2020\/wp-content\/uploads\/2020\/08\/Conadeo2019-1024x682.jpg 1024w, https:\/\/revistacampus.uandes.cl\/2020\/wp-content\/uploads\/2020\/08\/Conadeo2019-300x200.jpg 300w, https:\/\/revistacampus.uandes.cl\/2020\/wp-content\/uploads\/2020\/08\/Conadeo2019-768x512.jpg 768w, https:\/\/revistacampus.uandes.cl\/2020\/wp-content\/uploads\/2020\/08\/Conadeo2019-1536x1024.jpg 1536w, https:\/\/revistacampus.uandes.cl\/2020\/wp-content\/uploads\/2020\/08\/Conadeo2019-720x480.jpg 720w, https:\/\/revistacampus.uandes.cl\/2020\/wp-content\/uploads\/2020\/08\/Conadeo2019-480x320.jpg 480w, https:\/\/revistacampus.uandes.cl\/2020\/wp-content\/uploads\/2020\/08\/Conadeo2019.jpg 2000w\" sizes=\"(max-width: 1024px) 100vw, 1024px\" \/><\/figure>\n\n\n\n<h4 class=\"has-text-color\" style=\"color:#92c83e\">CONADEO 2019<\/h4>\n\n\n\n<p style=\"font-size:15px\">El <strong>Centro de Alumnos de Odontolog\u00eda, CALCIO,<\/strong> congreg\u00f3 a m\u00e1s de 600 estudiantes de pregrado de diversas universidades del pa\u00eds en la <a href=\"https:\/\/www.uandes.cl\/noticias\/conadeo-reunio-en-uandes-a-mas-de-600-estudiantes-de-odontologia-de-todo-el-pais\/\" target=\"_blank\" rel=\"noreferrer noopener\">23\u00aa versi\u00f3n del Congreso Nacional de Estudiantes de Odontolog\u00eda (CONADEO)<\/a>, con el objetivo de participar en los workshops, charlas y otras actividades, desarrollados por 47 expositores. En el tercer y \u00faltimo d\u00eda del evento se llev\u00f3 a cabo la premiaci\u00f3n del concurso cient\u00edfico, que en la categor\u00eda <strong>\u201cProyecto de Investigaci\u00f3n\u201d tuvo por ganadora a la alumna UANDES Katherine Niemann<\/strong>, con su trabajo <em>Comparaci\u00f3n de adaptaci\u00f3n marginal en resinas de uso anal\u00f3gico y digital con uso de mCT: Estudio in vitro experimental.<\/em><\/p>\n\n\n\n<h4 class=\"has-text-color\" style=\"color:#92c83e\">Primer lugar en concurso internacional<\/h4>\n\n\n\n<div class=\"wp-block-columns\">\n<div class=\"wp-block-column\">\n<figure class=\"wp-block-image size-large\"><img loading=\"lazy\" width=\"905\" height=\"1024\" src=\"http:\/\/revistacampus.uandes.cl\/2020\/wp-content\/uploads\/2020\/08\/Raimundo-Cox-905x1024.jpg\" alt=\"\" class=\"wp-image-3478\" srcset=\"https:\/\/revistacampus.uandes.cl\/2020\/wp-content\/uploads\/2020\/08\/Raimundo-Cox-905x1024.jpg 905w, https:\/\/revistacampus.uandes.cl\/2020\/wp-content\/uploads\/2020\/08\/Raimundo-Cox-265x300.jpg 265w, https:\/\/revistacampus.uandes.cl\/2020\/wp-content\/uploads\/2020\/08\/Raimundo-Cox-768x869.jpg 768w, https:\/\/revistacampus.uandes.cl\/2020\/wp-content\/uploads\/2020\/08\/Raimundo-Cox-480x543.jpg 480w, https:\/\/revistacampus.uandes.cl\/2020\/wp-content\/uploads\/2020\/08\/Raimundo-Cox.jpg 955w\" sizes=\"(max-width: 905px) 100vw, 905px\" \/><\/figure>\n<\/div>\n\n\n\n<div class=\"wp-block-column\">\n<p style=\"font-size:14px\">Con el ensayo \u201cEquilibrios liberales. La crisis de la democracia contempor\u00e1nea\u201d, el <a href=\"https:\/\/www.uandes.cl\/noticias\/alumno-de-filosofia-gana-concurso-internacional-de-ensayos\/\" target=\"_blank\" rel=\"noreferrer noopener\">alumno de Filosof\u00eda Raimundo Cox logr\u00f3 el primer lugar de la categor\u00eda J\u00f3venes en el certamen \u201cCaminos de Libertad<\/a>\u201d, realizado en M\u00e9xico. \u201cEs una <strong>reflexi\u00f3n en torno al liberalismo<\/strong>, tema que llevo varios a\u00f1os trabajando por inter\u00e9s personal\u201d, comenta quien ya hab\u00eda sido finalista en versiones anteriores, raz\u00f3n por la que recomienda participar en este concurso. \u201cEs una instancia muy interesante, permite ponerse en contacto con gente de Am\u00e9rica Latina y Europa &#8230; y est\u00e1 el est\u00edmulo de producir una obra, lo que siempre es muy provechoso intelectual y espiritualmente\u201d.<\/p>\n<\/div>\n<\/div>\n","protected":false},"excerpt":{"rendered":"<p>El inter\u00e9s por la investigaci\u00f3n se refleja en estas noticias sobre una pasant\u00eda en el Centro de Investigaci\u00f3n e Innovaci\u00f3n Biom\u00e9dica, el Congreso Nacional de Estudiantes de Odontolog\u00eda y la participaci\u00f3n en el certamen \u201cCaminos de Libertad\u201d.<\/p>\n","protected":false},"author":2,"featured_media":4103,"comment_status":"open","ping_status":"open","sticky":false,"template":"","format":"standard","meta":[],"categories":[38],"tags":[],"_links":{"self":[{"href":"https:\/\/revistacampus.uandes.cl\/2020\/wp-json\/wp\/v2\/posts\/3475"}],"collection":[{"href":"https:\/\/revistacampus.uandes.cl\/2020\/wp-json\/wp\/v2\/posts"}],"about":[{"href":"https:\/\/revistacampus.uandes.cl\/2020\/wp-json\/wp\/v2\/types\/post"}],"author":[{"embeddable":true,"href":"https:\/\/revistacampus.uandes.cl\/2020\/wp-json\/wp\/v2\/users\/2"}],"replies":[{"embeddable":true,"href":"https:\/\/revistacampus.uandes.cl\/2020\/wp-json\/wp\/v2\/comments?post=3475"}],"version-history":[{"count":11,"href":"https:\/\/revistacampus.uandes.cl\/2020\/wp-json\/wp\/v2\/posts\/3475\/revisions"}],"predecessor-version":[{"id":4588,"href":"https:\/\/revistacampus.uandes.cl\/2020\/wp-json\/wp\/v2\/posts\/3475\/revisions\/4588"}],"wp:featuredmedia":[{"embeddable":true,"href":"https:\/\/revistacampus.uandes.cl\/2020\/wp-json\/wp\/v2\/media\/4103"}],"wp:attachment":[{"href":"https:\/\/revistacampus.uandes.cl\/2020\/wp-json\/wp\/v2\/media?parent=3475"}],"wp:term":[{"taxonomy":"category","embeddable":true,"href":"https:\/\/revistacampus.uandes.cl\/2020\/wp-json\/wp\/v2\/categories?post=3475"},{"taxonomy":"post_tag","embeddable":true,"href":"https:\/\/revistacampus.uandes.cl\/2020\/wp-json\/wp\/v2\/tags?post=3475"}],"curies":[{"name":"wp","href":"https:\/\/api.w.org\/{rel}","templated":true}]}}