{"id":3464,"date":"2020-08-31T14:22:16","date_gmt":"2020-08-31T18:22:16","guid":{"rendered":"http:\/\/revistacampus.uandes.cl\/2020\/?p=3464"},"modified":"2020-09-07T16:47:45","modified_gmt":"2020-09-07T19:47:45","slug":"estudiantes-comprometidos","status":"publish","type":"post","link":"https:\/\/revistacampus.uandes.cl\/2020\/estudiantes-comprometidos\/","title":{"rendered":"Estudiantes Comprometidos"},"content":{"rendered":"\n<p><strong><em>El esp\u00edritu de servicio y la responsabilidad social universitaria se evidencian en variadas iniciativas, desde los trabajos TRIP hasta un voluntariado en Etiop\u00eda.<\/em><\/strong><\/p>\n\n\n\n<h4 class=\"has-text-color\" style=\"color:#f58220\">Viviendo el sello UANDES en Etiop\u00eda<\/h4>\n\n\n\n<p style=\"font-size:15px\">Una experiencia inolvidable fue la que vivi\u00f3 <a rel=\"noreferrer noopener\" href=\"https:\/\/www.uandes.cl\/noticias\/con-pocas-cosas-a-esos-ninos-si-les-cambia-la-vida\/\" target=\"_blank\">Antonia Camus<\/a>, alumna de <a href=\"https:\/\/www.uandes.cl\/carrera\/terapia-ocupacional\/\" target=\"_blank\" rel=\"noreferrer noopener\">Terapia Ocupacional<\/a> que pudo realizar un voluntariado en el pa\u00eds africano, donde <strong>particip\u00f3 de un programa de estimulaci\u00f3n temprana<\/strong> y trabaj\u00f3 en el fortalecimiento del v\u00ednculo madre-hijo. Al comienzo, la barrera idiom\u00e1tica fue un obst\u00e1culo, pero fue superado con traductores y, muchas veces, las se\u00f1as fueron sus mejores aliadas, ya que el nivel de alfabetismo y escolaridad es muy bajo. \u201cEs tanta la necesidad que uno ve, que<strong> todo el mundo tiene algo que aportar<\/strong>, con pocas cosas uno puede ver c\u00f3mo a esos ni\u00f1os les cambia la vida\u201d, coment\u00f3.<\/p>\n\n\n\n<div class=\"wp-block-columns\">\n<div class=\"wp-block-column\"><\/div>\n\n\n\n<div class=\"wp-block-column\">\n<hr class=\"wp-block-separator has-text-color has-background has-luminous-vivid-orange-background-color has-luminous-vivid-orange-color is-style-wide\"\/>\n<\/div>\n\n\n\n<div class=\"wp-block-column\"><\/div>\n<\/div>\n\n\n\n<h4 class=\"has-text-color\" style=\"color:#f58220\">Trabajos TRIP extienden su ayuda hacia el norte<\/h4>\n\n\n\n<figure class=\"wp-block-image size-large\"><img loading=\"lazy\" width=\"1024\" height=\"576\" src=\"http:\/\/revistacampus.uandes.cl\/2020\/wp-content\/uploads\/2020\/08\/Estudiantes-Comprometidos-2-1024x576.jpg\" alt=\"\" class=\"wp-image-3468\" srcset=\"https:\/\/revistacampus.uandes.cl\/2020\/wp-content\/uploads\/2020\/08\/Estudiantes-Comprometidos-2-1024x576.jpg 1024w, https:\/\/revistacampus.uandes.cl\/2020\/wp-content\/uploads\/2020\/08\/Estudiantes-Comprometidos-2-300x169.jpg 300w, https:\/\/revistacampus.uandes.cl\/2020\/wp-content\/uploads\/2020\/08\/Estudiantes-Comprometidos-2-768x432.jpg 768w, https:\/\/revistacampus.uandes.cl\/2020\/wp-content\/uploads\/2020\/08\/Estudiantes-Comprometidos-2-1536x864.jpg 1536w, https:\/\/revistacampus.uandes.cl\/2020\/wp-content\/uploads\/2020\/08\/Estudiantes-Comprometidos-2-480x270.jpg 480w, https:\/\/revistacampus.uandes.cl\/2020\/wp-content\/uploads\/2020\/08\/Estudiantes-Comprometidos-2.jpg 1920w\" sizes=\"(max-width: 1024px) 100vw, 1024px\" \/><\/figure>\n\n\n\n<p style=\"font-size:15px\">En 2019, por primera vez, los trabajos institucionales, en los que alumnos de distintas carreras ponen sus conocimientos al servicio de los dem\u00e1s,<strong> <a rel=\"noreferrer noopener\" href=\"https:\/\/www.uandes.cl\/noticias\/cerca-de-320-personas-se-vieron-beneficiadas-con-los-primeros-trip-de-invierno\/\" target=\"_blank\">se realizaron tambi\u00e9n durante las vacaciones de invierno<\/a>.<\/strong> Setenta y seis estudiantes y 20 profesores viajaron a Ovalle para desarrollarse en el plano profesional, humano y espiritual en los TRIP (Tres Ramas Integradas en la Persona). \u201cEstamos muy contentos por la buena acogida de la Municipalidad de Ovalle y por el trabajo profesional que realizamos junto a alumnos y profesores en nuestros <strong>primeros TRIP de invierno<\/strong>\u201d, expresaron en <a rel=\"noreferrer noopener\" href=\"https:\/\/www.uandes.cl\/alumnos\/vida-universitaria\/responsabilidad-social\/#rs\" target=\"_blank\">Vida Universitaria<\/a>.<\/p>\n\n\n\n<p style=\"font-size:15px\">La <a rel=\"noreferrer noopener\" href=\"https:\/\/www.uandes.cl\/comunidad-de-angol-recibe-ayuda-profesional-de-once-carreras-de-la-uandes\/\" target=\"_blank\">8\u00aa versi\u00f3n de los TRIP de verano tambi\u00e9n tuvo novedades<\/a>, pues luego de visitar Alto Biob\u00edo por seis a\u00f1os consecutivos, m\u00e1s de 60 estudiantes de 11 carreras acudieron a Angol. Trabajar en equipo, aportar desde la especialidad, <strong>ponerse en el lugar del paciente y tratar a cada uno de acuerdo con su dignida<\/strong>d fueron la clave de los operativos realizados en diciembre.<\/p>\n\n\n\n<p style=\"font-size:15px\">En el invierno de 2020, si bien no fue posible visitar estas comunas, se les <a href=\"https:\/\/www.uandes.cl\/noticias\/trabajos-trip-2020-ayuda-profesional-para-ovalle-y-angol-en-la-era-digital\/\" target=\"_blank\" rel=\"noreferrer noopener\">acompa\u00f1\u00f3 de manera virtual<\/a> y <a href=\"https:\/\/www.uandes.cl\/ayuda-ovalle-y-angol\/\">se les entreg\u00f3 alimento y abrigo<\/a> a las familias que m\u00e1s lo necesitaban.<\/p>\n\n\n\n<div class=\"wp-block-columns\">\n<div class=\"wp-block-column\">\n<figure class=\"wp-block-image size-large is-resized\"><img loading=\"lazy\" src=\"http:\/\/revistacampus.uandes.cl\/2020\/wp-content\/uploads\/2020\/08\/logo-citas.png\" alt=\"\" class=\"wp-image-3021\" width=\"87\" height=\"69\"\/><\/figure>\n<\/div>\n\n\n\n<div class=\"wp-block-column\"><\/div>\n\n\n\n<div class=\"wp-block-column\"><\/div>\n<\/div>\n\n\n\n<p class=\"has-text-color\" style=\"color:#f58220\"><em><strong>\u201cLo que m\u00e1s valoro de TRIP es la posibilidad de crecer en el plano profesional y espiritual. Trabajar en lugares donde faltan especialistas, y hacerlo en equipo con otras carreras de la salud, es una experiencia muy enriquecedora que permite valorar el aporte de la profesi\u00f3n que estoy estudiando\u201d.<\/strong><\/em><\/p>\n\n\n\n<p class=\"has-small-font-size\"><strong>Javiera Puelma<\/strong>, <em>estudiante de Terapia Ocupacional<\/em><\/p>\n\n\n\n<h4 class=\"has-text-color\" style=\"color:#f58220\">La transformaci\u00f3n digital de la caridad<\/h4>\n\n\n\n<figure class=\"wp-block-image size-large\"><img loading=\"lazy\" width=\"979\" height=\"580\" src=\"http:\/\/revistacampus.uandes.cl\/2020\/wp-content\/uploads\/2020\/08\/Estudiantes-Comprometidos.png\" alt=\"\" class=\"wp-image-3467\" srcset=\"https:\/\/revistacampus.uandes.cl\/2020\/wp-content\/uploads\/2020\/08\/Estudiantes-Comprometidos.png 979w, https:\/\/revistacampus.uandes.cl\/2020\/wp-content\/uploads\/2020\/08\/Estudiantes-Comprometidos-300x178.png 300w, https:\/\/revistacampus.uandes.cl\/2020\/wp-content\/uploads\/2020\/08\/Estudiantes-Comprometidos-768x455.png 768w, https:\/\/revistacampus.uandes.cl\/2020\/wp-content\/uploads\/2020\/08\/Estudiantes-Comprometidos-480x284.png 480w\" sizes=\"(max-width: 979px) 100vw, 979px\" \/><\/figure>\n\n\n\n<p style=\"font-size:15px\">Cuando se empezaron a decretar las cuarentenas en la capital, los j\u00f3venes del proyecto de Capellan\u00eda \u201c<strong>Voces en La Pintana<\/strong>\u201d supieron que no podr\u00edan continuar con sus actividades presenciales. Comenzaron as\u00ed a realizar las <strong>tutor\u00edas de reforzamiento <em>online<\/em><\/strong>, pero \u201csent\u00edamos que no pod\u00edamos quedarnos solo en eso, ya que nuestros alumnos nos contaban la dif\u00edcil situaci\u00f3n que viv\u00edan, debido a que sus pap\u00e1s no estaban yendo a trabajar o hab\u00edan perdido sus trabajos\u201d, comenta Rosario Zavala. Entonces, con una convocatoria a trav\u00e9s de los centros de alumnos y otros proyectos sociales, <strong>organizaron una <a rel=\"noreferrer noopener\" href=\"https:\/\/www.uandes.cl\/alumnos-de-todas-las-carreras-van-en-ayuda-de-800-familias-de-la-pintana\/\" target=\"_blank\">campa\u00f1a para entregar 800 cajas con alimento y abrigo<\/a><\/strong> a las familias de los colegios de la <a href=\"http:\/\/www.nocedal.cl\/\" target=\"_blank\" rel=\"noreferrer noopener\">Fundaci\u00f3n Nocedal<\/a>.<\/p>\n\n\n\n<h4 class=\"has-text-color\" style=\"color:#f58220\">Comprometidos con la juventud de Renca<\/h4>\n\n\n\n<figure class=\"wp-block-image size-large\"><img loading=\"lazy\" width=\"1024\" height=\"592\" src=\"http:\/\/revistacampus.uandes.cl\/2020\/wp-content\/uploads\/2020\/08\/Flor-de-Lis-1-1024x592.jpg\" alt=\"\" class=\"wp-image-3466\" srcset=\"https:\/\/revistacampus.uandes.cl\/2020\/wp-content\/uploads\/2020\/08\/Flor-de-Lis-1-1024x592.jpg 1024w, https:\/\/revistacampus.uandes.cl\/2020\/wp-content\/uploads\/2020\/08\/Flor-de-Lis-1-300x173.jpg 300w, https:\/\/revistacampus.uandes.cl\/2020\/wp-content\/uploads\/2020\/08\/Flor-de-Lis-1-768x444.jpg 768w, https:\/\/revistacampus.uandes.cl\/2020\/wp-content\/uploads\/2020\/08\/Flor-de-Lis-1-480x278.jpg 480w, https:\/\/revistacampus.uandes.cl\/2020\/wp-content\/uploads\/2020\/08\/Flor-de-Lis-1.jpg 1126w\" sizes=\"(max-width: 1024px) 100vw, 1024px\" \/><\/figure>\n\n\n\n<p style=\"font-size:15px\">\u201cHa sido una tremenda oportunidad para aplicar mis conocimientos y, a la vez, aprender much\u00edsimo de lo que esta experiencia me entrega\u201d. As\u00ed resume <strong>Antonia Salman<\/strong> su <a rel=\"noreferrer noopener\" href=\"https:\/\/www.uandes.cl\/noticias\/aporte-deportivo-cultural-y-artistico-para-ninos-y-adolescentes-en-situacion-vulnerable-en-renca\/\" target=\"_blank\">participaci\u00f3n en <em>Flor de Lis<\/em><\/a>. En 2018, junto a un grupo de amigos, comenz\u00f3 esta organizaci\u00f3n sociocultural y deportiva que busca, a trav\u00e9s de encuentros comunitarios, talleres e instancias de entretenci\u00f3n deportivas, culturares y art\u00edsticas, <strong>entregar oportunidades a los j\u00f3venes de Renca<\/strong>. \u201cMe ha servido para unir mis estudios y direccionarlos hacia este proyecto, me ha entregado un tremendo <strong>sentido activo en la sociedad<\/strong> y un descubrimiento de identidad propia, al ver de lo que somos capaces de hacer los j\u00f3venes\u201d, concluye la alumna de <a rel=\"noreferrer noopener\" href=\"https:\/\/www.uandes.cl\/carrera\/psicologia\/\" target=\"_blank\">Psicolog\u00eda<\/a>.<\/p>\n\n\n\n<h4 class=\"has-text-color\" style=\"color:#f58220\">Impulsando la evangelizaci\u00f3n<\/h4>\n\n\n\n<div class=\"wp-block-columns\">\n<div class=\"wp-block-column\">\n<figure class=\"wp-block-image size-large\"><img loading=\"lazy\" width=\"1024\" height=\"768\" src=\"http:\/\/revistacampus.uandes.cl\/2020\/wp-content\/uploads\/2020\/08\/Forjadores-1024x768.jpg\" alt=\"\" class=\"wp-image-3469\" srcset=\"https:\/\/revistacampus.uandes.cl\/2020\/wp-content\/uploads\/2020\/08\/Forjadores-1024x768.jpg 1024w, https:\/\/revistacampus.uandes.cl\/2020\/wp-content\/uploads\/2020\/08\/Forjadores-300x225.jpg 300w, https:\/\/revistacampus.uandes.cl\/2020\/wp-content\/uploads\/2020\/08\/Forjadores-768x576.jpg 768w, https:\/\/revistacampus.uandes.cl\/2020\/wp-content\/uploads\/2020\/08\/Forjadores-480x360.jpg 480w, https:\/\/revistacampus.uandes.cl\/2020\/wp-content\/uploads\/2020\/08\/Forjadores.jpg 1032w\" sizes=\"(max-width: 1024px) 100vw, 1024px\" \/><\/figure>\n<\/div>\n\n\n\n<div class=\"wp-block-column\">\n<figure class=\"wp-block-image size-large\"><img loading=\"lazy\" width=\"1024\" height=\"768\" src=\"http:\/\/revistacampus.uandes.cl\/2020\/wp-content\/uploads\/2020\/08\/Fronteras-1024x768-1.jpg\" alt=\"\" class=\"wp-image-3470\" srcset=\"https:\/\/revistacampus.uandes.cl\/2020\/wp-content\/uploads\/2020\/08\/Fronteras-1024x768-1.jpg 1024w, https:\/\/revistacampus.uandes.cl\/2020\/wp-content\/uploads\/2020\/08\/Fronteras-1024x768-1-300x225.jpg 300w, https:\/\/revistacampus.uandes.cl\/2020\/wp-content\/uploads\/2020\/08\/Fronteras-1024x768-1-768x576.jpg 768w, https:\/\/revistacampus.uandes.cl\/2020\/wp-content\/uploads\/2020\/08\/Fronteras-1024x768-1-480x360.jpg 480w\" sizes=\"(max-width: 1024px) 100vw, 1024px\" \/><\/figure>\n<\/div>\n<\/div>\n\n\n\n<p style=\"font-size:15px\"><strong>Compartir la alegr\u00eda del Evangelio<\/strong> mediante misiones y trabajos sociales es lo que une a las dos iniciativas ganadoras de la <strong>primera versi\u00f3n de los <a rel=\"noreferrer noopener\" href=\"https:\/\/www.uandes.cl\/noticias\/forjadores-y-fronteras-ganan-primera-version-de-los-fondos-concursables-iglesia-2019\/\" target=\"_blank\">Fondos Concursables Iglesia<\/a>.<\/strong> <a rel=\"noreferrer noopener\" href=\"https:\/\/forjadoresdelosandes.wordpress.com\/\" target=\"_blank\">Forjadores de Los Andes<\/a>, obtuvo el primer lugar y esto les permiti\u00f3 implementar una \u201cBiblioteca Forjadora\u201d: una estanter\u00eda con varios tipos de libros sobre la fe cat\u00f3lica para ayudar a un p\u00e1rroco a educar en la fe a su comunidad. <a rel=\"noreferrer noopener\" href=\"https:\/\/www.fronterasuandes.cl\/\" target=\"_blank\">Fronteras<\/a>, que obtuvo el segundo lugar, busca llevar a Cristo a distintas comunidades mediante misiones, talleres, visitas a hospitales, c\u00e1rceles y hogares. Con los fondos obtenidos desarrollar\u00e1n tres proyectos: una Virgen peregrina para difundir la devoci\u00f3n a Santa Mar\u00eda en las comunidades; un manual de catequesis especial para los j\u00f3venes, y otro para quienes participar\u00e1n de una misi\u00f3n permanente en <strong>La Pintana<\/strong>.<\/p>\n","protected":false},"excerpt":{"rendered":"<p>El esp\u00edritu de servicio y la responsabilidad social universitaria se evidencian en variadas iniciativas, desde los trabajos TRIP hasta un voluntariado en Etiop\u00eda.<\/p>\n","protected":false},"author":2,"featured_media":3465,"comment_status":"open","ping_status":"open","sticky":false,"template":"","format":"standard","meta":[],"categories":[38],"tags":[],"_links":{"self":[{"href":"https:\/\/revistacampus.uandes.cl\/2020\/wp-json\/wp\/v2\/posts\/3464"}],"collection":[{"href":"https:\/\/revistacampus.uandes.cl\/2020\/wp-json\/wp\/v2\/posts"}],"about":[{"href":"https:\/\/revistacampus.uandes.cl\/2020\/wp-json\/wp\/v2\/types\/post"}],"author":[{"embeddable":true,"href":"https:\/\/revistacampus.uandes.cl\/2020\/wp-json\/wp\/v2\/users\/2"}],"replies":[{"embeddable":true,"href":"https:\/\/revistacampus.uandes.cl\/2020\/wp-json\/wp\/v2\/comments?post=3464"}],"version-history":[{"count":12,"href":"https:\/\/revistacampus.uandes.cl\/2020\/wp-json\/wp\/v2\/posts\/3464\/revisions"}],"predecessor-version":[{"id":4521,"href":"https:\/\/revistacampus.uandes.cl\/2020\/wp-json\/wp\/v2\/posts\/3464\/revisions\/4521"}],"wp:featuredmedia":[{"embeddable":true,"href":"https:\/\/revistacampus.uandes.cl\/2020\/wp-json\/wp\/v2\/media\/3465"}],"wp:attachment":[{"href":"https:\/\/revistacampus.uandes.cl\/2020\/wp-json\/wp\/v2\/media?parent=3464"}],"wp:term":[{"taxonomy":"category","embeddable":true,"href":"https:\/\/revistacampus.uandes.cl\/2020\/wp-json\/wp\/v2\/categories?post=3464"},{"taxonomy":"post_tag","embeddable":true,"href":"https:\/\/revistacampus.uandes.cl\/2020\/wp-json\/wp\/v2\/tags?post=3464"}],"curies":[{"name":"wp","href":"https:\/\/api.w.org\/{rel}","templated":true}]}}