{"id":3451,"date":"2020-08-31T13:21:11","date_gmt":"2020-08-31T17:21:11","guid":{"rendered":"http:\/\/revistacampus.uandes.cl\/2020\/?p=3451"},"modified":"2020-09-07T13:15:59","modified_gmt":"2020-09-07T16:15:59","slug":"2020el-ano-de-la-enfermeria-marcado-por-el-coronavirus","status":"publish","type":"post","link":"https:\/\/revistacampus.uandes.cl\/2020\/2020el-ano-de-la-enfermeria-marcado-por-el-coronavirus\/","title":{"rendered":"<span class=\"subtitulo\">2020<\/span><br>El a\u00f1o de la ENFERMER\u00cdA marcado por el coronavirus"},"content":{"rendered":"\n<p><em><strong>Los enfermeros son los profesionales de quienes depende la gesti\u00f3n administrativa y cl\u00ednica de los centros de salud y son los responsables de gestionar y brindar cuidados a los pacientes 24\/7, los 365 d\u00edas del a\u00f1o.<\/strong><\/em><\/p>\n\n\n\n<p style=\"font-size:15px\">Como si fuera un presagio, en 2019 la <a href=\"https:\/\/www.who.int\/es\" target=\"_blank\" rel=\"noreferrer noopener\">Organizaci\u00f3n Mundial de la Salud<\/a> declar\u00f3 al <a href=\"https:\/\/diarioenfermero.es\/la-asamblea-de-la-oms-declara-2020-como-el-ano-internacional-de-la-enfermera-y-la-matrona\/\" target=\"_blank\" rel=\"noreferrer noopener\">2020 como el a\u00f1o de las Enfermeras y Matronas<\/a>, para conmemorar el aniversario n\u00famero 200 de <a href=\"https:\/\/es.wikipedia.org\/wiki\/Florence_Nightingale\" target=\"_blank\" rel=\"noreferrer noopener\">Florence Nightingale<\/a>, la primera enfermera que contribuy\u00f3 al desarrollo profesional de la enfermer\u00eda y de los cuidados de salud de las personas. Previamente, <a href=\"https:\/\/es.wikipedia.org\/wiki\/Catalina_de_Cambridge\" target=\"_blank\" rel=\"noreferrer noopener\">Kate Middleton<\/a>, Duquesa de Cambridge, hab\u00eda lanzado al mundo la campa\u00f1a <em><strong><a href=\"https:\/\/www.icn.ch\/es\/que-hacemos\/campanas\/nursing-now#:~:text=Nursing%20Now%20es%20una%20campa%C3%B1a,Fondo%20Burdett%20para%20la%20enfermer%C3%ADa.\" target=\"_blank\" rel=\"noreferrer noopener\">Nursing Now<\/a><\/strong><\/em> 2020, cuyo principal objetivo es reconocer la gran contribuci\u00f3n de la enfermer\u00eda a la salud de las personas y al funcionamiento global del sistema de salud.<\/p>\n\n\n\n<p style=\"font-size:15px\">Y es que las enfermeras juegan un rol clave, pues promueven los estilos de vida saludable y la prevenci\u00f3n de enfermedades, especialmente en la atenci\u00f3n primaria. \u201cLas enfermeras lideran m\u00faltiples iniciativas, como intervenciones educativas en la comunidad, programas de inmunizaci\u00f3n, visitas domiciliarias, controles de salud escolar y trabajo con organizaciones como juntas de vecinos\u201d, indica <a href=\"https:\/\/www.uandes.cl\/personas\/consuelo-ceron\/\">Consuelo Cer\u00f3n<\/a>, decana de la <a href=\"https:\/\/www.uandes.cl\/facultad\/facultad-de-enfermeria-y-obstetricia\/\" target=\"_blank\" rel=\"noreferrer noopener\">Facultad de Enfermer\u00eda y Obstetricia<\/a>. \u201cA nivel hospitalario, su trabajo cl\u00ednico al lado de la cama del paciente en un continuo 24\/7, le permite atender sus problemas de salud y colaborar en su recuperaci\u00f3n. Asimismo, en los hospitales juega un papel fundamental en el aseguramiento de la calidad y seguridad de la atenci\u00f3n de salud\u201d, agrega.<\/p>\n\n\n\n<p class=\"has-text-align-center has-very-light-gray-color has-text-color has-background\" style=\"background-color:#006cb7\"><strong>Durante la pandemia, un centenar de alumnos de la Facultad, entre internos y voluntarios, ha contribuido al sistema de salud nacional, entregando su apoyo diario en Centros de Salud Familiar (CESFAM), hospitales y cl\u00ednicas.<\/strong><\/p>\n\n\n\n<h4 class=\"has-text-color\" style=\"color:#006cb7\">PERSONAS Y PANDEMIA<\/h4>\n\n\n\n<p style=\"font-size:15px\">Sin ir m\u00e1s lejos, la gran demanda que el <strong>Covid-19<\/strong> ha impuesto sobre el personal de salud ha demostrado el <a rel=\"noreferrer noopener\" href=\"https:\/\/www.uandes.cl\/noticias\/covid-19-profesionales-de-la-salud-al-servicio-de-chile\/\" target=\"_blank\">significativo rol que cumplen las enfermeras y enfermeros en el mundo<\/a>. \u201cLa centralidad del paciente en la formaci\u00f3n de las enfermeras es especialmente importante, porque nuestro trabajo es con personas, lo que conlleva la obligaci\u00f3n de considerar en su atenci\u00f3n todas las dimensiones y complejidad del ser humano, m\u00e1s a\u00fan, cuando se encuentra vulnerable por su enfermedad y expone su dignidad a nuestro cuidado\u201d, indica <strong>Consuelo Cer\u00f3n<\/strong>.<\/p>\n\n\n\n<p style=\"font-size:15px\">En este escenario, y con el objetivo de aportar al sistema de salud del pa\u00eds durante la crisis sanitaria, la <a href=\"https:\/\/www.uandes.cl\/facultad\/facultad-de-enfermeria-y-obstetricia\/\" target=\"_blank\" rel=\"noreferrer noopener\">Facultad de Enfermer\u00eda y Obstetricia<\/a>, junto a <a href=\"https:\/\/www.eclass.com\/cl\/institucion\/uandes-salud\/cursos\/\" target=\"_blank\" rel=\"noreferrer noopener\">eClass<\/a>, impuls\u00f3 el curso <em>online<\/em> gratuito sobre introducci\u00f3n a los cuidados intensivos \u201c<a href=\"https:\/\/www.uandes.cl\/noticias\/facultad-de-enfermeria-y-obstetricia-realiza-curso-online-de-introduccion-a-los-cuidados-intensivos\/\" target=\"_blank\" rel=\"noreferrer noopener\">Aspectos b\u00e1sicos del manejo del paciente cr\u00edtico<\/a>\u201d. M\u00e1s de 20 mil profesionales de la salud de todo Chile fueron capacitados acerca de los principales aspectos que un profesional de la salud debe manejar si se ve enfrentado a un paciente en riesgo vital, es decir, conectado a ventilaci\u00f3n mec\u00e1nica.<\/p>\n\n\n\n<p class=\"has-text-align-center has-text-color\" style=\"color:#006cb7\"><strong>De acuerdo al <a rel=\"noreferrer noopener\" href=\"https:\/\/www.uandes.cl\/noticias\/dotacion-de-enfermeras-en-servicios-de-salud-afecta-a-la-salud-de-los-chilenos-2\/\" target=\"_blank\"><span class=\"has-inline-color has-vivid-cyan-blue-color\">estudio internacional RN4CAST-Chile<\/span><\/a>, liderado por la Facultad de Enfermer\u00eda y Obstetricia UANDES en 2019, mientras mayor es la dotaci\u00f3n de profesionales de enfermer\u00eda, menores son la mortalidad y los reingresos en el sistema de salud chileno.<\/strong><\/p>\n\n\n\n<div class=\"wp-block-columns\">\n<div class=\"wp-block-column\">\n<figure class=\"wp-block-image size-large\"><img loading=\"lazy\" width=\"1024\" height=\"1024\" src=\"http:\/\/revistacampus.uandes.cl\/2020\/wp-content\/uploads\/2020\/08\/Premio-Daisy-2019-1024x1024.jpg\" alt=\"\" class=\"wp-image-3452\" srcset=\"https:\/\/revistacampus.uandes.cl\/2020\/wp-content\/uploads\/2020\/08\/Premio-Daisy-2019-1024x1024.jpg 1024w, https:\/\/revistacampus.uandes.cl\/2020\/wp-content\/uploads\/2020\/08\/Premio-Daisy-2019-300x300.jpg 300w, https:\/\/revistacampus.uandes.cl\/2020\/wp-content\/uploads\/2020\/08\/Premio-Daisy-2019-150x150.jpg 150w, https:\/\/revistacampus.uandes.cl\/2020\/wp-content\/uploads\/2020\/08\/Premio-Daisy-2019-768x768.jpg 768w, https:\/\/revistacampus.uandes.cl\/2020\/wp-content\/uploads\/2020\/08\/Premio-Daisy-2019-480x480.jpg 480w, https:\/\/revistacampus.uandes.cl\/2020\/wp-content\/uploads\/2020\/08\/Premio-Daisy-2019.jpg 1080w\" sizes=\"(max-width: 1024px) 100vw, 1024px\" \/><\/figure>\n<\/div>\n\n\n\n<div class=\"wp-block-column\">\n<div style=\"height:80px\" aria-hidden=\"true\" class=\"wp-block-spacer\"><\/div>\n\n\n\n<p style=\"font-size:15px\"><em><strong>Ana Mar\u00eda S\u00e1nchez<\/strong>, Premio Daisy 2019, junto a Ana Isabel Larrain, directora de Cuidados y Servicios al Paciente, y Natalia Quiroga, enfermera Jefe de la Cl\u00ednica Universidad de los Andes<\/em>.<\/p>\n<\/div>\n<\/div>\n\n\n\n<h4 class=\"has-text-color\" style=\"color:#006cb7\">PREMIO DAISY <br>Cl\u00ednica UANDES reconoce a sus enfermeros<\/h4>\n\n\n\n<p style=\"font-size:15px\">\u201cPasando nuevamente por una hospitalizaci\u00f3n con mis hijos, le cont\u00e9 a Anita que necesitaba ayuda de la Virgen para que mis hijos se recuperaran, y ella, desinteresada y humildemente, intercedi\u00f3 para que vinieran unas personas maravillosas a rezar por mis ni\u00f1os. Anita fue m\u00e1s all\u00e1 de lo que una espera como paciente y mam\u00e1; dej\u00f3 su rol de enfermera para tomar el rol de gu\u00eda y medi\u00f3 para que la Virgen llegara a nosotros. Anita, gracias por tu entrega&#8221;. Este testimonio de una paciente de la <a rel=\"noreferrer noopener\" href=\"http:\/\/www.clinicauandes.cl\" target=\"_blank\">Cl\u00ednica Universidad de los Andes<\/a> le vali\u00f3 a <strong>Ana Mar\u00eda S\u00e1nchez<\/strong>, <a rel=\"noreferrer noopener\" href=\"https:\/\/alumni.uandes.cl\/?utm_source=sitio_uandes&amp;utm_medium=header\" target=\"_blank\">alumniUANDES<\/a> y enfermera de Pediatr\u00eda, ser merecedora del <a rel=\"noreferrer noopener\" href=\"https:\/\/clinicauandes.cl\/noticia\/2019\/05\/27\/tercera-entrega-del-premio-daisy\" target=\"_blank\">Premio Daisy 2019<\/a>.<\/p>\n\n\n\n<p style=\"font-size:15px\">Un a\u00f1o antes, la cl\u00ednica universitaria se hab\u00eda convertido en la primera de Latinoam\u00e9rica en sumarse a este reconocimiento internacional, a trav\u00e9s del cual los pacientes y sus familias pueden nominar a enfermeras, matronas y TENS para agradecer su dedicaci\u00f3n y trabajo diario. Entonces, el <a href=\"https:\/\/www.clinicauandes.cl\/noticia\/2018\/09\/24\/pioneros-en-latinoamerica\" target=\"_blank\" rel=\"noreferrer noopener\">primer ganador fue Iv\u00e1n Rinc\u00f3n<\/a>, enfermero de la UPCA. \u201cMi madre se siente muy tranquila cuando la atiende Don Iv\u00e1n&#8230; \u00c9l la hace sonre\u00edr y le da \u00e1nimo para que siga adelante\u201d, manifestaba la nominaci\u00f3n, reflejando el esp\u00edritu de centralidad en la persona que mueve a nuestra Cl\u00ednica Universitaria.<\/p>\n\n\n\n<h4 class=\"has-text-color\" style=\"color:#006cb7\">TE ESCRIBO PORQUE<br>Acompa\u00f1amiento para pacientes con Covid-19<\/h4>\n\n\n\n<p style=\"font-size:15px\">La decisi\u00f3n de restringir las visitas a los pacientes hospitalizados por la crisis sanitaria preocup\u00f3 a <strong>Laura Debesa<\/strong>, enfermera UANDES egresada en 2013. Junto a sus hermanas <strong>Luc\u00eda y Luisa<\/strong>, ambas <a rel=\"noreferrer noopener\" href=\"https:\/\/alumni.uandes.cl\/?utm_source=sitio_uandes&amp;utm_medium=header\" target=\"_blank\">alumniUANDES<\/a>, dieron vida entonces a \u201c<a rel=\"noreferrer noopener\" href=\"https:\/\/www.uandes.cl\/noticias\/te-escribo-porque-la-iniciativa-que-busca-acompanar-a-los-pacientes-hospitalizados-por-coronavirus\/\" target=\"_blank\">Te escribo porque<\/a>\u201d, una iniciativa que, a trav\u00e9s de cartas, busca acompa\u00f1ar a los enfermos de <strong>Covid-19<\/strong> que no pueden ser visitados por sus familiares.<\/p>\n\n\n\n<p style=\"font-size:15px\">El objetivo es dar &#8220;un poquito de alegr\u00eda en estos d\u00edas de preocupaci\u00f3n y soledad. Es lograr acompa\u00f1ar a los pacientes que est\u00e1n hospitalizados sin la visita de sus seres queridos y motivarlos, entretenerlos un ratito y, en cierto sentido, lograr disminuir el da\u00f1o que se les produce psicol\u00f3gicamente por tener restringidas las visitas\u201d, cuenta Laura, enfermera de la UCI adultos del <a href=\"https:\/\/hcsba.cl\/wp\/\">Hospital San Borja<\/a>.<\/p>\n\n\n\n<p style=\"font-size:15px\">A poco andar, ya hab\u00edan recibido cientos de cartas de todo Chile, y tambi\u00e9n del extranjero, escritas por personas de distintas edades, ocupaciones y credos, que quisieron sumarse a la campa\u00f1a.<\/p>\n\n\n\n<div class=\"wp-block-columns\">\n<div class=\"wp-block-column\">\n<figure class=\"wp-block-image size-large\"><img loading=\"lazy\" width=\"1024\" height=\"865\" src=\"http:\/\/revistacampus.uandes.cl\/2020\/wp-content\/uploads\/2020\/08\/Enfermera-1-1024x865.jpg\" alt=\"\" class=\"wp-image-3458\" srcset=\"https:\/\/revistacampus.uandes.cl\/2020\/wp-content\/uploads\/2020\/08\/Enfermera-1-1024x865.jpg 1024w, https:\/\/revistacampus.uandes.cl\/2020\/wp-content\/uploads\/2020\/08\/Enfermera-1-300x254.jpg 300w, https:\/\/revistacampus.uandes.cl\/2020\/wp-content\/uploads\/2020\/08\/Enfermera-1-768x649.jpg 768w, https:\/\/revistacampus.uandes.cl\/2020\/wp-content\/uploads\/2020\/08\/Enfermera-1-480x406.jpg 480w, https:\/\/revistacampus.uandes.cl\/2020\/wp-content\/uploads\/2020\/08\/Enfermera-1.jpg 1278w\" sizes=\"(max-width: 1024px) 100vw, 1024px\" \/><\/figure>\n<\/div>\n\n\n\n<div class=\"wp-block-column\">\n<figure class=\"wp-block-image size-large\"><img loading=\"lazy\" width=\"1024\" height=\"865\" src=\"http:\/\/revistacampus.uandes.cl\/2020\/wp-content\/uploads\/2020\/08\/Laura-Debesa-1024x865.jpg\" alt=\"\" class=\"wp-image-3459\" srcset=\"https:\/\/revistacampus.uandes.cl\/2020\/wp-content\/uploads\/2020\/08\/Laura-Debesa-1024x865.jpg 1024w, https:\/\/revistacampus.uandes.cl\/2020\/wp-content\/uploads\/2020\/08\/Laura-Debesa-300x254.jpg 300w, https:\/\/revistacampus.uandes.cl\/2020\/wp-content\/uploads\/2020\/08\/Laura-Debesa-768x649.jpg 768w, https:\/\/revistacampus.uandes.cl\/2020\/wp-content\/uploads\/2020\/08\/Laura-Debesa-480x406.jpg 480w, https:\/\/revistacampus.uandes.cl\/2020\/wp-content\/uploads\/2020\/08\/Laura-Debesa.jpg 1278w\" sizes=\"(max-width: 1024px) 100vw, 1024px\" \/><\/figure>\n<\/div>\n<\/div>\n\n\n\n<p class=\"has-text-align-center\">Los interesados, pueden escribir sus cartas a&nbsp;<a href=\"mailto:teescriboporque@gmail.com\">teescriboporque@gmail.com<\/a>&nbsp;o pueden seguirlos a trav\u00e9s del Instagram&nbsp;<a rel=\"noreferrer noopener\" href=\"https:\/\/www.instagram.com\/proyectoteescriboporque\/\" target=\"_blank\">@proyectoteescriboporque<\/a>.<\/p>\n\n\n\n<hr class=\"wp-block-separator is-style-default\"\/>\n\n\n\n<figure class=\"wp-block-video\"><video controls src=\"http:\/\/revistacampus.uandes.cl\/2020\/wp-content\/uploads\/2020\/09\/Te-escribo-porque.mp4\"><\/video><\/figure>\n\n\n\n<p><\/p>\n","protected":false},"excerpt":{"rendered":"<p>Los enfermeros son los profesionales de quienes depende la gesti\u00f3n administrativa y cl\u00ednica de los centros de salud y son los responsables de gestionar y brindar cuidados a los pacientes 24\/7, los 365 d\u00edas del a\u00f1o.<\/p>\n","protected":false},"author":2,"featured_media":3541,"comment_status":"open","ping_status":"open","sticky":false,"template":"","format":"standard","meta":[],"categories":[43],"tags":[],"_links":{"self":[{"href":"https:\/\/revistacampus.uandes.cl\/2020\/wp-json\/wp\/v2\/posts\/3451"}],"collection":[{"href":"https:\/\/revistacampus.uandes.cl\/2020\/wp-json\/wp\/v2\/posts"}],"about":[{"href":"https:\/\/revistacampus.uandes.cl\/2020\/wp-json\/wp\/v2\/types\/post"}],"author":[{"embeddable":true,"href":"https:\/\/revistacampus.uandes.cl\/2020\/wp-json\/wp\/v2\/users\/2"}],"replies":[{"embeddable":true,"href":"https:\/\/revistacampus.uandes.cl\/2020\/wp-json\/wp\/v2\/comments?post=3451"}],"version-history":[{"count":11,"href":"https:\/\/revistacampus.uandes.cl\/2020\/wp-json\/wp\/v2\/posts\/3451\/revisions"}],"predecessor-version":[{"id":4451,"href":"https:\/\/revistacampus.uandes.cl\/2020\/wp-json\/wp\/v2\/posts\/3451\/revisions\/4451"}],"wp:featuredmedia":[{"embeddable":true,"href":"https:\/\/revistacampus.uandes.cl\/2020\/wp-json\/wp\/v2\/media\/3541"}],"wp:attachment":[{"href":"https:\/\/revistacampus.uandes.cl\/2020\/wp-json\/wp\/v2\/media?parent=3451"}],"wp:term":[{"taxonomy":"category","embeddable":true,"href":"https:\/\/revistacampus.uandes.cl\/2020\/wp-json\/wp\/v2\/categories?post=3451"},{"taxonomy":"post_tag","embeddable":true,"href":"https:\/\/revistacampus.uandes.cl\/2020\/wp-json\/wp\/v2\/tags?post=3451"}],"curies":[{"name":"wp","href":"https:\/\/api.w.org\/{rel}","templated":true}]}}