{"id":3442,"date":"2019-08-31T12:31:59","date_gmt":"2019-08-31T16:31:59","guid":{"rendered":"http:\/\/revistacampus.uandes.cl\/2020\/?p=3442"},"modified":"2020-09-07T17:43:24","modified_gmt":"2020-09-07T20:43:24","slug":"internacionalizacionel-desafio-de-una-formacion-global","status":"publish","type":"post","link":"https:\/\/revistacampus.uandes.cl\/2020\/internacionalizacionel-desafio-de-una-formacion-global\/","title":{"rendered":"Internacionalizaci\u00f3n<br><span class=\"subtitulo\">El desaf\u00edo de una formaci\u00f3n global<\/span>"},"content":{"rendered":"\n<p><em><strong>El Covid-19 ha llevado a universidades de todo el mundo a repensar c\u00f3mo incorporar las competencias globales en la formaci\u00f3n integral de los profesionales del ma\u00f1ana. Expertos coinciden en un escenario lleno de oportunidades, donde el aprendizaje global y los profesores son los protagonistas.<\/strong><\/em><\/p>\n\n\n\n<p>El escenario que hoy enfrentamos por el Covid-19 ha presentado innumerables desaf\u00edos. En educaci\u00f3n superior los retos son variados, sin embargo, hay uno que destaca por el mundo globalizado en que vivimos y por el potencial que la tecnolog\u00eda ha mostrado en esta pandemia: la <strong>internacionalizaci\u00f3n<\/strong>. Este concepto consiste en integrar en la formaci\u00f3n del alumno, en la investigaci\u00f3n y en todo el quehacer universitario, una dimensi\u00f3n internacional, intercultural y global, tarea que hoy acent\u00faa su relevancia, en un escenario de m\u00faltiples oportunidades para reformular la formaci\u00f3n de los futuros profesionales.<\/p>\n\n\n\n<div class=\"wp-block-image\"><figure class=\"aligncenter size-large\"><img loading=\"lazy\" width=\"1024\" height=\"525\" src=\"http:\/\/revistacampus.uandes.cl\/2020\/wp-content\/uploads\/2020\/08\/Internacionalizaci\u00f3n-reuni\u00f3n-1024x525.jpg\" alt=\"\" class=\"wp-image-3444\" srcset=\"https:\/\/revistacampus.uandes.cl\/2020\/wp-content\/uploads\/2020\/08\/Internacionalizaci\u00f3n-reuni\u00f3n-1024x525.jpg 1024w, https:\/\/revistacampus.uandes.cl\/2020\/wp-content\/uploads\/2020\/08\/Internacionalizaci\u00f3n-reuni\u00f3n-300x154.jpg 300w, https:\/\/revistacampus.uandes.cl\/2020\/wp-content\/uploads\/2020\/08\/Internacionalizaci\u00f3n-reuni\u00f3n-768x393.jpg 768w, https:\/\/revistacampus.uandes.cl\/2020\/wp-content\/uploads\/2020\/08\/Internacionalizaci\u00f3n-reuni\u00f3n-480x246.jpg 480w, https:\/\/revistacampus.uandes.cl\/2020\/wp-content\/uploads\/2020\/08\/Internacionalizaci\u00f3n-reuni\u00f3n.jpg 1136w\" sizes=\"(max-width: 1024px) 100vw, 1024px\" \/><\/figure><\/div>\n\n\n\n<p class=\"has-text-align-center has-small-font-size\"><em>\u201cLa forma de comenzar es con nuestra propia mentalidad\u201d, se\u00f1al\u00f3 <a href=\"https:\/\/lead.fiu.edu\/about-us\/faculty-fellows\/stephanie-doscher\/index.html\" target=\"_blank\" rel=\"noreferrer noopener\">Stephanie Doscher, de Florida International University<\/a> (abajo a la izquierda), en uno de los seminarios UANDES-UAI. Junto a ella, <a href=\"https:\/\/www.uandes.cl\/?post_type=person&amp;p=6584\" target=\"_blank\" rel=\"noreferrer noopener\">Rosario D\u00edaz, directora de Relaciones Internacionales UANDES <\/a>y (arriba, de izquierda a derecha), <a href=\"https:\/\/noticias.uai.cl\/autor\/carlos-ramirez\/\" target=\"_blank\" rel=\"noreferrer noopener\">Carlos Ram\u00edrez, de la Universidad Adolfo Ib\u00e1\u00f1ez<\/a>; <a href=\"https:\/\/www.linkedin.com\/in\/thomas-buntru-99b0342a\/?originalSubdomain=mx\" target=\"_blank\" rel=\"noreferrer noopener\">Thomas Buntru, de la Universidad de Monterrey<\/a>, y <a href=\"https:\/\/www.unisabana.edu.co\/internacional\/nosotros\/\" target=\"_blank\" rel=\"noreferrer noopener\">Mar\u00eda Carolina Serrano, de la Universidad de la Sabana<\/a>.<\/em><\/p>\n\n\n\n<hr class=\"wp-block-separator is-style-default\"\/>\n\n\n\n<div class=\"wp-block-columns\">\n<div class=\"wp-block-column\">\n<figure class=\"wp-block-image size-large is-resized\"><img loading=\"lazy\" src=\"http:\/\/revistacampus.uandes.cl\/2020\/wp-content\/uploads\/2020\/08\/logo-citas.png\" alt=\"\" class=\"wp-image-3021\" width=\"87\" height=\"69\"\/><\/figure>\n<\/div>\n\n\n\n<div class=\"wp-block-column\"><\/div>\n\n\n\n<div class=\"wp-block-column\"><\/div>\n<\/div>\n\n\n\n<p class=\"has-text-color\" style=\"color:#542e91\"><em><strong>\u201cTenemos un rol de formar ciudadanos globales y comprometidos con la sociedad. La internacionalizaci\u00f3n es algo cr\u00edtico, esencial y prioridad no de ma\u00f1ana y de hoy, sino ya de ayer\u201d.<\/strong><\/em><\/p>\n\n\n\n<p style=\"font-size:14px\"><a rel=\"noreferrer noopener\" href=\"https:\/\/www.linkedin.com\/in\/franciscomarmolejo\/?locale=es_ES\" target=\"_blank\"><strong>Francisco Marmolejo<\/strong>,<\/a> <em>asesor educativo <a rel=\"noreferrer noopener\" href=\"https:\/\/www.qf.org.qa\/\" target=\"_blank\">Fundaci\u00f3n QATAR<\/a> y ex coordinador global de Educaci\u00f3n Superior del <a href=\"https:\/\/www.bancomundial.org\/\" target=\"_blank\" rel=\"noreferrer noopener\">Banco Mundial<\/a><\/em>.<\/p>\n\n\n\n<hr class=\"wp-block-separator is-style-default\"\/>\n\n\n\n<h4 class=\"has-text-color\" style=\"color:#542e91\">INTERNACIONALIZACI\u00d3N EN CASA<\/h4>\n\n\n\n<p style=\"font-size:15px\">La <a href=\"https:\/\/www.uandes.cl\/internacional\/\" target=\"_blank\" rel=\"noreferrer noopener\">Direcci\u00f3n de Relaciones Internacionales<\/a>, con su par de la <a href=\"https:\/\/www.uai.cl\/rrii\/\" target=\"_blank\" rel=\"noreferrer noopener\">Universidad Adolfo Ib\u00e1\u00f1ez<\/a>, desarroll\u00f3 una serie de seminarios <em>online<\/em> con expertos extranjeros para abordar estos nuevos desaf\u00edos, en los que la gran protagonista fue la internacionalizaci\u00f3n en casa y c\u00f3mo hacer de ella un eje estrat\u00e9gico transversal en las instituciones.<\/p>\n\n\n\n<div class=\"wp-block-columns\">\n<div class=\"wp-block-column\">\n<div class=\"wp-block-image is-style-rounded\"><figure class=\"aligncenter size-large\"><img loading=\"lazy\" width=\"250\" height=\"250\" src=\"http:\/\/revistacampus.uandes.cl\/2020\/wp-content\/uploads\/2020\/09\/stephanie-doscher.png\" alt=\"\" class=\"wp-image-4225\" srcset=\"https:\/\/revistacampus.uandes.cl\/2020\/wp-content\/uploads\/2020\/09\/stephanie-doscher.png 250w, https:\/\/revistacampus.uandes.cl\/2020\/wp-content\/uploads\/2020\/09\/stephanie-doscher-150x150.png 150w\" sizes=\"(max-width: 250px) 100vw, 250px\" \/><figcaption>Stephanie Doscher<\/figcaption><\/figure><\/div>\n\n\n\n<p><\/p>\n<\/div>\n\n\n\n<div class=\"wp-block-column\">\n<p style=\"font-size:15px\">Una de las invitadas, <a href=\"https:\/\/lead.fiu.edu\/about-us\/faculty-fellows\/stephanie-doscher\/index.html\" target=\"_blank\" rel=\"noreferrer noopener\">Stephanie Doscher, directora de Iniciativas de Aprendizaje Global en <em>Florida International University<\/em>, Estados Unidos<\/a>, destac\u00f3 el potencial de internacionalizar en casa, ya que permite mover mentes e ideas cuando no es posible mover personas. Comparti\u00f3 cinco maneras para que las universidades puedan involucrarse m\u00e1s y mejor con este concepto: internacionalizaci\u00f3n del curr\u00edculum, redes globales gracias a la tecnolog\u00eda, multiling\u00fcismo, di\u00e1logos intergrupales y cambios sociales para la comunidad.<\/p>\n<\/div>\n<\/div>\n\n\n\n<p style=\"font-size:15px\">Asimismo, enfatiz\u00f3 la relevancia de la internacionalizaci\u00f3n en las universidades para alcanzar su misi\u00f3n: producir y compartir nuevo conocimiento. \u201cSi vamos a resolver problemas y entenderlos, debemos conectar con personas que saben cosas que nosotros no. Ninguna universidad, disciplina, persona o pa\u00eds puede entender por s\u00ed solo nuestro momento global. La pandemia es el ejemplo perfecto para eso\u201d.<\/p>\n\n\n\n<div class=\"wp-block-columns\">\n<div class=\"wp-block-column\">\n<figure class=\"wp-block-image size-large is-style-default\"><img loading=\"lazy\" width=\"1024\" height=\"1024\" src=\"http:\/\/revistacampus.uandes.cl\/2020\/wp-content\/uploads\/2020\/09\/IMG_1975-1024x1024.jpg\" alt=\"\" class=\"wp-image-4223\" srcset=\"https:\/\/revistacampus.uandes.cl\/2020\/wp-content\/uploads\/2020\/09\/IMG_1975-1024x1024.jpg 1024w, https:\/\/revistacampus.uandes.cl\/2020\/wp-content\/uploads\/2020\/09\/IMG_1975-300x300.jpg 300w, https:\/\/revistacampus.uandes.cl\/2020\/wp-content\/uploads\/2020\/09\/IMG_1975-150x150.jpg 150w, https:\/\/revistacampus.uandes.cl\/2020\/wp-content\/uploads\/2020\/09\/IMG_1975-768x768.jpg 768w, https:\/\/revistacampus.uandes.cl\/2020\/wp-content\/uploads\/2020\/09\/IMG_1975-1536x1536.jpg 1536w, https:\/\/revistacampus.uandes.cl\/2020\/wp-content\/uploads\/2020\/09\/IMG_1975-2048x2048.jpg 2048w, https:\/\/revistacampus.uandes.cl\/2020\/wp-content\/uploads\/2020\/09\/IMG_1975-480x480.jpg 480w\" sizes=\"(max-width: 1024px) 100vw, 1024px\" \/><\/figure>\n<\/div>\n\n\n\n<div class=\"wp-block-column\">\n<p style=\"font-size:15px\">La Direcci\u00f3n de Relaciones Internacionales ha trabajado en diversas iniciativas para fomentar la internacionalizaci\u00f3n desde casa. Una de ellas es <a href=\"https:\/\/uandes.instructure.com\/courses\/7897\" target=\"_blank\" rel=\"noreferrer noopener\"><strong>UANDES Movirtual<\/strong><\/a>, programa de movilidad que ofrece asignaturas 100% <em>online<\/em> de universidades extranjeras para los alumnos de nuestra casa de estudios y, a su vez, permite que alumnos internacionales sean parte de los ramos <em>online <\/em>impartidos por la UANDES.<\/p>\n<\/div>\n<\/div>\n\n\n\n<p style=\"font-size:15px\">Otro exitoso proyecto es el <strong><a rel=\"noreferrer noopener\" href=\"https:\/\/www.uandes.cl\/noticias\/summit-congrego-a-80-alumnos-de-ocho-paises-en-torno-al-liderazgo-en-nuevos-escenarios\/\" target=\"_blank\">Summit de Liderazgo Adaptativo<\/a><\/strong>, que en 2020 tuvo su primera versi\u00f3n, en la que congreg\u00f3 a 80 estudiantes de ocho pa\u00edses en torno al liderazgo en nuevos escenarios, bajo un modelo desarrollado por la <a rel=\"noreferrer noopener\" href=\"https:\/\/www.harvard.edu\/\" target=\"_blank\">Universidad de Harvard, Estados Unidos<\/a>, y con ejercicios en base al nuevo contexto que ha impuesto la actual crisis sanitaria. Dictado por el <a rel=\"noreferrer noopener\" href=\"https:\/\/www.ese.cl\/ese\/academico\/full-time\/rafael-mies\/2018-04-05\/154412.html\" target=\"_blank\">profesor de Liderazgo del ESE Business School Rafael Mies<\/a>, junto a acad\u00e9micos de la Escuela de Liderazgo UAI, en el Summit tambi\u00e9n participaron destacados invitados extranjeros, como la <a rel=\"noreferrer noopener\" href=\"https:\/\/www.canadainternational.gc.ca\/chile-chili\/offices-bureaux\/ambassador_msg_ambassadeur.aspx?lang=spa\" data-type=\"URL\" data-id=\"https:\/\/www.canadainternational.gc.ca\/chile-chili\/offices-bureaux\/ambassador_msg_ambassadeur.aspx?lang=spa\" target=\"_blank\">embajadora de Canad\u00e1<\/a>, acad\u00e9micos de la <a href=\"https:\/\/www.berkeley.edu\/\" target=\"_blank\" rel=\"noreferrer noopener\">Universidad de Berkeley, Estados Unidos<\/a>, y emprendedores locales y de Espa\u00f1a.<\/p>\n\n\n\n<figure class=\"wp-block-image size-large\"><img loading=\"lazy\" width=\"1024\" height=\"591\" src=\"http:\/\/revistacampus.uandes.cl\/2020\/wp-content\/uploads\/2020\/09\/summir-internacional-liderazgo-adaptativo-uandes-uai-participantes-1024x591.jpg\" alt=\"\" class=\"wp-image-4221\" srcset=\"https:\/\/revistacampus.uandes.cl\/2020\/wp-content\/uploads\/2020\/09\/summir-internacional-liderazgo-adaptativo-uandes-uai-participantes-1024x591.jpg 1024w, https:\/\/revistacampus.uandes.cl\/2020\/wp-content\/uploads\/2020\/09\/summir-internacional-liderazgo-adaptativo-uandes-uai-participantes-300x173.jpg 300w, https:\/\/revistacampus.uandes.cl\/2020\/wp-content\/uploads\/2020\/09\/summir-internacional-liderazgo-adaptativo-uandes-uai-participantes-768x443.jpg 768w, https:\/\/revistacampus.uandes.cl\/2020\/wp-content\/uploads\/2020\/09\/summir-internacional-liderazgo-adaptativo-uandes-uai-participantes-480x277.jpg 480w, https:\/\/revistacampus.uandes.cl\/2020\/wp-content\/uploads\/2020\/09\/summir-internacional-liderazgo-adaptativo-uandes-uai-participantes.jpg 1536w\" sizes=\"(max-width: 1024px) 100vw, 1024px\" \/><\/figure>\n\n\n\n<hr class=\"wp-block-separator is-style-default\"\/>\n\n\n\n<div class=\"wp-block-columns\">\n<div class=\"wp-block-column\">\n<figure class=\"wp-block-image size-large is-resized\"><img loading=\"lazy\" src=\"http:\/\/revistacampus.uandes.cl\/2020\/wp-content\/uploads\/2020\/08\/logo-citas.png\" alt=\"\" class=\"wp-image-3021\" width=\"87\" height=\"69\"\/><\/figure>\n<\/div>\n\n\n\n<div class=\"wp-block-column\"><\/div>\n\n\n\n<div class=\"wp-block-column\"><\/div>\n<\/div>\n\n\n\n<p class=\"has-text-color\" style=\"color:#542e91\"><em><strong>\u201cSi bien el destinatario y la raz\u00f3n de ser (de la internacionalizaci\u00f3n) son los alumnos, nuestros aliados n\u00famero uno son los profesores\u201d.<\/strong><\/em><\/p>\n\n\n\n<p class=\"has-small-font-size\"><a href=\"https:\/\/www.unisabana.edu.co\/internacional\/nosotros\/\" target=\"_blank\" rel=\"noreferrer noopener\"><strong>Mar\u00eda Carolina Serrano<\/strong>, <em>directora de Relaciones Internacionales, Universidad de La Sabana, Colombia<\/em><\/a>.<\/p>\n\n\n\n<hr class=\"wp-block-separator is-style-default\"\/>\n\n\n\n<h4 class=\"has-text-color\" style=\"color:#542e91\">UANDES COIL<\/h4>\n\n\n\n<p style=\"font-size:15px\">En 2020, las direcciones de <a href=\"https:\/\/www.uandes.cl\/internacional\/\" target=\"_blank\" rel=\"noreferrer noopener\">Relaciones Internacionales<\/a> y de <a href=\"https:\/\/www.uandes.cl\/academicos\/direccion-de-desarrollo-docente\/\" target=\"_blank\" rel=\"noreferrer noopener\">Desarrollo Docente<\/a> implementaron el proyecto <a href=\"https:\/\/www.uandes.cl\/noticias\/uandes-coil-el-proyecto-de-aprendizaje-internacional-colaborativo-a-distancia\/\" target=\"_blank\" rel=\"noreferrer noopener\"><strong><em>Collaborative Online International Learning<\/em> (UANDES COIL)<\/strong>,<\/a> cuyo objetivo es que los profesores incorporen la participaci\u00f3n de acad\u00e9micos extranjeros en su asignatura, a partir de la red de convenios internacionales UANDES.<\/p>\n\n\n\n<p>Este modelo desaf\u00eda y abre interesantes oportunidades de aprendizaje para los alumnos, a trav\u00e9s de una experiencia internacional virtual, pues aporta en la internacionalizaci\u00f3n integradora e inclusiva de los cursos, valor agregado y diferenciaci\u00f3n de la asignatura, innovaci\u00f3n metodol\u00f3gica y desarrollo de habilidades transversales e interculturales.<\/p>\n\n\n\n<p style=\"font-size:15px\">Por ejemplo, la <a rel=\"noreferrer noopener\" href=\"https:\/\/www.uandes.cl\/carrera\/terapia-ocupacional\/\" target=\"_blank\">Escuela de Terapia Ocupacional <\/a>ha coordinado clases con <em><a href=\"https:\/\/www.uq.edu.au\/\" target=\"_blank\" rel=\"noreferrer noopener\">The University of Queensland, Australia<\/a><\/em>; la <a rel=\"noreferrer noopener\" href=\"https:\/\/www.uandes.cl\/carrera\/enfermeria\/\" target=\"_blank\">Escuela de Enfermer\u00eda<\/a>, con la <a href=\"https:\/\/www.unisabana.edu.co\/\" target=\"_blank\" rel=\"noreferrer noopener\">Universidad de La Sabana, Colombia<\/a>; y la <a rel=\"noreferrer noopener\" href=\"https:\/\/www.uandes.cl\/carrera\/derecho\/\" target=\"_blank\">Facultad de Derecho<\/a>, con la <a href=\"https:\/\/www.uni-regensburg.de\/index.html.en\" target=\"_blank\" rel=\"noreferrer noopener\">Universidad de Regensburg, Alemania<\/a>.<\/p>\n\n\n\n<figure class=\"wp-block-image size-large\"><img loading=\"lazy\" width=\"1024\" height=\"541\" src=\"http:\/\/revistacampus.uandes.cl\/2020\/wp-content\/uploads\/2020\/09\/undes-coil-2020-1024x541.jpg\" alt=\"\" class=\"wp-image-4222\" srcset=\"https:\/\/revistacampus.uandes.cl\/2020\/wp-content\/uploads\/2020\/09\/undes-coil-2020-1024x541.jpg 1024w, https:\/\/revistacampus.uandes.cl\/2020\/wp-content\/uploads\/2020\/09\/undes-coil-2020-300x159.jpg 300w, https:\/\/revistacampus.uandes.cl\/2020\/wp-content\/uploads\/2020\/09\/undes-coil-2020-768x406.jpg 768w, https:\/\/revistacampus.uandes.cl\/2020\/wp-content\/uploads\/2020\/09\/undes-coil-2020-480x254.jpg 480w, https:\/\/revistacampus.uandes.cl\/2020\/wp-content\/uploads\/2020\/09\/undes-coil-2020.jpg 1120w\" sizes=\"(max-width: 1024px) 100vw, 1024px\" \/><\/figure>\n\n\n\n<h4 class=\"has-text-color\" style=\"color:#542e91\">LOS PROFESORES COMO PROTAGONISTAS<\/h4>\n\n\n\n<p style=\"font-size:15px\">Mar\u00eda Carolina Serrano, directora de Relaciones Internacionales y l\u00edder del proceso de internacionalizaci\u00f3n de curr\u00edculo de la <a href=\"https:\/\/www.unisabana.edu.co\/\" target=\"_blank\" rel=\"noreferrer noopener\">Universidad de La Sabana, Colombia<\/a>, quien tambi\u00e9n particip\u00f3 en los <em>webinars<\/em> UANDES, destac\u00f3 el rol clave de los docentes. \u201cSe les debe llamar a tener una visi\u00f3n intercultural y a estar comprometidos con esta integraci\u00f3n en la docencia, investigaci\u00f3n, proyecci\u00f3n y asesor\u00eda acad\u00e9mica\u201d. Agreg\u00f3 que son los encargados de entregarle a los alumnos las capacidades con las que se desenvolver\u00e1n en el mundo, para que este reciba a los ciudadanos que necesita. \u201cCuando logramos ver esa conexi\u00f3n, podemos armar algo conjunto que haga sentido al profesor, al director del programa y al estudiante\u201d, indic\u00f3.<\/p>\n\n\n\n<div class=\"wp-block-columns\">\n<div class=\"wp-block-column\">\n<div class=\"wp-block-image is-style-rounded\"><figure class=\"aligncenter size-large\"><img loading=\"lazy\" width=\"800\" height=\"800\" src=\"http:\/\/revistacampus.uandes.cl\/2020\/wp-content\/uploads\/2020\/09\/carolina-serrano800.png\" alt=\"\" class=\"wp-image-4226\" srcset=\"https:\/\/revistacampus.uandes.cl\/2020\/wp-content\/uploads\/2020\/09\/carolina-serrano800.png 800w, https:\/\/revistacampus.uandes.cl\/2020\/wp-content\/uploads\/2020\/09\/carolina-serrano800-300x300.png 300w, https:\/\/revistacampus.uandes.cl\/2020\/wp-content\/uploads\/2020\/09\/carolina-serrano800-150x150.png 150w, https:\/\/revistacampus.uandes.cl\/2020\/wp-content\/uploads\/2020\/09\/carolina-serrano800-768x768.png 768w, https:\/\/revistacampus.uandes.cl\/2020\/wp-content\/uploads\/2020\/09\/carolina-serrano800-480x480.png 480w\" sizes=\"(max-width: 800px) 100vw, 800px\" \/><figcaption>Carolina Serrano<\/figcaption><\/figure><\/div>\n<\/div>\n\n\n\n<div class=\"wp-block-column\">\n<div class=\"wp-block-image is-style-rounded\"><figure class=\"aligncenter size-large\"><img loading=\"lazy\" width=\"1013\" height=\"1024\" src=\"http:\/\/revistacampus.uandes.cl\/2020\/wp-content\/uploads\/2020\/09\/Rosario-Diaz-uandes-1013x1024.jpg\" alt=\"\" class=\"wp-image-4227\" srcset=\"https:\/\/revistacampus.uandes.cl\/2020\/wp-content\/uploads\/2020\/09\/Rosario-Diaz-uandes-1013x1024.jpg 1013w, https:\/\/revistacampus.uandes.cl\/2020\/wp-content\/uploads\/2020\/09\/Rosario-Diaz-uandes-297x300.jpg 297w, https:\/\/revistacampus.uandes.cl\/2020\/wp-content\/uploads\/2020\/09\/Rosario-Diaz-uandes-768x776.jpg 768w, https:\/\/revistacampus.uandes.cl\/2020\/wp-content\/uploads\/2020\/09\/Rosario-Diaz-uandes-1520x1536.jpg 1520w, https:\/\/revistacampus.uandes.cl\/2020\/wp-content\/uploads\/2020\/09\/Rosario-Diaz-uandes-480x485.jpg 480w, https:\/\/revistacampus.uandes.cl\/2020\/wp-content\/uploads\/2020\/09\/Rosario-Diaz-uandes.jpg 1712w\" sizes=\"(max-width: 1013px) 100vw, 1013px\" \/><figcaption>Rosario D\u00edaz<\/figcaption><\/figure><\/div>\n<\/div>\n<\/div>\n\n\n\n<p style=\"font-size:15px\">De cara al futuro y para insertar la internacionalizaci\u00f3n en las estrategias universitarias, expertos de diversas instituciones coinciden en la importancia de planificar este proceso y de alinear acciones con los objetivos de cada plantel. \u201cDebemos ver esta crisis como una oportunidad para reconsiderar la educaci\u00f3n superior y liderar la incorporaci\u00f3n de la perspectiva internacional; es un trabajo estrat\u00e9gico y de liderazgo\u201d, se\u00f1al\u00f3 <a href=\"https:\/\/co.linkedin.com\/in\/fernando-daniels\" target=\"_blank\" rel=\"noreferrer noopener\">Fernando Daniels<\/a>, de la <a href=\"https:\/\/oui-iohe.org\/es\/colam\/\" target=\"_blank\" rel=\"noreferrer noopener\">Organizaci\u00f3n Universitaria Interamericana<\/a>. \u201cTenemos mucho trabajo que hacer, una tarea ardua y, sin duda, los profesores son el eje clave\u201d, concluye <a href=\"https:\/\/www.uandes.cl\/?post_type=person&amp;p=6584\" target=\"_blank\" rel=\"noreferrer noopener\">Rosario D\u00edaz, directora de Relaciones Internacionales UANDES<\/a>.<\/p>\n\n\n\n<hr class=\"wp-block-separator is-style-default\"\/>\n\n\n\n<div class=\"wp-block-columns\">\n<div class=\"wp-block-column\">\n<figure class=\"wp-block-image size-large is-resized\"><img loading=\"lazy\" src=\"http:\/\/revistacampus.uandes.cl\/2020\/wp-content\/uploads\/2020\/08\/logo-citas.png\" alt=\"\" class=\"wp-image-3021\" width=\"87\" height=\"69\"\/><\/figure>\n<\/div>\n\n\n\n<div class=\"wp-block-column\"><\/div>\n\n\n\n<div class=\"wp-block-column\"><\/div>\n<\/div>\n\n\n\n<p class=\"has-text-color\" style=\"color:#542e91\"><em><strong>\u201cLas universidades se van a ver enfrentadas a una nueva estructura curricular y es un buen momento para participar de esta reestructuraci\u00f3n\u201d.<\/strong><\/em><\/p>\n\n\n\n<p class=\"has-small-font-size\"><a href=\"https:\/\/www.linkedin.com\/in\/fernando-daniels\/?originalSubdomain=co\" target=\"_blank\" rel=\"noreferrer noopener\"><strong>Fernando Daniels<\/strong>, <em>director ejecutivo del programa Colegio de las Am\u00e9ricas, Organizaci\u00f3n Universitaria Interamericana<\/em><\/a>.<\/p>\n\n\n\n<hr class=\"wp-block-separator is-style-default\"\/>\n","protected":false},"excerpt":{"rendered":"<p>El Covid-19 ha llevado a universidades de todo el mundo a repensar c\u00f3mo incorporar las competencias globales en la formaci\u00f3n integral de los profesionales del ma\u00f1ana. Expertos coinciden en un escenario lleno de oportunidades, donde el aprendizaje global y los profesores son los protagonistas.<\/p>\n","protected":false},"author":2,"featured_media":3443,"comment_status":"open","ping_status":"open","sticky":false,"template":"","format":"standard","meta":[],"categories":[37],"tags":[],"_links":{"self":[{"href":"https:\/\/revistacampus.uandes.cl\/2020\/wp-json\/wp\/v2\/posts\/3442"}],"collection":[{"href":"https:\/\/revistacampus.uandes.cl\/2020\/wp-json\/wp\/v2\/posts"}],"about":[{"href":"https:\/\/revistacampus.uandes.cl\/2020\/wp-json\/wp\/v2\/types\/post"}],"author":[{"embeddable":true,"href":"https:\/\/revistacampus.uandes.cl\/2020\/wp-json\/wp\/v2\/users\/2"}],"replies":[{"embeddable":true,"href":"https:\/\/revistacampus.uandes.cl\/2020\/wp-json\/wp\/v2\/comments?post=3442"}],"version-history":[{"count":11,"href":"https:\/\/revistacampus.uandes.cl\/2020\/wp-json\/wp\/v2\/posts\/3442\/revisions"}],"predecessor-version":[{"id":4551,"href":"https:\/\/revistacampus.uandes.cl\/2020\/wp-json\/wp\/v2\/posts\/3442\/revisions\/4551"}],"wp:featuredmedia":[{"embeddable":true,"href":"https:\/\/revistacampus.uandes.cl\/2020\/wp-json\/wp\/v2\/media\/3443"}],"wp:attachment":[{"href":"https:\/\/revistacampus.uandes.cl\/2020\/wp-json\/wp\/v2\/media?parent=3442"}],"wp:term":[{"taxonomy":"category","embeddable":true,"href":"https:\/\/revistacampus.uandes.cl\/2020\/wp-json\/wp\/v2\/categories?post=3442"},{"taxonomy":"post_tag","embeddable":true,"href":"https:\/\/revistacampus.uandes.cl\/2020\/wp-json\/wp\/v2\/tags?post=3442"}],"curies":[{"name":"wp","href":"https:\/\/api.w.org\/{rel}","templated":true}]}}