{"id":3431,"date":"2020-08-31T10:13:16","date_gmt":"2020-08-31T14:13:16","guid":{"rendered":"http:\/\/revistacampus.uandes.cl\/2020\/?p=3431"},"modified":"2020-09-07T17:42:19","modified_gmt":"2020-09-07T20:42:19","slug":"nuestra-revista-campus-uandes-2020","status":"publish","type":"post","link":"https:\/\/revistacampus.uandes.cl\/2020\/nuestra-revista-campus-uandes-2020\/","title":{"rendered":"Nuestra revista Campus UANDES 2020"},"content":{"rendered":"\n<p>Esta edici\u00f3n se publica en un contexto especial y su contenido lo demuestra. Adem\u00e1s de recorrer las actividades acad\u00e9micas y de investigaci\u00f3n que han generado mayor impacto en la comunidad y de presentar a los acad\u00e9micos, alumnos y alumni que han dejado huella, esta edici\u00f3n da cuenta de las dificultades que ha enfrentado el pa\u00eds. En este a\u00f1o marcado por la pandemia, quienes se dedican a la Salud han jugado un rol fundamental y por eso los homenajeamos en la portada. Los invitamos a navegar esta revista Campus virtual.<\/p>\n","protected":false},"excerpt":{"rendered":"<p>Esta edici\u00f3n se publica en un contexto especial y su contenido lo demuestra. Adem\u00e1s de recorrer las actividades acad\u00e9micas y de investigaci\u00f3n que han generado mayor impacto en la comunidad y de presentar a los acad\u00e9micos, alumnos y alumni que han dejado huella, esta edici\u00f3n da cuenta de las dificultades que ha enfrentado el pa\u00eds. En este a\u00f1o marcado por la pandemia, quienes se dedican a la Salud han jugado un rol fundamental y por eso los homenajeamos en la portada. Los invitamos a navegar esta revista Campus virtual.<\/p>\n","protected":false},"author":2,"featured_media":3432,"comment_status":"open","ping_status":"open","sticky":false,"template":"","format":"standard","meta":[],"categories":[47],"tags":[],"_links":{"self":[{"href":"https:\/\/revistacampus.uandes.cl\/2020\/wp-json\/wp\/v2\/posts\/3431"}],"collection":[{"href":"https:\/\/revistacampus.uandes.cl\/2020\/wp-json\/wp\/v2\/posts"}],"about":[{"href":"https:\/\/revistacampus.uandes.cl\/2020\/wp-json\/wp\/v2\/types\/post"}],"author":[{"embeddable":true,"href":"https:\/\/revistacampus.uandes.cl\/2020\/wp-json\/wp\/v2\/users\/2"}],"replies":[{"embeddable":true,"href":"https:\/\/revistacampus.uandes.cl\/2020\/wp-json\/wp\/v2\/comments?post=3431"}],"version-history":[{"count":6,"href":"https:\/\/revistacampus.uandes.cl\/2020\/wp-json\/wp\/v2\/posts\/3431\/revisions"}],"predecessor-version":[{"id":4547,"href":"https:\/\/revistacampus.uandes.cl\/2020\/wp-json\/wp\/v2\/posts\/3431\/revisions\/4547"}],"wp:featuredmedia":[{"embeddable":true,"href":"https:\/\/revistacampus.uandes.cl\/2020\/wp-json\/wp\/v2\/media\/3432"}],"wp:attachment":[{"href":"https:\/\/revistacampus.uandes.cl\/2020\/wp-json\/wp\/v2\/media?parent=3431"}],"wp:term":[{"taxonomy":"category","embeddable":true,"href":"https:\/\/revistacampus.uandes.cl\/2020\/wp-json\/wp\/v2\/categories?post=3431"},{"taxonomy":"post_tag","embeddable":true,"href":"https:\/\/revistacampus.uandes.cl\/2020\/wp-json\/wp\/v2\/tags?post=3431"}],"curies":[{"name":"wp","href":"https:\/\/api.w.org\/{rel}","templated":true}]}}