{"id":3419,"date":"2020-07-28T17:12:50","date_gmt":"2020-07-28T21:12:50","guid":{"rendered":"http:\/\/revistacampus.uandes.cl\/2020\/?p=3419"},"modified":"2020-09-07T16:49:25","modified_gmt":"2020-09-07T19:49:25","slug":"estudiantes-en-cultura","status":"publish","type":"post","link":"https:\/\/revistacampus.uandes.cl\/2020\/estudiantes-en-cultura\/","title":{"rendered":"Estudiantes en Cultura"},"content":{"rendered":"\n<p><strong><em>El teatro musical Manuel Rodr\u00edguez, el tradicional concurso de cuentos y el coro de alumnos aportan a la formaci\u00f3n integral de los j\u00f3venes.<\/em><\/strong><\/p>\n\n\n\n<h4 class=\"has-text-color\" style=\"color:#542e91\">Elevando el esp\u00edritu de la comunidad<\/h4>\n\n\n\n<p style=\"font-size:15px\">El a\u00f1o pasado, el <a rel=\"noreferrer noopener\" href=\"https:\/\/www.uandes.cl\/alumnos\/vida-universitaria\/cultura\/#coro\" target=\"_blank\">coro sinf\u00f3nico<\/a>, compuesto por alumnos, profesores y administrativos y dirigido por <strong>Marcela Canales<\/strong>, <strong>particip\u00f3 de un encuentro coral con la Universidad Metropolitana de Ciencias de la Educaci\u00f3n<\/strong> y acompa\u00f1\u00f3 las ceremonias religiosas y actos acad\u00e9micos con sus melod\u00edas en 2019. Con el fin de compartir un momento de encuentro y alegr\u00eda, participaron tambi\u00e9n de los tradicionales <a href=\"https:\/\/www.uandes.cl\/noticias\/v-version-de-los-conciertos-de-navidad-en-familia-contribuyen-a-la-paz-social-con-un-encuentro-de-musica-y-reflexion\/\" target=\"_blank\" rel=\"noreferrer noopener\">Conciertos de Navidad en Familia<\/a>, en los que, junto al coro <em>Magnificat <\/em>y a vecinos de Las Condes, interpretaron villancicos populares y otras piezas musicales.<\/p>\n\n\n\n<hr class=\"wp-block-separator has-text-color has-background\" style=\"background-color:#0071a1;color:#0071a1\"\/>\n\n\n\n<div class=\"wp-block-columns\">\n<div class=\"wp-block-column\"><\/div>\n\n\n\n<div class=\"wp-block-column\"><\/div>\n\n\n\n<div class=\"wp-block-column\"><\/div>\n<\/div>\n\n\n\n<h4 class=\"has-text-color\" style=\"color:#542e91\">Reviven los h\u00e9roes patrios<\/h4>\n\n\n\n<figure class=\"wp-block-image size-large\"><img loading=\"lazy\" width=\"1024\" height=\"576\" src=\"http:\/\/revistacampus.uandes.cl\/2020\/wp-content\/uploads\/2020\/08\/MG_1145-1024x576.jpg\" alt=\"\" class=\"wp-image-3422\" srcset=\"https:\/\/revistacampus.uandes.cl\/2020\/wp-content\/uploads\/2020\/08\/MG_1145-1024x576.jpg 1024w, https:\/\/revistacampus.uandes.cl\/2020\/wp-content\/uploads\/2020\/08\/MG_1145-300x169.jpg 300w, https:\/\/revistacampus.uandes.cl\/2020\/wp-content\/uploads\/2020\/08\/MG_1145-768x432.jpg 768w, https:\/\/revistacampus.uandes.cl\/2020\/wp-content\/uploads\/2020\/08\/MG_1145-1536x864.jpg 1536w, https:\/\/revistacampus.uandes.cl\/2020\/wp-content\/uploads\/2020\/08\/MG_1145-2048x1152.jpg 2048w, https:\/\/revistacampus.uandes.cl\/2020\/wp-content\/uploads\/2020\/08\/MG_1145-480x270.jpg 480w\" sizes=\"(max-width: 1024px) 100vw, 1024px\" \/><\/figure>\n\n\n\n<p style=\"font-size:15px\">2019 fue un a\u00f1o especial para la <a rel=\"noreferrer noopener\" href=\"https:\/\/www.uandes.cl\/academia-de-artes-escenicas\/\" target=\"_blank\">Academia de Artes Esc\u00e9nicas<\/a>. En la conmemoraci\u00f3n del 30\u00b0 aniversario de la Universidad, trabajaron en una <a rel=\"noreferrer noopener\" href=\"https:\/\/www.uandes.cl\/manuel-rodriguez-patriotismo-adae\/\" target=\"_blank\">obra in\u00e9dita sobre uno de los protagonistas de nuestra independencia: Manuel Rodr\u00edguez.<\/a> Mientras en el escenario se cantaba \u201c\u00bfQu\u00e9 le pasa a nuestro pa\u00eds?\u201d o \u201c\u00bfCu\u00e1nto cuesta la libertad?\u201d, <strong>comenzaba la crisis social de octubre, la que impidi\u00f3 presentar la \u00faltima funci\u00f3n e hizo reflexionar<\/strong> a los m\u00e1s de 3.100 asistentes sobre el amor a la patria, la lucha por los valores de la democracia y la importancia de los acuerdos.<\/p>\n\n\n\n<div class=\"wp-block-columns\">\n<div class=\"wp-block-column\"><\/div>\n\n\n\n<div class=\"wp-block-column\"><\/div>\n\n\n\n<div class=\"wp-block-column\"><\/div>\n<\/div>\n\n\n\n<h4 class=\"has-text-color\" style=\"color:#542e91\">Echar a volar la imaginaci\u00f3n<\/h4>\n\n\n\n<figure class=\"wp-block-image size-large\"><img loading=\"lazy\" width=\"1024\" height=\"768\" src=\"http:\/\/revistacampus.uandes.cl\/2020\/wp-content\/uploads\/2020\/08\/Concurso-Cuentos-1024x768.jpg\" alt=\"\" class=\"wp-image-3423\" srcset=\"https:\/\/revistacampus.uandes.cl\/2020\/wp-content\/uploads\/2020\/08\/Concurso-Cuentos-1024x768.jpg 1024w, https:\/\/revistacampus.uandes.cl\/2020\/wp-content\/uploads\/2020\/08\/Concurso-Cuentos-300x225.jpg 300w, https:\/\/revistacampus.uandes.cl\/2020\/wp-content\/uploads\/2020\/08\/Concurso-Cuentos-768x576.jpg 768w, https:\/\/revistacampus.uandes.cl\/2020\/wp-content\/uploads\/2020\/08\/Concurso-Cuentos-1536x1152.jpg 1536w, https:\/\/revistacampus.uandes.cl\/2020\/wp-content\/uploads\/2020\/08\/Concurso-Cuentos-480x360.jpg 480w, https:\/\/revistacampus.uandes.cl\/2020\/wp-content\/uploads\/2020\/08\/Concurso-Cuentos.jpg 1745w\" sizes=\"(max-width: 1024px) 100vw, 1024px\" \/><\/figure>\n\n\n\n<p style=\"font-size:15px\">El <a rel=\"noreferrer noopener\" href=\"https:\/\/www.uandes.cl\/noticias\/premiacion-concurso-de-cuentos-el-mundo-en-2084-desafios-eticos-y-dramas-humanos\/\" target=\"_blank\">tradicional concurso de cuentos<\/a>, que en su XI versi\u00f3n convoc\u00f3 tambi\u00e9n a alumnos de colegio, <strong>invit\u00f3 a los estudiantes a plasmar mediante palabras sus sue\u00f1os y visiones del mundo.<\/strong> \u201cCada a\u00f1o quedamos sorprendidos por la gran calidad de las obras presentadas, las tem\u00e1ticas son muy diversas -desde las fantasiosas hasta las hiperrealistas y la tarea del jurado es cada vez m\u00e1s dif\u00edcil\u201d, comenta <strong>Muriel Lagno<\/strong>, coordinadora de <a rel=\"noreferrer noopener\" href=\"https:\/\/www.uandes.cl\/alumnos\/vida-universitaria\/cultura\/\" target=\"_blank\">Cultura de Vida Universitaria.<\/a><\/p>\n","protected":false},"excerpt":{"rendered":"<p>El teatro musical Manuel Rodr\u00edguez, el tradicional concurso de cuentos y el coro de alumnos aportan a la formaci\u00f3n integral de los j\u00f3venes.<\/p>\n","protected":false},"author":2,"featured_media":3421,"comment_status":"open","ping_status":"open","sticky":false,"template":"","format":"standard","meta":[],"categories":[38],"tags":[],"_links":{"self":[{"href":"https:\/\/revistacampus.uandes.cl\/2020\/wp-json\/wp\/v2\/posts\/3419"}],"collection":[{"href":"https:\/\/revistacampus.uandes.cl\/2020\/wp-json\/wp\/v2\/posts"}],"about":[{"href":"https:\/\/revistacampus.uandes.cl\/2020\/wp-json\/wp\/v2\/types\/post"}],"author":[{"embeddable":true,"href":"https:\/\/revistacampus.uandes.cl\/2020\/wp-json\/wp\/v2\/users\/2"}],"replies":[{"embeddable":true,"href":"https:\/\/revistacampus.uandes.cl\/2020\/wp-json\/wp\/v2\/comments?post=3419"}],"version-history":[{"count":13,"href":"https:\/\/revistacampus.uandes.cl\/2020\/wp-json\/wp\/v2\/posts\/3419\/revisions"}],"predecessor-version":[{"id":4523,"href":"https:\/\/revistacampus.uandes.cl\/2020\/wp-json\/wp\/v2\/posts\/3419\/revisions\/4523"}],"wp:featuredmedia":[{"embeddable":true,"href":"https:\/\/revistacampus.uandes.cl\/2020\/wp-json\/wp\/v2\/media\/3421"}],"wp:attachment":[{"href":"https:\/\/revistacampus.uandes.cl\/2020\/wp-json\/wp\/v2\/media?parent=3419"}],"wp:term":[{"taxonomy":"category","embeddable":true,"href":"https:\/\/revistacampus.uandes.cl\/2020\/wp-json\/wp\/v2\/categories?post=3419"},{"taxonomy":"post_tag","embeddable":true,"href":"https:\/\/revistacampus.uandes.cl\/2020\/wp-json\/wp\/v2\/tags?post=3419"}],"curies":[{"name":"wp","href":"https:\/\/api.w.org\/{rel}","templated":true}]}}