{"id":3384,"date":"2020-07-28T16:05:52","date_gmt":"2020-07-28T20:05:52","guid":{"rendered":"http:\/\/revistacampus.uandes.cl\/2020\/?p=3384"},"modified":"2020-09-07T16:50:33","modified_gmt":"2020-09-07T19:50:33","slug":"estudiantes-en-deporte","status":"publish","type":"post","link":"https:\/\/revistacampus.uandes.cl\/2020\/estudiantes-en-deporte\/","title":{"rendered":"Estudiantes en Deporte"},"content":{"rendered":"\n<p><strong><em>Alumnos y equipos destacan por sus triunfos, entre los 1.800 estudiantes que participan con regularidad en las selecciones y talleres deportivos.<\/em><\/strong><\/p>\n\n\n\n<h4 class=\"has-text-color\" style=\"color:#006cb7\"><strong>El rugby triunfa en la Serie Honor de la Liga ADUPRI<\/strong><\/h4>\n\n\n\n<p style=\"font-size:15px\">Luego de obtener el segundo lugar en 2018, 2019 fue un gran a\u00f1o para la selecci\u00f3n: <strong>punteros todo el campeonato,<\/strong> y con una sola derrota, llegaron a octubre con una amplia ventaja respecto de sus contrincantes. Si bien no se pudo definir con el cuadrangular final, <strong>fue consagrado campe\u00f3n de la <a href=\"http:\/\/www.torneoadupri.cl\/\" target=\"_blank\" rel=\"noreferrer noopener\">Liga ADUPRI<\/a>.<\/strong> \u201cTuvimos que reorganizar el equipo, logramos consolidar un estilo de juego que nos permiti\u00f3 enfrentar partidos muy duros, pasarlo muy bien y coronar todo esto con el campeonato\u201d, cuenta <strong>Javier Z\u00fa\u00f1iga<\/strong>, capit\u00e1n de la selecci\u00f3n.<\/p>\n\n\n\n<hr class=\"wp-block-separator has-text-color has-background\" style=\"background-color:#0071a1;color:#0071a1\"\/>\n\n\n\n<p><\/p>\n\n\n\n<h4 class=\"has-text-color\" style=\"color:#006cb7\">La selecci\u00f3n de f\u00fatbol en lo m\u00e1s alto<\/h4>\n\n\n\n<figure class=\"wp-block-image size-large is-resized\"><img loading=\"lazy\" src=\"http:\/\/revistacampus.uandes.cl\/2020\/wp-content\/uploads\/2020\/08\/Rugby2-1024x576.jpg\" alt=\"\" class=\"wp-image-3415\" width=\"768\" height=\"432\" srcset=\"https:\/\/revistacampus.uandes.cl\/2020\/wp-content\/uploads\/2020\/08\/Rugby2-1024x576.jpg 1024w, https:\/\/revistacampus.uandes.cl\/2020\/wp-content\/uploads\/2020\/08\/Rugby2-300x169.jpg 300w, https:\/\/revistacampus.uandes.cl\/2020\/wp-content\/uploads\/2020\/08\/Rugby2-768x432.jpg 768w, https:\/\/revistacampus.uandes.cl\/2020\/wp-content\/uploads\/2020\/08\/Rugby2-480x270.jpg 480w, https:\/\/revistacampus.uandes.cl\/2020\/wp-content\/uploads\/2020\/08\/Rugby2.jpg 1280w\" sizes=\"(max-width: 768px) 100vw, 768px\" \/><\/figure>\n\n\n\n<p style=\"font-size:15px\">Nuestros alumnos se <strong><a rel=\"noreferrer noopener\" href=\"https:\/\/www.uandes.cl\/noticias\/uandes-es-campeon-de-la-liga-deportiva-de-educacion-superior\/\" target=\"_blank\">consagraron por primer vez campeones regionales de la Serie de Honor de la Liga Deportiva de Educaci\u00f3n Superior<\/a> <\/strong>en una disputada final ante la selecci\u00f3n de la Universidad de Chile, que se defini\u00f3 a penales. \u201cEs fiel reflejo del esfuerzo, el compromiso de los entrenamientos y la entrega de cada partido. Hoy no solo somos un equipo, <strong>somos amigos de distintas carreras y es un t\u00edtulo que quedar\u00e1 en la historia<\/strong>\u201d, cuenta <strong>Jos\u00e9 Tom\u00e1s Ugarte<\/strong>, estudiante de Medicina y uno de los capitanes.<\/p>\n\n\n\n<h4 class=\"has-text-color\" style=\"color:#006cb7\">Deportistas destacados 2019<\/h4>\n\n\n\n<p>Entre los 1.800 estudiantes que participan con regularidad en las selecciones y talleres deportivos, <a href=\"https:\/\/www.uandes.cl\/noticias\/mejores-deportistas-son-premiados-en-gala-deporte-y-cultura-de-vida-universitaria\/\" target=\"_blank\" rel=\"noreferrer noopener\">cada a\u00f1o reconocemos a los mejores<\/a>.<\/p>\n\n\n\n<div class=\"wp-block-columns\">\n<div class=\"wp-block-column\">\n<figure class=\"wp-block-image size-large is-resized\"><img loading=\"lazy\" src=\"http:\/\/revistacampus.uandes.cl\/2020\/wp-content\/uploads\/2020\/08\/Camila-Gigli-1024x1024.png\" alt=\"\" class=\"wp-image-3406\" width=\"256\" height=\"256\" srcset=\"https:\/\/revistacampus.uandes.cl\/2020\/wp-content\/uploads\/2020\/08\/Camila-Gigli-1024x1024.png 1024w, https:\/\/revistacampus.uandes.cl\/2020\/wp-content\/uploads\/2020\/08\/Camila-Gigli-300x300.png 300w, https:\/\/revistacampus.uandes.cl\/2020\/wp-content\/uploads\/2020\/08\/Camila-Gigli-150x150.png 150w, https:\/\/revistacampus.uandes.cl\/2020\/wp-content\/uploads\/2020\/08\/Camila-Gigli-768x768.png 768w, https:\/\/revistacampus.uandes.cl\/2020\/wp-content\/uploads\/2020\/08\/Camila-Gigli-480x480.png 480w, https:\/\/revistacampus.uandes.cl\/2020\/wp-content\/uploads\/2020\/08\/Camila-Gigli.png 1080w\" sizes=\"(max-width: 256px) 100vw, 256px\" \/><\/figure>\n<\/div>\n\n\n\n<div class=\"wp-block-column\">\n<div style=\"height:30px\" aria-hidden=\"true\" class=\"wp-block-spacer\"><\/div>\n\n\n\n<p class=\"has-text-color\" style=\"color:#006cb7\"><strong>Excelencia Acad\u00e9mica y Deportiva<\/strong><\/p>\n\n\n\n<p><strong>Camila Gigli<\/strong>, la capitana de la selecci\u00f3n de tenis y estudiante de Medicina, fue una de las destacadas en esta categor\u00eda por su liderazgo, perseverancia y por compatibilizar el deporte y el estudio.<\/p>\n<\/div>\n<\/div>\n\n\n\n<div class=\"wp-block-columns\">\n<div class=\"wp-block-column\">\n<figure class=\"wp-block-image size-large is-resized\"><img loading=\"lazy\" src=\"http:\/\/revistacampus.uandes.cl\/2020\/wp-content\/uploads\/2020\/08\/Paulo-Guzm\u00e1n-1024x1024.png\" alt=\"\" class=\"wp-image-3407\" width=\"256\" height=\"256\" srcset=\"https:\/\/revistacampus.uandes.cl\/2020\/wp-content\/uploads\/2020\/08\/Paulo-Guzm\u00e1n-1024x1024.png 1024w, https:\/\/revistacampus.uandes.cl\/2020\/wp-content\/uploads\/2020\/08\/Paulo-Guzm\u00e1n-300x300.png 300w, https:\/\/revistacampus.uandes.cl\/2020\/wp-content\/uploads\/2020\/08\/Paulo-Guzm\u00e1n-150x150.png 150w, https:\/\/revistacampus.uandes.cl\/2020\/wp-content\/uploads\/2020\/08\/Paulo-Guzm\u00e1n-768x768.png 768w, https:\/\/revistacampus.uandes.cl\/2020\/wp-content\/uploads\/2020\/08\/Paulo-Guzm\u00e1n-480x480.png 480w, https:\/\/revistacampus.uandes.cl\/2020\/wp-content\/uploads\/2020\/08\/Paulo-Guzm\u00e1n.png 1080w\" sizes=\"(max-width: 256px) 100vw, 256px\" \/><\/figure>\n\n\n\n<p><\/p>\n<\/div>\n\n\n\n<div class=\"wp-block-column\">\n<div style=\"height:30px\" aria-hidden=\"true\" class=\"wp-block-spacer\"><\/div>\n\n\n\n<p class=\"has-text-color\" style=\"color:#006cb7\"><strong>Premio \u201cMaximiliano Gamerre\u201d<\/strong><\/p>\n\n\n\n<p><strong>Paulo Guzm\u00e1n<\/strong>, seleccionado de v\u00f3leibol, recibi\u00f3 este reconocimiento por su liderazgo, alegr\u00eda y compa\u00f1erismo en memoria del recordado jugador de rugby de nuestra Universidad.<\/p>\n<\/div>\n<\/div>\n\n\n\n<div class=\"wp-block-columns\">\n<div class=\"wp-block-column\">\n<figure class=\"wp-block-image size-large is-resized\"><img loading=\"lazy\" src=\"http:\/\/revistacampus.uandes.cl\/2020\/wp-content\/uploads\/2020\/08\/Rodrigo-Opazo-1024x1024.png\" alt=\"\" class=\"wp-image-3405\" width=\"256\" height=\"256\" srcset=\"https:\/\/revistacampus.uandes.cl\/2020\/wp-content\/uploads\/2020\/08\/Rodrigo-Opazo-1024x1024.png 1024w, https:\/\/revistacampus.uandes.cl\/2020\/wp-content\/uploads\/2020\/08\/Rodrigo-Opazo-300x300.png 300w, https:\/\/revistacampus.uandes.cl\/2020\/wp-content\/uploads\/2020\/08\/Rodrigo-Opazo-150x150.png 150w, https:\/\/revistacampus.uandes.cl\/2020\/wp-content\/uploads\/2020\/08\/Rodrigo-Opazo-768x768.png 768w, https:\/\/revistacampus.uandes.cl\/2020\/wp-content\/uploads\/2020\/08\/Rodrigo-Opazo-480x480.png 480w, https:\/\/revistacampus.uandes.cl\/2020\/wp-content\/uploads\/2020\/08\/Rodrigo-Opazo.png 1080w\" sizes=\"(max-width: 256px) 100vw, 256px\" \/><\/figure>\n\n\n\n<p><\/p>\n<\/div>\n\n\n\n<div class=\"wp-block-column\">\n<div style=\"height:40px\" aria-hidden=\"true\" class=\"wp-block-spacer\"><\/div>\n\n\n\n<p class=\"has-text-color\" style=\"color:#006cb7\"><strong>Mejor de los mejores<\/strong><\/p>\n\n\n\n<p><strong>Rodrigo Opazo<\/strong>, de la selecci\u00f3n de atletismo, fue el deportista que m\u00e1s destac\u00f3 por su liderazgo, constancia y un excelente rendimiento deportivo.<\/p>\n<\/div>\n<\/div>\n\n\n\n<p><\/p>\n","protected":false},"excerpt":{"rendered":"<p>Alumnos y equipos destacan por sus triunfos, entre los 1.800 estudiantes que participan con regularidad en las selecciones y talleres deportivos.<\/p>\n","protected":false},"author":2,"featured_media":3386,"comment_status":"open","ping_status":"open","sticky":false,"template":"","format":"standard","meta":[],"categories":[38],"tags":[],"_links":{"self":[{"href":"https:\/\/revistacampus.uandes.cl\/2020\/wp-json\/wp\/v2\/posts\/3384"}],"collection":[{"href":"https:\/\/revistacampus.uandes.cl\/2020\/wp-json\/wp\/v2\/posts"}],"about":[{"href":"https:\/\/revistacampus.uandes.cl\/2020\/wp-json\/wp\/v2\/types\/post"}],"author":[{"embeddable":true,"href":"https:\/\/revistacampus.uandes.cl\/2020\/wp-json\/wp\/v2\/users\/2"}],"replies":[{"embeddable":true,"href":"https:\/\/revistacampus.uandes.cl\/2020\/wp-json\/wp\/v2\/comments?post=3384"}],"version-history":[{"count":16,"href":"https:\/\/revistacampus.uandes.cl\/2020\/wp-json\/wp\/v2\/posts\/3384\/revisions"}],"predecessor-version":[{"id":4525,"href":"https:\/\/revistacampus.uandes.cl\/2020\/wp-json\/wp\/v2\/posts\/3384\/revisions\/4525"}],"wp:featuredmedia":[{"embeddable":true,"href":"https:\/\/revistacampus.uandes.cl\/2020\/wp-json\/wp\/v2\/media\/3386"}],"wp:attachment":[{"href":"https:\/\/revistacampus.uandes.cl\/2020\/wp-json\/wp\/v2\/media?parent=3384"}],"wp:term":[{"taxonomy":"category","embeddable":true,"href":"https:\/\/revistacampus.uandes.cl\/2020\/wp-json\/wp\/v2\/categories?post=3384"},{"taxonomy":"post_tag","embeddable":true,"href":"https:\/\/revistacampus.uandes.cl\/2020\/wp-json\/wp\/v2\/tags?post=3384"}],"curies":[{"name":"wp","href":"https:\/\/api.w.org\/{rel}","templated":true}]}}