{"id":3380,"date":"2020-07-03T22:35:18","date_gmt":"2020-07-04T02:35:18","guid":{"rendered":"http:\/\/revistacampus.uandes.cl\/2020\/?p=3380"},"modified":"2020-09-08T12:12:19","modified_gmt":"2020-09-08T15:12:19","slug":"visitaron","status":"publish","type":"post","link":"https:\/\/revistacampus.uandes.cl\/2020\/visitaron\/","title":{"rendered":"Visitaron el Campus"},"content":{"rendered":"\t\t<div data-elementor-type=\"wp-post\" data-elementor-id=\"3380\" class=\"elementor elementor-3380\" data-elementor-settings=\"[]\">\n\t\t\t\t\t\t\t<div class=\"elementor-section-wrap\">\n\t\t\t\t\t\t\t<section class=\"elementor-element elementor-element-f0f1b59 elementor-section-boxed elementor-section-height-default elementor-section-height-default elementor-section elementor-top-section\" data-id=\"f0f1b59\" data-element_type=\"section\">\n\t\t\t\t\t\t<div class=\"elementor-container elementor-column-gap-default\">\n\t\t\t\t\t<div class=\"elementor-element elementor-element-17d8717 elementor-column elementor-col-100 elementor-top-column\" data-id=\"17d8717\" data-element_type=\"column\">\n\t\t\t<div class=\"elementor-widget-wrap elementor-element-populated\">\n\t\t\t\t\t\t\t\t<div class=\"elementor-element elementor-element-dfee907 elementor-widget elementor-widget-text-editor\" data-id=\"dfee907\" data-element_type=\"widget\" data-widget_type=\"text-editor.default\">\n\t\t\t\t<div class=\"elementor-widget-container\">\n\t\t\t\t\t<div class=\"elementor-text-editor elementor-clearfix\"><p><strong><em>Acad\u00e9micos de Am\u00e9rica, Europa y Asia visitaron el campus durante 2019, para compartir conocimientos y experiencias con la comunidad universitaria.<\/em><\/strong><\/p><\/div>\n\t\t\t\t<\/div>\n\t\t\t\t<\/div>\n\t\t\t\t\t<\/div>\n\t\t<\/div>\n\t\t\t\t\t\t\t<\/div>\n\t\t<\/section>\n\t\t\t\t<section class=\"elementor-element elementor-element-92ebcdb elementor-section-boxed elementor-section-height-default elementor-section-height-default elementor-section elementor-top-section\" data-id=\"92ebcdb\" data-element_type=\"section\">\n\t\t\t\t\t\t<div class=\"elementor-container elementor-column-gap-default\">\n\t\t\t\t\t<div class=\"elementor-element elementor-element-2367502 elementor-column elementor-col-100 elementor-top-column\" data-id=\"2367502\" data-element_type=\"column\">\n\t\t\t<div class=\"elementor-widget-wrap elementor-element-populated\">\n\t\t\t\t\t\t\t\t<div class=\"elementor-element elementor-element-1271776 elementor--h-position-center elementor--v-position-middle elementor-arrows-position-inside elementor-pagination-position-inside elementor-widget elementor-widget-global elementor-global-3954 elementor-widget-slides\" data-id=\"1271776\" data-element_type=\"widget\" data-settings=\"{&quot;navigation&quot;:&quot;both&quot;,&quot;autoplay&quot;:&quot;yes&quot;,&quot;pause_on_hover&quot;:&quot;yes&quot;,&quot;pause_on_interaction&quot;:&quot;yes&quot;,&quot;autoplay_speed&quot;:5000,&quot;infinite&quot;:&quot;yes&quot;,&quot;transition&quot;:&quot;slide&quot;,&quot;transition_speed&quot;:500}\" data-widget_type=\"slides.default\">\n\t\t\t\t<div class=\"elementor-widget-container\">\n\t\t\t\t\t<div class=\"elementor-swiper\">\n\t\t\t<div class=\"elementor-slides-wrapper elementor-main-swiper swiper-container\" dir=\"ltr\" data-animation=\"fadeInUp\">\n\t\t\t\t<div class=\"swiper-wrapper elementor-slides\">\n\t\t\t\t\t<div class=\"elementor-repeater-item-25f03e3 swiper-slide\"><div class=\"swiper-slide-bg elementor-ken-burns elementor-ken-burns--in\"><\/div><div class=\"elementor-background-overlay\"><\/div><a class=\"swiper-slide-inner\" href=\"https:\/\/www.uandes.cl\/noticias\/las-historias-de-los-autos-voladores-y-la-medicina-personalizada\/\" target=\"_blank\"><div class=\"swiper-slide-contents\"><div class=\"elementor-slide-heading\">\ud83c\uddfa\ud83c\uddf8 De Silicon Valley a la UANDES<\/div><div class=\"elementor-slide-description\">Alex Roetter, presidente de Kitty Hawk, empresa que desarrolla autos el\u00e9ctricos voladores, y Jeremy Ginsberg, gerente de Ingenier\u00eda en Color Genomics,\nl\u00edder en medicina personalizada, fueron las estrellas del seminario Rockstars de Innovaci\u00f3n, organizado por la Direcci\u00f3n de Innovaci\u00f3n para motivar a los alumnos de pregrado con historias reales en la materia.<\/div><\/div><\/a><\/div><div class=\"elementor-repeater-item-3fb94b8 swiper-slide\"><div class=\"swiper-slide-bg elementor-ken-burns elementor-ken-burns--in\"><\/div><div class=\"elementor-background-overlay\"><\/div><a class=\"swiper-slide-inner\" href=\"https:\/\/www.uandes.cl\/noticias\/ministro-de-ciencias-y-tecnologia-habla-de-los-desafios-de-su-cartera-en-reunion-nacional-de-ingenieria\/\" target=\"_blank\"><div class=\"swiper-slide-contents\"><div class=\"elementor-slide-heading\">\ud83c\udde8\ud83c\uddf1 Los desaf\u00edos de la ciencia<\/div><div class=\"elementor-slide-description\">El Ministro de Ciencias, Tecnolog\u00eda, Conocimiento e Innovaci\u00f3n, Andr\u00e9s Couve, particip\u00f3 en la Asamblea Extraordinaria de la Corporaci\u00f3n de Facultades de Ingenier\u00eda de Chile, Condefi, organizada por la Facultad de Ingenier\u00eda y Ciencias Aplicadas. <\/div><\/div><\/a><\/div><div class=\"elementor-repeater-item-cccb6d3 swiper-slide\"><div class=\"swiper-slide-bg elementor-ken-burns elementor-ken-burns--in\"><\/div><div class=\"elementor-background-overlay\"><\/div><a class=\"swiper-slide-inner\" href=\"https:\/\/www.uandes.cl\/noticias\/con-clase-magistral-de-sol-serrano-se-dio-inicio-al-doctorado-en-historia\/\" target=\"_blank\"><div class=\"swiper-slide-contents\"><div class=\"elementor-slide-heading\">\ud83c\udde8\ud83c\uddf1 Premio Nacional dio inicio al Doctorado en Historia<\/div><div class=\"elementor-slide-description\">La historiadora Sol Serrano, Premio Nacional de Historia 2018, fue la encargada de dictar la clase inaugural \u201cAlgunas reflexiones sobre el oficio de la historia hoy\u201d, con la que se dio\nel vamos al a\u00f1o acad\u00e9mico 2019 del Doctorado en Historia. <\/div><\/div><\/a><\/div><div class=\"elementor-repeater-item-ab6b7e5 swiper-slide\"><div class=\"swiper-slide-bg elementor-ken-burns elementor-ken-burns--in\"><\/div><div class=\"elementor-background-overlay\"><\/div><a class=\"swiper-slide-inner\" href=\"https:\/\/www.uandes.cl\/noticias\/facultad-de-odontologia-realiza-jornada-cientifica-anual-sobre-implantologia\/\" target=\"_blank\"><div class=\"swiper-slide-contents\"><div class=\"elementor-slide-heading\">\ud83c\udde8\ud83c\uddedReferente mundial en implantolog\u00eda<\/div><div class=\"elementor-slide-description\">El Dr. Christoph H\u00e4mmerle (al centro) particip\u00f3 en las XVIII Jornada Cient\u00edficas anual de la Facultad de Odontolog\u00eda, instancia en que se abordaron las actualizaciones quir\u00fargicas en implantolog\u00eda y la evidencia cient\u00edfica respectiva. <\/div><\/div><\/a><\/div><div class=\"elementor-repeater-item-2395afe swiper-slide\"><div class=\"swiper-slide-bg elementor-ken-burns elementor-ken-burns--in\"><\/div><div class=\"elementor-background-overlay\"><\/div><a class=\"swiper-slide-inner\" href=\"https:\/\/www.ese.cl\/ese\/noticias\/centro-de-gobierno-corporativo-y-sociedad\/circulo-de-directores-realizo-conferencia-el-directorio-de-uber\/2019-08-21\/160748.html\" target=\"_blank\"><div class=\"swiper-slide-contents\"><div class=\"elementor-slide-heading\">\ud83c\uddfa\ud83c\uddf8 Liderazgo y gobernanza corporativa<\/div><div class=\"elementor-slide-description\">Bruce Kogut, PhD., profesor de liderazgo y \u00e9tica de Columbia Business School (al centro), junto con el C\u00edrculo de Directores (entidad apoyada por el Centro de Gobierno Corporativo del\nESE Business School) participaron de una conferencia donde\nse analiz\u00f3 el caso de Uber mediante un ejercicio de simulaci\u00f3n con los asistentes (role play).<\/div><\/div><\/a><\/div><div class=\"elementor-repeater-item-4a63715 swiper-slide\"><div class=\"swiper-slide-bg elementor-ken-burns elementor-ken-burns--in\"><\/div><div class=\"elementor-background-overlay\"><\/div><a class=\"swiper-slide-inner\" href=\"https:\/\/www.uandes.cl\/noticias\/dr-otto-kernberg-visito-la-escuela-de-psicologia-de-la-uandes\/\" target=\"_blank\"><div class=\"swiper-slide-contents\"><div class=\"elementor-slide-heading\">\ud83c\uddfa\ud83c\uddf8 Reconocido psicoanalista<\/div><div class=\"elementor-slide-description\">El Dr.Otto Kernberg, quien ha recibido una serie de distinciones internacionales por su invaluable contribuci\u00f3n al tratamiento de trastornos de la personalidad, realiz\u00f3 una clase magistral sobre actualizaci\u00f3n en el diagn\u00f3stico y evaluaci\u00f3n de estos trastornos.<\/div><\/div><\/a><\/div><div class=\"elementor-repeater-item-51ad3b0 swiper-slide\"><div class=\"swiper-slide-bg elementor-ken-burns elementor-ken-burns--in\"><\/div><div class=\"elementor-background-overlay\"><\/div><div class=\"swiper-slide-inner\" ><div class=\"swiper-slide-contents\"><div class=\"elementor-slide-heading\">\ud83c\uddf2\ud83c\uddfd \ud83c\uddec\ud83c\udde7 De M\u00e9xico a Gran Breta\u00f1a<\/div><div class=\"elementor-slide-description\">El doctor <strong>\u00c1ngel Delgado G\u00f3mez<\/strong>, especialista en Literatura Hispanoamericana Colonial, inaugur\u00f3 el a\u00f1o acad\u00e9mico de la Facultad de Filosof\u00eda y Humanidades con la conferencia \u201cCr\u00f3nicas y relaciones de la conquista de M\u00e9xico. Una mirada a 500 a\u00f1os del encuentro de Hern\u00e1n Cort\u00e9s y Moctezuma\u201d, mientras que <strong>Marion Wynne-Davies<\/strong>, profesora de la Universidad de Surrey, Inglaterra, fue la encargada de la jornada plenaria inaugural de la Conferencia de Literatura Brit\u00e1nica Comparada, organizada por el Instituto de Literatura.<\/div><\/div><\/div><\/div><div class=\"elementor-repeater-item-edf0c49 swiper-slide\"><div class=\"swiper-slide-bg elementor-ken-burns elementor-ken-burns--in\"><\/div><div class=\"elementor-background-overlay\"><\/div><a class=\"swiper-slide-inner\" href=\"https:\/\/www.uandes.cl\/noticias\/uandes-fortalece-vinculo-con-la-region-asia-pacifico\/\" target=\"_blank\"><div class=\"swiper-slide-contents\"><div class=\"elementor-slide-heading\">\ud83c\udde8\ud83c\uddf3  Vinculaci\u00f3n con Asia-Pac\u00edfico<\/div><div class=\"elementor-slide-description\">Se firm\u00f3 el primer convenio con una universidad china, al recibir al vicepresidente de Central South University, Chen Chunyang, junto al Subdirector de Cooperaci\u00f3n Internacional e Intercambio, Gao Dongbo, al jefe del Departamento de Ingenier\u00eda Geot\u00e9cnica, Chen Xiaobin, y la jefa del Departamento de Lenguaje Espa\u00f1ol, Xiao Yanhong.<\/div><\/div><\/a><\/div><div class=\"elementor-repeater-item-a460e68 swiper-slide\"><div class=\"swiper-slide-bg elementor-ken-burns elementor-ken-burns--in\"><\/div><div class=\"elementor-background-overlay\"><\/div><div class=\"swiper-slide-inner\" ><div class=\"swiper-slide-contents\"><div class=\"elementor-slide-heading\">\ud83c\uddf0\ud83c\uddf7 Vinculaci\u00f3n con Asia-Pac\u00edfico<\/div><div class=\"elementor-slide-description\">Con el objetivo de fortalecer la cooperaci\u00f3n para programas e intercambios de alumnos y profesores, la Direcci\u00f3n de Relaciones Internacionales recibi\u00f3 a Sung Eun Chong y Myeong Sook Yoon, representantes de la Oficina de Relaciones Internacionales de Chonbuk University, Corea.<\/div><\/div><\/div><\/div><div class=\"elementor-repeater-item-0d12547 swiper-slide\"><div class=\"swiper-slide-bg elementor-ken-burns elementor-ken-burns--in\"><\/div><div class=\"elementor-background-overlay\"><\/div><a class=\"swiper-slide-inner\" href=\"https:\/\/www.uandes.cl\/noticias\/fcom-lanzo-ecu-centro-de-estudios-de-la-comunicacion\/\" target=\"_blank\"><div class=\"swiper-slide-contents\"><div class=\"elementor-slide-heading\">\ud83c\uddfa\ud83c\uddf8 SEO del New York Times<\/div><div class=\"elementor-slide-description\">En el marco de la presentaci\u00f3n del Centro de Estudios de la Comunicaci\u00f3n (ECU), Claudio Cabrera, encargado del \u00e1rea digital y SEO de The New York Times, explic\u00f3 c\u00f3mo es el trabajo digital de este medio insigne, as\u00ed como la importancia de realizar Search Engine Optimization (SEO) al construir noticias para la web.<\/div><\/div><\/a><\/div><div class=\"elementor-repeater-item-33594d8 swiper-slide\"><div class=\"swiper-slide-bg elementor-ken-burns elementor-ken-burns--in\"><\/div><div class=\"elementor-background-overlay\"><\/div><div class=\"swiper-slide-inner\" ><div class=\"swiper-slide-contents\"><div class=\"elementor-slide-heading\">\ud83c\uddea\ud83c\uddf8 Acad\u00e9micos espa\u00f1oles en Derecho<\/div><div class=\"elementor-slide-description\">Entre las visitas que recibi\u00f3 la Facultad de Derecho, destacan Jorge Noval Pato (primero de izquierda a derecha), decano de la Facultad de Derecho de la Universidad de Navarra, quien fue parte de un tribunal de defensa de tesis del Doctorado en Derecho, y Josep Mar\u00eda Castell\u00e0, acad\u00e9mico de la Universidad de Barcelona y miembro de la Comisi\u00f3n de Venecia, quien particip\u00f3 de un Seminario de Derecho P\u00fablico.<\/div><\/div><\/div><\/div><div class=\"elementor-repeater-item-465a92d swiper-slide\"><div class=\"swiper-slide-bg elementor-ken-burns elementor-ken-burns--in\"><\/div><div class=\"elementor-background-overlay\"><\/div><div class=\"swiper-slide-inner\" ><div class=\"swiper-slide-contents\"><div class=\"elementor-slide-heading\">\ud83c\uddfa\ud83c\uddf8 Ciclo Econom\u00eda y Empresas<\/div><div class=\"elementor-slide-description\">Nuevamente, la Facultad de Ciencias Econ\u00f3micas y Empresariales reuni\u00f3 a diversos acad\u00e9micos, investigadores, estudiantes de Mag\u00edster y alumnos de Ingenier\u00eda Comercial para conocer los \u00faltimos estudios cient\u00edficos relatados por los propios autores. Durante 2019, destacaron Sergio Urz\u00faa (Maryland) y John Eric Humphries (Yale) (ambos en imagen), Phillip Sadowski (Duke), Fernando Zapatero (Southern California), Alessandra Voena (Chicago), Pedro Saffi (Cambridge) y Felipe Claro (UCLA).<\/div><\/div><\/div><\/div><div class=\"elementor-repeater-item-d6b528c swiper-slide\"><div class=\"swiper-slide-bg elementor-ken-burns elementor-ken-burns--in\"><\/div><div class=\"elementor-background-overlay\"><\/div><div class=\"swiper-slide-inner\" ><div class=\"swiper-slide-contents\"><div class=\"elementor-slide-heading\">\ud83c\uddfa\ud83c\uddfe Colaboraci\u00f3n bilateral<\/div><div class=\"elementor-slide-description\">Jos\u00e9 Pablo Biempica (a la izquierda), director del Departamento de Ciencias del Movimiento Humano,\nde la Universidad Cat\u00f3lica del Uruguay, se reuni\u00f3 con acad\u00e9micos de la Escuela de Kinesiolog\u00eda, con el objetivo de establecer las bases para colaboraciones en materia de investigaci\u00f3n, intercambio acad\u00e9mico de los estudiantes de Kinesiolog\u00eda y realizaci\u00f3n de cursos online en cooperaci\u00f3n con la casa de estudios uruguaya.<\/div><\/div><\/div><\/div><div class=\"elementor-repeater-item-ec3ac05 swiper-slide\"><div class=\"swiper-slide-bg elementor-ken-burns elementor-ken-burns--in\"><\/div><div class=\"elementor-background-overlay\"><\/div><div class=\"swiper-slide-inner\" ><div class=\"swiper-slide-contents\"><div class=\"elementor-slide-heading\">\ud83c\uddfa\ud83c\uddf8 Los inicios de la Escuela de Chicago<\/div><div class=\"elementor-slide-description\">El investigador Malte Dold (a la izquierda), del Departamento de Econom\u00eda de New York University (NYU) fue invitado por el Centro Signos de Estudios e Investigaci\u00f3n Social para analizar la econom\u00eda experimental contempor\u00e1nea y discutir en torno a su trabajo \u201cOld Chicago against static welfare economics\u201d (escrito con Mario Rizzo, NYU). El especialista reflexion\u00f3 sobre la teor\u00eda econ\u00f3mica, consumo y bienestar y coment\u00f3 una serie de ejemplos asociados.<\/div><\/div><\/div><\/div><div class=\"elementor-repeater-item-3f010f8 swiper-slide\"><div class=\"swiper-slide-bg elementor-ken-burns elementor-ken-burns--in\"><\/div><div class=\"elementor-background-overlay\"><\/div><a class=\"swiper-slide-inner\" href=\"https:\/\/www.uandes.cl\/noticias\/experta-en-vocologia-dicto-conferencia-en-la-uandes\/\" target=\"_blank\"><div class=\"swiper-slide-contents\"><div class=\"elementor-slide-heading\">\ud83c\uddeb\ud83c\uddee  Voces de Finlandia<\/div><div class=\"elementor-slide-description\">La Dra. Anne-Maria Laukkanen (al centro), profesora\ny directora del Laboratorio de Investigaci\u00f3n en Voz y Habla\nde Tampere University, Finlandia, particip\u00f3 en un seminario invitada por la Escuela de Fonoaudiolog\u00eda. Reconocida a\nnivel mundial en el \u00e1mbito de la ciencia de la voz, entre sus l\u00edneas de investigaci\u00f3n destacan los ejercicios con tracto\nvocal semiocluido, tanto en el entrenamiento como en la rehabilitaci\u00f3n de la voz.<\/div><\/div><\/a><\/div>\t\t\t\t<\/div>\n\t\t\t\t\t\t\t\t\t\t\t\t\t\t\t<div class=\"swiper-pagination\"><\/div>\n\t\t\t\t\t\t\t\t\t\t\t\t\t\t\t\t<div class=\"elementor-swiper-button elementor-swiper-button-prev\">\n\t\t\t\t\t\t\t<i class=\"eicon-chevron-left\" aria-hidden=\"true\"><\/i>\n\t\t\t\t\t\t\t<span class=\"elementor-screen-only\">Previous<\/span>\n\t\t\t\t\t\t<\/div>\n\t\t\t\t\t\t<div class=\"elementor-swiper-button elementor-swiper-button-next\">\n\t\t\t\t\t\t\t<i class=\"eicon-chevron-right\" aria-hidden=\"true\"><\/i>\n\t\t\t\t\t\t\t<span class=\"elementor-screen-only\">Next<\/span>\n\t\t\t\t\t\t<\/div>\n\t\t\t\t\t\t\t\t\t\t\t\t<\/div>\n\t\t<\/div>\n\t\t\t\t<\/div>\n\t\t\t\t<\/div>\n\t\t\t\t\t<\/div>\n\t\t<\/div>\n\t\t\t\t\t\t\t<\/div>\n\t\t<\/section>\n\t\t\t\t<section class=\"elementor-element elementor-element-2f73cce elementor-section-boxed elementor-section-height-default elementor-section-height-default elementor-section elementor-top-section\" data-id=\"2f73cce\" data-element_type=\"section\">\n\t\t\t\t\t\t<div class=\"elementor-container elementor-column-gap-default\">\n\t\t\t\t\t<div class=\"elementor-element elementor-element-861a69c elementor-column elementor-col-100 elementor-top-column\" data-id=\"861a69c\" data-element_type=\"column\">\n\t\t\t<div class=\"elementor-widget-wrap elementor-element-populated\">\n\t\t\t\t\t\t\t\t<div class=\"elementor-element elementor-element-4337d3d elementor-widget elementor-widget-spacer\" data-id=\"4337d3d\" data-element_type=\"widget\" data-widget_type=\"spacer.default\">\n\t\t\t\t<div class=\"elementor-widget-container\">\n\t\t\t\t\t<div class=\"elementor-spacer\">\n\t\t\t<div class=\"elementor-spacer-inner\"><\/div>\n\t\t<\/div>\n\t\t\t\t<\/div>\n\t\t\t\t<\/div>\n\t\t\t\t\t<\/div>\n\t\t<\/div>\n\t\t\t\t\t\t\t<\/div>\n\t\t<\/section>\n\t\t\t\t\t\t<\/div>\n\t\t\t\t\t<\/div>\n\t\t","protected":false},"excerpt":{"rendered":"<p>Acad\u00e9micos de Am\u00e9rica, Europa y Asia visitaron el campus durante 2019, para compartir conocimientos y experiencias con la comunidad universitaria.<\/p>\n","protected":false},"author":2,"featured_media":4510,"comment_status":"open","ping_status":"open","sticky":false,"template":"","format":"standard","meta":[],"categories":[37],"tags":[],"_links":{"self":[{"href":"https:\/\/revistacampus.uandes.cl\/2020\/wp-json\/wp\/v2\/posts\/3380"}],"collection":[{"href":"https:\/\/revistacampus.uandes.cl\/2020\/wp-json\/wp\/v2\/posts"}],"about":[{"href":"https:\/\/revistacampus.uandes.cl\/2020\/wp-json\/wp\/v2\/types\/post"}],"author":[{"embeddable":true,"href":"https:\/\/revistacampus.uandes.cl\/2020\/wp-json\/wp\/v2\/users\/2"}],"replies":[{"embeddable":true,"href":"https:\/\/revistacampus.uandes.cl\/2020\/wp-json\/wp\/v2\/comments?post=3380"}],"version-history":[{"count":24,"href":"https:\/\/revistacampus.uandes.cl\/2020\/wp-json\/wp\/v2\/posts\/3380\/revisions"}],"predecessor-version":[{"id":4649,"href":"https:\/\/revistacampus.uandes.cl\/2020\/wp-json\/wp\/v2\/posts\/3380\/revisions\/4649"}],"wp:featuredmedia":[{"embeddable":true,"href":"https:\/\/revistacampus.uandes.cl\/2020\/wp-json\/wp\/v2\/media\/4510"}],"wp:attachment":[{"href":"https:\/\/revistacampus.uandes.cl\/2020\/wp-json\/wp\/v2\/media?parent=3380"}],"wp:term":[{"taxonomy":"category","embeddable":true,"href":"https:\/\/revistacampus.uandes.cl\/2020\/wp-json\/wp\/v2\/categories?post=3380"},{"taxonomy":"post_tag","embeddable":true,"href":"https:\/\/revistacampus.uandes.cl\/2020\/wp-json\/wp\/v2\/tags?post=3380"}],"curies":[{"name":"wp","href":"https:\/\/api.w.org\/{rel}","templated":true}]}}