{"id":3367,"date":"2020-07-18T13:55:43","date_gmt":"2020-07-18T17:55:43","guid":{"rendered":"http:\/\/revistacampus.uandes.cl\/2020\/?p=3367"},"modified":"2020-09-08T14:46:17","modified_gmt":"2020-09-08T17:46:17","slug":"icom-mas-alla-del-pregrado","status":"publish","type":"post","link":"https:\/\/revistacampus.uandes.cl\/2020\/icom-mas-alla-del-pregrado\/","title":{"rendered":"ICOM, m\u00e1s all\u00e1 del pregrado"},"content":{"rendered":"\n<p><em><strong>Con el objetivo de entregar a sus alumnos las mejores herramientas para enfrentar el mundo laboral, Ingenier\u00eda Comercial ha avanzado r\u00e1pidamente hacia la educaci\u00f3n continua, el postgrado y la investigaci\u00f3n.<\/strong><\/em><\/p>\n\n\n\n<p style=\"font-size:15px\">Con la intenci\u00f3n de preparar a sus estudiantes de Ingenier\u00eda Comercial, as\u00ed como a profesionales de otras \u00e1reas del conocimiento, para las exigencias de los nuevos tiempos, el mundo digital y la innovaci\u00f3n, la <a href=\"https:\/\/www.uandes.cl\/carrera\/ingenieria-comercial\/\" target=\"_blank\" rel=\"noreferrer noopener\">Facultad de Ciencias Econ\u00f3micas y Empresariales<\/a> dio <a href=\"https:\/\/www.uandes.cl\/noticias\/comienzan-diplomados-con-foco-en-la-era-digital\/\" target=\"_blank\" rel=\"noreferrer noopener\">inicio en 2019 a sus primeros diplomados<\/a>, que buscan responder a los importantes cambios que se viven al interior de las organizaciones. Transformaci\u00f3n digital, marketing digital, <em>coaching <\/em>estrat\u00e9gico y gesti\u00f3n de la innovaci\u00f3n fueron los temas que atrajeron a cerca de 100 alumnos.<\/p>\n\n\n\n<p style=\"font-size:15px\">\u201cNuestros diplomados tienen dos focos principales: uno es la persona, c\u00f3mo ella puede ser un agente de cambio, y otro es el modelo de negocio, c\u00f3mo entendemos las tecnolog\u00edas, los avances y el marketing y los encauzamos para responder a las exigencias\u201d, cuenta <a href=\"https:\/\/www.uandes.cl\/personas\/francisco-ulloa-picasso\/\" target=\"_blank\" rel=\"noreferrer noopener\">Francisco Ulloa<\/a>, director de los diplomados. \u201cLo que nos diferencia son la interdisciplina, ya que cada alumno puede elegir m\u00f3dulos optativos; nuestro m\u00f3dulo de <em>compliance<\/em>, que busca ense\u00f1ar mediante ejemplos de buenas pr\u00e1cticas, y que no evaluamos contenido, sino que la aplicaci\u00f3n de los conceptos aprendidos en un trabajo pr\u00e1ctico final\u201d, expone.<\/p>\n\n\n\n<hr class=\"wp-block-separator is-style-default\"\/>\n\n\n\n<div class=\"wp-block-columns\">\n<div class=\"wp-block-column\">\n<figure class=\"wp-block-image size-large is-resized\"><img loading=\"lazy\" src=\"http:\/\/revistacampus.uandes.cl\/2020\/wp-content\/uploads\/2020\/08\/logo-citas.png\" alt=\"\" class=\"wp-image-3021\" width=\"87\" height=\"69\"\/><\/figure>\n<\/div>\n\n\n\n<div class=\"wp-block-column\"><\/div>\n\n\n\n<div class=\"wp-block-column\"><\/div>\n<\/div>\n\n\n\n<p class=\"has-text-color\" style=\"color:#006cb7\"><em><strong>\u201cQUEREMOS PREPARAR A NUESTROS ALUMNOS PARA ENFRENTAR LOS GRANDES DESAF\u00cdOS, YA QUE HOY, M\u00c1S QUE NUNCA, ENTREGA VALOR TENER FORMAS NUEVAS Y MEJORES DE SERVIR\u201d.<\/strong><\/em><\/p>\n\n\n\n<p class=\"has-small-font-size\"><strong>Karin J\u00fcrgensen<\/strong>, <em>Decana de la Facultad de Ciencias Econ\u00f3micas y Empresariales<\/em><\/p>\n\n\n\n<hr class=\"wp-block-separator is-style-default\"\/>\n\n\n\n<p style=\"font-size:15px\">Adem\u00e1s de estos cursos de educaci\u00f3n continua, la Facultad dio inicio a su <a href=\"https:\/\/postgradosuandes.cl\/magister\/magister-en-economia\/\" target=\"_blank\" rel=\"noreferrer noopener\">tercer programa de postgrado con un Mag\u00edster en Econom\u00eda<\/a>, orientado a los alumnos de la carrera que est\u00e1n culminando sus estudios de pregrado y buscan profundizar sus conocimientos para capacitarse hacia roles en la alta gesti\u00f3n p\u00fablica y empresas.<\/p>\n\n\n\n<p style=\"font-size:15px\">\u201cA trav\u00e9s de este mag\u00edster queremos dotar a nuestros egresados de s\u00f3lidos fundamentos en las ciencias econ\u00f3micas y empresariales, rigor t\u00e9cnico y formaci\u00f3n val\u00f3rica en los negocios y pol\u00edticas p\u00fablicas, de manera que puedan aportar con soluciones innovadoras a los problemas empresariales y sociales\u201d, cuenta <a href=\"https:\/\/www.uandes.cl\/personas\/ricardo-sanhueza\/\" target=\"_blank\" rel=\"noreferrer noopener\">Ricardo Sanhueza, director del mag\u00edster<\/a>. A diferencia de otros programas cuyo fin es un doctorado, este <a href=\"https:\/\/postgradosuandes.cl\/magister\/magister-en-economia\/\" target=\"_blank\" rel=\"noreferrer noopener\">Mag\u00edster en Econom\u00eda<\/a> est\u00e1 concebido como un grado terminal, porque dar\u00e1 una capacidad adicional al egresado tan pronto comience su vida laboral.<\/p>\n\n\n\n<h4 class=\"has-text-color\" style=\"color:#006cb7\">EL CONOCIMIENTO DETR\u00c1S DE LA DOCENCIA<\/h4>\n\n\n\n<div class=\"wp-block-columns\">\n<div class=\"wp-block-column\">\n<figure class=\"wp-block-image size-large\"><img loading=\"lazy\" width=\"1024\" height=\"1024\" src=\"http:\/\/revistacampus.uandes.cl\/2020\/wp-content\/uploads\/2020\/08\/Rosario-Macera-1024x1024.png\" alt=\"\" class=\"wp-image-3369\" srcset=\"https:\/\/revistacampus.uandes.cl\/2020\/wp-content\/uploads\/2020\/08\/Rosario-Macera-1024x1024.png 1024w, https:\/\/revistacampus.uandes.cl\/2020\/wp-content\/uploads\/2020\/08\/Rosario-Macera-300x300.png 300w, https:\/\/revistacampus.uandes.cl\/2020\/wp-content\/uploads\/2020\/08\/Rosario-Macera-150x150.png 150w, https:\/\/revistacampus.uandes.cl\/2020\/wp-content\/uploads\/2020\/08\/Rosario-Macera-768x768.png 768w, https:\/\/revistacampus.uandes.cl\/2020\/wp-content\/uploads\/2020\/08\/Rosario-Macera-1536x1536.png 1536w, https:\/\/revistacampus.uandes.cl\/2020\/wp-content\/uploads\/2020\/08\/Rosario-Macera-2048x2048.png 2048w, https:\/\/revistacampus.uandes.cl\/2020\/wp-content\/uploads\/2020\/08\/Rosario-Macera-480x480.png 480w\" sizes=\"(max-width: 1024px) 100vw, 1024px\" \/><\/figure>\n\n\n\n<p class=\"has-text-align-center\" style=\"font-size:14px\"><strong>Rosario Macera<\/strong><\/p>\n<\/div>\n\n\n\n<div class=\"wp-block-column\">\n<figure class=\"wp-block-image size-large\"><img loading=\"lazy\" width=\"1024\" height=\"1024\" src=\"http:\/\/revistacampus.uandes.cl\/2020\/wp-content\/uploads\/2020\/08\/\u00c1lvaro-Garc\u00eda-1024x1024.png\" alt=\"\" class=\"wp-image-3370\" srcset=\"https:\/\/revistacampus.uandes.cl\/2020\/wp-content\/uploads\/2020\/08\/\u00c1lvaro-Garc\u00eda-1024x1024.png 1024w, https:\/\/revistacampus.uandes.cl\/2020\/wp-content\/uploads\/2020\/08\/\u00c1lvaro-Garc\u00eda-300x300.png 300w, https:\/\/revistacampus.uandes.cl\/2020\/wp-content\/uploads\/2020\/08\/\u00c1lvaro-Garc\u00eda-150x150.png 150w, https:\/\/revistacampus.uandes.cl\/2020\/wp-content\/uploads\/2020\/08\/\u00c1lvaro-Garc\u00eda-768x768.png 768w, https:\/\/revistacampus.uandes.cl\/2020\/wp-content\/uploads\/2020\/08\/\u00c1lvaro-Garc\u00eda-1536x1536.png 1536w, https:\/\/revistacampus.uandes.cl\/2020\/wp-content\/uploads\/2020\/08\/\u00c1lvaro-Garc\u00eda-2048x2048.png 2048w, https:\/\/revistacampus.uandes.cl\/2020\/wp-content\/uploads\/2020\/08\/\u00c1lvaro-Garc\u00eda-480x480.png 480w\" sizes=\"(max-width: 1024px) 100vw, 1024px\" \/><\/figure>\n\n\n\n<p class=\"has-text-align-center\" style=\"font-size:14px\"><strong>\u00c1lvaro Garc\u00eda<\/strong><\/p>\n<\/div>\n\n\n\n<div class=\"wp-block-column\">\n<figure class=\"wp-block-image size-large\"><img loading=\"lazy\" width=\"1024\" height=\"1024\" src=\"http:\/\/revistacampus.uandes.cl\/2020\/wp-content\/uploads\/2020\/08\/Giorgo-Sertsios-1024x1024.png\" alt=\"\" class=\"wp-image-3371\" srcset=\"https:\/\/revistacampus.uandes.cl\/2020\/wp-content\/uploads\/2020\/08\/Giorgo-Sertsios-1024x1024.png 1024w, https:\/\/revistacampus.uandes.cl\/2020\/wp-content\/uploads\/2020\/08\/Giorgo-Sertsios-300x300.png 300w, https:\/\/revistacampus.uandes.cl\/2020\/wp-content\/uploads\/2020\/08\/Giorgo-Sertsios-150x150.png 150w, https:\/\/revistacampus.uandes.cl\/2020\/wp-content\/uploads\/2020\/08\/Giorgo-Sertsios-768x768.png 768w, https:\/\/revistacampus.uandes.cl\/2020\/wp-content\/uploads\/2020\/08\/Giorgo-Sertsios-1536x1536.png 1536w, https:\/\/revistacampus.uandes.cl\/2020\/wp-content\/uploads\/2020\/08\/Giorgo-Sertsios-2048x2048.png 2048w, https:\/\/revistacampus.uandes.cl\/2020\/wp-content\/uploads\/2020\/08\/Giorgo-Sertsios-480x480.png 480w\" sizes=\"(max-width: 1024px) 100vw, 1024px\" \/><\/figure>\n\n\n\n<p class=\"has-text-align-center\" style=\"font-size:14px\"><strong>Giorgo Sertsios<\/strong><\/p>\n<\/div>\n<\/div>\n\n\n\n<p style=\"font-size:15px\">El desarrollo de la Facultad tambi\u00e9n ha avanzado en materia cient\u00edfica, gracias al <strong>aumento de profesores investigadores<\/strong>, quienes al profundizar en la b\u00fasqueda del conocimiento, pueden compartir con sus estudiantes nuevas teor\u00edas. Es el caso, por ejemplo, de los<strong> <a href=\"https:\/\/www.uandes.cl\/noticias\/tres-profesores-de-ingenieria-comercial-se-adjudican-concurso-fondecyt-regular-2019\/\" target=\"_blank\" rel=\"noreferrer noopener\">tres nuevos Fondecyt adjudicados este a\u00f1o<\/a> y que hacen un total de seis proyectos activos en la Facultad.<\/strong><\/p>\n\n\n\n<p>Gracias al Fondo Nacional de Desarrollo Cient\u00edfico y Tecnol\u00f3gico, <a rel=\"noreferrer noopener\" href=\"https:\/\/www.uandes.cl\/personas\/rosario-macera-parra\/\" target=\"_blank\">Rosario Macera<\/a> estudia el uso de t\u00e9cnicas de inteligencia artificial en pol\u00edticas de recursos humanos para mejorar los procesos de reclutamiento y selecci\u00f3n; <a rel=\"noreferrer noopener\" href=\"https:\/\/www.uandes.cl\/personas\/alvaro-garcia\/\" target=\"_blank\">\u00c1lvaro Garc\u00eda<\/a> analiza c\u00f3mo las empresas se benefician de la exposici\u00f3n al comercio internacional, y <a href=\"https:\/\/www.uandes.cl\/personas\/giorgo-sertsios\/\" target=\"_blank\" rel=\"noreferrer noopener\">Giorgo Sertsios<\/a> investiga la forma en que la rigidez de los mercados laborales extranjeros afecta las pol\u00edticas de inversi\u00f3n de las empresas estadounidenses en esos pa\u00edses. Se trata de nuevo conocimiento que complementar\u00e1 el \u00e1rea de las ciencias econ\u00f3micas y empresariales, as\u00ed como la formaci\u00f3n de los estudiantes.<\/p>\n","protected":false},"excerpt":{"rendered":"<p>Con el objetivo de entregar a sus alumnos las mejores herramientas para enfrentar el mundo laboral, Ingenier\u00eda Comercial ha avanzado r\u00e1pidamente hacia la educaci\u00f3n continua, el postgrado y la investigaci\u00f3n.<\/p>\n","protected":false},"author":2,"featured_media":3368,"comment_status":"open","ping_status":"open","sticky":false,"template":"","format":"standard","meta":[],"categories":[41],"tags":[],"_links":{"self":[{"href":"https:\/\/revistacampus.uandes.cl\/2020\/wp-json\/wp\/v2\/posts\/3367"}],"collection":[{"href":"https:\/\/revistacampus.uandes.cl\/2020\/wp-json\/wp\/v2\/posts"}],"about":[{"href":"https:\/\/revistacampus.uandes.cl\/2020\/wp-json\/wp\/v2\/types\/post"}],"author":[{"embeddable":true,"href":"https:\/\/revistacampus.uandes.cl\/2020\/wp-json\/wp\/v2\/users\/2"}],"replies":[{"embeddable":true,"href":"https:\/\/revistacampus.uandes.cl\/2020\/wp-json\/wp\/v2\/comments?post=3367"}],"version-history":[{"count":9,"href":"https:\/\/revistacampus.uandes.cl\/2020\/wp-json\/wp\/v2\/posts\/3367\/revisions"}],"predecessor-version":[{"id":4593,"href":"https:\/\/revistacampus.uandes.cl\/2020\/wp-json\/wp\/v2\/posts\/3367\/revisions\/4593"}],"wp:featuredmedia":[{"embeddable":true,"href":"https:\/\/revistacampus.uandes.cl\/2020\/wp-json\/wp\/v2\/media\/3368"}],"wp:attachment":[{"href":"https:\/\/revistacampus.uandes.cl\/2020\/wp-json\/wp\/v2\/media?parent=3367"}],"wp:term":[{"taxonomy":"category","embeddable":true,"href":"https:\/\/revistacampus.uandes.cl\/2020\/wp-json\/wp\/v2\/categories?post=3367"},{"taxonomy":"post_tag","embeddable":true,"href":"https:\/\/revistacampus.uandes.cl\/2020\/wp-json\/wp\/v2\/tags?post=3367"}],"curies":[{"name":"wp","href":"https:\/\/api.w.org\/{rel}","templated":true}]}}