{"id":3335,"date":"2020-07-28T12:51:45","date_gmt":"2020-07-28T16:51:45","guid":{"rendered":"http:\/\/revistacampus.uandes.cl\/2020\/?p=3335"},"modified":"2020-09-07T19:18:38","modified_gmt":"2020-09-07T22:18:38","slug":"investigacion-uandes-ufroen-busca-de-la-modernizacion-de-cooperativas-agricolas-mapuches","status":"publish","type":"post","link":"https:\/\/revistacampus.uandes.cl\/2020\/investigacion-uandes-ufroen-busca-de-la-modernizacion-de-cooperativas-agricolas-mapuches\/","title":{"rendered":"<span class=\"subtitulo\">Investigaci\u00f3n UANDES &#8211; UFRO<\/span><br>En busca de la modernizaci\u00f3n de cooperativas agr\u00edcolas mapuches"},"content":{"rendered":"\n<p><strong><em>Este proyecto es financiado por el concurso Inicia tu Idea, que promueve la investigaci\u00f3n conjunta entre ambas casas de estudios y propone acciones concretas en t\u00e9rminos log\u00edsticos para el desarrollo de esta actividad.<\/em><\/strong><\/p>\n\n\n\n<p style=\"font-size:15px\">La actividad agr\u00edcola es quiz\u00e1s una de las principales fuentes de ingreso de las comunidades mapuches en nuestro pa\u00eds, y de ella dependen muchas personas y familias. Sin embargo, falta de informaci\u00f3n y formaci\u00f3n en estas comunidades influye en que se generen p\u00e9rdidas importantes y que no se consigan las ganancias debidas.<\/p>\n\n\n\n<p style=\"font-size:15px\">La necesidad de revertir esta situaci\u00f3n tiene a los investigadores y acad\u00e9micos <a rel=\"noreferrer noopener\" href=\"https:\/\/www.uandes.cl\/personas\/juan-eduardo-perez-retamales\/\" target=\"_blank\">Juan Eduardo P\u00e9rez<\/a>, de la <a rel=\"noreferrer noopener\" href=\"https:\/\/www.uandes.cl\/facultad\/facultad-de-ingenieria-y-ciencias-aplicadas\/\" target=\"_blank\">Facultad de Ingenier\u00eda y Ciencias Aplicadas UANDES<\/a>, y <a rel=\"noreferrer noopener\" href=\"https:\/\/www.ufro.cl\/index.php\/6-facultades\/facultades\/facultad-de-ingenieria-y-ciencias\" target=\"_blank\">Marcia Zambrano y Sebasti\u00e1n Videla<\/a>, de la <a rel=\"noreferrer noopener\" href=\"https:\/\/www.ufro.cl\/\" target=\"_blank\">Universidad de la Frontera<\/a> (UFRO), trabajando en un <strong>proyecto que propone la elaboraci\u00f3n de modelos de inteligencia artificial para abordar aspectos que son cr\u00edticos de la gesti\u00f3n de estas organizaciones<\/strong>. La idea es generar t\u00e9cnicas de optimizaci\u00f3n y de aprendizaje estad\u00edstico (<em>machine learning<\/em>) \u00fatiles para la toma de decisiones.<\/p>\n\n\n\n<p style=\"font-size:15px\">\u201cExisten muchos modelos con lineamientos de econom\u00eda cl\u00e1sica, pero este incluir\u00e1 la forma en la que el pueblo mapuche enfrenta su relaci\u00f3n con el medio y con la tierra, la que dista mucho de ser una econom\u00eda de crecimiento y maximizaci\u00f3n, y tiene m\u00e1s bien relaci\u00f3n con el \u00e1mbito de las cadenas de suministro verde, de econom\u00eda circular y de producci\u00f3n sustentable\u201d, explica <strong>Juan Eduardo P\u00e9rez.<\/strong><\/p>\n\n\n\n<div class=\"wp-block-columns\">\n<div class=\"wp-block-column\"><\/div>\n\n\n\n<div class=\"wp-block-column\"><\/div>\n\n\n\n<div class=\"wp-block-column\">\n<figure class=\"wp-block-image size-large is-resized\"><img loading=\"lazy\" src=\"http:\/\/revistacampus.uandes.cl\/2020\/wp-content\/uploads\/2020\/08\/logo-citas.png\" alt=\"\" class=\"wp-image-3021\" width=\"87\" height=\"69\"\/><\/figure>\n<\/div>\n<\/div>\n\n\n\n<p class=\"has-text-color\" style=\"color:#ffc20e\"><em><strong>\u201cNuestro gran desaf\u00edo como cooperativa y como peque\u00f1os productores es pensar ambiciosamente en salir al mercado mundial y, para ello, debemos tener acceso a la academia, a la informaci\u00f3n, a la tecnolog\u00eda de punta que viene apareciendo\u201d.<\/strong><\/em><\/p>\n\n\n\n<p style=\"font-size:15px\">En particular, se est\u00e1 trabajando con la comunidad Rewe, que se ubica en Chol-Chol, Regi\u00f3n de La Araucan\u00eda, y que funciona con agrupaciones. El 80% de ellos se encuentran en este sector y los restantes en la Regi\u00f3n del Biob\u00edo, en Los Sauces, Tir\u00faa y Ca\u00f1ete. \u201cCon un fuerte componente social, nuestro trabajo apunta a levantar aquellos aspectos clave de su desarrollo y as\u00ed poder mejorar lo que <a rel=\"noreferrer noopener\" href=\"http:\/\/cooperativarewe.cl\/historia\/\" target=\"_blank\">Cooperativa Rewe<\/a> es hoy, vislumbrando c\u00f3mo podr\u00eda potenciarse en el futuro\u201d, explica Marcia Zambrano.<\/p>\n\n\n\n<p style=\"font-size:15px\">\u201cHasta el momento hemos identificado y cuantificado algunos problemas, como la casi imposibilidad de acceso al cr\u00e9dito, la falta de coordinaci\u00f3n en etapa de cosecha, la escasez de puntos de acopio intermedio y problemas en los canales de distribuci\u00f3n y venta\u201d, agrega el acad\u00e9mico.<\/p>\n\n\n\n<p style=\"font-size:15px\">Es por esto que, en una primera etapa, financiada por el <a rel=\"noreferrer noopener\" href=\"https:\/\/www.uandes.cl\/noticias\/iniciativas-con-enfoque-publico-se-desarrollaran-gracias-a-concurso-inicia-tu-idea\/\" target=\"_blank\">concurso Inicia Tu Idea<\/a>, que promueve la investigaci\u00f3n conjunta entre ambas casas de estudios, se proponen acciones concretas en t\u00e9rminos log\u00edsticos, como la instalaci\u00f3n de puntos de acopio intermedios en los cl\u00fasteres de Tir\u00faa, Los Sauces y Ca\u00f1ete, y con la coordinaci\u00f3n de las familias en la siembra y cosecha, minimizar las mermas y bajar los costos de transporte. Adem\u00e1s, se est\u00e1n definiendo recomendaciones para mejorar las posibilidades de acceso al cr\u00e9dito.<\/p>\n\n\n\n<p style=\"font-size:15px\">\u201cIdealmente, queremos que este punto de partida nos permita poder postular a m\u00e1s recursos para ahondar en m\u00e1s soluciones y ayuda a las familias. Ya estamos trabajando en la evaluaci\u00f3n y desarrollo de modelos que van en esa direcci\u00f3n\u201d, concluye el acad\u00e9mico de la Universidad de los Andes.<\/p>\n\n\n\n<div class=\"wp-block-columns\">\n<div class=\"wp-block-column\">\n<figure class=\"wp-block-image size-large is-resized is-style-rounded\"><img loading=\"lazy\" src=\"http:\/\/revistacampus.uandes.cl\/2020\/wp-content\/uploads\/2020\/08\/Juan-Perez-1024x1024.png\" alt=\"\" class=\"wp-image-3359\" width=\"256\" height=\"256\" srcset=\"https:\/\/revistacampus.uandes.cl\/2020\/wp-content\/uploads\/2020\/08\/Juan-Perez-1024x1024.png 1024w, https:\/\/revistacampus.uandes.cl\/2020\/wp-content\/uploads\/2020\/08\/Juan-Perez-300x300.png 300w, https:\/\/revistacampus.uandes.cl\/2020\/wp-content\/uploads\/2020\/08\/Juan-Perez-150x150.png 150w, https:\/\/revistacampus.uandes.cl\/2020\/wp-content\/uploads\/2020\/08\/Juan-Perez-768x768.png 768w, https:\/\/revistacampus.uandes.cl\/2020\/wp-content\/uploads\/2020\/08\/Juan-Perez-1536x1536.png 1536w, https:\/\/revistacampus.uandes.cl\/2020\/wp-content\/uploads\/2020\/08\/Juan-Perez-2048x2048.png 2048w, https:\/\/revistacampus.uandes.cl\/2020\/wp-content\/uploads\/2020\/08\/Juan-Perez-480x480.png 480w\" sizes=\"(max-width: 256px) 100vw, 256px\" \/><\/figure>\n<\/div>\n\n\n\n<div class=\"wp-block-column\">\n<p style=\"font-size:14px\"><em>Juan Eduardo P\u00e9rez es uno de los tres acad\u00e9micos de Ingenier\u00eda que se adjudicaron fondos en la IV versi\u00f3n del concurso Inicia tu Idea, que mediante un convenio entre la UANDES y la UFRO incentiva la <strong>investigaci\u00f3n conjunta para desarrollar un proyecto de I+D+i<\/strong> que avance en generar una soluci\u00f3n tecnol\u00f3gica escalable para abordar un desaf\u00edo\/problema\/oportunidad de un sector econ\u00f3mico relevante nacional y\/o internacional.<\/em><\/p>\n<\/div>\n<\/div>\n","protected":false},"excerpt":{"rendered":"<p>Con el objetivo de entregar a sus alumnos las mejores herramientas para enfrentar el mundo laboral, Ingenier\u00eda Comercial ha avanzado r\u00e1pidamente hacia la educaci\u00f3n continua, el postgrado y la investigaci\u00f3n.<\/p>\n","protected":false},"author":2,"featured_media":3336,"comment_status":"open","ping_status":"open","sticky":false,"template":"","format":"standard","meta":[],"categories":[41],"tags":[],"_links":{"self":[{"href":"https:\/\/revistacampus.uandes.cl\/2020\/wp-json\/wp\/v2\/posts\/3335"}],"collection":[{"href":"https:\/\/revistacampus.uandes.cl\/2020\/wp-json\/wp\/v2\/posts"}],"about":[{"href":"https:\/\/revistacampus.uandes.cl\/2020\/wp-json\/wp\/v2\/types\/post"}],"author":[{"embeddable":true,"href":"https:\/\/revistacampus.uandes.cl\/2020\/wp-json\/wp\/v2\/users\/2"}],"replies":[{"embeddable":true,"href":"https:\/\/revistacampus.uandes.cl\/2020\/wp-json\/wp\/v2\/comments?post=3335"}],"version-history":[{"count":24,"href":"https:\/\/revistacampus.uandes.cl\/2020\/wp-json\/wp\/v2\/posts\/3335\/revisions"}],"predecessor-version":[{"id":4573,"href":"https:\/\/revistacampus.uandes.cl\/2020\/wp-json\/wp\/v2\/posts\/3335\/revisions\/4573"}],"wp:featuredmedia":[{"embeddable":true,"href":"https:\/\/revistacampus.uandes.cl\/2020\/wp-json\/wp\/v2\/media\/3336"}],"wp:attachment":[{"href":"https:\/\/revistacampus.uandes.cl\/2020\/wp-json\/wp\/v2\/media?parent=3335"}],"wp:term":[{"taxonomy":"category","embeddable":true,"href":"https:\/\/revistacampus.uandes.cl\/2020\/wp-json\/wp\/v2\/categories?post=3335"},{"taxonomy":"post_tag","embeddable":true,"href":"https:\/\/revistacampus.uandes.cl\/2020\/wp-json\/wp\/v2\/tags?post=3335"}],"curies":[{"name":"wp","href":"https:\/\/api.w.org\/{rel}","templated":true}]}}