{"id":3272,"date":"2020-09-01T10:00:12","date_gmt":"2020-09-01T14:00:12","guid":{"rendered":"http:\/\/revistacampus.uandes.cl\/2020\/?p=3272"},"modified":"2020-09-07T17:50:21","modified_gmt":"2020-09-07T20:50:21","slug":"dialogosxchileun-aporte-a-la-discusion-publica-en-pandemia","status":"publish","type":"post","link":"https:\/\/revistacampus.uandes.cl\/2020\/dialogosxchileun-aporte-a-la-discusion-publica-en-pandemia\/","title":{"rendered":"#DI\u00c1LOGOSXCHILE<br><span class=\"subtitulo\">Un aporte a la discusi\u00f3n p\u00fablica en pandemia<\/span>"},"content":{"rendered":"\n<p><em><strong>Ante el impacto sanitario, econ\u00f3mico, pol\u00edtico, social y psicol\u00f3gico que ha generado el coronavirus, la UANDES abri\u00f3 un espacio de conversaci\u00f3n virtual para analizar sus implicancias.<\/strong><\/em><\/p>\n\n\n\n<p>El Covid-19 trajo al mundo m\u00faltiples preguntas sobre sus efectos. A medida que el virus ha avanzado, la ciencia ha investigado incansablemente para encontrar una soluci\u00f3n definitiva y que la vida regrese a su cauce habitual.<\/p>\n\n\n\n<p>En ese contexto, la UANDES quiso aportar a la sociedad en la b\u00fasqueda de respuestas ante tantas interrogantes que el virus ha establecido o, al menos, discusiones que fomenten la conversaci\u00f3n sobre estas inquietudes. \u201cAs\u00ed, naci\u00f3 la iniciativa <a rel=\"noreferrer noopener\" href=\"https:\/\/www.uandes.cl\/dialogos-por-chile\/?utm_source=Home%20UANDES&amp;utm_medium=Banner%20Home%20UANDES&amp;utm_campaign=Dialogos%20por%20chile&amp;utm_content=Vitrina%20Home%20UANDES\" target=\"_blank\"><strong>Di\u00e1logosxChile<\/strong><\/a>, que analiza diversos temas de inter\u00e9s nacional junto a destacados invitados, en un espacio de conversaci\u00f3n virtual, distendido y abierto a todo p\u00fablico\u201d, explica <a rel=\"noreferrer noopener\" href=\"https:\/\/www.uandes.cl\/personas\/matias-vial-v\/\" target=\"_blank\">Mat\u00edas Vial, vicerrector de Relaciones Universitarias<\/a>.<\/p>\n\n\n\n<p>Desde abril de 2020, <a rel=\"noreferrer noopener\" href=\"https:\/\/www.uandes.cl\/academicos\/\" target=\"_blank\">acad\u00e9micos UANDES<\/a> y expertos externos a nuestra instituci\u00f3n han conversado sobre c\u00f3mo sobrellevar el sue\u00f1o y la salud mental en tiempos de pandemia (<a rel=\"noreferrer noopener\" href=\"https:\/\/www.uandes.cl\/noticias\/como-sobrellevar-la-salud-mental-y-el-sueno-en-tiempos-de-coronavirus\/\" target=\"_blank\">ver m\u00e1s<\/a>); cu\u00e1les son los nuevos formatos de trabajo y qu\u00e9 demandar\u00e1 el mercado laboral (<a rel=\"noreferrer noopener\" href=\"https:\/\/www.uandes.cl\/noticias\/trabajo-post-covid-19-cuales-seran-los-nuevos-formatos-y-que-demandara-el-mercado-laboral\/\" target=\"_blank\">ver m\u00e1s<\/a>); la relevancia de la alimentaci\u00f3n y el ejercicio en estos momentos (<a rel=\"noreferrer noopener\" href=\"https:\/\/www.uandes.cl\/noticias\/la-relevancia-de-la-alimentacion-y-el-ejercicio-en-epoca-de-covid-19\/\" target=\"_blank\">ver m\u00e1s<\/a>); la calidad de la educaci\u00f3n en las actuales circunstancias (<a rel=\"noreferrer noopener\" href=\"https:\/\/www.uandes.cl\/noticias\/la-relevancia-de-la-alimentacion-y-el-ejercicio-en-epoca-de-covid-19\/\" target=\"_blank\">ver m\u00e1s<\/a>); los efectos pol\u00edticos (<a rel=\"noreferrer noopener\" href=\"https:\/\/www.uandes.cl\/noticias\/los-efectos-politicos-de-la-pandemia-en-chile\/\" target=\"_blank\">ver m\u00e1s<\/a>); la importancia de la ciencia y el peso que ha cobrado (<a rel=\"noreferrer noopener\" href=\"https:\/\/www.uandes.cl\/noticias\/la-ciencia-e-innovacion-en-tiempos-de-pandemia\/\" target=\"_blank\">ver m\u00e1s<\/a>); la relevancia de la confianza social (<a rel=\"noreferrer noopener\" href=\"https:\/\/www.uandes.cl\/noticias\/reflexiones-sobre-la-confianza-social-en-tiempos-de-pandemia\/\" target=\"_blank\">ver m\u00e1s<\/a>); las consecuencias sobre la educaci\u00f3n (<a rel=\"noreferrer noopener\" href=\"https:\/\/www.youtube.com\/watch?v=M091zWH6xqI&amp;t=2072s\" target=\"_blank\">ver m\u00e1s<\/a>) y los desaf\u00edos de convivir en pandemia (<a href=\"https:\/\/www.youtube.com\/watch?v=cQkYCUqgdgo\" target=\"_blank\" rel=\"noreferrer noopener\">ver m\u00e1s<\/a>).<\/p>\n\n\n\n<p><strong>El inter\u00e9s generado por estos Di\u00e1logos llev\u00f3 a que EmolTV transmitiera una serie de ellos, con la participaci\u00f3n de destacados invitados, entre ellos:<\/strong><\/p>\n\n\n\n<div class=\"wp-block-columns\">\n<div class=\"wp-block-column\">\n<div class=\"wp-block-image is-style-rounded\"><figure class=\"aligncenter size-medium\"><img loading=\"lazy\" width=\"300\" height=\"300\" src=\"http:\/\/revistacampus.uandes.cl\/2020\/wp-content\/uploads\/2020\/08\/Carolina-Torrealba-300x300.png\" alt=\"\" class=\"wp-image-3300\" srcset=\"https:\/\/revistacampus.uandes.cl\/2020\/wp-content\/uploads\/2020\/08\/Carolina-Torrealba-300x300.png 300w, https:\/\/revistacampus.uandes.cl\/2020\/wp-content\/uploads\/2020\/08\/Carolina-Torrealba-1024x1024.png 1024w, https:\/\/revistacampus.uandes.cl\/2020\/wp-content\/uploads\/2020\/08\/Carolina-Torrealba-150x150.png 150w, https:\/\/revistacampus.uandes.cl\/2020\/wp-content\/uploads\/2020\/08\/Carolina-Torrealba-768x768.png 768w, https:\/\/revistacampus.uandes.cl\/2020\/wp-content\/uploads\/2020\/08\/Carolina-Torrealba-480x480.png 480w, https:\/\/revistacampus.uandes.cl\/2020\/wp-content\/uploads\/2020\/08\/Carolina-Torrealba.png 1080w\" sizes=\"(max-width: 300px) 100vw, 300px\" \/><\/figure><\/div>\n\n\n\n<p class=\"has-text-align-center\" style=\"font-size:12px\"><strong>Carolina Torrealba<\/strong> <em>Subsecretaria de Ciencia, Tecnolog\u00eda, Conocimiento e Innovaci\u00f3n<\/em><\/p>\n<\/div>\n\n\n\n<div class=\"wp-block-column\">\n<div class=\"wp-block-image is-style-rounded\"><figure class=\"aligncenter size-medium\"><img loading=\"lazy\" width=\"300\" height=\"300\" src=\"http:\/\/revistacampus.uandes.cl\/2020\/wp-content\/uploads\/2020\/08\/Sebasti\u00e1n-Bernales-300x300.png\" alt=\"\" class=\"wp-image-3301\" srcset=\"https:\/\/revistacampus.uandes.cl\/2020\/wp-content\/uploads\/2020\/08\/Sebasti\u00e1n-Bernales-300x300.png 300w, https:\/\/revistacampus.uandes.cl\/2020\/wp-content\/uploads\/2020\/08\/Sebasti\u00e1n-Bernales-1024x1024.png 1024w, https:\/\/revistacampus.uandes.cl\/2020\/wp-content\/uploads\/2020\/08\/Sebasti\u00e1n-Bernales-150x150.png 150w, https:\/\/revistacampus.uandes.cl\/2020\/wp-content\/uploads\/2020\/08\/Sebasti\u00e1n-Bernales-768x768.png 768w, https:\/\/revistacampus.uandes.cl\/2020\/wp-content\/uploads\/2020\/08\/Sebasti\u00e1n-Bernales-1536x1536.png 1536w, https:\/\/revistacampus.uandes.cl\/2020\/wp-content\/uploads\/2020\/08\/Sebasti\u00e1n-Bernales-2048x2048.png 2048w, https:\/\/revistacampus.uandes.cl\/2020\/wp-content\/uploads\/2020\/08\/Sebasti\u00e1n-Bernales-480x480.png 480w\" sizes=\"(max-width: 300px) 100vw, 300px\" \/><\/figure><\/div>\n\n\n\n<p class=\"has-text-align-center\" style=\"font-size:12px\"><strong>Sebasti\u00e1n Bernales<\/strong> <em>Creador y director de la empresa Praxis Biotech<\/em><\/p>\n<\/div>\n\n\n\n<div class=\"wp-block-column\">\n<div class=\"wp-block-image is-style-rounded\"><figure class=\"aligncenter size-large\"><img loading=\"lazy\" width=\"1024\" height=\"1024\" src=\"http:\/\/revistacampus.uandes.cl\/2020\/wp-content\/uploads\/2020\/09\/Maria-Teresa-Valenzuela-1024x1024.jpg\" alt=\"\" class=\"wp-image-3754\" srcset=\"https:\/\/revistacampus.uandes.cl\/2020\/wp-content\/uploads\/2020\/09\/Maria-Teresa-Valenzuela-1024x1024.jpg 1024w, https:\/\/revistacampus.uandes.cl\/2020\/wp-content\/uploads\/2020\/09\/Maria-Teresa-Valenzuela-300x300.jpg 300w, https:\/\/revistacampus.uandes.cl\/2020\/wp-content\/uploads\/2020\/09\/Maria-Teresa-Valenzuela-150x150.jpg 150w, https:\/\/revistacampus.uandes.cl\/2020\/wp-content\/uploads\/2020\/09\/Maria-Teresa-Valenzuela-768x768.jpg 768w, https:\/\/revistacampus.uandes.cl\/2020\/wp-content\/uploads\/2020\/09\/Maria-Teresa-Valenzuela-480x480.jpg 480w, https:\/\/revistacampus.uandes.cl\/2020\/wp-content\/uploads\/2020\/09\/Maria-Teresa-Valenzuela.jpg 1080w\" sizes=\"(max-width: 1024px) 100vw, 1024px\" \/><\/figure><\/div>\n\n\n\n<p class=\"has-text-align-center\" style=\"font-size:12px\"><strong>Mar\u00eda Teresa Valenzuela<\/strong> Miembro del Comit\u00e9 Asesor del Minsal y Vicedecana de Medicina UANDES<\/p>\n<\/div>\n<\/div>\n\n\n\n<div class=\"wp-block-columns\">\n<div class=\"wp-block-column\">\n<div class=\"wp-block-image is-style-rounded\"><figure class=\"aligncenter size-medium\"><img loading=\"lazy\" width=\"300\" height=\"300\" src=\"http:\/\/revistacampus.uandes.cl\/2020\/wp-content\/uploads\/2020\/08\/Gloria-de-la-Fuente-300x300.png\" alt=\"\" class=\"wp-image-3303\" srcset=\"https:\/\/revistacampus.uandes.cl\/2020\/wp-content\/uploads\/2020\/08\/Gloria-de-la-Fuente-300x300.png 300w, https:\/\/revistacampus.uandes.cl\/2020\/wp-content\/uploads\/2020\/08\/Gloria-de-la-Fuente-1024x1024.png 1024w, https:\/\/revistacampus.uandes.cl\/2020\/wp-content\/uploads\/2020\/08\/Gloria-de-la-Fuente-150x150.png 150w, https:\/\/revistacampus.uandes.cl\/2020\/wp-content\/uploads\/2020\/08\/Gloria-de-la-Fuente-768x768.png 768w, https:\/\/revistacampus.uandes.cl\/2020\/wp-content\/uploads\/2020\/08\/Gloria-de-la-Fuente-1536x1536.png 1536w, https:\/\/revistacampus.uandes.cl\/2020\/wp-content\/uploads\/2020\/08\/Gloria-de-la-Fuente-2048x2048.png 2048w, https:\/\/revistacampus.uandes.cl\/2020\/wp-content\/uploads\/2020\/08\/Gloria-de-la-Fuente-480x480.png 480w\" sizes=\"(max-width: 300px) 100vw, 300px\" \/><\/figure><\/div>\n\n\n\n<p class=\"has-text-align-center\" style=\"font-size:12px\"><strong>Gloria de la Fuente<\/strong> <em>Presidenta de la Fundaci\u00f3n Chile XXI<\/em><\/p>\n<\/div>\n\n\n\n<div class=\"wp-block-column\">\n<div class=\"wp-block-image is-style-rounded\"><figure class=\"aligncenter size-medium\"><img loading=\"lazy\" width=\"300\" height=\"300\" src=\"http:\/\/revistacampus.uandes.cl\/2020\/wp-content\/uploads\/2020\/08\/Sergio-Urz\u00faa-300x300.png\" alt=\"\" class=\"wp-image-3304\" srcset=\"https:\/\/revistacampus.uandes.cl\/2020\/wp-content\/uploads\/2020\/08\/Sergio-Urz\u00faa-300x300.png 300w, https:\/\/revistacampus.uandes.cl\/2020\/wp-content\/uploads\/2020\/08\/Sergio-Urz\u00faa-1024x1024.png 1024w, https:\/\/revistacampus.uandes.cl\/2020\/wp-content\/uploads\/2020\/08\/Sergio-Urz\u00faa-150x150.png 150w, https:\/\/revistacampus.uandes.cl\/2020\/wp-content\/uploads\/2020\/08\/Sergio-Urz\u00faa-768x768.png 768w, https:\/\/revistacampus.uandes.cl\/2020\/wp-content\/uploads\/2020\/08\/Sergio-Urz\u00faa-1536x1536.png 1536w, https:\/\/revistacampus.uandes.cl\/2020\/wp-content\/uploads\/2020\/08\/Sergio-Urz\u00faa-2048x2048.png 2048w, https:\/\/revistacampus.uandes.cl\/2020\/wp-content\/uploads\/2020\/08\/Sergio-Urz\u00faa-480x480.png 480w\" sizes=\"(max-width: 300px) 100vw, 300px\" \/><\/figure><\/div>\n\n\n\n<p class=\"has-text-align-center\" style=\"font-size:12px\"><strong>Sergio Urz\u00faa<\/strong> <em>Profesor asociado del Departamento de Econom\u00eda de la Universidad de Maryland<\/em><\/p>\n<\/div>\n\n\n\n<div class=\"wp-block-column\">\n<div class=\"wp-block-image is-style-rounded\"><figure class=\"aligncenter size-medium\"><img loading=\"lazy\" width=\"300\" height=\"300\" src=\"http:\/\/revistacampus.uandes.cl\/2020\/wp-content\/uploads\/2020\/08\/Jos\u00e9-Antonio-Guzm\u00e1n-300x300.png\" alt=\"\" class=\"wp-image-3305\" srcset=\"https:\/\/revistacampus.uandes.cl\/2020\/wp-content\/uploads\/2020\/08\/Jos\u00e9-Antonio-Guzm\u00e1n-300x300.png 300w, https:\/\/revistacampus.uandes.cl\/2020\/wp-content\/uploads\/2020\/08\/Jos\u00e9-Antonio-Guzm\u00e1n-1024x1024.png 1024w, https:\/\/revistacampus.uandes.cl\/2020\/wp-content\/uploads\/2020\/08\/Jos\u00e9-Antonio-Guzm\u00e1n-150x150.png 150w, https:\/\/revistacampus.uandes.cl\/2020\/wp-content\/uploads\/2020\/08\/Jos\u00e9-Antonio-Guzm\u00e1n-768x768.png 768w, https:\/\/revistacampus.uandes.cl\/2020\/wp-content\/uploads\/2020\/08\/Jos\u00e9-Antonio-Guzm\u00e1n-480x480.png 480w, https:\/\/revistacampus.uandes.cl\/2020\/wp-content\/uploads\/2020\/08\/Jos\u00e9-Antonio-Guzm\u00e1n.png 1080w\" sizes=\"(max-width: 300px) 100vw, 300px\" \/><\/figure><\/div>\n\n\n\n<p class=\"has-text-align-center\" style=\"font-size:12px\"><strong>Jos\u00e9 Antonio Guzm\u00e1n<\/strong> <em>Rector Universidad de los Andes<\/em><\/p>\n<\/div>\n<\/div>\n\n\n\n<div style=\"height:20px\" aria-hidden=\"true\" class=\"wp-block-spacer\"><\/div>\n\n\n\n<div class=\"wp-block-columns\">\n<div class=\"wp-block-column\">\n<div style=\"height:20px\" aria-hidden=\"true\" class=\"wp-block-spacer\"><\/div>\n\n\n\n<p class=\"has-text-align-center\" style=\"font-size:40px\"><strong>88 MIL VISTAS<\/strong><\/p>\n<\/div>\n\n\n\n<div class=\"wp-block-column\">\n<p class=\"has-text-align-center has-medium-font-size\"><strong>en promedio tuvieron los primeros #DI\u00c1LOGOSXCHILE transmitidos por EmolTV.<\/strong><\/p>\n<\/div>\n<\/div>\n\n\n\n<div class=\"wp-block-columns\">\n<div class=\"wp-block-column\"><\/div>\n\n\n\n<div class=\"wp-block-column\"><\/div>\n\n\n\n<div class=\"wp-block-column\"><\/div>\n<\/div>\n\n\n\n<p>Las carreras ejercieron un rol primordial en este prop\u00f3sito, a trav\u00e9s de la participaci\u00f3n de sus acad\u00e9micos, as\u00ed como en <em>webinars<\/em> sobre temas propios de su quehacer. Por ejemplo, la <a rel=\"noreferrer noopener\" href=\"https:\/\/www.uandes.cl\/facultad\/facultad-de-comunicacion\/\" target=\"_blank\"><strong>Facultad de Comunicaci\u00f3n<\/strong><\/a> abord\u00f3<a href=\"https:\/\/www.uandes.cl\/noticias\/como-ha-afectado-el-coronavirus-a-los-medios-de-comunicacion\/\"> c\u00f3mo ha afectado el coronavirus a los medios de comunicaci\u00f3n<\/a>, con la participaci\u00f3n del encargado del \u00e1rea digital y SEO de <em><a rel=\"noreferrer noopener\" href=\"https:\/\/www.nytimes.com\/es\/\" target=\"_blank\">The New York Times<\/a><\/em>, <strong>Claudio Cabrera<\/strong>; la <a rel=\"noreferrer noopener\" href=\"https:\/\/www.uandes.cl\/carrera\/psicologia\/\" target=\"_blank\"><strong>Escuela de Psicolog\u00eda<\/strong><\/a> realiz\u00f3 <em>webinars<\/em> sobre el manejo de las emociones en pandemia, c\u00f3mo enfrentar la nueva realidad laboral y evitar el consumo de drogas y alcohol, y las escuelas de <a rel=\"noreferrer noopener\" href=\"https:\/\/www.uandes.cl\/carrera\/kinesiologia\/\" target=\"_blank\"><strong>Kinesiolog\u00eda<\/strong><\/a> y de <a rel=\"noreferrer noopener\" href=\"https:\/\/www.uandes.cl\/carrera\/nutricion-y-dietetica\/\" target=\"_blank\"><strong>Nutrici\u00f3n y Diet\u00e9tica<\/strong><\/a> abordaron el ejercicio f\u00edsico y la alimentaci\u00f3n para mantenerse activo y sano en cuarentena.<\/p>\n\n\n\n<p>Las instancias han sido presenciadas por miles de personas, quienes han destacado este esfuerzo, a trav\u00e9s de una apreciaci\u00f3n por la diversidad y transversalidad de los temas y el aporte que otorgan en esta incierta y cambiante \u00e9poca de pandemia que ha experimentado la sociedad chilena y mundial.<\/p>\n","protected":false},"excerpt":{"rendered":"<p>Ante el impacto sanitario, econ\u00f3mico, pol\u00edtico, social y psicol\u00f3gico que ha generado el coronavirus, la UANDES abri\u00f3 un espacio de conversaci\u00f3n virtual para analizar sus implicancias.<\/p>\n","protected":false},"author":2,"featured_media":3278,"comment_status":"open","ping_status":"open","sticky":false,"template":"","format":"standard","meta":[],"categories":[37],"tags":[],"_links":{"self":[{"href":"https:\/\/revistacampus.uandes.cl\/2020\/wp-json\/wp\/v2\/posts\/3272"}],"collection":[{"href":"https:\/\/revistacampus.uandes.cl\/2020\/wp-json\/wp\/v2\/posts"}],"about":[{"href":"https:\/\/revistacampus.uandes.cl\/2020\/wp-json\/wp\/v2\/types\/post"}],"author":[{"embeddable":true,"href":"https:\/\/revistacampus.uandes.cl\/2020\/wp-json\/wp\/v2\/users\/2"}],"replies":[{"embeddable":true,"href":"https:\/\/revistacampus.uandes.cl\/2020\/wp-json\/wp\/v2\/comments?post=3272"}],"version-history":[{"count":28,"href":"https:\/\/revistacampus.uandes.cl\/2020\/wp-json\/wp\/v2\/posts\/3272\/revisions"}],"predecessor-version":[{"id":4558,"href":"https:\/\/revistacampus.uandes.cl\/2020\/wp-json\/wp\/v2\/posts\/3272\/revisions\/4558"}],"wp:featuredmedia":[{"embeddable":true,"href":"https:\/\/revistacampus.uandes.cl\/2020\/wp-json\/wp\/v2\/media\/3278"}],"wp:attachment":[{"href":"https:\/\/revistacampus.uandes.cl\/2020\/wp-json\/wp\/v2\/media?parent=3272"}],"wp:term":[{"taxonomy":"category","embeddable":true,"href":"https:\/\/revistacampus.uandes.cl\/2020\/wp-json\/wp\/v2\/categories?post=3272"},{"taxonomy":"post_tag","embeddable":true,"href":"https:\/\/revistacampus.uandes.cl\/2020\/wp-json\/wp\/v2\/tags?post=3272"}],"curies":[{"name":"wp","href":"https:\/\/api.w.org\/{rel}","templated":true}]}}