{"id":3069,"date":"2020-09-02T16:30:06","date_gmt":"2020-09-02T20:30:06","guid":{"rendered":"http:\/\/revistacampus.uandes.cl\/2020\/?p=3069"},"modified":"2020-09-07T14:05:55","modified_gmt":"2020-09-07T17:05:55","slug":"cuando-la-fe-supera-las-distancias","status":"publish","type":"post","link":"https:\/\/revistacampus.uandes.cl\/2020\/cuando-la-fe-supera-las-distancias\/","title":{"rendered":"Cuando la fe supera las distancias"},"content":{"rendered":"\n<p><em><strong>Con el acompa\u00f1amiento de Capellan\u00eda Universitaria para vivificar el esp\u00edritu cristiano, celebramos la primera Misa de Navidad en el campus, vivimos una Semana Santa online, consagramos nuestra casa de estudios a la Virgen de F\u00e1tima y acudimos en ayuda de los afectados por la crisis sanitaria.<\/strong><\/em><\/p>\n\n\n\n<p style=\"font-size:15px\">Comenzando el a\u00f1o 2000, el Papa Juan Pablo II invit\u00f3 a los cat\u00f3licos a iniciar el nuevo milenio impulsados por la <strong>\u201cimaginaci\u00f3n de la caridad\u201d.<\/strong> Sin duda, la situaci\u00f3n del pa\u00eds y del mundo nos ha desafiado de un modo especial a los cristianos, interpel\u00e1ndonos a vivir nuestra vocaci\u00f3n con todas sus implicancias, en unas circunstancias in\u00e9ditas. <\/p>\n\n\n\n<p style=\"font-size:15px\">Al atardecer del 24 de diciembre de 2019, familias enteras de alumnos, alumni, profesores, administrativos y vecinos se reunieron en el patio de Humanidades para conmemorar el nacimiento de Jesucristo, en la<strong> <a rel=\"noreferrer noopener\" href=\"https:\/\/alumni.uandes.cl\/noticias\/mas-de-1-000-personas-participan-de-la-primera-misa-de-navidad-en-la-uandes\/101\" target=\"_blank\">primera Misa de Navidad abierta a la comunidad<\/a>. <\/strong><\/p>\n\n\n\n<p style=\"font-size:15px\">Gracias a la organizaci\u00f3n del comit\u00e9 de Capellan\u00eda, formado por egresados, m\u00e1s de mil personas participaron en la Eucarist\u00eda, celebrada por el P. Jaime Andr\u00e9s Williams, egresado de Derecho, quien <strong>pidi\u00f3 especialmente por nuestra patria<\/strong>, cuando a\u00fan viv\u00edamos los ecos del estallido social.<\/p>\n\n\n\n<h4 class=\"has-text-color\" style=\"color:#4325a7\">UNIDOS ONLINE<\/h4>\n\n\n\n<p style=\"font-size:15px\">Llegaron los primeros d\u00edas de abril y nos preparamos para conmemorar la Pasi\u00f3n, Muerte y Resurrecci\u00f3n de Jesucristo de un modo especial. Ya no podr\u00edamos asistir a los retiros espirituales ni a las celebraciones de las parroquias; <strong>esta vez cada familia celebrar\u00eda la <a href=\"https:\/\/www.uandes.cl\/semanasantaencasa\/\">Semana Santa desde sus casas<\/a>.<\/strong><\/p>\n\n\n\n<p style=\"font-size:15px\">Algunos d\u00edas antes, el P. Sebasti\u00e1n Urruticoechea, capell\u00e1n general de la Universidad, predic\u00f3 algunas reflexiones sobre las 14 estaciones del V\u00eda Crucis por redes sociales. El viernes y s\u00e1bado santo se transmitieron a trav\u00e9s de YouTube <strong>dos retiros dirigidos a toda la familia<\/strong>, en los que pudimos contemplar el ejemplo de entrega de Jesucristo por amor a los dem\u00e1s. <\/p>\n\n\n\n<figure class=\"wp-block-embed-youtube wp-block-embed is-type-video is-provider-youtube wp-embed-aspect-16-9 wp-has-aspect-ratio\"><div class=\"wp-block-embed__wrapper\">\n<iframe title=\"I estaci\u00f3n: Jes\u00fas es condenado a muerte. Meditaciones sobre el V\u00eda Crucis.\" width=\"1080\" height=\"608\" src=\"https:\/\/www.youtube.com\/embed\/bi-1wp-03LQ?feature=oembed\" frameborder=\"0\" allow=\"accelerometer; autoplay; encrypted-media; gyroscope; picture-in-picture\" allowfullscreen><\/iframe>\n<\/div><\/figure>\n\n\n\n<div class=\"wp-block-columns\">\n<div class=\"wp-block-column\">\n<div style=\"height:120px\" aria-hidden=\"true\" class=\"wp-block-spacer\"><\/div>\n\n\n\n<p class=\"has-text-color\" style=\"color:#4325a7\">Las limitantes de la pandemia nos han impedido congregarnos f\u00edsicamente, pero las plataformas digitales y la \u201cimaginaci\u00f3n de la caridad\u201d nos han permitido llegar m\u00e1s lejos y seguir m\u00e1s unidos que nunca.<\/p>\n<\/div>\n\n\n\n<div class=\"wp-block-column\">\n<figure class=\"wp-block-image size-large\"><img loading=\"lazy\" width=\"436\" height=\"581\" src=\"http:\/\/revistacampus.uandes.cl\/2020\/wp-content\/uploads\/2020\/08\/Cuandolafe-Virgen.jpg\" alt=\"\" class=\"wp-image-3071\" srcset=\"https:\/\/revistacampus.uandes.cl\/2020\/wp-content\/uploads\/2020\/08\/Cuandolafe-Virgen.jpg 436w, https:\/\/revistacampus.uandes.cl\/2020\/wp-content\/uploads\/2020\/08\/Cuandolafe-Virgen-225x300.jpg 225w\" sizes=\"(max-width: 436px) 100vw, 436px\" \/><\/figure>\n\n\n\n<p><\/p>\n<\/div>\n<\/div>\n\n\n\n<p style=\"font-size:15px\">A mediados de mayo, <a rel=\"noreferrer noopener\" href=\"https:\/\/www.uandes.cl\/noticias\/imagen-de-la-virgen-de-fatima-visita-la-universidad-de-los-andes\/\" target=\"_blank\">la imagen peregrina de la Virgen de F\u00e1tima visit\u00f3 una Universidad vac\u00eda por la cuarentena<\/a>, pero fue recibida con una <strong>ceremonia celebrada en medio de la Plaza Central y transmitida por internet. Mons. Sergio Boetsch<\/strong>, vicario del <a href=\"https:\/\/opusdei.org\/es-cl\/section\/el-opus-dei-en-chile\/\" target=\"_blank\" rel=\"noreferrer noopener\">Opus Dei en Chile<\/a>, dirigi\u00f3 una oraci\u00f3n frente a la imagen, le pidi\u00f3 por el t\u00e9rmino de la pandemia y le encomend\u00f3 a su maternal auxilio y protecci\u00f3n nuestra Universidad y a las personas que la conforman. <\/p>\n\n\n\n<figure class=\"wp-block-embed-youtube aligncenter wp-block-embed is-type-video is-provider-youtube wp-embed-aspect-16-9 wp-has-aspect-ratio\"><div class=\"wp-block-embed__wrapper\">\n<iframe title=\"Visita de la Virgen de F\u00e1tima a la UANDES\" width=\"1080\" height=\"608\" src=\"https:\/\/www.youtube.com\/embed\/eobPYF3PPT8?start=1&#038;feature=oembed\" frameborder=\"0\" allow=\"accelerometer; autoplay; encrypted-media; gyroscope; picture-in-picture\" allowfullscreen><\/iframe>\n<\/div><\/figure>\n\n\n\n<p style=\"font-size:15px\">Motivados por las ense\u00f1anzas de san Josemar\u00eda Escriv\u00e1, fundador del <a rel=\"noreferrer noopener\" href=\"https:\/\/opusdei.org\/es-cl\/\" target=\"_blank\">Opus Dei<\/a> e inspirador de nuestra Universidad, y de su sucesor, el beato \u00c1lvaro del Portillo, <strong>acudimos en ayuda -material y espiritual- de los integrantes de nuestra comunidad m\u00e1s afectados por la pandemia<\/strong>. Bajo el lema <a rel=\"noreferrer noopener\" href=\"https:\/\/www.uandes.cl\/para-servir-servir\/\" target=\"_blank\">\u201cPara servir, servir\u201d<\/a>, hicimos llegar alimentos a las familias del personal externo y, unidos por la oraci\u00f3n, acompa\u00f1amos a los afectados por el coronavirus y al equipo de salud de nuestra cl\u00ednica universitaria (<a rel=\"noreferrer noopener\" href=\"https:\/\/www.uandes.cl\/noticias\/participa-en-esta-rifa-solidaria-y-ayudanos-a-alcanzar-la-meta\/\" target=\"_blank\">ver m\u00e1s<\/a>).<\/p>\n\n\n\n<figure class=\"wp-block-image size-large\"><a href=\"https:\/\/www.uandes.cl\/noticias\/participa-en-esta-rifa-solidaria-y-ayudanos-a-alcanzar-la-meta\/\" target=\"_blank\" rel=\"noopener noreferrer\"><img loading=\"lazy\" width=\"1024\" height=\"374\" src=\"http:\/\/revistacampus.uandes.cl\/2020\/wp-content\/uploads\/2020\/08\/Cuandolafe-ParaServir-1024x374.jpg\" alt=\"\" class=\"wp-image-3072\" srcset=\"https:\/\/revistacampus.uandes.cl\/2020\/wp-content\/uploads\/2020\/08\/Cuandolafe-ParaServir-1024x374.jpg 1024w, https:\/\/revistacampus.uandes.cl\/2020\/wp-content\/uploads\/2020\/08\/Cuandolafe-ParaServir-300x109.jpg 300w, https:\/\/revistacampus.uandes.cl\/2020\/wp-content\/uploads\/2020\/08\/Cuandolafe-ParaServir-768x280.jpg 768w, https:\/\/revistacampus.uandes.cl\/2020\/wp-content\/uploads\/2020\/08\/Cuandolafe-ParaServir-480x175.jpg 480w, https:\/\/revistacampus.uandes.cl\/2020\/wp-content\/uploads\/2020\/08\/Cuandolafe-ParaServir.jpg 1365w\" sizes=\"(max-width: 1024px) 100vw, 1024px\" \/><\/a><\/figure>\n\n\n\n<p class=\"has-text-align-center has-medium-font-size\"><a href=\"https:\/\/www.uandes.cl\/la-uandes\/capellania-universitaria\/\" target=\"_blank\" rel=\"noreferrer noopener\">capellania.uandes.cl<\/a><\/p>\n","protected":false},"excerpt":{"rendered":"<p>Con el acompa\u00f1amiento de Capellan\u00eda Universitaria para vivificar el esp\u00edritu cristiano, celebramos la primera Misa de Navidad en el campus, vivimos una Semana Santa online, consagramos nuestra casa de estudios a la Virgen de F\u00e1tima y acudimos en ayuda de los afectados por la crisis sanitaria.<\/p>\n","protected":false},"author":2,"featured_media":3070,"comment_status":"open","ping_status":"open","sticky":false,"template":"","format":"standard","meta":[],"categories":[44],"tags":[],"_links":{"self":[{"href":"https:\/\/revistacampus.uandes.cl\/2020\/wp-json\/wp\/v2\/posts\/3069"}],"collection":[{"href":"https:\/\/revistacampus.uandes.cl\/2020\/wp-json\/wp\/v2\/posts"}],"about":[{"href":"https:\/\/revistacampus.uandes.cl\/2020\/wp-json\/wp\/v2\/types\/post"}],"author":[{"embeddable":true,"href":"https:\/\/revistacampus.uandes.cl\/2020\/wp-json\/wp\/v2\/users\/2"}],"replies":[{"embeddable":true,"href":"https:\/\/revistacampus.uandes.cl\/2020\/wp-json\/wp\/v2\/comments?post=3069"}],"version-history":[{"count":14,"href":"https:\/\/revistacampus.uandes.cl\/2020\/wp-json\/wp\/v2\/posts\/3069\/revisions"}],"predecessor-version":[{"id":4475,"href":"https:\/\/revistacampus.uandes.cl\/2020\/wp-json\/wp\/v2\/posts\/3069\/revisions\/4475"}],"wp:featuredmedia":[{"embeddable":true,"href":"https:\/\/revistacampus.uandes.cl\/2020\/wp-json\/wp\/v2\/media\/3070"}],"wp:attachment":[{"href":"https:\/\/revistacampus.uandes.cl\/2020\/wp-json\/wp\/v2\/media?parent=3069"}],"wp:term":[{"taxonomy":"category","embeddable":true,"href":"https:\/\/revistacampus.uandes.cl\/2020\/wp-json\/wp\/v2\/categories?post=3069"},{"taxonomy":"post_tag","embeddable":true,"href":"https:\/\/revistacampus.uandes.cl\/2020\/wp-json\/wp\/v2\/tags?post=3069"}],"curies":[{"name":"wp","href":"https:\/\/api.w.org\/{rel}","templated":true}]}}