{"id":2983,"date":"2020-09-04T13:00:01","date_gmt":"2020-09-04T17:00:01","guid":{"rendered":"http:\/\/revistacampus.uandes.cl\/2020\/?p=2983"},"modified":"2020-09-07T13:12:14","modified_gmt":"2020-09-07T16:12:14","slug":"fundacion-uandes-una-nueva-oportunidad","status":"publish","type":"post","link":"https:\/\/revistacampus.uandes.cl\/2020\/fundacion-uandes-una-nueva-oportunidad\/","title":{"rendered":"<span class=\"subtitulo\">Fundaci\u00f3n UANDES <\/span> <br> Una nueva oportunidad"},"content":{"rendered":"\n<p><em><strong>La existencia de listas de espera en los hospitales p\u00fablicos obliga a muchas personas a esperar meses e incluso a\u00f1os por una cirug\u00eda que les mejore su salud y su calidad de vida. Con el prop\u00f3sito de ir en ayuda de esos hombres, mujeres y ni\u00f1os, en 2019 se cre\u00f3 la Fundaci\u00f3n de Beneficencia y Ayuda a la Salud UANDES, que en su primer a\u00f1o de actividad benefici\u00f3 a casi 300 pacientes de bajos recursos. A trav\u00e9s de convenios con diversos hospitales, se espera alcanzar las mil atenciones anuales en la Cl\u00ednica Universidad de los Andes.<\/strong><\/em><\/p>\n\n\n\n<div class=\"wp-block-columns\">\n<div class=\"wp-block-column\">\n<hr class=\"wp-block-separator has-text-color has-background is-style-wide\" style=\"background-color:#92c83e;color:#92c83e\"\/>\n<\/div>\n\n\n\n<div class=\"wp-block-column\"><\/div>\n\n\n\n<div class=\"wp-block-column\"><\/div>\n<\/div>\n\n\n\n<p><strong>Juana Dinamarca<\/strong> se acostaba y levantaba con dolor. Sufr\u00eda de una enfermedad a la cadera que no solo la oblig\u00f3 a dejar su apasionante trabajo como maestra de cocina, sino que la ten\u00eda sumida en una profunda depresi\u00f3n. Desde 2017 figuraba como primera prioridad en las listas de espera en hospitales, pero su turno nunca llegaba. Entonces, recibi\u00f3 una noticia \u201cca\u00edda del cielo\u201d. <\/p>\n\n\n\n<p>Ella es parte de los 264 pacientes que entre marzo de 2019 y 2020 pudieron ser intervenidos en la Cl\u00ednica Universidad de los Andes a trav\u00e9s de la <a rel=\"noreferrer noopener\" href=\"https:\/\/fuandes.cl\/\" target=\"_blank\">Fundaci\u00f3n de Beneficencia y Ayuda a la Salud UANDES<\/a>, una nueva organizaci\u00f3n sin fines de lucro que otorga oportunidades de atenci\u00f3n y resoluci\u00f3n quir\u00fargica a problemas de salud en personas con un alto nivel de vulnerabilidad y bajos ingresos. \u201cEstoy feliz y mi familia tambi\u00e9n. Ellos me han visto sufrir y siento que fue una bendici\u00f3n\u201d, cuenta ya en su etapa de recuperaci\u00f3n para volver a caminar bien y a trabajar.<\/p>\n\n\n\n<figure class=\"wp-block-embed-youtube wp-block-embed is-type-video is-provider-youtube wp-embed-aspect-4-3 wp-has-aspect-ratio\"><div class=\"wp-block-embed__wrapper\">\n<iframe title=\"Juana podr\u00e1 seguir trabajando gracias a cirug\u00eda de cadera\u200b\r - Fundaci\u00f3n UANDES\" width=\"1080\" height=\"810\" src=\"https:\/\/www.youtube.com\/embed\/U7tLd5dmA3E?feature=oembed\" frameborder=\"0\" allow=\"accelerometer; autoplay; encrypted-media; gyroscope; picture-in-picture\" allowfullscreen><\/iframe>\n<\/div><figcaption><em>Juana Dinamarca podr\u00e1 seguir trabajando gracias a la cirug\u00eda de cadera, que la sac\u00f3 de las listas de espera en hospitales<\/em>.<\/figcaption><\/figure>\n\n\n\n<div class=\"wp-block-columns\">\n<div class=\"wp-block-column\"><\/div>\n<\/div>\n\n\n\n<p>Para contribuir a mejorar la calidad de vida de quienes esperan largamente por una atenci\u00f3n quir\u00fargica, en 2018 se puso en marcha un plan de beneficencia que en su primera etapa se canaliz\u00f3 a trav\u00e9s de la Cl\u00ednica UANDES, hasta que se <a rel=\"noreferrer noopener\" href=\"https:\/\/www.clinicauandes.cl\/responsabilidad-social\/fundacion-uandes\" target=\"_blank\">cre\u00f3 esta fundaci\u00f3n en 2019<\/a>. <\/p>\n\n\n\n<p>Gracias a un <a rel=\"noreferrer noopener\" href=\"https:\/\/youtu.be\/5-cKbAzTDl0\" target=\"_blank\">convenio con diferentes centros de salud p\u00fablica<\/a>, entre ellos los hospitales <a rel=\"noreferrer noopener\" href=\"https:\/\/www.hospitalsoterodelrio.cl\/web\/hospital-sotero-del-rio-firma-convenio-con-fundacion-uandes-para-realizacion-de-cirugias-de-alta-complejidad\/\" target=\"_blank\">S\u00f3tero del R\u00edo<\/a>, Regional de Rancagua, F\u00e9lix Bulnes, San Jos\u00e9, Barros Luco, El Carmen de Maip\u00fa, el Centro de Salud San Bernardo y la Fundaci\u00f3n Orema, se espera extender a\u00fan m\u00e1s este beneficio con el fin de derivar a cerca de 1.000 pacientes al a\u00f1o para ser atendidos en la <a rel=\"noreferrer noopener\" href=\"https:\/\/www.clinicauandes.cl\/\" target=\"_blank\">Cl\u00ednica UANDES<\/a>. \u201cEsta cooperaci\u00f3n entre el \u00e1mbito p\u00fablico y privado constituye una soluci\u00f3n concreta que ayuda a mitigar un problema pa\u00eds\u201d, destaca <strong>Joaqu\u00edn Izc\u00fae<\/strong>, presidente de la Fundaci\u00f3n. <\/p>\n\n\n\n<div class=\"wp-block-columns\">\n<div class=\"wp-block-column\">\n<figure class=\"wp-block-image size-large is-resized\"><img loading=\"lazy\" src=\"http:\/\/revistacampus.uandes.cl\/2020\/wp-content\/uploads\/2020\/08\/logo-citas.png\" alt=\"\" class=\"wp-image-3021\" width=\"87\" height=\"69\"\/><\/figure>\n<\/div>\n\n\n\n<div class=\"wp-block-column\"><\/div>\n\n\n\n<div class=\"wp-block-column\"><\/div>\n<\/div>\n\n\n\n<p class=\"has-text-color has-medium-font-size\" style=\"color:#92c83e\"><em><strong>&#8220;Estamos muy esperanzados en seguir creciendo para llegar a m\u00e1s pacientes y ser una contribuci\u00f3n al pa\u00eds\u201d.<\/strong><\/em><\/p>\n\n\n\n<p>Junto con aportar en la disminuci\u00f3n de las listas de espera, la fundaci\u00f3n tambi\u00e9n recibe a pacientes que necesitan intervenciones que no est\u00e1n disponibles en la red p\u00fablica, como son las cirug\u00edas intrauterinas. Esta oportunidad cambi\u00f3 la vida de <strong>Carolina Henr\u00edquez<\/strong> y su hijo. \u201cNosotros somos de la VIII Regi\u00f3n, donde no existen especialistas que puedan tratar los problemas de espina b\u00edfida, y menos por cirug\u00eda intrauterina. El programa de beneficencia ha sido un tremendo regalo\u201d, dice. <\/p>\n\n\n\n<figure class=\"wp-block-embed-youtube wp-block-embed is-type-video is-provider-youtube wp-embed-aspect-4-3 wp-has-aspect-ratio\"><div class=\"wp-block-embed__wrapper\">\n<iframe title=\"Cirug\u00eda intrauterina le cambi\u00f3 la vida a Carolina y a su familia\" width=\"1080\" height=\"810\" src=\"https:\/\/www.youtube.com\/embed\/LqXfv9AGNRQ?feature=oembed\" frameborder=\"0\" allow=\"accelerometer; autoplay; encrypted-media; gyroscope; picture-in-picture\" allowfullscreen><\/iframe>\n<\/div><figcaption><em>La cirug\u00eda intrauterina, para corregir la espina b\u00edfida de su hijo en gestaci\u00f3n, les cambi\u00f3 la vida a Carolina Henr\u00edquez y a su familia<\/em>.<\/figcaption><\/figure>\n\n\n\n<div class=\"wp-block-columns\">\n<div class=\"wp-block-column\"><\/div>\n\n\n\n<div class=\"wp-block-column\"><\/div>\n<\/div>\n\n\n\n<p>Otras de las cirug\u00edas realizadas son traumatol\u00f3gicas, cardiol\u00f3gicas, ginecol\u00f3gicas, de t\u00f3rax, digestivas, pedi\u00e1tricas, neurol\u00f3gicas, urol\u00f3gicas, reconstructivas y maxilofaciales. Para atender a pacientes vulnerables que requieran de esta \u00faltima prestaci\u00f3n, tambi\u00e9n se firm\u00f3 un convenio entre la Cl\u00ednica, que realiza las operaciones, y el <a href=\"https:\/\/saluduandes.cl\/\" target=\"_blank\" rel=\"noreferrer noopener\">Centro de Salud UANDES de San Bernardo<\/a>, donde se maneja el pre y posoperatorio. <\/p>\n\n\n\n<p>\u201cUna oportunidad como esta permite mejorar la calidad de vida y su integraci\u00f3n, para que puedan desarrollar plenamente su rol en la familia y en la sociedad. Adem\u00e1s de aportar en su salud, los pacientes valoran el cari\u00f1o con que son tratados en la Cl\u00ednica\u201d, comenta <strong>Mar\u00eda Elvira Lermanda<\/strong>, gerente de la fundaci\u00f3n. Todo esto ha sido posible, subraya <strong>Joaqu\u00edn Izc\u00fae<\/strong>, gracias a la contribuci\u00f3n de \u201cnuestros donantes, de los m\u00e9dicos y personal de la Cl\u00ednica, quienes aportan con su trabajo profesional y el trabajo conjunto con los hospitales p\u00fablicos. Estamos muy esperanzados en seguir creciendo para llegar a m\u00e1s pacientes y ser una contribuci\u00f3n al pa\u00eds\u201d.<\/p>\n\n\n\n<figure class=\"wp-block-image size-large\"><img loading=\"lazy\" width=\"873\" height=\"582\" src=\"http:\/\/revistacampus.uandes.cl\/2020\/wp-content\/uploads\/2020\/08\/Fundaci\u00f3n-UANDES-Mar\u00eda-Elvira.jpg\" alt=\"\" class=\"wp-image-2990\" srcset=\"https:\/\/revistacampus.uandes.cl\/2020\/wp-content\/uploads\/2020\/08\/Fundaci\u00f3n-UANDES-Mar\u00eda-Elvira.jpg 873w, https:\/\/revistacampus.uandes.cl\/2020\/wp-content\/uploads\/2020\/08\/Fundaci\u00f3n-UANDES-Mar\u00eda-Elvira-300x200.jpg 300w, https:\/\/revistacampus.uandes.cl\/2020\/wp-content\/uploads\/2020\/08\/Fundaci\u00f3n-UANDES-Mar\u00eda-Elvira-768x512.jpg 768w, https:\/\/revistacampus.uandes.cl\/2020\/wp-content\/uploads\/2020\/08\/Fundaci\u00f3n-UANDES-Mar\u00eda-Elvira-720x480.jpg 720w, https:\/\/revistacampus.uandes.cl\/2020\/wp-content\/uploads\/2020\/08\/Fundaci\u00f3n-UANDES-Mar\u00eda-Elvira-480x320.jpg 480w\" sizes=\"(max-width: 873px) 100vw, 873px\" \/><\/figure>\n\n\n\n<p class=\"has-text-align-center has-small-font-size\"><em>Mar\u00eda Elvira Lermanda, gerente de la Fundaci\u00f3n UANDES; las directoras de la instituci\u00f3n de beneficencia Pilar H\u00fcbner y Patricia Alessandri y su presidente, Joaqu\u00edn Izc\u00fae.<\/em><\/p>\n\n\n\n<p class=\"has-text-align-center has-text-color has-medium-font-size\" style=\"color:#92c83e\"><a href=\"mailto:donaciones@fuandes.cl\"><strong>donaciones@fuandes.cl<\/strong><\/a><\/p>\n\n\n\n<div class=\"wp-block-columns\">\n<div class=\"wp-block-column\"><\/div>\n\n\n\n<div class=\"wp-block-column\"><\/div>\n<\/div>\n\n\n\n<div class=\"wp-block-columns\">\n<div class=\"wp-block-column\"><\/div>\n\n\n\n<div class=\"wp-block-column\"><\/div>\n<\/div>\n\n\n\n<div class=\"wp-block-columns\">\n<div class=\"wp-block-column\"><\/div>\n\n\n\n<div class=\"wp-block-column\"><\/div>\n<\/div>\n","protected":false},"excerpt":{"rendered":"<p>La existencia de listas de espera en los hospitales p\u00fablicos obliga a muchas personas a esperar meses e incluso a\u00f1os por una cirug\u00eda que les mejore su salud y su calidad de vida. Con el prop\u00f3sito de ir en ayuda de esos hombres, mujeres y ni\u00f1os, en 2019 se cre\u00f3 la Fundaci\u00f3n de Beneficencia y Ayuda a la Salud UANDES, que en su primer a\u00f1o de actividad benefici\u00f3 a casi 300 pacientes de bajos recursos. A trav\u00e9s de convenios con diversos hospitales, se espera alcanzar las mil atenciones anuales en la Cl\u00ednica Universidad de los Andes.<\/p>\n","protected":false},"author":2,"featured_media":3971,"comment_status":"open","ping_status":"open","sticky":false,"template":"","format":"standard","meta":[],"categories":[43],"tags":[],"_links":{"self":[{"href":"https:\/\/revistacampus.uandes.cl\/2020\/wp-json\/wp\/v2\/posts\/2983"}],"collection":[{"href":"https:\/\/revistacampus.uandes.cl\/2020\/wp-json\/wp\/v2\/posts"}],"about":[{"href":"https:\/\/revistacampus.uandes.cl\/2020\/wp-json\/wp\/v2\/types\/post"}],"author":[{"embeddable":true,"href":"https:\/\/revistacampus.uandes.cl\/2020\/wp-json\/wp\/v2\/users\/2"}],"replies":[{"embeddable":true,"href":"https:\/\/revistacampus.uandes.cl\/2020\/wp-json\/wp\/v2\/comments?post=2983"}],"version-history":[{"count":25,"href":"https:\/\/revistacampus.uandes.cl\/2020\/wp-json\/wp\/v2\/posts\/2983\/revisions"}],"predecessor-version":[{"id":4447,"href":"https:\/\/revistacampus.uandes.cl\/2020\/wp-json\/wp\/v2\/posts\/2983\/revisions\/4447"}],"wp:featuredmedia":[{"embeddable":true,"href":"https:\/\/revistacampus.uandes.cl\/2020\/wp-json\/wp\/v2\/media\/3971"}],"wp:attachment":[{"href":"https:\/\/revistacampus.uandes.cl\/2020\/wp-json\/wp\/v2\/media?parent=2983"}],"wp:term":[{"taxonomy":"category","embeddable":true,"href":"https:\/\/revistacampus.uandes.cl\/2020\/wp-json\/wp\/v2\/categories?post=2983"},{"taxonomy":"post_tag","embeddable":true,"href":"https:\/\/revistacampus.uandes.cl\/2020\/wp-json\/wp\/v2\/tags?post=2983"}],"curies":[{"name":"wp","href":"https:\/\/api.w.org\/{rel}","templated":true}]}}