{"id":2960,"date":"2020-07-26T11:13:01","date_gmt":"2020-07-26T15:13:01","guid":{"rendered":"http:\/\/revistacampus.uandes.cl\/2020\/?p=2960"},"modified":"2020-09-08T09:54:16","modified_gmt":"2020-09-08T12:54:16","slug":"envejecimiento-y-coronavirusla-relevancia-del-apoyo-familiar","status":"publish","type":"post","link":"https:\/\/revistacampus.uandes.cl\/2020\/envejecimiento-y-coronavirusla-relevancia-del-apoyo-familiar\/","title":{"rendered":"Envejecimiento y coronavirus<br><span class=\"subtitulo\">La relevancia del apoyo familiar<\/span>"},"content":{"rendered":"\n<p><em><strong>Expertos del Centro Integral para el Envejecimiento Feliz (CIEF) explican que el acompa\u00f1amiento a los adultos mayores, durante las cuarentenas que han afectado al pa\u00eds, es fundamental para evitar el aislamiento social.<\/strong><\/em><\/p>\n\n\n\n<div class=\"wp-block-columns\">\n<div class=\"wp-block-column\"><\/div>\n\n\n\n<div class=\"wp-block-column\">\n<hr class=\"wp-block-separator has-text-color has-background is-style-wide\" style=\"background-color:#f58220;color:#f58220\"\/>\n<\/div>\n\n\n\n<div class=\"wp-block-column\"><\/div>\n<\/div>\n\n\n\n<p>La aparici\u00f3n del <strong>coronavirus Covid-19<\/strong> ha afectado a toda la poblaci\u00f3n, pero de manera directa a las personas mayores. En Chile, de acuerdo a datos del <a rel=\"noreferrer noopener\" href=\"https:\/\/www.minsal.cl\/\" target=\"_blank\">Ministerio de Salud<\/a>, 15,3% de los contagiados tienen 60 a\u00f1os o m\u00e1s, sin embargo, representan el 83% de los fallecimientos asociados a la enfermedad. <\/p>\n\n\n\n<p>De acuerdo a la <a href=\"https:\/\/www.minsal.cl\/wp-content\/uploads\/2017\/11\/ENS-2016-17_PRIMEROS-RESULTADOS.pdf\" target=\"_blank\" rel=\"noreferrer noopener\">Encuesta Nacional de Salud (ENS 2016)<\/a>, en nuestro pa\u00eds el 74,6% de las personas mayores tiene dos o m\u00e1s enfermedades y el 56% consume tres o m\u00e1s medicamentos al d\u00eda. Para proteger a este grupo de la poblaci\u00f3n se establecieron estrictas medidas de aislamiento social, sin embargo, estas han tenido efectos negativos en materia de salud mental, angustia y soledad.<\/p>\n\n\n\n<div class=\"wp-block-image\"><figure class=\"aligncenter size-large\"><img loading=\"lazy\" width=\"1024\" height=\"470\" src=\"http:\/\/revistacampus.uandes.cl\/2020\/wp-content\/uploads\/2020\/07\/embajadoresdelafelicidad-1024x470.png\" alt=\"\" class=\"wp-image-3627\" srcset=\"https:\/\/revistacampus.uandes.cl\/2020\/wp-content\/uploads\/2020\/07\/embajadoresdelafelicidad-1024x470.png 1024w, https:\/\/revistacampus.uandes.cl\/2020\/wp-content\/uploads\/2020\/07\/embajadoresdelafelicidad-300x138.png 300w, https:\/\/revistacampus.uandes.cl\/2020\/wp-content\/uploads\/2020\/07\/embajadoresdelafelicidad-768x353.png 768w, https:\/\/revistacampus.uandes.cl\/2020\/wp-content\/uploads\/2020\/07\/embajadoresdelafelicidad-1536x706.png 1536w, https:\/\/revistacampus.uandes.cl\/2020\/wp-content\/uploads\/2020\/07\/embajadoresdelafelicidad-480x220.png 480w, https:\/\/revistacampus.uandes.cl\/2020\/wp-content\/uploads\/2020\/07\/embajadoresdelafelicidad.png 1807w\" sizes=\"(max-width: 1024px) 100vw, 1024px\" \/><figcaption><em>Los \u201cE<a href=\"https:\/\/www.uandes.cl\/noticias\/35-adultos-mayores-se-graduan-deembajadores-de-la-felicidad\/\" target=\"_blank\" rel=\"noreferrer noopener\">mbajadores de la felicidad<\/a>\u201d, formados por el CIEF, <a href=\"https:\/\/www.uandes.cl\/noticias\/cief-celebra-a-los-adultos-mayores-en-su-dia-en-el-campus\/\" target=\"_blank\" rel=\"noreferrer noopener\">celebraron el d\u00eda del adulto mayor<\/a> en el campus UANDES. \u201cTenemos mucho que entregar, no somos adultos mayores, sino que adultos mejores\u201d, agradeci\u00f3 el embajador Alejandro Escobar.<\/em><\/figcaption><\/figure><\/div>\n\n\n\n<p>La evidencia cient\u00edfica demuestra que hay una relaci\u00f3n estrecha entre los estados emocionales y el sistema inmunol\u00f3gico, de modo que la falta de contacto social o el aislamiento provocan una inhibici\u00f3n de los genes encargados de la respuesta ante amenazas virales. <a href=\"https:\/\/www.uandes.cl\/personas\/maria-teresa-valenzuela-b\/\" target=\"_blank\" rel=\"noreferrer noopener\">Mar\u00eda Teresa Valenzuela<\/a>, directora del <a href=\"http:\/\/www.uandes.cl\/cief\/\">Centro Integral para el Envejecimiento Feliz UANDES (CIEF)<\/a>, manifiesta que \u201cse deben generar instancias de acompa\u00f1amiento que impidan que el distanciamiento f\u00edsico se vuelva aislamiento social\u201d.<\/p>\n\n\n\n<p>El <strong>Dr. Andr\u00e9s Glasinovic<\/strong>, especialista en Medicina Familiar, acad\u00e9mico de la <a href=\"https:\/\/www.uandes.cl\/carrera\/medicina\/\" target=\"_blank\" rel=\"noreferrer noopener\">Escuela de Medicina<\/a> e integrante del CIEF, explica que las personas mayores han sido especialmente vulnerables ante esta contingencia, porque a medida que envejecen, experimentan la inmunosenescencia, es decir, el deterioro gradual del sistema inmune, que les impide defenderse de las infecciones. Esto, sumado a las medidas de aislamiento social, ha tenido efectos negativos en los mayores, por lo que es muy importante el rol que juegan las familias en el apoyo que se les debe brindar.<\/p>\n\n\n\n<div class=\"wp-block-columns\">\n<div class=\"wp-block-column\">\n<div class=\"wp-block-image is-style-default\"><figure class=\"aligncenter size-large\"><img loading=\"lazy\" width=\"873\" height=\"582\" src=\"http:\/\/revistacampus.uandes.cl\/2020\/wp-content\/uploads\/2020\/08\/Envejecimiento-Coronavirus-Valent\u00edn-Trujillo.jpg\" alt=\"\" class=\"wp-image-2963\" srcset=\"https:\/\/revistacampus.uandes.cl\/2020\/wp-content\/uploads\/2020\/08\/Envejecimiento-Coronavirus-Valent\u00edn-Trujillo.jpg 873w, https:\/\/revistacampus.uandes.cl\/2020\/wp-content\/uploads\/2020\/08\/Envejecimiento-Coronavirus-Valent\u00edn-Trujillo-300x200.jpg 300w, https:\/\/revistacampus.uandes.cl\/2020\/wp-content\/uploads\/2020\/08\/Envejecimiento-Coronavirus-Valent\u00edn-Trujillo-768x512.jpg 768w, https:\/\/revistacampus.uandes.cl\/2020\/wp-content\/uploads\/2020\/08\/Envejecimiento-Coronavirus-Valent\u00edn-Trujillo-720x480.jpg 720w, https:\/\/revistacampus.uandes.cl\/2020\/wp-content\/uploads\/2020\/08\/Envejecimiento-Coronavirus-Valent\u00edn-Trujillo-480x320.jpg 480w\" sizes=\"(max-width: 873px) 100vw, 873px\" \/><\/figure><\/div>\n\n\n\n<p><\/p>\n<\/div>\n\n\n\n<div class=\"wp-block-column\">\n<p><\/p>\n\n\n\n<p class=\"has-small-font-size\"><em>El m\u00fasico <strong>Valent\u00edn Trujillo <\/strong>comparti\u00f3 su testimonio en el <a href=\"https:\/\/www.uandes.cl\/noticias\/envejecimiento-activo-y-saludable-el-desafio-de-la-region-y-de-nuestro-pais\/\">seminario sobre Innovaci\u00f3n Social y Tecnol\u00f3gica<\/a>, realizado en la UANDES, con la participaci\u00f3n del<strong> Dr. Mario Cruz Pe\u00f1ate<\/strong>, asesor de la<a rel=\"noreferrer noopener\" href=\"https:\/\/www.paho.org\/chi\/index.php?option=com_content&amp;view=article&amp;id=25:acerca-ops-chile&amp;Itemid=122\" target=\"_blank\"> Organizaci\u00f3n Panamericana y Mundial de la Salud en Chile<\/a>, y <strong>David Humphreys<\/strong>, director de Pol\u00edticas de Salud de<a rel=\"noreferrer noopener\" href=\"http:\/\/www.eiu.com\/industry\/Healthcare\" target=\"_blank\"> The Economist Intelligence Unit Healthcare<\/a>.<\/em><\/p>\n<\/div>\n<\/div>\n\n\n\n<p><strong>Pilar Ureta<\/strong>, enfermera, acad\u00e9mica de la <a href=\"https:\/\/www.uandes.cl\/carrera\/enfermeria\/\" target=\"_blank\" rel=\"noreferrer noopener\">Escuela de Enfermer\u00eda<\/a> e integrante del CIEF, se\u00f1ala que \u201csi bien todos sufrimos las consecuencias de estar encerrados, contamos con conocimientos que pueden ayudarnos a hacer nuestra vida m\u00e1s f\u00e1cil. Pero no todas las personas mayores cuentan con los implementos y conocimientos tecnol\u00f3gicos para abastecerse y mantenerse conectados con sus familias, por lo que tanto estas como los vecinos deben ser conscientes de esta problem\u00e1tica y gestionar un plan de atenci\u00f3n, acompa\u00f1amiento y abastecimiento\u201d.<\/p>\n\n\n\n<hr class=\"wp-block-separator has-text-color has-background is-style-default\" style=\"background-color:#f58220;color:#f58220\"\/>\n\n\n\n<figure class=\"wp-block-image size-large\"><img loading=\"lazy\" width=\"873\" height=\"582\" src=\"http:\/\/revistacampus.uandes.cl\/2020\/wp-content\/uploads\/2020\/08\/Envejecimiento-Coronavirus-Dra-Mar\u00eda-Teresa.jpg\" alt=\"\" class=\"wp-image-2980\" srcset=\"https:\/\/revistacampus.uandes.cl\/2020\/wp-content\/uploads\/2020\/08\/Envejecimiento-Coronavirus-Dra-Mar\u00eda-Teresa.jpg 873w, https:\/\/revistacampus.uandes.cl\/2020\/wp-content\/uploads\/2020\/08\/Envejecimiento-Coronavirus-Dra-Mar\u00eda-Teresa-300x200.jpg 300w, https:\/\/revistacampus.uandes.cl\/2020\/wp-content\/uploads\/2020\/08\/Envejecimiento-Coronavirus-Dra-Mar\u00eda-Teresa-768x512.jpg 768w, https:\/\/revistacampus.uandes.cl\/2020\/wp-content\/uploads\/2020\/08\/Envejecimiento-Coronavirus-Dra-Mar\u00eda-Teresa-720x480.jpg 720w, https:\/\/revistacampus.uandes.cl\/2020\/wp-content\/uploads\/2020\/08\/Envejecimiento-Coronavirus-Dra-Mar\u00eda-Teresa-480x320.jpg 480w\" sizes=\"(max-width: 873px) 100vw, 873px\" \/><figcaption>La <strong>Dra. Mar\u00eda Teresa Valenzuela<\/strong>, directora del CIEF, particip\u00f3 en la intervenci\u00f3n multidimensional realizada en Puente Alto.<\/figcaption><\/figure>\n\n\n\n<h3 class=\"has-text-color\" style=\"color:#f58220\"><em>Investigaci\u00f3n CIEF en Puente Alto<\/em><\/h3>\n\n\n\n<p>Durante 2018 y 2019 el CIEF, integrado por un equipo interdisciplinario de profesionales de las distintas \u00e1reas de la salud, ingenier\u00eda, derecho, humanidades y transporte, <strong>realiz\u00f3 una intervenci\u00f3n multidimensional y mediciones posteriores<\/strong> en los Centros Diurnos del Adulto Mayor de la Municipalidad de Puente Alto. Entre sus principales conclusiones, luego de uno y cinco meses de evaluaci\u00f3n a 322 personas, destacan la mejor\u00eda de la funcionalidad, de la fuerza muscular y balance postural; mejor calidad de vida, reducci\u00f3n del riesgo de depresi\u00f3n y mejor\u00eda general en pruebas kin\u00e9sicas.<\/p>\n\n\n\n<p>La <strong>experiencia adquirida dio origen al Manual CIEF<\/strong>, documento que da a conocer un modelo interdisciplinario de atenci\u00f3n para personas mayores en centros diurnos y que busca ser replicable a nivel nacional para fortalecer su calidad de vida y bienestar, y que fue lanzado en enero de 2020 durante el <a href=\"https:\/\/www.uandes.cl\/noticias\/envejecimiento-activo-y-saludable-el-desafio-de-la-region-y-de-nuestro-pais\/\" target=\"_blank\" rel=\"noreferrer noopener\">Simposio Internacional \u201cInnovaci\u00f3n Social y Tecnol\u00f3gica orientadas al Envejecimiento\u201d<\/a>.<\/p>\n\n\n\n<hr class=\"wp-block-separator is-style-default\"\/>\n","protected":false},"excerpt":{"rendered":"<p>Expertos del Centro Integral para el Envejecimiento Feliz (CIEF) explican que el acompa\u00f1amiento a los adultos mayores, durante las cuarentenas que han afectado al pa\u00eds, es fundamental para evitar el aislamiento social.<\/p>\n","protected":false},"author":2,"featured_media":2961,"comment_status":"open","ping_status":"open","sticky":false,"template":"","format":"standard","meta":[],"categories":[42],"tags":[],"_links":{"self":[{"href":"https:\/\/revistacampus.uandes.cl\/2020\/wp-json\/wp\/v2\/posts\/2960"}],"collection":[{"href":"https:\/\/revistacampus.uandes.cl\/2020\/wp-json\/wp\/v2\/posts"}],"about":[{"href":"https:\/\/revistacampus.uandes.cl\/2020\/wp-json\/wp\/v2\/types\/post"}],"author":[{"embeddable":true,"href":"https:\/\/revistacampus.uandes.cl\/2020\/wp-json\/wp\/v2\/users\/2"}],"replies":[{"embeddable":true,"href":"https:\/\/revistacampus.uandes.cl\/2020\/wp-json\/wp\/v2\/comments?post=2960"}],"version-history":[{"count":34,"href":"https:\/\/revistacampus.uandes.cl\/2020\/wp-json\/wp\/v2\/posts\/2960\/revisions"}],"predecessor-version":[{"id":4442,"href":"https:\/\/revistacampus.uandes.cl\/2020\/wp-json\/wp\/v2\/posts\/2960\/revisions\/4442"}],"wp:featuredmedia":[{"embeddable":true,"href":"https:\/\/revistacampus.uandes.cl\/2020\/wp-json\/wp\/v2\/media\/2961"}],"wp:attachment":[{"href":"https:\/\/revistacampus.uandes.cl\/2020\/wp-json\/wp\/v2\/media?parent=2960"}],"wp:term":[{"taxonomy":"category","embeddable":true,"href":"https:\/\/revistacampus.uandes.cl\/2020\/wp-json\/wp\/v2\/categories?post=2960"},{"taxonomy":"post_tag","embeddable":true,"href":"https:\/\/revistacampus.uandes.cl\/2020\/wp-json\/wp\/v2\/tags?post=2960"}],"curies":[{"name":"wp","href":"https:\/\/api.w.org\/{rel}","templated":true}]}}