{"id":2912,"date":"2020-07-25T16:51:52","date_gmt":"2020-07-25T20:51:52","guid":{"rendered":"http:\/\/revistacampus.uandes.cl\/2020\/?p=2912"},"modified":"2020-09-07T22:50:59","modified_gmt":"2020-09-08T01:50:59","slug":"desarrollo-sostenible-y-familia","status":"publish","type":"post","link":"https:\/\/revistacampus.uandes.cl\/2020\/desarrollo-sostenible-y-familia\/","title":{"rendered":"Desarrollo Sostenible y Familia"},"content":{"rendered":"\n<p><em><strong>En este seminario internacional se presentaron y analizaron diferentes estudios, como el Proyecto Global de Investigaci\u00f3n 2018 de UNICEF y un estudio sobre familia y equidad de g\u00e9nero en Chile y Latinoam\u00e9rica.<\/strong><\/em><\/p>\n\n\n\n<p style=\"font-size:15px\">\u00bfQu\u00e9 papel juegan las familias y las pol\u00edticas familiares para el cumplimiento de los Objetivos de Desarrollo Sostenible, propuestos por la <a rel=\"noreferrer noopener\" href=\"https:\/\/www.un.org\/es\/\" target=\"_blank\">ONU<\/a>, para poner fin a la pobreza, proteger el planeta y garantizar que las personas gocen de paz y prosperidad para 2030? Esta fue la pregunta que abord\u00f3 el <strong><a rel=\"noreferrer noopener\" href=\"https:\/\/www.uandes.cl\/noticias\/onu-unicef-uandes-familia-clave-desarrollo-sostenible\/\" target=\"_blank\">seminario internacional \u201cDesarrollo Sostenible y Familia\u201d<\/a><\/strong>, organizado por el <a href=\"https:\/\/www.uandes.cl\/icf\/\">Instituto de Ciencias de la Familia (ICF) <\/a>y la <em><a rel=\"noreferrer noopener\" href=\"http:\/\/iffd.org\/\" target=\"_blank\">International Federation for Family Development<\/a><\/em> (IFFD), en 2019.<\/p>\n\n\n\n<p style=\"font-size:15px\">\u201cSi los esfuerzos de los Estados se focalizan en <strong>apoyar a las familias, se produce un c\u00edrculo virtuoso con el que se disminuyen desigualdades, se crece en corresponsabilidad parental y se reducen brechas de g\u00e9nero<\/strong>\u201d, asegur\u00f3 entonces el director de Relaciones Internacionales de <a rel=\"noreferrer noopener\" href=\"http:\/\/iffd.org\/\" target=\"_blank\">IFFD<\/a>, <strong>Ignacio Soc\u00edas<\/strong>. Y si bien a\u00fan es posible profundizar en el tema, el investigador de <a rel=\"noreferrer noopener\" href=\"https:\/\/www.unicef.org\/es\" target=\"_blank\">UNICEF<\/a>, <strong>Dominic Richardson<\/strong>, agreg\u00f3 que \u201cexiste evidencia que avala la <strong>efectividad del enfoque de familia en las pol\u00edticas p\u00fablicas<\/strong>\u201d, al presentar los resultados de un estudio realizado por este organismo internacional.<\/p>\n\n\n\n<div class=\"wp-block-columns\">\n<div class=\"wp-block-column\" style=\"flex-basis:66.66%\">\n<figure class=\"wp-block-image size-large\"><img loading=\"lazy\" width=\"873\" height=\"582\" src=\"http:\/\/revistacampus.uandes.cl\/2020\/wp-content\/uploads\/2020\/08\/Desarrollo-S-img2.jpg\" alt=\"\" class=\"wp-image-2928\" srcset=\"https:\/\/revistacampus.uandes.cl\/2020\/wp-content\/uploads\/2020\/08\/Desarrollo-S-img2.jpg 873w, https:\/\/revistacampus.uandes.cl\/2020\/wp-content\/uploads\/2020\/08\/Desarrollo-S-img2-300x200.jpg 300w, https:\/\/revistacampus.uandes.cl\/2020\/wp-content\/uploads\/2020\/08\/Desarrollo-S-img2-768x512.jpg 768w, https:\/\/revistacampus.uandes.cl\/2020\/wp-content\/uploads\/2020\/08\/Desarrollo-S-img2-720x480.jpg 720w, https:\/\/revistacampus.uandes.cl\/2020\/wp-content\/uploads\/2020\/08\/Desarrollo-S-img2-480x320.jpg 480w\" sizes=\"(max-width: 873px) 100vw, 873px\" \/><\/figure>\n\n\n\n<p><\/p>\n<\/div>\n\n\n\n<div class=\"wp-block-column\" style=\"flex-basis:33.33%\">\n<p class=\"has-small-font-size\"><em>En el seminario expusieron la directora del Programa de Familia de la ONU, Renata Kaczmarska; el director de Relaciones Internacionales de IFFD, Ignacio Soc\u00edas, y el jefe del \u00e1rea de Pol\u00edtica Social y Econ\u00f3mica del Centro de Investigaciones de UNICEF, Dominic Richardson.<\/em><\/p>\n<\/div>\n<\/div>\n\n\n\n<p style=\"font-size:15px\">\u201cLa inclusi\u00f3n social de todos los integrantes de la sociedad, en particular de los menores, las personas en situaci\u00f3n de discapacidad y la tercera edad, depende en gran medida de que las familias puedan cumplir su funci\u00f3n\u201d, complement\u00f3 la directora del Programa de Familia de la <a rel=\"noreferrer noopener\" href=\"https:\/\/www.un.org\/es\/\" target=\"_blank\">ONU<\/a>, <strong>Renata Kaczmarska<\/strong>. Porque \u201cninguna pol\u00edtica p\u00fablica podr\u00e1 reemplazar el rol que cumple la familia\u201d, concluy\u00f3 la subsecretaria de la Ni\u00f1ez, Carol Bown, al cierre del seminario, donde la acad\u00e9mica del <a href=\"https:\/\/www.uandes.cl\/icf\/\">ICF<\/a><strong><a href=\"https:\/\/www.uandes.cl\/icf\/\"> <\/a>Javiera Reyes<\/strong> <strong>present\u00f3 los resultados de un estudio sobre familia y equidad de g\u00e9nero en Chile y Latinoam\u00e9rica.<\/strong><\/p>\n\n\n\n<p style=\"font-size:15px\">Ellos participaron, adem\u00e1s, en un segundo encuentro para profundizar sobre <strong>\u201c<a rel=\"noreferrer noopener\" href=\"https:\/\/www.uandes.cl\/noticias\/equidad-de-genero-y-familia-como-seguir-avanzado-hacia-un-desarrollo-sostenible\/\" target=\"_blank\">Equidad de g\u00e9nero y familia: \u00bfC\u00f3mo seguir avanzando hacia un desarrollo sostenible?<\/a>\u201d<\/strong>, que cont\u00f3 con la presencia de <strong>Mar\u00eda Jos\u00e9 Abud<\/strong>, jefa de la Divisi\u00f3n de Estudios del <strong>Ministerio de la Mujer<\/strong>, y <strong>Mar\u00eda Jos\u00e9 Castro<\/strong>, subsecretaria de Educaci\u00f3n Parvularia, junto a acad\u00e9micos y representantes de la sociedad civil, para estudiar <strong>medidas que favorezcan el desarrollo equitativo de hombres y mujeres en la sociedad<\/strong>.<\/p>\n\n\n\n<div class=\"wp-block-columns\">\n<div class=\"wp-block-column\" style=\"flex-basis:33.33%\"><\/div>\n\n\n\n<div class=\"wp-block-column\" style=\"flex-basis:66.66%\"><\/div>\n<\/div>\n\n\n\n<div class=\"wp-block-columns\">\n<div class=\"wp-block-column\"><\/div>\n\n\n\n<div class=\"wp-block-column\"><\/div>\n<\/div>\n\n\n\n<div class=\"wp-block-columns\">\n<div class=\"wp-block-column\" style=\"flex-basis:33.33%\">\n<p class=\"has-text-align-right has-small-font-size\"><em>En 2019, especialistas extranjeros, autoridades nacionales de gobierno, acad\u00e9micos y representantes de la sociedad civil analizaron por qu\u00e9 las familias son un agente clave para alcanzar la equidad de g\u00e9nero y empoderar a las ni\u00f1as y mujeres.<\/em><\/p>\n<\/div>\n\n\n\n<div class=\"wp-block-column\" style=\"flex-basis:66.66%\">\n<figure class=\"wp-block-image size-large\"><img loading=\"lazy\" width=\"873\" height=\"582\" src=\"http:\/\/revistacampus.uandes.cl\/2020\/wp-content\/uploads\/2020\/08\/Desarrollo-S-img1.jpg\" alt=\"\" class=\"wp-image-2922\" srcset=\"https:\/\/revistacampus.uandes.cl\/2020\/wp-content\/uploads\/2020\/08\/Desarrollo-S-img1.jpg 873w, https:\/\/revistacampus.uandes.cl\/2020\/wp-content\/uploads\/2020\/08\/Desarrollo-S-img1-300x200.jpg 300w, https:\/\/revistacampus.uandes.cl\/2020\/wp-content\/uploads\/2020\/08\/Desarrollo-S-img1-768x512.jpg 768w, https:\/\/revistacampus.uandes.cl\/2020\/wp-content\/uploads\/2020\/08\/Desarrollo-S-img1-720x480.jpg 720w, https:\/\/revistacampus.uandes.cl\/2020\/wp-content\/uploads\/2020\/08\/Desarrollo-S-img1-480x320.jpg 480w\" sizes=\"(max-width: 873px) 100vw, 873px\" \/><\/figure>\n<\/div>\n<\/div>\n\n\n\n<div class=\"wp-block-columns\">\n<div class=\"wp-block-column\" style=\"flex-basis:66.66%\"><\/div>\n\n\n\n<div class=\"wp-block-column\" style=\"flex-basis:33.33%\"><\/div>\n<\/div>\n\n\n\n<h4 class=\"has-text-color\" style=\"color:#92c83e\">PRESENCIA NACIONAL E INTERNACIONAL<\/h4>\n\n\n\n<p style=\"font-size:15px\">El <a href=\"https:\/\/www.uandes.cl\/icf\/\">ICF<\/a> particip\u00f3 tambi\u00e9n en el seminario donde se concret\u00f3 la <strong><a href=\"https:\/\/www.uandes.cl\/noticias\/instituto-de-ciencias-para-la-familia-icf-uandes-participo-en-la-fundacion-de-la-red-internacional-de-institutos-universitarios-de-familia-rediuf-en-roma\/\" target=\"_blank\" rel=\"noreferrer noopener\">fundaci\u00f3n de la Red Internacional de Institutos Universitarios de Familia (REDIUF)<\/a><\/strong>, en Roma, Italia, con el objetivo de asociar institutos de Latinoam\u00e9rica y Europa para <strong>compartir investigaci\u00f3n, docencia, promoci\u00f3n y fortalecimiento del matrimonio y la familia.<\/strong><\/p>\n\n\n\n<p style=\"font-size:15px\">En nuestro pa\u00eds son m\u00faltiples las iniciativas en las que el <a href=\"https:\/\/www.uandes.cl\/icf\/\">ICF<\/a> <strong>aporta en pol\u00edticas p\u00fablicas<\/strong>. \u201cEntregamos herramientas en diversas \u00e1reas para fortalecer a la familia y que \u00e9sta pueda cumplir con la vocaci\u00f3n de cuidar, proteger, contener, desarrollar y querer a todos sus miembros, sobre todo a los m\u00e1s vulnerables\u201d, explica <strong>Jimena Valenzuela<\/strong>, directora del Instituto, quien participa en el <strong>Comit\u00e9 Social de la Subsecretar\u00eda de la Infancia (Ministerio de Desarrollo Social) y del Comit\u00e9 de Expertos en la elaboraci\u00f3n de pol\u00edticas p\u00fablicas para ni\u00f1os, ni\u00f1as y adolescentes en situaci\u00f3n de calle<\/strong>.<\/p>\n\n\n\n<div class=\"wp-block-columns\">\n<div class=\"wp-block-column\">\n<p><\/p>\n\n\n\n<p class=\"has-text-color\" style=\"font-size:15px;color:#92c83e\"><strong>CON EL OBJETIVO DE FORTALECER EL ROL CLAVE DE LA FAMILIA EN LA SOCIEDAD, EL ICF PARTICIPA EN DIVERSAS INSTANCIAS NACIONALES E INTERNACIONALES.<\/strong><\/p>\n<\/div>\n\n\n\n<div class=\"wp-block-column\">\n<figure class=\"wp-block-image size-large is-resized\"><img loading=\"lazy\" src=\"http:\/\/revistacampus.uandes.cl\/2020\/wp-content\/uploads\/2020\/08\/Desarrollo-S-Jimena-Valenzuela_Mesa-de-trabajo-1-1024x1024.png\" alt=\"\" class=\"wp-image-3126\" width=\"256\" height=\"256\" srcset=\"https:\/\/revistacampus.uandes.cl\/2020\/wp-content\/uploads\/2020\/08\/Desarrollo-S-Jimena-Valenzuela_Mesa-de-trabajo-1-1024x1024.png 1024w, https:\/\/revistacampus.uandes.cl\/2020\/wp-content\/uploads\/2020\/08\/Desarrollo-S-Jimena-Valenzuela_Mesa-de-trabajo-1-300x300.png 300w, https:\/\/revistacampus.uandes.cl\/2020\/wp-content\/uploads\/2020\/08\/Desarrollo-S-Jimena-Valenzuela_Mesa-de-trabajo-1-150x150.png 150w, https:\/\/revistacampus.uandes.cl\/2020\/wp-content\/uploads\/2020\/08\/Desarrollo-S-Jimena-Valenzuela_Mesa-de-trabajo-1-768x768.png 768w, https:\/\/revistacampus.uandes.cl\/2020\/wp-content\/uploads\/2020\/08\/Desarrollo-S-Jimena-Valenzuela_Mesa-de-trabajo-1-1536x1536.png 1536w, https:\/\/revistacampus.uandes.cl\/2020\/wp-content\/uploads\/2020\/08\/Desarrollo-S-Jimena-Valenzuela_Mesa-de-trabajo-1-2048x2048.png 2048w, https:\/\/revistacampus.uandes.cl\/2020\/wp-content\/uploads\/2020\/08\/Desarrollo-S-Jimena-Valenzuela_Mesa-de-trabajo-1-480x480.png 480w\" sizes=\"(max-width: 256px) 100vw, 256px\" \/><figcaption><em><em>Jimena Valenzuela, directora del ICF<\/em><\/em><\/figcaption><\/figure>\n<\/div>\n<\/div>\n\n\n\n<div style=\"height:100px\" aria-hidden=\"true\" class=\"wp-block-spacer\"><\/div>\n","protected":false},"excerpt":{"rendered":"<p>En este seminario internacional se presentaron y analizaron diferentes estudios, como el Proyecto Global de Investigaci\u00f3n 2018 de UNICEF y un estudio sobre familia y equidad de g\u00e9nero en Chile y Latinoam\u00e9rica.<\/p>\n","protected":false},"author":2,"featured_media":2913,"comment_status":"open","ping_status":"open","sticky":false,"template":"","format":"standard","meta":[],"categories":[43],"tags":[],"_links":{"self":[{"href":"https:\/\/revistacampus.uandes.cl\/2020\/wp-json\/wp\/v2\/posts\/2912"}],"collection":[{"href":"https:\/\/revistacampus.uandes.cl\/2020\/wp-json\/wp\/v2\/posts"}],"about":[{"href":"https:\/\/revistacampus.uandes.cl\/2020\/wp-json\/wp\/v2\/types\/post"}],"author":[{"embeddable":true,"href":"https:\/\/revistacampus.uandes.cl\/2020\/wp-json\/wp\/v2\/users\/2"}],"replies":[{"embeddable":true,"href":"https:\/\/revistacampus.uandes.cl\/2020\/wp-json\/wp\/v2\/comments?post=2912"}],"version-history":[{"count":42,"href":"https:\/\/revistacampus.uandes.cl\/2020\/wp-json\/wp\/v2\/posts\/2912\/revisions"}],"predecessor-version":[{"id":4592,"href":"https:\/\/revistacampus.uandes.cl\/2020\/wp-json\/wp\/v2\/posts\/2912\/revisions\/4592"}],"wp:featuredmedia":[{"embeddable":true,"href":"https:\/\/revistacampus.uandes.cl\/2020\/wp-json\/wp\/v2\/media\/2913"}],"wp:attachment":[{"href":"https:\/\/revistacampus.uandes.cl\/2020\/wp-json\/wp\/v2\/media?parent=2912"}],"wp:term":[{"taxonomy":"category","embeddable":true,"href":"https:\/\/revistacampus.uandes.cl\/2020\/wp-json\/wp\/v2\/categories?post=2912"},{"taxonomy":"post_tag","embeddable":true,"href":"https:\/\/revistacampus.uandes.cl\/2020\/wp-json\/wp\/v2\/tags?post=2912"}],"curies":[{"name":"wp","href":"https:\/\/api.w.org\/{rel}","templated":true}]}}