{"id":2799,"date":"2020-08-25T13:06:00","date_gmt":"2020-08-25T17:06:00","guid":{"rendered":"http:\/\/revistacampus.uandes.cl\/2020\/?p=2799"},"modified":"2020-09-07T22:05:21","modified_gmt":"2020-09-08T01:05:21","slug":"desarrollo-profesional-cuales-son-los-nuevos-desafios","status":"publish","type":"post","link":"https:\/\/revistacampus.uandes.cl\/2020\/desarrollo-profesional-cuales-son-los-nuevos-desafios\/","title":{"rendered":"Desarrollo profesional <br><span class=\"subtitulo\">\u00bfCu\u00e1les son los nuevos desaf\u00edos?<\/span>"},"content":{"rendered":"\n<p><em><strong>El estallido social de octubre y el Covid-19 han apurado transformaciones digitales que ya ven\u00edan en camino. Jorge Blando, vicerrector de Educaci\u00f3n Continua del <a href=\"https:\/\/tec.mx\/es\" target=\"_blank\" rel=\"noreferrer noopener\">TEC de Monterrey<\/a>, abord\u00f3 las tendencias que marcan pauta en el futuro del trabajo y la empleabilidad.<\/strong><\/em><\/p>\n\n\n\n<p>Hoy, son diversos los factores que plantean desaf\u00edos en la especializaci\u00f3n profesional. Al avance tecnol\u00f3gico, la inmigraci\u00f3n, la baja natalidad y el aumento de la tasa de envejecimiento, se sumaron, en pocos meses, el estallido social de octubre en Chile y la pandemia del Covid-19 a nivel mundial. Todos episodios que han hecho repensar el futuro del mercado laboral y buscar nuevas estructuras para apuntar a mejores condiciones de vida y de trabajo. <\/p>\n\n\n\n<p>En 2019 se realiz\u00f3 en nuestro campus el <a href=\"https:\/\/www.uandes.cl\/noticias\/vii-congreso-de-educacion-continua-aborda-el-futuro-del-desarrollo-profesional-en-chile-y-que-desafios-impone-el-estallido-social\/\" target=\"_blank\" rel=\"noreferrer noopener\">VII Congreso \u201cEducaci\u00f3n Continua frente a la incertidumbre \u00bfformaci\u00f3n o transformaci\u00f3n?\u201d<\/a>, organizado por la <a href=\"https:\/\/rededucacioncontinua.cl\/\" target=\"_blank\" rel=\"noreferrer noopener\">Red Universitaria de Educaci\u00f3n Continua<\/a> y en el que participaron 27 universidades chilenas, que abordaron el escenario que enfrentan nuestro pa\u00eds y el mundo en el desarrollo de la carrera profesional.<\/p>\n\n\n\n<figure class=\"wp-block-image size-large\"><img loading=\"lazy\" width=\"874\" height=\"582\" src=\"http:\/\/revistacampus.uandes.cl\/2020\/wp-content\/uploads\/2020\/08\/DesarrolloP-img1.jpg\" alt=\"\" class=\"wp-image-2802\" srcset=\"https:\/\/revistacampus.uandes.cl\/2020\/wp-content\/uploads\/2020\/08\/DesarrolloP-img1.jpg 874w, https:\/\/revistacampus.uandes.cl\/2020\/wp-content\/uploads\/2020\/08\/DesarrolloP-img1-300x200.jpg 300w, https:\/\/revistacampus.uandes.cl\/2020\/wp-content\/uploads\/2020\/08\/DesarrolloP-img1-768x511.jpg 768w, https:\/\/revistacampus.uandes.cl\/2020\/wp-content\/uploads\/2020\/08\/DesarrolloP-img1-720x480.jpg 720w, https:\/\/revistacampus.uandes.cl\/2020\/wp-content\/uploads\/2020\/08\/DesarrolloP-img1-480x320.jpg 480w\" sizes=\"(max-width: 874px) 100vw, 874px\" \/><\/figure>\n\n\n\n<p class=\"has-text-align-center has-small-font-size\"><em>\u201cLo que hemos creado nos ha llevado a estar donde estamos, pero para el futuro hay que cambiar\u201d, desafi\u00f3 Jorge Blando, vicerrector de Educaci\u00f3n Continua del TEC de Monterrey, durante el congreso \u201c\u00bfFormaci\u00f3n o transformaci\u00f3n?<\/em>&#8220;.<\/p>\n\n\n\n<p>El congreso cont\u00f3 con la participaci\u00f3n del Vicerrector de <a rel=\"noreferrer noopener\" href=\"https:\/\/maestriasydiplomados.tec.mx\/programas\/educacion_continua\" target=\"_blank\">Educaci\u00f3n Continua del TEC de Monterrey<\/a>, <a rel=\"noreferrer noopener\" href=\"https:\/\/www.linkedin.com\/in\/jorge-blando-mart%C3%ADnez-68988a19\/?originalSubdomain=mx\" target=\"_blank\">Jorge Blando<\/a>, quien comparti\u00f3 la experiencia mexicana en esta tem\u00e1tica, habl\u00f3 de la \u201ctransformaci\u00f3n de la formaci\u00f3n\u201d y la importancia de aprender durante toda la vida. \u201cEl entorno mundial cambia aceleradamente y las nuevas tecnolog\u00edas afectan la forma en que vivimos. <em>Millenials <\/em>y <em>centenials <\/em>nos retan a pensar en el <em>life long learning<\/em>. Necesitamos reinventarnos y cuestionarnos nuestros modelos formados en el pasado\u201d, se\u00f1al\u00f3.<\/p>\n\n\n\n<p>\u201cDebemos vincularnos con la sociedad para aportar de mejor manera y cubrir las necesidades. Nuestro rol como universidades es fundamental para la integraci\u00f3n\u201d, complement\u00f3 la <strong>Directora de Educaci\u00f3n Continua UANDES, Paola Giglio<\/strong>, quien en 2020 ha debido liderar la completa virtualizaci\u00f3n de la formaci\u00f3n continua.<\/p>\n\n\n\n<figure class=\"wp-block-image size-large\"><img loading=\"lazy\" width=\"873\" height=\"582\" src=\"http:\/\/revistacampus.uandes.cl\/2020\/wp-content\/uploads\/2020\/08\/DesarrolloP-img2.jpg\" alt=\"\" class=\"wp-image-2803\" srcset=\"https:\/\/revistacampus.uandes.cl\/2020\/wp-content\/uploads\/2020\/08\/DesarrolloP-img2.jpg 873w, https:\/\/revistacampus.uandes.cl\/2020\/wp-content\/uploads\/2020\/08\/DesarrolloP-img2-300x200.jpg 300w, https:\/\/revistacampus.uandes.cl\/2020\/wp-content\/uploads\/2020\/08\/DesarrolloP-img2-768x512.jpg 768w, https:\/\/revistacampus.uandes.cl\/2020\/wp-content\/uploads\/2020\/08\/DesarrolloP-img2-720x480.jpg 720w, https:\/\/revistacampus.uandes.cl\/2020\/wp-content\/uploads\/2020\/08\/DesarrolloP-img2-480x320.jpg 480w\" sizes=\"(max-width: 873px) 100vw, 873px\" \/><\/figure>\n\n\n\n<div class=\"wp-block-columns\">\n<div class=\"wp-block-column\"><\/div>\n\n\n\n<div class=\"wp-block-column\"><\/div>\n<\/div>\n\n\n\n<div class=\"wp-block-columns\">\n<div class=\"wp-block-column\"><\/div>\n\n\n\n<div class=\"wp-block-column\"><\/div>\n<\/div>\n\n\n\n<h3 class=\"has-text-color\" style=\"color:#ffc300\">LA AUTOMATIZACI\u00d3N DEL TRABAJO<\/h3>\n\n\n\n<p>Seg\u00fan estudios de <a href=\"https:\/\/clapesuc.cl\/\" target=\"_blank\" rel=\"noreferrer noopener\">Clapes UC<\/a>, en el caso de Chile la automatizaci\u00f3n del trabajo es un alto riesgo para el 17% de los empleos. <a href=\"https:\/\/www.elmercurio.com\/inversiones\/autores\/index.aspx?idAutor=jbravo\" target=\"_blank\" rel=\"noreferrer noopener\">Juan Bravo, asesor econ\u00f3mico de este centro<\/a>, record\u00f3 que esta no es la primera vez que el mundo enfrenta un cambio tecnol\u00f3gico de esta magnitud y que el crecimiento econ\u00f3mico surgi\u00f3 a partir de la primera revoluci\u00f3n industrial. \u201cEs fundamental una formaci\u00f3n continua para mejorar la productividad y adaptabilidad de la fuerza laboral\u201d, se\u00f1al\u00f3, desaf\u00edo en el que las universidades juegan un rol fundamental, en la formaci\u00f3n de habilidades que se demanden en el mercado laboral y en la incorporaci\u00f3n de nuevas tecnolog\u00edas. \u201cUna parte se hace con las clases <em>online<\/em>, pero quedan retos\u201d, indic\u00f3. <\/p>\n\n\n\n<p><a href=\"https:\/\/twitter.com\/gboccardobosoni\" target=\"_blank\" rel=\"noreferrer noopener\">Giorgio Boccardo, soci\u00f3logo de Nodo XXI<\/a>, agreg\u00f3 que existen m\u00e1s factores: flexibilidad, feminizaci\u00f3n, descolocaci\u00f3n y digitalizaci\u00f3n, frente a los cuales destac\u00f3 la relevancia de que la sociedad y el Estado participen activamente en el proceso de cambio. \u201cLas universidades son fundamentales para la integraci\u00f3n social\u201d, afirm\u00f3. En esta tarea, Jorge Blando se\u00f1al\u00f3 como una prioridad el r\u00e1pido ajuste de las tem\u00e1ticas y tomar el escenario actual como parte de nuevas oportunidades. \u201cEl mercado impacta y hay que adecuarse\u201d, coment\u00f3 sobre un proceso en el que lo \u00fanico constante ha sido el cambio, y en el que la educaci\u00f3n puede ayudar en la transformaci\u00f3n.<\/p>\n\n\n\n<div class=\"wp-block-columns\">\n<div class=\"wp-block-column\">\n<figure class=\"wp-block-image size-large is-resized\"><img loading=\"lazy\" src=\"http:\/\/revistacampus.uandes.cl\/2020\/wp-content\/uploads\/2020\/08\/logo-citas.png\" alt=\"\" class=\"wp-image-3021\" width=\"87\" height=\"69\"\/><\/figure>\n<\/div>\n\n\n\n<div class=\"wp-block-column\"><\/div>\n\n\n\n<div class=\"wp-block-column\"><\/div>\n<\/div>\n\n\n\n<p class=\"has-text-color has-medium-font-size\" style=\"color:#ffc300\"><em><strong>&#8220;Debemos reconocer d\u00f3nde est\u00e1 cada persona y llevarla por el mejor camino para llegar a su prop\u00f3sito\u201d.<\/strong><\/em><\/p>\n\n\n\n<p class=\"has-small-font-size\"><strong>Jorge Blando<\/strong>, <em>TEC de Monterre<\/em>y.<\/p>\n","protected":false},"excerpt":{"rendered":"<p>El estallido social de octubre y el Covid-19 han apurado transformaciones digitales que ya ven\u00edan en camino. Jorge Blando, vicerrector de Educaci\u00f3n Continua del TEC de Monterrey, abord\u00f3 las tendencias que marcan pauta en el futuro del trabajo y la empleabilidad.<\/p>\n","protected":false},"author":2,"featured_media":3277,"comment_status":"open","ping_status":"open","sticky":false,"template":"","format":"standard","meta":[],"categories":[37],"tags":[],"_links":{"self":[{"href":"https:\/\/revistacampus.uandes.cl\/2020\/wp-json\/wp\/v2\/posts\/2799"}],"collection":[{"href":"https:\/\/revistacampus.uandes.cl\/2020\/wp-json\/wp\/v2\/posts"}],"about":[{"href":"https:\/\/revistacampus.uandes.cl\/2020\/wp-json\/wp\/v2\/types\/post"}],"author":[{"embeddable":true,"href":"https:\/\/revistacampus.uandes.cl\/2020\/wp-json\/wp\/v2\/users\/2"}],"replies":[{"embeddable":true,"href":"https:\/\/revistacampus.uandes.cl\/2020\/wp-json\/wp\/v2\/comments?post=2799"}],"version-history":[{"count":18,"href":"https:\/\/revistacampus.uandes.cl\/2020\/wp-json\/wp\/v2\/posts\/2799\/revisions"}],"predecessor-version":[{"id":4586,"href":"https:\/\/revistacampus.uandes.cl\/2020\/wp-json\/wp\/v2\/posts\/2799\/revisions\/4586"}],"wp:featuredmedia":[{"embeddable":true,"href":"https:\/\/revistacampus.uandes.cl\/2020\/wp-json\/wp\/v2\/media\/3277"}],"wp:attachment":[{"href":"https:\/\/revistacampus.uandes.cl\/2020\/wp-json\/wp\/v2\/media?parent=2799"}],"wp:term":[{"taxonomy":"category","embeddable":true,"href":"https:\/\/revistacampus.uandes.cl\/2020\/wp-json\/wp\/v2\/categories?post=2799"},{"taxonomy":"post_tag","embeddable":true,"href":"https:\/\/revistacampus.uandes.cl\/2020\/wp-json\/wp\/v2\/tags?post=2799"}],"curies":[{"name":"wp","href":"https:\/\/api.w.org\/{rel}","templated":true}]}}