{"id":2768,"date":"2020-07-25T12:01:40","date_gmt":"2020-07-25T16:01:40","guid":{"rendered":"http:\/\/revistacampus.uandes.cl\/2020\/?p=2768"},"modified":"2020-09-07T13:03:36","modified_gmt":"2020-09-07T16:03:36","slug":"la-amenaza-del-estallido-social-y-del-covid-19-para-la-salud-mental","status":"publish","type":"post","link":"https:\/\/revistacampus.uandes.cl\/2020\/la-amenaza-del-estallido-social-y-del-covid-19-para-la-salud-mental\/","title":{"rendered":"<span class=\"subtitulo\">La amenaza del estallido social y del Covid-19 para la<\/span> salud mental"},"content":{"rendered":"\n<p><\/p>\n\n\n\n<p class=\"has-text-align-left\"><em><strong>Luego de la crisis de octubre de 2019 y la irrupci\u00f3n del coronavirus, la salud mental se ha convertido en un preciado bien que hay que proteger. La Escuela de Psicolog\u00eda ha estado impulsando una serie de acciones al respecto, las cuales cobran especial sentido en el marco de su 20\u00b0 aniversario.<\/strong><\/em><\/p>\n\n\n\n<p>En observaci\u00f3n, instalada en un div\u00e1n y bajo la mirada de los especialistas parece estar la salud mental en Chile. De hecho, instituciones como la <a href=\"https:\/\/www.who.int\/es\" target=\"_blank\" rel=\"noreferrer noopener\">Organizaci\u00f3n Mundial de la Salud<\/a> (OMS) han advertido a los pa\u00edses sobre la necesidad de focalizarse en este tema, que se podr\u00eda convertir en una segunda pandemia que suceder\u00e1 al coronavirus, si no se planifican intervenciones en varios niveles, como pol\u00edticas p\u00fablicas, academia, investigaci\u00f3n, familia, escuelas, y otros.<\/p>\n\n\n\n<p>Parece una \u201colla a presi\u00f3n\u201d que en Chile tiene un condimento m\u00e1s: el <a href=\"https:\/\/es.wikipedia.org\/wiki\/Estallido_social\" target=\"_blank\" rel=\"noreferrer noopener\">estallido social de octubre de 2019<\/a>. \u201cEl pa\u00eds presentaba antes de esa fecha indicadores de alta prevalencia de cuadros cl\u00ednicos relevantes en salud mental. Ya en 2016 la OMS se\u00f1alaba que era uno de los pa\u00edses con m\u00e1s altos indicadores de depresi\u00f3n, ansiedad, consumo de alcohol en adultos, ansiedad en ni\u00f1os y j\u00f3venes, trastornos disruptivos y del \u00e1nimo\u201d, precisa la <a href=\"https:\/\/www.uandes.cl\/personas\/mariarita-bertuzzi-b\/\" target=\"_blank\" rel=\"noreferrer noopener\">directora de la Escuela de Psicolog\u00eda, Mariarita Bertuzzi<\/a>, especialista en Psicoterapia. <\/p>\n\n\n\n<div class=\"wp-block-columns\">\n<div class=\"wp-block-column\" style=\"flex-basis:66.66%\">\n<p>Profesionales sanitarios de la \u2018primera l\u00ednea\u2019, ni\u00f1os y adolescentes, mujeres que han debido teletrabajar combinando labores dom\u00e9sticas con el apoyo escolar a los hijos, personas de la tercera edad y aquellas que ya ten\u00edan historia en materia de salud mental se perfilan como los grupos m\u00e1s afectados. \u201cLo que ha ocurrido tiene un impacto sobre toda la poblaci\u00f3n, sin embargo, su efecto var\u00eda en funci\u00f3n de los factores de riesgo propios de cada situaci\u00f3n\u201d, advierte. Los cambios en la rutina, la incertidumbre respecto del futuro, el aislamiento social acentuado por las cuarentenas, las condiciones econ\u00f3micas desfavorables, la enfermedad y la muerte son situaciones que \u201chacen que vivamos en un estado permanente de alerta\u201d.<\/p>\n<\/div>\n\n\n\n<div class=\"wp-block-column\" style=\"flex-basis:33.33%\">\n<figure class=\"wp-block-image size-large\"><img loading=\"lazy\" width=\"1024\" height=\"1024\" src=\"http:\/\/revistacampus.uandes.cl\/2020\/wp-content\/uploads\/2020\/08\/Salud-Mental-Ni\u00f1a-1024x1024.png\" alt=\"\" class=\"wp-image-3055\" srcset=\"https:\/\/revistacampus.uandes.cl\/2020\/wp-content\/uploads\/2020\/08\/Salud-Mental-Ni\u00f1a-1024x1024.png 1024w, https:\/\/revistacampus.uandes.cl\/2020\/wp-content\/uploads\/2020\/08\/Salud-Mental-Ni\u00f1a-300x300.png 300w, https:\/\/revistacampus.uandes.cl\/2020\/wp-content\/uploads\/2020\/08\/Salud-Mental-Ni\u00f1a-150x150.png 150w, https:\/\/revistacampus.uandes.cl\/2020\/wp-content\/uploads\/2020\/08\/Salud-Mental-Ni\u00f1a-768x768.png 768w, https:\/\/revistacampus.uandes.cl\/2020\/wp-content\/uploads\/2020\/08\/Salud-Mental-Ni\u00f1a-480x480.png 480w, https:\/\/revistacampus.uandes.cl\/2020\/wp-content\/uploads\/2020\/08\/Salud-Mental-Ni\u00f1a.png 1080w\" sizes=\"(max-width: 1024px) 100vw, 1024px\" \/><\/figure>\n<\/div>\n<\/div>\n\n\n\n<div class=\"wp-block-columns\">\n<div class=\"wp-block-column\">\n<figure class=\"wp-block-image size-large\"><img loading=\"lazy\" width=\"873\" height=\"582\" src=\"http:\/\/revistacampus.uandes.cl\/2020\/wp-content\/uploads\/2020\/08\/Salud-Mental-Mariarita-Bertuzzi.jpg\" alt=\"\" class=\"wp-image-2779\" srcset=\"https:\/\/revistacampus.uandes.cl\/2020\/wp-content\/uploads\/2020\/08\/Salud-Mental-Mariarita-Bertuzzi.jpg 873w, https:\/\/revistacampus.uandes.cl\/2020\/wp-content\/uploads\/2020\/08\/Salud-Mental-Mariarita-Bertuzzi-300x200.jpg 300w, https:\/\/revistacampus.uandes.cl\/2020\/wp-content\/uploads\/2020\/08\/Salud-Mental-Mariarita-Bertuzzi-768x512.jpg 768w, https:\/\/revistacampus.uandes.cl\/2020\/wp-content\/uploads\/2020\/08\/Salud-Mental-Mariarita-Bertuzzi-720x480.jpg 720w, https:\/\/revistacampus.uandes.cl\/2020\/wp-content\/uploads\/2020\/08\/Salud-Mental-Mariarita-Bertuzzi-480x320.jpg 480w\" sizes=\"(max-width: 873px) 100vw, 873px\" \/><\/figure>\n<\/div>\n\n\n\n<div class=\"wp-block-column\">\n<div style=\"height:20px\" aria-hidden=\"true\" class=\"wp-block-spacer\"><\/div>\n\n\n\n<p class=\"has-small-font-size\"><em>\u201cNuestro sistema simp\u00e1tico est\u00e1 en un estado de alerta constante, pues se encuentra reaccionando frente a una amenaza que se ha vuelto cr\u00f3nica\u201d, advierte <strong>Mariarita Bertuzzi,<\/strong> directora de la Escuela de Psicolog\u00eda.<\/em><\/p>\n<\/div>\n<\/div>\n\n\n\n<div class=\"wp-block-columns\">\n<div class=\"wp-block-column\">\n<figure class=\"wp-block-image size-large is-resized\"><img loading=\"lazy\" src=\"http:\/\/revistacampus.uandes.cl\/2020\/wp-content\/uploads\/2020\/08\/logo-citas.png\" alt=\"\" class=\"wp-image-3021\" width=\"87\" height=\"69\"\/><\/figure>\n<\/div>\n\n\n\n<div class=\"wp-block-column\"><\/div>\n\n\n\n<div class=\"wp-block-column\"><\/div>\n<\/div>\n\n\n\n<p class=\"has-text-color has-normal-font-size\" style=\"color:#92c83e\"><em><strong>\u201cLa necesidad de seguir una modalidad virtual para actividades y eventos nos ha permitido acompa\u00f1ar a muchas m\u00e1s personas de las que esper\u00e1bamos y nos ha mostrado, una vez m\u00e1s, el aporte que desde la Universidad se puede realizar acompa\u00f1ando a la gente en sus necesidades, ayud\u00e1ndola desde lo que nos es m\u00e1s propio, nuestros conocimientos acad\u00e9micos y profesionales.&#8221;<\/strong><\/em><\/p>\n\n\n\n<h4 class=\"has-text-color\" style=\"color:#92c83e\">TIEMPO DE ACTUAR<\/h4>\n\n\n\n<p>Por ello, Mariarita Bertuzzi valora medidas como el plan gubernamental \u201c<a href=\"https:\/\/msgg.gob.cl\/wp\/2020\/06\/01\/saludablemente-en-que-consiste-el-plan-integral-de-bienestar-y-de-salud-mental-asociado-al-coronavirus\/\" target=\"_blank\" rel=\"noreferrer noopener\">Saludable-Mente<\/a>\u201d, para apoyar a las personas en este \u00e1mbito. \u201cSu buena implementaci\u00f3n podr\u00eda resultar de gran ayuda\u201d, afirma, sin descuidar la prevenci\u00f3n. \u201cCreo importante empezar a actuar\u201d. Y as\u00ed lo ha hecho la <a href=\"https:\/\/www.uandes.cl\/carrera\/psicologia\/\" target=\"_blank\" rel=\"noreferrer noopener\">Escuela de Psicolog\u00eda<\/a>. <\/p>\n\n\n\n<p><a href=\"https:\/\/www.uandes.cl\/noticias\/escuela-de-psicologia-entrega-apoyo-psicologico-a-pacientes-y-profesionales-de-la-ex-posta-central-y-fundacion-las-rosas\/\" target=\"_blank\" rel=\"noreferrer noopener\">Mediante talleres psicoeducativos e intervenciones focalizadas, ha ayudado, por ejemplo, a los trabajadores de Fundaci\u00f3n Las Rosas<\/a>. La psic\u00f3loga <a href=\"https:\/\/www.uandes.cl\/personas\/loreto-cood-vergara\/\" target=\"_blank\" rel=\"noreferrer noopener\">Loreto Cood<\/a> asegura que este trabajo le genera \u201cun gran orgullo\u201d y que le ha permitido descubrir otra faceta de su profesi\u00f3n, en el sentido de ejercerla a distancia, pues \u201ccon una llamada, una tablet, puedes ayudar a gente de aqu\u00ed y de regiones\u201d.<\/p>\n\n\n\n<p>Asimismo, \u201ctanto para la crisis social como para la sanitaria, ofrecimos primeros auxilios psicol\u00f3gicos para funcionarios y profesores de la Universidad, sin costo alguno&#8221;, en colaboraci\u00f3n con la <a href=\"https:\/\/www.uandes.cl\/direccion-de-personas\/\" target=\"_blank\" rel=\"noreferrer noopener\">Direcci\u00f3n de Personas<\/a>, complementa Mariarita Bertuzzi. Se trata de una t\u00e9cnica de apoyo para personas en situaci\u00f3n de crisis \u201cque busca ayudarles a recuperar el equilibrio emocional a trav\u00e9s de una sesi\u00f3n en que se les escucha y ofrece ayuda de manera pr\u00e1ctica y no invasiva, centr\u00e1ndose en sus necesidades y principales preocupaciones\u201d, explica la psic\u00f3loga <a href=\"https:\/\/www.uandes.cl\/personas\/maria-elisa-rodriguez-edwards\/\" target=\"_blank\" rel=\"noreferrer noopener\">Elisa Rodr\u00edguez<\/a>. \u201cHa sido una excelente oportunidad como profesional de la salud y como ser humano. Es una experiencia que enriquece, ayuda a fortalecer los v\u00ednculos con la Universidad y es muy gratificante ver que se logra aportar\u201d, agrega <a href=\"https:\/\/www.uandes.cl\/personas\/pablo-urrutia-verdugo\/\" target=\"_blank\" rel=\"noreferrer noopener\">Pablo Urrutia<\/a>.<\/p>\n\n\n\n<div class=\"wp-block-columns\">\n<div class=\"wp-block-column\"><\/div>\n\n\n\n<div class=\"wp-block-column\"><\/div>\n<\/div>\n\n\n\n<figure class=\"wp-block-image size-large\"><img loading=\"lazy\" width=\"873\" height=\"582\" src=\"http:\/\/revistacampus.uandes.cl\/2020\/wp-content\/uploads\/2020\/08\/Salud-Mental-Claustro.jpg\" alt=\"\" class=\"wp-image-2791\" srcset=\"https:\/\/revistacampus.uandes.cl\/2020\/wp-content\/uploads\/2020\/08\/Salud-Mental-Claustro.jpg 873w, https:\/\/revistacampus.uandes.cl\/2020\/wp-content\/uploads\/2020\/08\/Salud-Mental-Claustro-300x200.jpg 300w, https:\/\/revistacampus.uandes.cl\/2020\/wp-content\/uploads\/2020\/08\/Salud-Mental-Claustro-768x512.jpg 768w, https:\/\/revistacampus.uandes.cl\/2020\/wp-content\/uploads\/2020\/08\/Salud-Mental-Claustro-720x480.jpg 720w, https:\/\/revistacampus.uandes.cl\/2020\/wp-content\/uploads\/2020\/08\/Salud-Mental-Claustro-480x320.jpg 480w\" sizes=\"(max-width: 873px) 100vw, 873px\" \/><figcaption><em><strong>Claustro de profesores de la Escuela de Psicolog\u00eda, 2019<\/strong><\/em><\/figcaption><\/figure>\n\n\n\n<h4 class=\"has-text-color\" style=\"color:#92c83e\">DOS D\u00c9CADAS DE EXPERIENCIA<\/h4>\n\n\n\n<p>Estas acciones son reflejo del sello que distingue a la <a href=\"https:\/\/www.uandes.cl\/carrera\/psicologia\/\" target=\"_blank\" rel=\"noreferrer noopener\">Escuela de Psicolog\u00eda<\/a>, que <a href=\"https:\/\/www.uandes.cl\/wp-content\/uploads\/2019\/11\/Psicologia_Aniversario_V2_3_191113.mp4\" target=\"_blank\" rel=\"noreferrer noopener\">acaba de cumplir dos d\u00e9cadas<\/a> brindando \u201cuna s\u00f3lida formaci\u00f3n \u00e9tica y antropol\u00f3gica que favorece el desarrollo de una visi\u00f3n global de la persona y de una marcada actitud de servicio hacia los individuos y la sociedad\u201d, destaca la directora. <\/p>\n\n\n\n<p>\u201cHemos ido abriendo las puertas a un mayor n\u00famero de estudiantes y nos hemos posicionado a nivel acad\u00e9mico entre las primeras escuelas de psicolog\u00eda en Chile en puntajes de ingreso. Actualmente, estamos enfoc\u00e1ndonos en el desarrollo de la educaci\u00f3n continua y postgrados, <strong>adem\u00e1s de profundizar en l\u00edneas de investigaci\u00f3n, con equipos multidisciplinarios<\/strong>, en \u00e1reas como discapacidad intelectual, impacto del Covid-19 en personas con discapacidad, as\u00ed como en el neurodesarrollo; el estr\u00e9s temprano y su relaci\u00f3n con el reconocimiento de emociones; un modelo de intervenci\u00f3n para fomentar la confianza relacional en escuelas b\u00e1sicas, y en la medici\u00f3n del desarrollo profesional de directivos y profesores&#8221;, afirma sobre esta primera etapa y los desaf\u00edos futuros.<\/p>\n\n\n\n<figure class=\"wp-block-video\"><video controls src=\"https:\/\/www.uandes.cl\/wp-content\/uploads\/2019\/11\/Psicologia_Aniversario_V2_3_191113.mp4\"><\/video><\/figure>\n\n\n\n<div class=\"wp-block-columns\">\n<div class=\"wp-block-column\">\n<figure class=\"wp-block-image size-large is-resized\"><img loading=\"lazy\" src=\"http:\/\/revistacampus.uandes.cl\/2020\/wp-content\/uploads\/2020\/08\/logo-citas.png\" alt=\"\" class=\"wp-image-3021\" width=\"87\" height=\"69\"\/><\/figure>\n<\/div>\n\n\n\n<div class=\"wp-block-column\"><\/div>\n\n\n\n<div class=\"wp-block-column\"><\/div>\n<\/div>\n\n\n\n<p class=\"has-text-color has-normal-font-size\" style=\"color:#92c83e\"><em><strong>\u201cLa pandemia y la cuarentena revolucionaron nuestro orden de cosas y nos desafiaron a encontrar un nuevo modo de hacer universidad, de estar con nuestros colegas, de ense\u00f1ar a nuestros alumnos y de seguir contribuyendo a nuestro entorno m\u00e1s directo y a nuestro pa\u00eds.\u201d<\/strong><\/em><\/p>\n\n\n\n<div class=\"wp-block-columns\">\n<div class=\"wp-block-column\" style=\"flex-basis:33.33%\">\n<figure class=\"wp-block-image size-large\"><img loading=\"lazy\" width=\"1024\" height=\"1024\" src=\"http:\/\/revistacampus.uandes.cl\/2020\/wp-content\/uploads\/2020\/08\/Salud-Mental-Kinesiologa-1024x1024.png\" alt=\"\" class=\"wp-image-3056\" srcset=\"https:\/\/revistacampus.uandes.cl\/2020\/wp-content\/uploads\/2020\/08\/Salud-Mental-Kinesiologa-1024x1024.png 1024w, https:\/\/revistacampus.uandes.cl\/2020\/wp-content\/uploads\/2020\/08\/Salud-Mental-Kinesiologa-300x300.png 300w, https:\/\/revistacampus.uandes.cl\/2020\/wp-content\/uploads\/2020\/08\/Salud-Mental-Kinesiologa-150x150.png 150w, https:\/\/revistacampus.uandes.cl\/2020\/wp-content\/uploads\/2020\/08\/Salud-Mental-Kinesiologa-768x768.png 768w, https:\/\/revistacampus.uandes.cl\/2020\/wp-content\/uploads\/2020\/08\/Salud-Mental-Kinesiologa-480x480.png 480w, https:\/\/revistacampus.uandes.cl\/2020\/wp-content\/uploads\/2020\/08\/Salud-Mental-Kinesiologa.png 1080w\" sizes=\"(max-width: 1024px) 100vw, 1024px\" \/><\/figure>\n<\/div>\n\n\n\n<div class=\"wp-block-column\" style=\"flex-basis:66.66%\">\n<h3 class=\"has-text-color\" style=\"color:#92c83e\">Kinesiolog\u00eda al servicio de la mente<\/h3>\n\n\n\n<p>Los trastornos mentales suelen tener manifestaciones f\u00edsicas, \u00e1mbito donde la <a rel=\"noreferrer noopener\" href=\"https:\/\/www.uandes.cl\/carrera\/kinesiologia\/\" target=\"_blank\">Kinesiolog\u00eda<\/a> puede dar respuestas a los pacientes, por ejemplo, a trav\u00e9s de movimientos y ejercicios de respiraci\u00f3n para bajar la ansiedad. As\u00ed lo constat\u00f3 la <a rel=\"noreferrer noopener\" href=\"https:\/\/alumni.uandes.cl\/?utm_source=sitio_uandes&amp;utm_medium=header\" target=\"_blank\">alumniUANDES<\/a> <strong>Catalina Varas<\/strong>, cuando decidi\u00f3 abordar el tema de la depresi\u00f3n en su tesis.<\/p>\n<\/div>\n<\/div>\n\n\n\n<p>Ante ella se abri\u00f3 un mundo que quiso seguir explorando, por lo que curs\u00f3 un M\u00e1ster en Kinesiolog\u00eda para la Salud Mental en la <a href=\"https:\/\/www.ual.es\/\" target=\"_blank\" rel=\"noreferrer noopener\">Universidad de Almer\u00eda, Espa\u00f1a<\/a>. \u201cEsto es un punto clave en la rehabilitaci\u00f3n de las personas\u201d, dice al referirse a las ventajas que ofrecen estas t\u00e9cnicas que reci\u00e9n se est\u00e1n conociendo en Chile.<\/p>\n\n\n\n<p>Y para abrirle camino a esta especialidad en el pa\u00eds, fund\u00f3 la <a rel=\"noreferrer noopener\" href=\"http:\/\/www.ckch.cl\/2020\/03\/15\/convocatoria-sociedad-chilena-de-kinesiologia-de-salud-mental\/\" target=\"_blank\">Sociedad Chilena de Kinesiolog\u00eda en Salud Mental<\/a>, la cual preside. Opina que la pandemia \u201ces una gran oportunidad para abrir un nuevo nicho en la profesi\u00f3n, que va a beneficiar a los pacientes y a ampliar el campo laboral\u201d.<\/p>\n","protected":false},"excerpt":{"rendered":"<p>Luego de la crisis de octubre de 2019 y la irrupci\u00f3n del coronavirus, la salud mental se ha convertido en un preciado bien que hay que proteger. La Escuela de Psicolog\u00eda ha estado impulsando una serie de acciones al respecto, las cuales cobran especial sentido en el marco de su 20\u00b0 aniversario.<\/p>\n","protected":false},"author":2,"featured_media":2769,"comment_status":"open","ping_status":"open","sticky":false,"template":"","format":"standard","meta":[],"categories":[42],"tags":[],"_links":{"self":[{"href":"https:\/\/revistacampus.uandes.cl\/2020\/wp-json\/wp\/v2\/posts\/2768"}],"collection":[{"href":"https:\/\/revistacampus.uandes.cl\/2020\/wp-json\/wp\/v2\/posts"}],"about":[{"href":"https:\/\/revistacampus.uandes.cl\/2020\/wp-json\/wp\/v2\/types\/post"}],"author":[{"embeddable":true,"href":"https:\/\/revistacampus.uandes.cl\/2020\/wp-json\/wp\/v2\/users\/2"}],"replies":[{"embeddable":true,"href":"https:\/\/revistacampus.uandes.cl\/2020\/wp-json\/wp\/v2\/comments?post=2768"}],"version-history":[{"count":39,"href":"https:\/\/revistacampus.uandes.cl\/2020\/wp-json\/wp\/v2\/posts\/2768\/revisions"}],"predecessor-version":[{"id":4441,"href":"https:\/\/revistacampus.uandes.cl\/2020\/wp-json\/wp\/v2\/posts\/2768\/revisions\/4441"}],"wp:featuredmedia":[{"embeddable":true,"href":"https:\/\/revistacampus.uandes.cl\/2020\/wp-json\/wp\/v2\/media\/2769"}],"wp:attachment":[{"href":"https:\/\/revistacampus.uandes.cl\/2020\/wp-json\/wp\/v2\/media?parent=2768"}],"wp:term":[{"taxonomy":"category","embeddable":true,"href":"https:\/\/revistacampus.uandes.cl\/2020\/wp-json\/wp\/v2\/categories?post=2768"},{"taxonomy":"post_tag","embeddable":true,"href":"https:\/\/revistacampus.uandes.cl\/2020\/wp-json\/wp\/v2\/tags?post=2768"}],"curies":[{"name":"wp","href":"https:\/\/api.w.org\/{rel}","templated":true}]}}