{"id":2580,"date":"2020-08-24T16:31:03","date_gmt":"2020-08-24T20:31:03","guid":{"rendered":"http:\/\/revistacampus.uandes.cl\/2020\/?p=2580"},"modified":"2020-09-07T19:20:07","modified_gmt":"2020-09-07T22:20:07","slug":"destacados","status":"publish","type":"post","link":"https:\/\/revistacampus.uandes.cl\/2020\/destacados\/","title":{"rendered":"Destacados"},"content":{"rendered":"\n<p id=\"volver\"><strong><em>La incorporaci\u00f3n de la UANDES al Consejo de Rectores de Universidades Chilenas, un nuevo sistema de becas y el reconocimiento a quienes cumplieron 30 a\u00f1os en la Universidad forman parte de esta secci\u00f3n de breves.<\/em><\/strong><\/p>\n\n\n\n<h3>\u00cdndice de Destacados<\/h3>\n\n\n\n<div class=\"wp-block-columns\">\n<div class=\"wp-block-column\">\n<ul><li><a href=\"#incorporacion\">Incorporaci\u00f3n al CRUCh y CINDA<\/a><\/li><li><a href=\"#ingenieria\">Ingenier\u00eda fortalece lazos con el gremio y acredita su doctorado<\/a><\/li><li><a href=\"#pedagogia\">10 a\u00f1os de la Pedagog\u00eda Media para Licenciados<\/a><\/li><li><a href=\"#sitio\">Nuevo sitio web uandes.cl<\/a><\/li><li><a href=\"#jornadas\">XVI Jornadas Chilenas de Derecho Penal y Ciencias Penales<\/a><\/li><li><a href=\"#coach\">Coach de Design Thinking en Stanford<\/a><\/li><li><a href=\"#clinica\">Desarrollo de la Cl\u00ednica Universitaria<\/a><\/li><li><a href=\"#becas\">Nuevas becas UANDES<\/a><\/li><\/ul>\n<\/div>\n\n\n\n<div class=\"wp-block-column\">\n<ul><li><a href=\"#servicio\">30 a\u00f1os de servicio<\/a><\/li><li><a href=\"#cuida2\">Cuida2 para personas con discapacidad intelectual<\/a><\/li><li><a href=\"#fundacion\">Vicepresidencia de la Fundaci\u00f3n Juan Luis Mart\u00ednez<\/a><\/li><li><a href=\"#economia\">Encuentro de la Sociedad de Econom\u00eda de Chile<\/a><\/li><li><a href=\"#consorcio\">Consorcio internacional para conservar el patrimonio<\/a><\/li><li><a href=\"#premio\">Premio Excelencia Docente 2019<\/a><\/li><li><a href=\"#barril\">El Barril de Di\u00f3genes<\/a><\/li><\/ul>\n<\/div>\n<\/div>\n\n\n\n<div style=\"height:100px\" aria-hidden=\"true\" class=\"wp-block-spacer\"><\/div>\n\n\n\n<div class=\"wp-block-media-text alignfull has-media-on-the-right is-stacked-on-mobile is-vertically-aligned-center\"><figure class=\"wp-block-media-text__media\"><img loading=\"lazy\" width=\"982\" height=\"582\" src=\"http:\/\/revistacampus.uandes.cl\/2020\/wp-content\/uploads\/2020\/08\/Destacados-Incorporaci\u00f3n.jpg\" alt=\"\" class=\"wp-image-2586\" srcset=\"https:\/\/revistacampus.uandes.cl\/2020\/wp-content\/uploads\/2020\/08\/Destacados-Incorporaci\u00f3n.jpg 982w, https:\/\/revistacampus.uandes.cl\/2020\/wp-content\/uploads\/2020\/08\/Destacados-Incorporaci\u00f3n-300x178.jpg 300w, https:\/\/revistacampus.uandes.cl\/2020\/wp-content\/uploads\/2020\/08\/Destacados-Incorporaci\u00f3n-768x455.jpg 768w, https:\/\/revistacampus.uandes.cl\/2020\/wp-content\/uploads\/2020\/08\/Destacados-Incorporaci\u00f3n-480x284.jpg 480w\" sizes=\"(max-width: 982px) 100vw, 982px\" \/><\/figure><div class=\"wp-block-media-text__content\">\n<h3 id=\"incorporacion\">Incorporaci\u00f3n al CRUCH y CINDA<\/h3>\n\n\n\n<div class=\"wp-block-columns\">\n<div class=\"wp-block-column\">\n<hr class=\"wp-block-separator has-text-color has-background has-vivid-red-background-color has-vivid-red-color is-style-wide\"\/>\n<\/div>\n\n\n\n<div class=\"wp-block-column\"><\/div>\n\n\n\n<div class=\"wp-block-column\"><\/div>\n<\/div>\n\n\n\n<p class=\"has-normal-font-size\">\u201cValoramos la oportunidad de sumarnos a este lugar de encuentro, especialmente, en estos momentos en que tanto necesitamos ideas y colaboraci\u00f3n\u201d, destac\u00f3 el Rector Jos\u00e9 Antonio Guzm\u00e1n al ser <a rel=\"noreferrer noopener\" href=\"https:\/\/www.uandes.cl\/noticias\/universidad-de-los-andes-se-incorpora-oficialmente-al-cruch\/\" target=\"_blank\">incorporado oficialmente como 30\u00b0 miembro del Consejo de Rectores de Universidades Chilenas (CRUCh)<\/a>, en el mismo a\u00f1o del 30\u00b0 aniversario de esta casa de estudios. La Universidad tambi\u00e9n fue <a rel=\"noreferrer noopener\" href=\"https:\/\/www.uandes.cl\/noticias\/uandes-se-integra-al-cinda\/\" target=\"_blank\">aceptada como integrante del Centro Interuniversitario de Desarrollo, CINDA<\/a>, corporaci\u00f3n internacional reconocida por la UNESCO y el Estado de Chile para establecer redes de colaboraci\u00f3n entre instituciones de educaci\u00f3n superior, particularmente, de Latinoam\u00e9rica, Espa\u00f1a e Italia.<\/p>\n\n\n\n<p><a href=\"#volver\">Volver<\/a><\/p>\n<\/div><\/div>\n\n\n\n<div style=\"height:100px\" aria-hidden=\"true\" id=\"ingenieria\" class=\"wp-block-spacer\"><\/div>\n\n\n\n<div class=\"wp-block-media-text alignfull is-stacked-on-mobile is-vertically-aligned-center\"><figure class=\"wp-block-media-text__media\"><img loading=\"lazy\" width=\"776\" height=\"582\" src=\"http:\/\/revistacampus.uandes.cl\/2020\/wp-content\/uploads\/2020\/08\/Destacado-Facu-Ingenier\u00eda.jpg\" alt=\"\" class=\"wp-image-2601\" srcset=\"https:\/\/revistacampus.uandes.cl\/2020\/wp-content\/uploads\/2020\/08\/Destacado-Facu-Ingenier\u00eda.jpg 776w, https:\/\/revistacampus.uandes.cl\/2020\/wp-content\/uploads\/2020\/08\/Destacado-Facu-Ingenier\u00eda-300x225.jpg 300w, https:\/\/revistacampus.uandes.cl\/2020\/wp-content\/uploads\/2020\/08\/Destacado-Facu-Ingenier\u00eda-768x576.jpg 768w, https:\/\/revistacampus.uandes.cl\/2020\/wp-content\/uploads\/2020\/08\/Destacado-Facu-Ingenier\u00eda-480x360.jpg 480w\" sizes=\"(max-width: 776px) 100vw, 776px\" \/><\/figure><div class=\"wp-block-media-text__content\">\n<h3>Ingenier\u00eda fortalece lazos con el gremio y acredita su doctorado<\/h3>\n\n\n\n<div class=\"wp-block-columns\">\n<div class=\"wp-block-column\">\n<hr class=\"wp-block-separator has-text-color has-background has-vivid-red-background-color has-vivid-red-color is-style-wide\"\/>\n<\/div>\n\n\n\n<div class=\"wp-block-column\"><\/div>\n\n\n\n<div class=\"wp-block-column\"><\/div>\n<\/div>\n\n\n\n<p class=\"has-normal-font-size\">La Facultad de Ingenier\u00eda y Ciencias Aplicadas pas\u00f3 a ser miembro del <a rel=\"noreferrer noopener\" href=\"http:\/\/www.iing.cl\/\" target=\"_blank\">Instituto de Ingenieros de Chile<\/a>, lo que significa que podr\u00e1n ingresar como socios los estudiantes de los \u00faltimos cuatro semestres, los egresados no titulados y los titulados de Ingenier\u00eda Civil. Esta importante noticia se suma a la entregada por la <a rel=\"noreferrer noopener\" href=\"https:\/\/www.cnachile.cl\/Paginas\/Inicio.aspx\" target=\"_blank\">CNA<\/a>, que <a rel=\"noreferrer noopener\" href=\"https:\/\/www.uandes.cl\/noticias\/cna-acredita-doctorado-en-ciencias-de-la-ingenieria-uandes\/\" target=\"_blank\">acredit\u00f3 por un per\u00edodo de dos a\u00f1os el Doctorado en Ciencias de la Ingenier\u00eda<\/a>, hasta abril de 2022. \u201cEsto nos prestigia como unidad acad\u00e9mica al reconocer la calidad de nuestro trabajo\u201d, se\u00f1al\u00f3 el decano Patrick Horn, agradeciendo el esfuerzo que hacen los integrantes de la Facultad para alcanzar estos logros.<\/p>\n\n\n\n<p><a href=\"http:\/\/revistacampus.uandes.cl\/2020\/destacados\/#volver\">Volver<\/a><\/p>\n<\/div><\/div>\n\n\n\n<div style=\"height:100px\" aria-hidden=\"true\" id=\"pedagogia\" class=\"wp-block-spacer\"><\/div>\n\n\n\n<div class=\"wp-block-media-text alignfull has-media-on-the-right is-stacked-on-mobile is-vertically-aligned-center\"><figure class=\"wp-block-media-text__media\"><img loading=\"lazy\" width=\"1024\" height=\"840\" src=\"http:\/\/revistacampus.uandes.cl\/2020\/wp-content\/uploads\/2020\/09\/Solange-Favereau-scaled-e1599236400608-1024x840.jpg\" alt=\"\" class=\"wp-image-3985\" srcset=\"https:\/\/revistacampus.uandes.cl\/2020\/wp-content\/uploads\/2020\/09\/Solange-Favereau-scaled-e1599236400608-1024x840.jpg 1024w, https:\/\/revistacampus.uandes.cl\/2020\/wp-content\/uploads\/2020\/09\/Solange-Favereau-scaled-e1599236400608-300x246.jpg 300w, https:\/\/revistacampus.uandes.cl\/2020\/wp-content\/uploads\/2020\/09\/Solange-Favereau-scaled-e1599236400608-768x630.jpg 768w, https:\/\/revistacampus.uandes.cl\/2020\/wp-content\/uploads\/2020\/09\/Solange-Favereau-scaled-e1599236400608-1536x1260.jpg 1536w, https:\/\/revistacampus.uandes.cl\/2020\/wp-content\/uploads\/2020\/09\/Solange-Favereau-scaled-e1599236400608-480x394.jpg 480w, https:\/\/revistacampus.uandes.cl\/2020\/wp-content\/uploads\/2020\/09\/Solange-Favereau-scaled-e1599236400608.jpg 1708w\" sizes=\"(max-width: 1024px) 100vw, 1024px\" \/><\/figure><div class=\"wp-block-media-text__content\">\n<h3>10 a\u00f1os de la Pedagog\u00eda Media para Licenciados<\/h3>\n\n\n\n<div class=\"wp-block-columns\">\n<div class=\"wp-block-column\">\n<hr class=\"wp-block-separator has-text-color has-background has-vivid-red-background-color has-vivid-red-color is-style-wide\"\/>\n<\/div>\n\n\n\n<div class=\"wp-block-column\"><\/div>\n\n\n\n<div class=\"wp-block-column\"><\/div>\n<\/div>\n\n\n\n<p>En esta primera d\u00e9cada, el programa ha formado a m\u00e1s de 400 profesores de ense\u00f1anza media, aportando educaci\u00f3n de calidad para nuestros j\u00f3venes. Impartido por la <a rel=\"noreferrer noopener\" href=\"https:\/\/www.uandes.cl\/facultad\/facultad-de-educacion\/\" target=\"_blank\">Facultad de Educaci\u00f3n<\/a>, dura un a\u00f1o y prepara a profesionales en diferentes disciplinas para ser docentes de las distintas asignaturas de la Educaci\u00f3n Media. \u201cForjar buenos profesores es una buena noticia siempre y una gran responsabilidad, con esto nos jugamos el destino de un pa\u00eds\u201d, afirma <a rel=\"noreferrer noopener\" href=\"https:\/\/www.uandes.cl\/personas\/solange-favereau-correa-2\/\" target=\"_blank\">Solange Favereau<\/a>, su directora (en la imagen).<br><a rel=\"noreferrer noopener\" href=\"https:\/\/www.uandes.cl\/carrera\/escuela-de-pedagogia-media\/\" target=\"_blank\"><strong>Ver m\u00e1s sobre Pedagog\u00eda Media para Licenciados<\/strong><\/a><\/p>\n\n\n\n<p><a href=\"http:\/\/revistacampus.uandes.cl\/2020\/destacados\/#volver\">Volver<\/a><\/p>\n<\/div><\/div>\n\n\n\n<div style=\"height:100px\" aria-hidden=\"true\" id=\"sitio\" class=\"wp-block-spacer\"><\/div>\n\n\n\n<div class=\"wp-block-media-text alignfull is-stacked-on-mobile is-vertically-aligned-center\"><figure class=\"wp-block-media-text__media\"><img loading=\"lazy\" width=\"1024\" height=\"575\" src=\"http:\/\/revistacampus.uandes.cl\/2020\/wp-content\/uploads\/2020\/08\/Destacados-Con\u00e9ctate-1024x575.jpg\" alt=\"\" class=\"wp-image-2630\" srcset=\"https:\/\/revistacampus.uandes.cl\/2020\/wp-content\/uploads\/2020\/08\/Destacados-Con\u00e9ctate-1024x575.jpg 1024w, https:\/\/revistacampus.uandes.cl\/2020\/wp-content\/uploads\/2020\/08\/Destacados-Con\u00e9ctate-300x168.jpg 300w, https:\/\/revistacampus.uandes.cl\/2020\/wp-content\/uploads\/2020\/08\/Destacados-Con\u00e9ctate-768x431.jpg 768w, https:\/\/revistacampus.uandes.cl\/2020\/wp-content\/uploads\/2020\/08\/Destacados-Con\u00e9ctate-480x269.jpg 480w, https:\/\/revistacampus.uandes.cl\/2020\/wp-content\/uploads\/2020\/08\/Destacados-Con\u00e9ctate.jpg 1037w\" sizes=\"(max-width: 1024px) 100vw, 1024px\" \/><\/figure><div class=\"wp-block-media-text__content\">\n<h3>Nuevo sitio web uandes.cl<\/h3>\n\n\n\n<div class=\"wp-block-columns\">\n<div class=\"wp-block-column\">\n<hr class=\"wp-block-separator has-text-color has-background has-vivid-red-background-color has-vivid-red-color is-style-wide\"\/>\n<\/div>\n\n\n\n<div class=\"wp-block-column\"><\/div>\n\n\n\n<div class=\"wp-block-column\"><\/div>\n<\/div>\n\n\n\n<p>En el marco del 30\u00b0 aniversario de la Universidad, la Direcci\u00f3n de Comunicaciones lanz\u00f3 una nueva versi\u00f3n del <a rel=\"noreferrer noopener\" href=\"https:\/\/www.uandes.cl\/\" target=\"_blank\">sitio web institucional<\/a>. Desarrollado en una plataforma m\u00e1s moderna y de f\u00e1cil navegaci\u00f3n, su contenido din\u00e1mico mejora los resultados org\u00e1nicos en los motores de b\u00fasqueda, se adapta a todo tipo de pantallas y cuenta con una gr\u00e1fica acorde a las tendencias mundiales. El sitio se mantiene en constante actualizaci\u00f3n, integrando nuevas tecnolog\u00edas, para mejorar la experiencia del usuario y facilitar el acceso a la informaci\u00f3n.<\/p>\n\n\n\n<p><a href=\"http:\/\/revistacampus.uandes.cl\/2020\/destacados\/#volver\">Volver<\/a><\/p>\n<\/div><\/div>\n\n\n\n<div style=\"height:100px\" aria-hidden=\"true\" id=\"jornadas\" class=\"wp-block-spacer\"><\/div>\n\n\n\n<div class=\"wp-block-media-text alignfull has-media-on-the-right is-stacked-on-mobile is-vertically-aligned-center\"><figure class=\"wp-block-media-text__media\"><img loading=\"lazy\" width=\"768\" height=\"576\" src=\"http:\/\/revistacampus.uandes.cl\/2020\/wp-content\/uploads\/2020\/08\/Destacado-Derecho.jpg\" alt=\"\" class=\"wp-image-2640\" srcset=\"https:\/\/revistacampus.uandes.cl\/2020\/wp-content\/uploads\/2020\/08\/Destacado-Derecho.jpg 768w, https:\/\/revistacampus.uandes.cl\/2020\/wp-content\/uploads\/2020\/08\/Destacado-Derecho-300x225.jpg 300w, https:\/\/revistacampus.uandes.cl\/2020\/wp-content\/uploads\/2020\/08\/Destacado-Derecho-480x360.jpg 480w\" sizes=\"(max-width: 768px) 100vw, 768px\" \/><\/figure><div class=\"wp-block-media-text__content\">\n<h3>XVI Jornadas Chilenas de Derecho Penal y Ciencias Penales<\/h3>\n\n\n\n<div class=\"wp-block-columns\">\n<div class=\"wp-block-column\">\n<hr class=\"wp-block-separator has-text-color has-background has-vivid-red-background-color has-vivid-red-color is-style-wide\"\/>\n<\/div>\n\n\n\n<div class=\"wp-block-column\"><\/div>\n\n\n\n<div class=\"wp-block-column\"><\/div>\n<\/div>\n\n\n\n<p>Esta \u00faltima versi\u00f3n, organizada por el <strong>Departamento de Derecho Penal UANDES<\/strong>, cont\u00f3 con la participaci\u00f3n del catedr\u00e1tico y vicerrector de ordenanza acad\u00e9mica de la <a rel=\"noreferrer noopener\" href=\"https:\/\/www.unav.edu\/\" target=\"_blank\">Universidad de Navarra<\/a>, <a rel=\"noreferrer noopener\" href=\"https:\/\/www.unav.edu\/web\/investigacion\/nuestros-investigadores\/detalle-investigadores-cv?investigadorId=24870&amp;investigador=S%C3%A1nchez-ostiz%20Guti%C3%A9rrez,%20Pablo\" target=\"_blank\">Pablo S\u00e1nchez Ostiz<\/a> y del destacado penalista norteamericano <a rel=\"noreferrer noopener\" href=\"https:\/\/law.illinois.edu\/faculty-research\/faculty-profiles\/michael-s-moore\/\" target=\"_blank\">Michael S. Moore<\/a> (segundo de derecha a izquierda), entre otros. El arte tambi\u00e9n estuvo presente de la mano del egresado de Derecho, Gonzalo Miralles, quien con su obra plasm\u00f3 la triste realidad de la c\u00e1rcel como un eventual resultado de los procesos relacionados al Derecho Penal, que afecta a grupos muy vulnerables de nuestra sociedad.<br><a rel=\"noreferrer noopener\" href=\"https:\/\/www.uandes.cl\/noticias\/xvi-jornadas-chilenas-de-derecho-penal-y-ciencias-penales\/\" target=\"_blank\">Ver m\u00e1s<\/a><\/p>\n\n\n\n<p><a href=\"http:\/\/revistacampus.uandes.cl\/2020\/destacados\/#volver\">Volver<\/a><\/p>\n<\/div><\/div>\n\n\n\n<div style=\"height:100px\" aria-hidden=\"true\" id=\"coach\" class=\"wp-block-spacer\"><\/div>\n\n\n\n<div class=\"wp-block-media-text alignfull is-stacked-on-mobile is-vertically-aligned-center\"><figure class=\"wp-block-media-text__media\"><img loading=\"lazy\" width=\"873\" height=\"582\" src=\"http:\/\/revistacampus.uandes.cl\/2020\/wp-content\/uploads\/2020\/08\/Destacado-DesignT.jpg\" alt=\"\" class=\"wp-image-2647\" srcset=\"https:\/\/revistacampus.uandes.cl\/2020\/wp-content\/uploads\/2020\/08\/Destacado-DesignT.jpg 873w, https:\/\/revistacampus.uandes.cl\/2020\/wp-content\/uploads\/2020\/08\/Destacado-DesignT-300x200.jpg 300w, https:\/\/revistacampus.uandes.cl\/2020\/wp-content\/uploads\/2020\/08\/Destacado-DesignT-768x512.jpg 768w, https:\/\/revistacampus.uandes.cl\/2020\/wp-content\/uploads\/2020\/08\/Destacado-DesignT-720x480.jpg 720w, https:\/\/revistacampus.uandes.cl\/2020\/wp-content\/uploads\/2020\/08\/Destacado-DesignT-480x320.jpg 480w\" sizes=\"(max-width: 873px) 100vw, 873px\" \/><\/figure><div class=\"wp-block-media-text__content\">\n<h3>Coach de Design Thinking en Stanford<\/h3>\n\n\n\n<div class=\"wp-block-columns\">\n<div class=\"wp-block-column\">\n<hr class=\"wp-block-separator has-text-color has-background has-vivid-red-background-color has-vivid-red-color is-style-wide\"\/>\n<\/div>\n\n\n\n<div class=\"wp-block-column\"><\/div>\n\n\n\n<div class=\"wp-block-column\"><\/div>\n<\/div>\n\n\n\n<p><a rel=\"noreferrer noopener\" href=\"https:\/\/www.uandes.cl\/personas\/felipe-wilson-leon\/\" target=\"_blank\">Felipe Wilson<\/a>, acad\u00e9mico de la <a rel=\"noreferrer noopener\" href=\"https:\/\/www.uandes.cl\/carrera\/administracion-de-servicios\/\" target=\"_blank\">Escuela de Administraci\u00f3n de Servicios<\/a> (al centro en la imagen), fue invitado a participar como&nbsp;<em>coach<\/em>&nbsp;en el curso \u201cTeaching and Learning Studio en&nbsp;<em>University Innovation Fellows<\/em>, un pro-grama que depende de&nbsp;<em><a rel=\"noreferrer noopener\" href=\"https:\/\/dschool.stanford.edu\/\" target=\"_blank\">Stanford d.school<\/a><\/em>, uno de los centros m\u00e1s importantes a nivel mundial para la investigaci\u00f3n, desarrollo y ense\u00f1anza de la metodolog\u00eda de&nbsp;<em>Design Thinking<\/em>. Durante una semana tuvo la oportunidad de compartir con profesores y facultativos de todo el mundo, y de conocer la forma que tiene <a rel=\"noreferrer noopener\" href=\"https:\/\/www.stanford.edu\/\" target=\"_blank\">Stanford<\/a> para planificar y ejecutar talleres de este tipo, los que se pretende aplicar en la UANDES.<\/p>\n\n\n\n<p><a href=\"http:\/\/revistacampus.uandes.cl\/2020\/destacados\/#volver\">Volver<\/a><\/p>\n<\/div><\/div>\n\n\n\n<div style=\"height:100px\" aria-hidden=\"true\" id=\"clinica\" class=\"wp-block-spacer\"><\/div>\n\n\n\n<div class=\"wp-block-media-text alignfull has-media-on-the-right is-stacked-on-mobile is-vertically-aligned-center\"><figure class=\"wp-block-media-text__media\"><img loading=\"lazy\" width=\"879\" height=\"581\" src=\"http:\/\/revistacampus.uandes.cl\/2020\/wp-content\/uploads\/2020\/08\/Destacado-Clinica.jpg\" alt=\"\" class=\"wp-image-2663\" srcset=\"https:\/\/revistacampus.uandes.cl\/2020\/wp-content\/uploads\/2020\/08\/Destacado-Clinica.jpg 879w, https:\/\/revistacampus.uandes.cl\/2020\/wp-content\/uploads\/2020\/08\/Destacado-Clinica-300x198.jpg 300w, https:\/\/revistacampus.uandes.cl\/2020\/wp-content\/uploads\/2020\/08\/Destacado-Clinica-768x508.jpg 768w, https:\/\/revistacampus.uandes.cl\/2020\/wp-content\/uploads\/2020\/08\/Destacado-Clinica-480x317.jpg 480w\" sizes=\"(max-width: 879px) 100vw, 879px\" \/><\/figure><div class=\"wp-block-media-text__content\">\n<h3>Desarrollo de la Cl\u00ednica Universitaria<\/h3>\n\n\n\n<div class=\"wp-block-columns\">\n<div class=\"wp-block-column\">\n<hr class=\"wp-block-separator has-text-color has-background has-vivid-red-background-color has-vivid-red-color is-style-wide\"\/>\n<\/div>\n\n\n\n<div class=\"wp-block-column\"><\/div>\n\n\n\n<div class=\"wp-block-column\"><\/div>\n<\/div>\n\n\n\n<p>2019 fue un a\u00f1o de crecimiento para la <a rel=\"noreferrer noopener\" href=\"https:\/\/www.clinicauandes.cl\/\" target=\"_blank\">Cl\u00ednica Universidad de los Andes<\/a>, que alcanz\u00f3 las 120 camas. Se oficializ\u00f3 la apertura del 6\u00b0 piso, espacio de m\u00e1s de 1.100 m2 con 16 consultas, en las que se distribuyen especialidades de neurocirug\u00eda, reumatolog\u00eda, fisiatr\u00eda y tratamiento del dolor, adem\u00e1s del <a rel=\"noreferrer noopener\" href=\"https:\/\/www.clinicauandes.cl\/centros-y-programas\/centros\/centro-de-columna\" target=\"_blank\">Centro de Columna<\/a> y el primer <a rel=\"noreferrer noopener\" href=\"https:\/\/www.clinicauandes.cl\/centros-y-programas\/centros\/centro-de-tobillo-y-pie\" target=\"_blank\">Centro de Tobillo y Pie<\/a> de Latinoam\u00e9rica. Se inaugur\u00f3 el <a rel=\"noreferrer noopener\" href=\"https:\/\/www.clinicauandes.cl\/centros-y-programas\/centros\/centro-de-oido\" target=\"_blank\">Centro de O\u00eddo<\/a>, donde se atienden desde infecciones hasta casos complejos, como implante coclear, y abri\u00f3 sus puertas el \u00e1rea de <a rel=\"noreferrer noopener\" href=\"https:\/\/www.clinicauandes.cl\/noticia\/2019\/10\/07\/inauguracion-hospitalizacion-transitoria\" target=\"_blank\">Hospitalizaci\u00f3n Transitoria<\/a> con 12 habitaciones, cuatro de ellas destinadas a Oncolog\u00eda, servicio que se proyecta como un nuevo centro de referencia nacional.<\/p>\n\n\n\n<p><a href=\"http:\/\/revistacampus.uandes.cl\/2020\/destacados\/#volver\">Volver<\/a><\/p>\n<\/div><\/div>\n\n\n\n<div style=\"height:100px\" aria-hidden=\"true\" id=\"becas\" class=\"wp-block-spacer\"><\/div>\n\n\n\n<div class=\"wp-block-media-text alignfull is-stacked-on-mobile is-vertically-aligned-center\"><figure class=\"wp-block-media-text__media\"><img loading=\"lazy\" width=\"873\" height=\"582\" src=\"http:\/\/revistacampus.uandes.cl\/2020\/wp-content\/uploads\/2020\/08\/Destacados-Becas.jpg\" alt=\"\" class=\"wp-image-2677\" srcset=\"https:\/\/revistacampus.uandes.cl\/2020\/wp-content\/uploads\/2020\/08\/Destacados-Becas.jpg 873w, https:\/\/revistacampus.uandes.cl\/2020\/wp-content\/uploads\/2020\/08\/Destacados-Becas-300x200.jpg 300w, https:\/\/revistacampus.uandes.cl\/2020\/wp-content\/uploads\/2020\/08\/Destacados-Becas-768x512.jpg 768w, https:\/\/revistacampus.uandes.cl\/2020\/wp-content\/uploads\/2020\/08\/Destacados-Becas-720x480.jpg 720w, https:\/\/revistacampus.uandes.cl\/2020\/wp-content\/uploads\/2020\/08\/Destacados-Becas-480x320.jpg 480w\" sizes=\"(max-width: 873px) 100vw, 873px\" \/><\/figure><div class=\"wp-block-media-text__content\">\n<h3>Nuevas Becas UANDES<\/h3>\n\n\n\n<div class=\"wp-block-columns\">\n<div class=\"wp-block-column\">\n<hr class=\"wp-block-separator has-text-color has-background has-vivid-red-background-color has-vivid-red-color is-style-wide\"\/>\n<\/div>\n\n\n\n<div class=\"wp-block-column\"><\/div>\n\n\n\n<div class=\"wp-block-column\"><\/div>\n<\/div>\n\n\n\n<p>Con el objetivo de atraer a alumnos talentosos y entregar m\u00e1s y mejores oportunidades para quienes deseen estudiar en la Universidad de los Andes, la <a rel=\"noreferrer noopener\" href=\"https:\/\/admision.uandes.cl\/\" target=\"_blank\">Direcci\u00f3n de Admisi\u00f3n y Promoci\u00f3n<\/a> present\u00f3 un <a rel=\"noreferrer noopener\" href=\"https:\/\/www.uandes.cl\/noticias\/nuevas-becas-uandes-mas-y-mejores-oportunidades-para-alumnos-talentosos\/\" target=\"_blank\">nuevo programa de Becas<\/a> para el proceso de admisi\u00f3n 2020. Se simplific\u00f3 el sistema, al reducir de 15 a cinco los tipos de beca; se flexibiliz\u00f3 la postulaci\u00f3n; se mejor\u00f3 la administraci\u00f3n, servicio y apoyo para el alumno becado; se optimizaron los beneficios para colegios p\u00fablicos y subvencionados y se crearon becas con cobertura total para toda la carrera, m\u00e1s un semestre de gracia, adem\u00e1s de una mensualidad para transporte, alimentaci\u00f3n y fotocopias.<br><a rel=\"noreferrer noopener\" href=\"https:\/\/admision.uandes.cl\/becas\/\" target=\"_blank\">Becas para alumnos nuevos <\/a><br><a rel=\"noreferrer noopener\" href=\"https:\/\/www.uandes.cl\/alumnos\/becas-y-creditos\/\" target=\"_blank\">Becas para alumnos antiguos<\/a><\/p>\n\n\n\n<p><a href=\"http:\/\/revistacampus.uandes.cl\/2020\/destacados\/#volver\">Volver<\/a><\/p>\n<\/div><\/div>\n\n\n\n<div style=\"height:100px\" aria-hidden=\"true\" id=\"servicio\" class=\"wp-block-spacer\"><\/div>\n\n\n\n<div class=\"wp-block-media-text alignfull has-media-on-the-right is-stacked-on-mobile is-vertically-aligned-center\"><figure class=\"wp-block-media-text__media\"><img loading=\"lazy\" width=\"850\" height=\"1024\" src=\"http:\/\/revistacampus.uandes.cl\/2020\/wp-content\/uploads\/2020\/08\/destacados-servicio-850x1024.jpg\" alt=\"\" class=\"wp-image-4067\" srcset=\"https:\/\/revistacampus.uandes.cl\/2020\/wp-content\/uploads\/2020\/08\/destacados-servicio-850x1024.jpg 850w, https:\/\/revistacampus.uandes.cl\/2020\/wp-content\/uploads\/2020\/08\/destacados-servicio-249x300.jpg 249w, https:\/\/revistacampus.uandes.cl\/2020\/wp-content\/uploads\/2020\/08\/destacados-servicio-768x925.jpg 768w, https:\/\/revistacampus.uandes.cl\/2020\/wp-content\/uploads\/2020\/08\/destacados-servicio-1275x1536.jpg 1275w, https:\/\/revistacampus.uandes.cl\/2020\/wp-content\/uploads\/2020\/08\/destacados-servicio-1700x2048.jpg 1700w, https:\/\/revistacampus.uandes.cl\/2020\/wp-content\/uploads\/2020\/08\/destacados-servicio-480x578.jpg 480w, https:\/\/revistacampus.uandes.cl\/2020\/wp-content\/uploads\/2020\/08\/destacados-servicio.jpg 2000w\" sizes=\"(max-width: 850px) 100vw, 850px\" \/><\/figure><div class=\"wp-block-media-text__content\">\n<h3>30 a\u00f1os de servicio<\/h3>\n\n\n\n<div class=\"wp-block-columns\">\n<div class=\"wp-block-column\">\n<hr class=\"wp-block-separator has-text-color has-background has-vivid-red-background-color has-vivid-red-color is-style-wide\"\/>\n<\/div>\n\n\n\n<div class=\"wp-block-column\"><\/div>\n\n\n\n<div class=\"wp-block-column\"><\/div>\n<\/div>\n\n\n\n<p>Este a\u00f1o se entrega, por primera vez, la Medalla 30 a\u00f1os <a rel=\"noreferrer noopener\" href=\"https:\/\/www.uandes.cl\/\" target=\"_blank\">Universidad de los Andes<\/a>, un reconocimiento a quienes han dado lo mejor de s\u00ed para sacar adelante este proyecto educativo durante tres d\u00e9cadas. <strong>Jaime Olivos Soto<\/strong>, tesorero general de la Direcci\u00f3n de Finanzas hasta septiembre de 2020; <strong>Sergio Ayala Toro<\/strong>, jefe administrativo del <a rel=\"noreferrer noopener\" href=\"https:\/\/saluduandes.cl\/\" target=\"_blank\">Centro de Salud UANDES<\/a> en San Bernardo; y <strong>Jorge Pe\u00f1a Vial<\/strong>, decano de la <a rel=\"noreferrer noopener\" href=\"https:\/\/www.uandes.cl\/facultad\/facultad-de-filosofia-y-humanidades\/\" target=\"_blank\">Facultad de Filosof\u00eda y Humanidades<\/a> y miembro fundador de esta casa de estudios, son las primeras personas en recibir esta distinci\u00f3n. <strong>\u00a1Muchas gracias por su compromiso!<\/strong><\/p>\n\n\n\n<p><a href=\"http:\/\/revistacampus.uandes.cl\/2020\/destacados\/#volver\">Volver<\/a><\/p>\n<\/div><\/div>\n\n\n\n<div style=\"height:100px\" aria-hidden=\"true\" id=\"cuida2\" class=\"wp-block-spacer\"><\/div>\n\n\n\n<div class=\"wp-block-media-text alignfull is-stacked-on-mobile is-vertically-aligned-center\"><figure class=\"wp-block-media-text__media\"><img loading=\"lazy\" width=\"873\" height=\"582\" src=\"http:\/\/revistacampus.uandes.cl\/2020\/wp-content\/uploads\/2020\/08\/Destacado-Discapacidad.jpg\" alt=\"\" class=\"wp-image-2708\" srcset=\"https:\/\/revistacampus.uandes.cl\/2020\/wp-content\/uploads\/2020\/08\/Destacado-Discapacidad.jpg 873w, https:\/\/revistacampus.uandes.cl\/2020\/wp-content\/uploads\/2020\/08\/Destacado-Discapacidad-300x200.jpg 300w, https:\/\/revistacampus.uandes.cl\/2020\/wp-content\/uploads\/2020\/08\/Destacado-Discapacidad-768x512.jpg 768w, https:\/\/revistacampus.uandes.cl\/2020\/wp-content\/uploads\/2020\/08\/Destacado-Discapacidad-720x480.jpg 720w, https:\/\/revistacampus.uandes.cl\/2020\/wp-content\/uploads\/2020\/08\/Destacado-Discapacidad-480x320.jpg 480w\" sizes=\"(max-width: 873px) 100vw, 873px\" \/><\/figure><div class=\"wp-block-media-text__content\">\n<h3>Cuida2 para personas con discapacidad intelectual<\/h3>\n\n\n\n<div class=\"wp-block-columns\">\n<div class=\"wp-block-column\">\n<hr class=\"wp-block-separator has-text-color has-background has-vivid-red-background-color has-vivid-red-color is-style-wide\"\/>\n<\/div>\n\n\n\n<div class=\"wp-block-column\"><\/div>\n\n\n\n<div class=\"wp-block-column\"><\/div>\n<\/div>\n\n\n\n<p><a rel=\"noreferrer noopener\" href=\"https:\/\/www.uandes.cl\/noticias\/uandes-y-fundacion-aninat-trabajan-para-mejorar-calidad-de-vida-de-personas-con-discapacidad-intelectual\/\" target=\"_blank\">El programa Cuida2 es el resultado del convenio entre la Escuela de Psicolog\u00eda y la Fundaci\u00f3n Isabel Aninat<\/a>, y cuenta con el apoyo de la <a rel=\"noreferrer noopener\" href=\"https:\/\/innovacion.uandes.cl\/\" target=\"_blank\">Direcci\u00f3n de Innovaci\u00f3n<\/a>. Es un programa de formaci\u00f3n que capacita a cuidadores de personas con discapacidad intelectual (DI) y les entrega las herramientas necesarias para que puedan desenvolverse en distintos contextos y realidades. Su objetivo es mejorar la calidad de vida de las personas con DI y sus familias, pero tambi\u00e9n la de sus cuidadores, form\u00e1ndolos en \u00e1reas como el rol del cuidador, promoci\u00f3n de derechos y autonom\u00eda, cuidado asistencial, manejo general de condiciones m\u00e9dicas y autocuidado. Incorpora, adem\u00e1s, un sistema de medici\u00f3n para recoger evidencia sobre su impacto.<\/p>\n\n\n\n<p><a href=\"http:\/\/revistacampus.uandes.cl\/2020\/destacados\/#volver\">Volver<\/a><\/p>\n<\/div><\/div>\n\n\n\n<div style=\"height:100px\" aria-hidden=\"true\" id=\"fundacion\" class=\"wp-block-spacer\"><\/div>\n\n\n\n<div class=\"wp-block-media-text alignfull has-media-on-the-right is-stacked-on-mobile is-vertically-aligned-center\"><figure class=\"wp-block-media-text__media\"><img loading=\"lazy\" width=\"873\" height=\"582\" src=\"http:\/\/revistacampus.uandes.cl\/2020\/wp-content\/uploads\/2020\/08\/Destacado-Zenaida-Suarez.jpg\" alt=\"\" class=\"wp-image-2714\" srcset=\"https:\/\/revistacampus.uandes.cl\/2020\/wp-content\/uploads\/2020\/08\/Destacado-Zenaida-Suarez.jpg 873w, https:\/\/revistacampus.uandes.cl\/2020\/wp-content\/uploads\/2020\/08\/Destacado-Zenaida-Suarez-300x200.jpg 300w, https:\/\/revistacampus.uandes.cl\/2020\/wp-content\/uploads\/2020\/08\/Destacado-Zenaida-Suarez-768x512.jpg 768w, https:\/\/revistacampus.uandes.cl\/2020\/wp-content\/uploads\/2020\/08\/Destacado-Zenaida-Suarez-720x480.jpg 720w, https:\/\/revistacampus.uandes.cl\/2020\/wp-content\/uploads\/2020\/08\/Destacado-Zenaida-Suarez-480x320.jpg 480w\" sizes=\"(max-width: 873px) 100vw, 873px\" \/><\/figure><div class=\"wp-block-media-text__content\">\n<h3>Vicepresidencia de la Fundaci\u00f3n Juan Luis Mart\u00ednez<\/h3>\n\n\n\n<div class=\"wp-block-columns\">\n<div class=\"wp-block-column\">\n<hr class=\"wp-block-separator has-text-color has-background has-vivid-red-background-color has-vivid-red-color is-style-wide\"\/>\n<\/div>\n\n\n\n<div class=\"wp-block-column\"><\/div>\n\n\n\n<div class=\"wp-block-column\"><\/div>\n<\/div>\n\n\n\n<p>En 2019, la acad\u00e9mica del <a rel=\"noreferrer noopener\" href=\"https:\/\/www.uandes.cl\/carrera\/instituto-de-literatura\/\" target=\"_blank\">Instituto de Literatura<\/a> <a rel=\"noreferrer noopener\" href=\"https:\/\/www.uandes.cl\/personas\/zenaida-suarez-mayor\/\" target=\"_blank\">Zenaida Su\u00e1rez<\/a> fue nombrada vicepresidenta de esta fundaci\u00f3n, creada con el \u00e1nimo salvaguardar la obra del artista visual y poeta porte\u00f1o. Asimismo, se firm\u00f3 un acuerdo para realizar la <a rel=\"noreferrer noopener\" href=\"https:\/\/www.uandes.cl\/noticias\/zenaida-suarez-es-nombrada-vicepresidenta-de-la-fundacion-juan-luis-martinez\/\" target=\"_blank\">C\u00e1tedra de Literatura Chilena Juan Luis Mart\u00ednez<\/a>, dependiente de la <a rel=\"noreferrer noopener\" href=\"https:\/\/www.uandes.cl\/facultad\/facultad-de-filosofia-y-humanidades\/\" target=\"_blank\">Facultad de Filosof\u00eda y Humanidades<\/a>, cuya finalidad es realizar actividades de di-fusi\u00f3n e investigaci\u00f3n en temas relacionados con la obra del autor y la literatura chilena en general. Adem\u00e1s, se realiz\u00f3 el <a rel=\"noreferrer noopener\" href=\"https:\/\/www.uandes.cl\/eventos\/simposio-internacional-juan-luis-martinez-analisis-dialogos-y-relecturas\/\" target=\"_blank\">Simposio Internacional Juan Luis Mart\u00ednez<\/a>: An\u00e1lisis, di\u00e1logos y relecturas, y se present\u00f3 el libro <em>Palabras ya escritas<\/em>. <em>Relecturas de la nueva novela de Juan Luis Mart\u00ednez<\/em>.<\/p>\n\n\n\n<p><a href=\"http:\/\/revistacampus.uandes.cl\/2020\/destacados\/#volver\">Volver<\/a><\/p>\n<\/div><\/div>\n\n\n\n<div style=\"height:100px\" aria-hidden=\"true\" id=\"economia\" class=\"wp-block-spacer\"><\/div>\n\n\n\n<div class=\"wp-block-media-text alignfull is-stacked-on-mobile is-vertically-aligned-center\"><figure class=\"wp-block-media-text__media\"><img loading=\"lazy\" width=\"873\" height=\"582\" src=\"http:\/\/revistacampus.uandes.cl\/2020\/wp-content\/uploads\/2020\/08\/Destacados-Sociedad.jpg\" alt=\"\" class=\"wp-image-2719\" srcset=\"https:\/\/revistacampus.uandes.cl\/2020\/wp-content\/uploads\/2020\/08\/Destacados-Sociedad.jpg 873w, https:\/\/revistacampus.uandes.cl\/2020\/wp-content\/uploads\/2020\/08\/Destacados-Sociedad-300x200.jpg 300w, https:\/\/revistacampus.uandes.cl\/2020\/wp-content\/uploads\/2020\/08\/Destacados-Sociedad-768x512.jpg 768w, https:\/\/revistacampus.uandes.cl\/2020\/wp-content\/uploads\/2020\/08\/Destacados-Sociedad-720x480.jpg 720w, https:\/\/revistacampus.uandes.cl\/2020\/wp-content\/uploads\/2020\/08\/Destacados-Sociedad-480x320.jpg 480w\" sizes=\"(max-width: 873px) 100vw, 873px\" \/><\/figure><div class=\"wp-block-media-text__content\">\n<h3>Encuentro de la Sociedad de Econom\u00eda de Chile<\/h3>\n\n\n\n<div class=\"wp-block-columns\">\n<div class=\"wp-block-column\">\n<hr class=\"wp-block-separator has-text-color has-background has-vivid-red-background-color has-vivid-red-color is-style-wide\"\/>\n<\/div>\n\n\n\n<div class=\"wp-block-column\"><\/div>\n\n\n\n<div class=\"wp-block-column\"><\/div>\n<\/div>\n\n\n\n<p>Cerca de 150 economistas, investigadores y estudiantes de doctorado en Econom\u00eda participaron de <a rel=\"noreferrer noopener\" href=\"https:\/\/www.uandes.cl\/noticias\/uandes-fue-sede-de-encuentro-de-la-sociedad-de-economia-de-chile\/\" target=\"_blank\">esta actividad<\/a>, organizada por la <a rel=\"noreferrer noopener\" href=\"https:\/\/www.sechi.cl\/\" target=\"_blank\">Sociedad de Econom\u00eda de Chile<\/a> y la <a rel=\"noreferrer noopener\" href=\"https:\/\/www.uandes.cl\/carrera\/ingenieria-comercial\/\" target=\"_blank\">Facultad de Ciencias Econ\u00f3micas y Empresariales<\/a>, la que durante dos d\u00edas alberg\u00f3 presentaciones de distintas tem\u00e1ticas, as\u00ed como una clase magistral de <a rel=\"noreferrer noopener\" href=\"https:\/\/waltersosa.weebly.com\/\" target=\"_blank\">Walter Sosa-Escudero<\/a>, profesor de la <a rel=\"noreferrer noopener\" href=\"https:\/\/www.udesa.edu.ar\/estudia-en-la-universidad-de-san-andres-google?gclid=CjwKCAjwldHsBRAoEiwAd0JybXUTIPGjtFGntoEMxCaSYbfVG63ltrveHth-bCxoKuKuhIVjxI7WhRoCkFQQAvD_BwE\" target=\"_blank\">Universidad San Andr\u00e9s<\/a> (Argentina), en el <a rel=\"noreferrer noopener\" href=\"https:\/\/www.ese.cl\/\" target=\"_blank\">ESE Business School<\/a>. Los investigadores UANDES que expusieron sobre sus \u00faltimos estudios fueron <a rel=\"noreferrer noopener\" href=\"https:\/\/sertsios.weebly.com\/\" target=\"_blank\">Giorgo Sertsios<\/a>, <a rel=\"noreferrer noopener\" href=\"http:\/\/www.rosariomacera.cl\/\" target=\"_blank\">Rosario Macera<\/a>, <a rel=\"noreferrer noopener\" href=\"https:\/\/sites.google.com\/site\/jmsotespaladino\/home\" target=\"_blank\">Juan Sotes-Paladino<\/a>, <a rel=\"noreferrer noopener\" href=\"https:\/\/sites.google.com\/site\/anaelisagpereira\/\" target=\"_blank\">Ana Elisa Pereira<\/a>, <a rel=\"noreferrer noopener\" href=\"https:\/\/sites.google.com\/view\/rodriguezeconomics\/\" target=\"_blank\">Jorge Rodr\u00edguez<\/a>, <a rel=\"noreferrer noopener\" href=\"https:\/\/sites.google.com\/view\/nicolasriquelme\" target=\"_blank\">Nicol\u00e1s Riquelme<\/a> y <a rel=\"noreferrer noopener\" href=\"https:\/\/sites.google.com\/site\/afgarciama\/\" target=\"_blank\">\u00c1lvaro Garc\u00eda<\/a>, quien, adem\u00e1s, fue electo como miembro del directorio de SECHI.<\/p>\n\n\n\n<p><a href=\"http:\/\/revistacampus.uandes.cl\/2020\/destacados\/#volver\">Volver<\/a><\/p>\n<\/div><\/div>\n\n\n\n<div style=\"height:100px\" aria-hidden=\"true\" id=\"consorcio\" class=\"wp-block-spacer\"><\/div>\n\n\n\n<div class=\"wp-block-media-text alignfull has-media-on-the-right is-stacked-on-mobile is-vertically-aligned-center\"><figure class=\"wp-block-media-text__media\"><img loading=\"lazy\" width=\"1024\" height=\"708\" src=\"http:\/\/revistacampus.uandes.cl\/2020\/wp-content\/uploads\/2020\/08\/destacados-consorcio-1024x708.jpg\" alt=\"\" class=\"wp-image-4069\" srcset=\"https:\/\/revistacampus.uandes.cl\/2020\/wp-content\/uploads\/2020\/08\/destacados-consorcio-1024x708.jpg 1024w, https:\/\/revistacampus.uandes.cl\/2020\/wp-content\/uploads\/2020\/08\/destacados-consorcio-300x208.jpg 300w, https:\/\/revistacampus.uandes.cl\/2020\/wp-content\/uploads\/2020\/08\/destacados-consorcio-768x531.jpg 768w, https:\/\/revistacampus.uandes.cl\/2020\/wp-content\/uploads\/2020\/08\/destacados-consorcio-480x332.jpg 480w, https:\/\/revistacampus.uandes.cl\/2020\/wp-content\/uploads\/2020\/08\/destacados-consorcio.jpg 1440w\" sizes=\"(max-width: 1024px) 100vw, 1024px\" \/><\/figure><div class=\"wp-block-media-text__content\">\n<h3>Consorcio internacional para conservar el patrimonio<\/h3>\n\n\n\n<div class=\"wp-block-columns\">\n<div class=\"wp-block-column\">\n<hr class=\"wp-block-separator has-text-color has-background has-vivid-red-background-color has-vivid-red-color is-style-wide\"\/>\n<\/div>\n\n\n\n<div class=\"wp-block-column\"><\/div>\n\n\n\n<div class=\"wp-block-column\"><\/div>\n<\/div>\n\n\n\n<p>La <a rel=\"noreferrer noopener\" href=\"https:\/\/www.uandes.cl\/noticias\/universidad-de-los-andes-integra-el-global-consortium-for-the-preservation-of-cultural-heritage\/\" target=\"_blank\">UANDES es miembro activo del Global Consortium for Heritage Preservation<\/a>, cuyo objetivo es contribuir a la preservaci\u00f3n del patrimonio cultural, a trav\u00e9s de programas educativos, iniciativas de investigaci\u00f3n y un compromiso eficaz en su defensa. En su calidad de representante universitaria, <a rel=\"noreferrer noopener\" href=\"https:\/\/www.uandes.cl\/personas\/marisol-richter-scheuch\/\" target=\"_blank\">Marisol Richter<\/a>, directora del <a rel=\"noreferrer noopener\" href=\"https:\/\/postgradosuandes.cl\/magister\/master-en-historia-y-gestion-del-patrimonio-cultural\/\" target=\"_blank\">M\u00e1ster en Historia y Gesti\u00f3n del Patrimonio Cultural<\/a>, colabor\u00f3 en la organizaci\u00f3n de la tercera reuni\u00f3n de la entidad, a cargo de la <a rel=\"noreferrer noopener\" href=\"https:\/\/www.yale.edu\/\" target=\"_blank\">Universidad de Yale<\/a>, la <a rel=\"noreferrer noopener\" href=\"https:\/\/www.si.edu\/\" target=\"_blank\">Instituci\u00f3n Smithsonian<\/a> y un comit\u00e9 directivo, y moder\u00f3 la mesa sobre temas relacionados con colecciones y comunidades.<\/p>\n\n\n\n<p><a href=\"http:\/\/revistacampus.uandes.cl\/2020\/destacados\/#volver\">Volver<\/a><\/p>\n<\/div><\/div>\n\n\n\n<div style=\"height:100px\" aria-hidden=\"true\" id=\"premio\" class=\"wp-block-spacer\"><\/div>\n\n\n\n<div class=\"wp-block-media-text alignfull is-stacked-on-mobile is-vertically-aligned-center\"><figure class=\"wp-block-media-text__media\"><img loading=\"lazy\" width=\"1024\" height=\"682\" src=\"http:\/\/revistacampus.uandes.cl\/2020\/wp-content\/uploads\/2020\/08\/Destacado-Premio-1024x682.jpg\" alt=\"\" class=\"wp-image-2745\" srcset=\"https:\/\/revistacampus.uandes.cl\/2020\/wp-content\/uploads\/2020\/08\/Destacado-Premio-1024x682.jpg 1024w, https:\/\/revistacampus.uandes.cl\/2020\/wp-content\/uploads\/2020\/08\/Destacado-Premio-300x200.jpg 300w, https:\/\/revistacampus.uandes.cl\/2020\/wp-content\/uploads\/2020\/08\/Destacado-Premio-768x512.jpg 768w, https:\/\/revistacampus.uandes.cl\/2020\/wp-content\/uploads\/2020\/08\/Destacado-Premio-1536x1024.jpg 1536w, https:\/\/revistacampus.uandes.cl\/2020\/wp-content\/uploads\/2020\/08\/Destacado-Premio-720x480.jpg 720w, https:\/\/revistacampus.uandes.cl\/2020\/wp-content\/uploads\/2020\/08\/Destacado-Premio-480x320.jpg 480w, https:\/\/revistacampus.uandes.cl\/2020\/wp-content\/uploads\/2020\/08\/Destacado-Premio.jpg 1745w\" sizes=\"(max-width: 1024px) 100vw, 1024px\" \/><\/figure><div class=\"wp-block-media-text__content\">\n<h3>Premio Excelencia Docente 2019<\/h3>\n\n\n\n<div class=\"wp-block-columns\">\n<div class=\"wp-block-column\">\n<hr class=\"wp-block-separator has-text-color has-background has-vivid-red-background-color has-vivid-red-color is-style-wide\"\/>\n<\/div>\n\n\n\n<div class=\"wp-block-column\"><\/div>\n\n\n\n<div class=\"wp-block-column\"><\/div>\n<\/div>\n\n\n\n<p>Con el objetivo de destacar la docencia como eje clave del quehacer universitario, la <a rel=\"noreferrer noopener\" href=\"https:\/\/www.uandes.cl\/academicos\/direccion-de-desarrollo-docente\/\" target=\"_blank\">Direcci\u00f3n de Desarrollo Docente<\/a> entrega este reconocimiento cada dos a\u00f1os. En esta oportunidad, y durante el <a rel=\"noreferrer noopener\" href=\"https:\/\/www.uandes.cl\/noticias\/30-anios-en-la-vida-de-una-universidad-es-una-oportunidad-propicia-para-reflexionar\/\" target=\"_blank\">Acto Acad\u00e9mico Aniversario de los 30 a\u00f1os<\/a> de la Universidad, se distingui\u00f3 a <a rel=\"noreferrer noopener\" href=\"https:\/\/www.uandes.cl\/personas\/paula-baldwin-lind\/\" target=\"_blank\">Paula Baldwin<\/a> (\u00e1rea Humanidades), <a rel=\"noreferrer noopener\" href=\"https:\/\/www.uandes.cl\/personas\/mario-tessada\/\" target=\"_blank\">Mario Tessada<\/a> (\u00e1rea Ingenier\u00eda, Bachillerato, ADS y Ciencias Econ\u00f3micas) y <a rel=\"noreferrer noopener\" href=\"https:\/\/www.uandes.cl\/personas\/benjamin-reyes-guarda\/\" target=\"_blank\">Benjam\u00edn Reyes<\/a> (\u00e1rea Ciencias de la Salud) por su efectividad e innovaci\u00f3n en sus metodolog\u00edas de ense\u00f1anza, as\u00ed como en la promoci\u00f3n del conocimiento y los valores universitarios con un alto impacto en el aprendizaje de sus alumnos. <a rel=\"noreferrer noopener\" href=\"https:\/\/www.uandes.cl\/noticias\/paula-baldwin-mario-tessada-y-benjamin-reyes-reciben-el-premio-excelencia-docente\/\" target=\"_blank\">Ver nota completa<\/a>.<\/p>\n\n\n\n<p><a href=\"http:\/\/revistacampus.uandes.cl\/2020\/destacados\/#volver\">Volver<\/a><\/p>\n<\/div><\/div>\n\n\n\n<div style=\"height:100px\" aria-hidden=\"true\" id=\"barril\" class=\"wp-block-spacer\"><\/div>\n\n\n\n<div class=\"wp-block-media-text alignfull has-media-on-the-right is-stacked-on-mobile is-vertically-aligned-center\"><figure class=\"wp-block-media-text__media\"><img loading=\"lazy\" width=\"1024\" height=\"752\" src=\"http:\/\/revistacampus.uandes.cl\/2020\/wp-content\/uploads\/2020\/08\/Destacado-Di\u00f3genes-1024x752.jpg\" alt=\"\" class=\"wp-image-2749\" srcset=\"https:\/\/revistacampus.uandes.cl\/2020\/wp-content\/uploads\/2020\/08\/Destacado-Di\u00f3genes-1024x752.jpg 1024w, https:\/\/revistacampus.uandes.cl\/2020\/wp-content\/uploads\/2020\/08\/Destacado-Di\u00f3genes-300x220.jpg 300w, https:\/\/revistacampus.uandes.cl\/2020\/wp-content\/uploads\/2020\/08\/Destacado-Di\u00f3genes-768x564.jpg 768w, https:\/\/revistacampus.uandes.cl\/2020\/wp-content\/uploads\/2020\/08\/Destacado-Di\u00f3genes-1536x1128.jpg 1536w, https:\/\/revistacampus.uandes.cl\/2020\/wp-content\/uploads\/2020\/08\/Destacado-Di\u00f3genes-480x352.jpg 480w, https:\/\/revistacampus.uandes.cl\/2020\/wp-content\/uploads\/2020\/08\/Destacado-Di\u00f3genes.jpg 1745w\" sizes=\"(max-width: 1024px) 100vw, 1024px\" \/><\/figure><div class=\"wp-block-media-text__content\">\n<h3>El Barril de Di\u00f3genes<\/h3>\n\n\n\n<div class=\"wp-block-columns\">\n<div class=\"wp-block-column\">\n<hr class=\"wp-block-separator has-text-color has-background has-vivid-red-background-color has-vivid-red-color is-style-wide\"\/>\n<\/div>\n\n\n\n<div class=\"wp-block-column\"><\/div>\n\n\n\n<div class=\"wp-block-column\"><\/div>\n<\/div>\n\n\n\n<p>Cada semana, destacados acad\u00e9micos del <a rel=\"noreferrer noopener\" href=\"https:\/\/www.uandes.cl\/carrera\/instituto-de-filosofia\/\" target=\"_blank\">Instituto de Filosof\u00eda<\/a>, como <a rel=\"noreferrer noopener\" href=\"https:\/\/www.uandes.cl\/personas\/manfred-svensson\/\" target=\"_blank\">Manfred Svensson<\/a> y <a rel=\"noreferrer noopener\" href=\"https:\/\/www.uandes.cl\/personas\/joaquin-garcia-huidobro\/\" target=\"_blank\">Joaqu\u00edn Garc\u00eda-Huidobro<\/a>, entre muchos otros, analizan en profundidad una obra cl\u00e1sica o contempor\u00e1nea de grandes autores de la filosof\u00eda a trav\u00e9s de este <em>podcast <\/em>del portal informativo <a rel=\"noreferrer noopener\" href=\"https:\/\/ellibero.cl\/\" target=\"_blank\">El L\u00edbero<\/a>. Creado en 2018, el programa tiene como objetivo conversar sobre las grandes obras filos\u00f3ficas del pasado y el presente, sacando a la luz dos aspectos importantes de la filosof\u00eda: tanto su lado dial\u00f3gico como el hecho de que ella est\u00e1 plasmada en grandes obras cl\u00e1sicas. <br><a rel=\"noreferrer noopener\" href=\"https:\/\/ellibero.cl\/categorias-audio\/el-barril-de-diogenes-el-podcast-de-filosofia\/\" target=\"_blank\">Acceder a El Barril de Di\u00f3genes<\/a><\/p>\n\n\n\n<p><a href=\"http:\/\/revistacampus.uandes.cl\/2020\/destacados\/#volver\">Volver<\/a><\/p>\n<\/div><\/div>\n\n\n\n<div style=\"height:100px\" aria-hidden=\"true\" class=\"wp-block-spacer\"><\/div>\n","protected":false},"excerpt":{"rendered":"<p>La incorporaci\u00f3n de la UANDES al Consejo de Rectores de Universidades Chilenas, un nuevo sistema de becas y el reconocimiento a quienes cumplieron 30 a\u00f1os en la Universidad forman parte de esta secci\u00f3n de breves.<\/p>\n","protected":false},"author":2,"featured_media":3678,"comment_status":"open","ping_status":"open","sticky":false,"template":"","format":"standard","meta":[],"categories":[37],"tags":[],"_links":{"self":[{"href":"https:\/\/revistacampus.uandes.cl\/2020\/wp-json\/wp\/v2\/posts\/2580"}],"collection":[{"href":"https:\/\/revistacampus.uandes.cl\/2020\/wp-json\/wp\/v2\/posts"}],"about":[{"href":"https:\/\/revistacampus.uandes.cl\/2020\/wp-json\/wp\/v2\/types\/post"}],"author":[{"embeddable":true,"href":"https:\/\/revistacampus.uandes.cl\/2020\/wp-json\/wp\/v2\/users\/2"}],"replies":[{"embeddable":true,"href":"https:\/\/revistacampus.uandes.cl\/2020\/wp-json\/wp\/v2\/comments?post=2580"}],"version-history":[{"count":138,"href":"https:\/\/revistacampus.uandes.cl\/2020\/wp-json\/wp\/v2\/posts\/2580\/revisions"}],"predecessor-version":[{"id":4574,"href":"https:\/\/revistacampus.uandes.cl\/2020\/wp-json\/wp\/v2\/posts\/2580\/revisions\/4574"}],"wp:featuredmedia":[{"embeddable":true,"href":"https:\/\/revistacampus.uandes.cl\/2020\/wp-json\/wp\/v2\/media\/3678"}],"wp:attachment":[{"href":"https:\/\/revistacampus.uandes.cl\/2020\/wp-json\/wp\/v2\/media?parent=2580"}],"wp:term":[{"taxonomy":"category","embeddable":true,"href":"https:\/\/revistacampus.uandes.cl\/2020\/wp-json\/wp\/v2\/categories?post=2580"},{"taxonomy":"post_tag","embeddable":true,"href":"https:\/\/revistacampus.uandes.cl\/2020\/wp-json\/wp\/v2\/tags?post=2580"}],"curies":[{"name":"wp","href":"https:\/\/api.w.org\/{rel}","templated":true}]}}