{"id":2404,"date":"2020-09-02T09:49:09","date_gmt":"2020-09-02T13:49:09","guid":{"rendered":"http:\/\/revistacampus.uandes.cl\/2020\/?p=2404"},"modified":"2020-09-07T21:32:05","modified_gmt":"2020-09-08T00:32:05","slug":"clinica-universidad-de-los-andes","status":"publish","type":"post","link":"https:\/\/revistacampus.uandes.cl\/2020\/clinica-universidad-de-los-andes\/","title":{"rendered":"Cl\u00ednica Universidad de los Andes<br><span class=\"subtitulo\">En el combate contra el coronavirus<\/span>"},"content":{"rendered":"\n<p><em><strong>Una comunidad de delantales blancos, acompa\u00f1ada por un gran equipo administrativo, se ha enfrentado al Covid-19 con profesionalismo, humanidad y fe, como las claves para lograr que la vida se abra paso.<\/strong><\/em><\/p>\n\n\n\n<p style=\"font-size:14px\">Un desaf\u00edo que ha puesto a prueba sus capacidades profesionales y humanas, que les ha permitido maravillarse, pese a lo adverso, y que les ha hecho valorar a\u00fan m\u00e1s la fe. Eso ha significado el <strong>coronavirus <\/strong>para la <a rel=\"noreferrer noopener\" href=\"http:\/\/www.clinicauandes.cl\" target=\"_blank\">Cl\u00ednica Universidad de los Andes<\/a>, amenaza que ha sido enfrentada gracias a la excelencia de un equipo conformado por m\u00e1s de 1.500 colaboradores, entre profesionales de la salud, administrativos y personal de \u00e1reas de apoyo.<\/p>\n\n\n\n<div class=\"wp-block-columns\">\n<div class=\"wp-block-column\"><\/div>\n\n\n\n<div class=\"wp-block-column\"><\/div>\n\n\n\n<div class=\"wp-block-column\"><\/div>\n<\/div>\n\n\n\n<div class=\"wp-block-columns\">\n<div class=\"wp-block-column\">\n<figure class=\"wp-block-image size-large is-resized\"><img loading=\"lazy\" src=\"http:\/\/revistacampus.uandes.cl\/2020\/wp-content\/uploads\/2020\/08\/logo-citas.png\" alt=\"\" class=\"wp-image-3021\" width=\"87\" height=\"69\"\/><\/figure>\n<\/div>\n\n\n\n<div class=\"wp-block-column\"><\/div>\n\n\n\n<div class=\"wp-block-column\"><\/div>\n<\/div>\n\n\n\n<p class=\"has-text-color\" style=\"color:#92c83e\"><em><strong>\u201cLo hacemos no solo por la Cl\u00ednica, sino por el pa\u00eds, por los millones de chilenos que conf\u00edan en nosotros y que esperan lo mejor de nuestros profesionales\u201d.<\/strong><\/em><\/p>\n\n\n\n<p style=\"font-size:12px\"><strong>Jorge Laso<\/strong>, <em>gerente general<\/em><\/p>\n\n\n\n<p style=\"font-size:14px\">&#8220;Hemos vivido un per\u00edodo complejo, pero estamos haciendo nuestro mejor esfuerzo, con el sello que nos caracteriza\u201d, asegura el director general, <a rel=\"noreferrer noopener\" href=\"https:\/\/www.clinicauandes.cl\/quienes-somos\/gobierno-corporativo\/equipo-de-administracion\" target=\"_blank\">Jorge Laso<\/a>, al definir la impronta con la cual han trabajado de cara a la pandemia. Un reto que \u201cnos exige dar lo mejor\u201d, como se evidencia en <a href=\"https:\/\/www.clinicauandes.cl\/bienseguros\" target=\"_blank\" rel=\"noreferrer noopener\"><strong>www.clinicauandes\/bienseguros<\/strong><\/a>.<\/p>\n\n\n\n<p style=\"font-size:14px\">Ante los primeros atisbos del virus en Chile, la Cl\u00ednica conform\u00f3 un <strong>Comit\u00e9 Covid-19<\/strong>, cuenta el <a rel=\"noreferrer noopener\" href=\"https:\/\/www.clinicauandes.cl\/quienes-somos\/gobierno-corporativo\/equipo-medico\" target=\"_blank\">Dr. Marcelo Somarriva<\/a>, director m\u00e9dico. El paso siguiente fue \u201cpreocuparnos de los <a href=\"https:\/\/medicosaldiahome.wpcomstaging.com\/2020\/06\/10\/recibimos-8-ventiladores-del-servicio-metropolitano-oriente\/\" target=\"_blank\" rel=\"noreferrer noopener\">ventiladores <\/a>y c\u00f3mo reconvertir los sectores de hospitalizaci\u00f3n para recibir a los enfermos\u201d. Paralelamente, segregaron los flujos para evitar la mezcla de pacientes contagiados con los sanos y proteger al personal, al cual dotaron de todos los insumos para su seguridad.<\/p>\n\n\n\n<div class=\"wp-block-columns\">\n<div class=\"wp-block-column\">\n<div class=\"wp-block-image is-style-rounded\"><figure class=\"aligncenter size-large\"><img loading=\"lazy\" width=\"1013\" height=\"1024\" src=\"http:\/\/revistacampus.uandes.cl\/2020\/wp-content\/uploads\/2020\/08\/Clinica-Dr.Somarriva-1013x1024.jpg\" alt=\"\" class=\"wp-image-2437\" srcset=\"https:\/\/revistacampus.uandes.cl\/2020\/wp-content\/uploads\/2020\/08\/Clinica-Dr.Somarriva-1013x1024.jpg 1013w, https:\/\/revistacampus.uandes.cl\/2020\/wp-content\/uploads\/2020\/08\/Clinica-Dr.Somarriva-297x300.jpg 297w, https:\/\/revistacampus.uandes.cl\/2020\/wp-content\/uploads\/2020\/08\/Clinica-Dr.Somarriva-768x776.jpg 768w, https:\/\/revistacampus.uandes.cl\/2020\/wp-content\/uploads\/2020\/08\/Clinica-Dr.Somarriva-1520x1536.jpg 1520w, https:\/\/revistacampus.uandes.cl\/2020\/wp-content\/uploads\/2020\/08\/Clinica-Dr.Somarriva-480x485.jpg 480w, https:\/\/revistacampus.uandes.cl\/2020\/wp-content\/uploads\/2020\/08\/Clinica-Dr.Somarriva.jpg 2000w\" sizes=\"(max-width: 1013px) 100vw, 1013px\" \/><figcaption>El Dr. Somarriva entrega el premio Esp\u00edritu Cl\u00ednica Universidad de los Andes a la enfermera Ruby-Anne Armaza<\/figcaption><\/figure><\/div>\n<\/div>\n\n\n\n<div class=\"wp-block-column\">\n<div style=\"height:70px\" aria-hidden=\"true\" class=\"wp-block-spacer\"><\/div>\n\n\n\n<div class=\"wp-block-columns\">\n<div class=\"wp-block-column\">\n<figure class=\"wp-block-image size-large is-resized\"><img loading=\"lazy\" src=\"http:\/\/revistacampus.uandes.cl\/2020\/wp-content\/uploads\/2020\/08\/logo-citas.png\" alt=\"\" class=\"wp-image-3021\" width=\"87\" height=\"69\"\/><\/figure>\n<\/div>\n\n\n\n<div class=\"wp-block-column\"><\/div>\n\n\n\n<div class=\"wp-block-column\"><\/div>\n<\/div>\n\n\n\n<p class=\"has-text-align-right has-text-color\" style=\"color:#92c83e\"><strong><em>\u201cNunca ha sido el temor de enfermar, sino de pensar en c\u00f3mo iremos a seguir\u201d.<\/em><\/strong><\/p>\n\n\n\n<p class=\"has-text-align-right has-small-font-size\"><strong>Ruby-Anne Armaza,<\/strong> <em>enfermera coordinadora de Calidad y Seguridad<\/em><\/p>\n<\/div>\n<\/div>\n\n\n\n<p style=\"font-size:14px\">Luego, se centraron en el tema de las camas: el <a rel=\"noreferrer noopener\" href=\"http:\/\/www.minsal.cl\" target=\"_blank\">Ministerio de Salud<\/a> exigi\u00f3 a todos los actores privados duplicar el n\u00famero de camas cr\u00edticas, pero la <a rel=\"noreferrer noopener\" href=\"http:\/\/www.clinicauandes.cl\" target=\"_blank\">Cl\u00ednica UANDES <\/a>decidi\u00f3 ir m\u00e1s all\u00e1 en su compromiso y <strong>aument\u00f3 de 14 a 52 las camas con ventilaci\u00f3n mec\u00e1nica<\/strong>. Esto implic\u00f3 recurrir a m\u00e1quinas de anestesia, contratar m\u00e9dicos, enfermeras y reconvertir funciones, asignando nuevas tareas. Adicionalmente, transform\u00f3 el quinto piso del edificio de Hospitalizaci\u00f3n en un \u00e1rea exclusiva para enfermos con coronavirus. \u201cEl personal ha actuado con total desprendimiento y generosidad\u201d, dice el Dr. Somarriva sin disimular su orgullo por ese compromiso.<\/p>\n\n\n\n<p style=\"font-size:14px\">\u201cDesde mi perspectiva, el crecimiento ha sido inmenso, el aprendizaje solo ser\u00e1 cuantificado una vez que podamos mirar en retrospectiva lo vivido\u201d, comenta <strong>Ruby-Anne Armaza<\/strong>, enfermera coordinadora de Calidad y Seguridad. \u201cDesde el punto de vista emocional, me ha tocado contener a las personas que tienen a cargo a otras, y eso me enorgullece enormemente. Sentir la vocaci\u00f3n de la gente no puede sino llenarnos de fortaleza\u201d, agrega quien se reconvirti\u00f3 en el marco de esta crisis sanitaria, pasando a prestar apoyo a la Unidad de Infecciones Asociadas a la Atenci\u00f3n de Salud.<\/p>\n\n\n\n<div class=\"wp-block-columns\">\n<div class=\"wp-block-column\">\n<div style=\"height:100px\" aria-hidden=\"true\" class=\"wp-block-spacer\"><\/div>\n\n\n\n<div class=\"wp-block-columns\">\n<div class=\"wp-block-column\">\n<p class=\"has-text-align-center has-text-color\" style=\"font-size:50px;color:#92c83e\"><strong>54<\/strong><\/p>\n\n\n\n<p class=\"has-text-align-center has-text-color\" style=\"font-size:50px;color:#92c83e\"><strong>40<\/strong><\/p>\n<\/div>\n\n\n\n<div class=\"wp-block-column\">\n<div style=\"height:20px\" aria-hidden=\"true\" class=\"wp-block-spacer\"><\/div>\n\n\n\n<p class=\"has-medium-font-size\"><strong><em>camas cr\u00edticas<\/em><\/strong><\/p>\n\n\n\n<div style=\"height:20px\" aria-hidden=\"true\" class=\"wp-block-spacer\"><\/div>\n\n\n\n<div style=\"height:20px\" aria-hidden=\"true\" class=\"wp-block-spacer\"><\/div>\n\n\n\n<p class=\"has-text-align-center has-medium-font-size\"><strong><em>especialidades telemedicina<\/em><\/strong><\/p>\n<\/div>\n<\/div>\n\n\n\n<p class=\"has-text-align-center has-small-font-size\"><em>implementadas a junio de 2020<\/em><\/p>\n<\/div>\n\n\n\n<div class=\"wp-block-column\">\n<figure class=\"wp-block-image size-large is-resized\"><img loading=\"lazy\" src=\"http:\/\/revistacampus.uandes.cl\/2020\/wp-content\/uploads\/2020\/08\/Clinica-Equipo-Urgencia-1-650x1024.jpg\" alt=\"\" class=\"wp-image-2502\" width=\"325\" height=\"512\" srcset=\"https:\/\/revistacampus.uandes.cl\/2020\/wp-content\/uploads\/2020\/08\/Clinica-Equipo-Urgencia-1-650x1024.jpg 650w, https:\/\/revistacampus.uandes.cl\/2020\/wp-content\/uploads\/2020\/08\/Clinica-Equipo-Urgencia-1-190x300.jpg 190w, https:\/\/revistacampus.uandes.cl\/2020\/wp-content\/uploads\/2020\/08\/Clinica-Equipo-Urgencia-1-768x1210.jpg 768w, https:\/\/revistacampus.uandes.cl\/2020\/wp-content\/uploads\/2020\/08\/Clinica-Equipo-Urgencia-1-975x1536.jpg 975w, https:\/\/revistacampus.uandes.cl\/2020\/wp-content\/uploads\/2020\/08\/Clinica-Equipo-Urgencia-1-1300x2048.jpg 1300w, https:\/\/revistacampus.uandes.cl\/2020\/wp-content\/uploads\/2020\/08\/Clinica-Equipo-Urgencia-1-480x756.jpg 480w, https:\/\/revistacampus.uandes.cl\/2020\/wp-content\/uploads\/2020\/08\/Clinica-Equipo-Urgencia-1-scaled.jpg 1625w\" sizes=\"(max-width: 325px) 100vw, 325px\" \/><figcaption><em>El equipo de Urgencia prepar\u00e1ndose para atender pacientes.<\/em><\/figcaption><\/figure>\n<\/div>\n<\/div>\n\n\n\n<div class=\"wp-block-columns\">\n<div class=\"wp-block-column\">\n<h4 class=\"has-text-color\" style=\"color:#92c83e\">FOCO EN LA PERSONA Y EN LA FAMILIA<\/h4>\n\n\n\n<p class=\"has-small-font-size\">El entrenamiento permanente y la vinculaci\u00f3n entre la Cl\u00ednica y la Universidad, en funci\u00f3n de la docencia, fueron claves para enfrentar la pandemia, destaca el acad\u00e9mico y jefe de la <a href=\"https:\/\/www.clinicauandes.cl\/servicios-y-unidades\/urgencia-y-rescate\" target=\"_blank\" rel=\"noreferrer noopener\">Unidad de Urgencia<\/a>,<strong> Dr. Carlos Rivera<\/strong>. \u201cPudimos concentrar todas las energ\u00edas en prepararnos de la mejor manera para esta emergencia\u201d, sostiene.<\/p>\n\n\n\n<p class=\"has-small-font-size\">En paralelo, no descuidaron otro aspecto central: el foco en la persona y la familia. \u201cEsta es una enfermedad bastante solitaria y ah\u00ed hay algo muy bonito, porque la Cl\u00ednica se dio cuenta de esto bastante antes\u201d y puso a disposici\u00f3n psic\u00f3logos y psiquiatras para brindar apoyo, adem\u00e1s del acompa\u00f1amiento espiritual de Capellan\u00eda. \u201cEse <strong>sello UANDES <\/strong>se ha notado y los pacientes lo agradecen\u201d, enfatiza.<\/p>\n\n\n\n<p class=\"has-small-font-size\">A esto se suma un valioso proceso de aprendizaje, al \u201cpelear contra algo que no conoc\u00edamos y a lo que aprendimos a tenerle mucho respeto. Aprendimos a rescatar a personas que ten\u00edan todas las de perder y las sacamos adelante. Tambi\u00e9n hemos visto con frustraci\u00f3n, pero con la certeza de que hicimos todo lo posible, a quienes no lo han logrado\u201d.<\/p>\n\n\n\n<p class=\"has-small-font-size\">Quien s\u00ed lo consigui\u00f3 es <strong>Gonzalo Bravo<\/strong> (65 a\u00f1os), primer paciente grave que atendi\u00f3 la Cl\u00ednica y que ingres\u00f3 a mediados de marzo. Su hija Mar\u00eda Paz (23) fue quien lo llev\u00f3 de urgencia. \u201cLleg\u00f3 saturando poco y le pusieron ox\u00edgeno\u201d, precisa. Al d\u00eda siguiente lo intubaron.<\/p>\n\n\n\n<p class=\"has-small-font-size\">El proceso dur\u00f3 12 d\u00edas y su internaci\u00f3n tres semanas, per\u00edodo que recuerda con dificultad, cruzado por \u201cpesadillas terribles\u201d. A quien no ha olvidado es a \u201cun enfermero de la UCI\u201d, oriundo del Maule, como \u00e9l, y a una enfermera que con un simple gesto le devolvi\u00f3 la sonrisa. \u201cEntr\u00f3 a la pieza haciendo como un baile y ese hecho para m\u00ed fue una maravilla, fue como regalarme vida. Imag\u00ednese, una cosa tan simple; no fue ni siquiera una palabra, fue una actitud\u201d, rememora.<\/p>\n<\/div>\n\n\n\n<div class=\"wp-block-column\">\n<div style=\"height:150px\" aria-hidden=\"true\" class=\"wp-block-spacer\"><\/div>\n\n\n\n<div class=\"wp-block-columns\">\n<div class=\"wp-block-column\"><\/div>\n\n\n\n<div class=\"wp-block-column\"><\/div>\n\n\n\n<div class=\"wp-block-column\">\n<figure class=\"wp-block-image size-large is-resized\"><img loading=\"lazy\" src=\"http:\/\/revistacampus.uandes.cl\/2020\/wp-content\/uploads\/2020\/08\/logo-citas.png\" alt=\"\" class=\"wp-image-3021\" width=\"87\" height=\"69\"\/><\/figure>\n<\/div>\n<\/div>\n\n\n\n<p class=\"has-text-color\" style=\"color:#92c83e\"><em><strong>\u201cNunca puse en duda que hicieran todo lo posible para salvar a mi pap\u00e1, ni sus procedimientos, pues sab\u00eda que estaba en buenas manos y que hab\u00eda un tremendo equipo detr\u00e1s\u201d.<\/strong><\/em><\/p>\n\n\n\n<p class=\"has-small-font-size\"><strong>Mar\u00eda Paz Bravo<\/strong>, <em>hija de paciente internado<\/em><\/p>\n\n\n\n<figure class=\"wp-block-image size-large is-style-rounded\"><img loading=\"lazy\" width=\"1024\" height=\"1024\" src=\"http:\/\/revistacampus.uandes.cl\/2020\/wp-content\/uploads\/2020\/08\/Clinica-Cita_Paciente-1024x1024.jpg\" alt=\"\" class=\"wp-image-2515\" srcset=\"https:\/\/revistacampus.uandes.cl\/2020\/wp-content\/uploads\/2020\/08\/Clinica-Cita_Paciente-1024x1024.jpg 1024w, https:\/\/revistacampus.uandes.cl\/2020\/wp-content\/uploads\/2020\/08\/Clinica-Cita_Paciente-300x300.jpg 300w, https:\/\/revistacampus.uandes.cl\/2020\/wp-content\/uploads\/2020\/08\/Clinica-Cita_Paciente-150x150.jpg 150w, https:\/\/revistacampus.uandes.cl\/2020\/wp-content\/uploads\/2020\/08\/Clinica-Cita_Paciente-768x768.jpg 768w, https:\/\/revistacampus.uandes.cl\/2020\/wp-content\/uploads\/2020\/08\/Clinica-Cita_Paciente-1536x1536.jpg 1536w, https:\/\/revistacampus.uandes.cl\/2020\/wp-content\/uploads\/2020\/08\/Clinica-Cita_Paciente-480x480.jpg 480w, https:\/\/revistacampus.uandes.cl\/2020\/wp-content\/uploads\/2020\/08\/Clinica-Cita_Paciente.jpg 2000w\" sizes=\"(max-width: 1024px) 100vw, 1024px\" \/><figcaption><em>Gonzalo Bravo, el primer paciente grave con Covid-19 que atendi\u00f3 la Cl\u00ednica en marzo, junto a su hija Mar\u00eda Paz<\/em>.<\/figcaption><\/figure>\n<\/div>\n<\/div>\n\n\n\n<figure class=\"wp-block-image size-large\"><img loading=\"lazy\" width=\"1024\" height=\"769\" src=\"http:\/\/revistacampus.uandes.cl\/2020\/wp-content\/uploads\/2020\/08\/Clinica-Nacer-1024x769.jpg\" alt=\"\" class=\"wp-image-2566\" srcset=\"https:\/\/revistacampus.uandes.cl\/2020\/wp-content\/uploads\/2020\/08\/Clinica-Nacer-1024x769.jpg 1024w, https:\/\/revistacampus.uandes.cl\/2020\/wp-content\/uploads\/2020\/08\/Clinica-Nacer-300x225.jpg 300w, https:\/\/revistacampus.uandes.cl\/2020\/wp-content\/uploads\/2020\/08\/Clinica-Nacer-768x576.jpg 768w, https:\/\/revistacampus.uandes.cl\/2020\/wp-content\/uploads\/2020\/08\/Clinica-Nacer-480x360.jpg 480w, https:\/\/revistacampus.uandes.cl\/2020\/wp-content\/uploads\/2020\/08\/Clinica-Nacer.jpg 1439w\" sizes=\"(max-width: 1024px) 100vw, 1024px\" \/><\/figure>\n\n\n\n<div class=\"wp-block-columns\">\n<div class=\"wp-block-column\">\n<h4 class=\"has-text-color\" style=\"color:#92c83e\">NACER EN TIEMPOS DE PANDEMIA<\/h4>\n\n\n\n<p style=\"font-size:14px\">El <strong>Covid-19<\/strong> ha impactado el proceso de apego entre padres e hijos. \u201cLa atenci\u00f3n misma del parto se ha visto sujeta en los hospitales a un m\u00ednimo contacto f\u00edsico y a una atenci\u00f3n m\u00e1s mecanizada, influida en cierta medida por la barrera de los elementos de protecci\u00f3n personal y por la sobrecarga a la cual se encuentra enfrentado el personal sanitario\u201d, comenta <strong>Luis Navarro<\/strong>, profesor de la <a rel=\"noreferrer noopener\" href=\"https:\/\/www.uandes.cl\/carrera\/obstetricia-y-puericultura\/\" target=\"_blank\">Escuela de Obstetricia y Puericultura de la UANDES.<\/a><\/p>\n\n\n\n<p style=\"font-size:14px\">En la <a rel=\"noreferrer noopener\" href=\"http:\/\/www.clinicauandes.cl\" target=\"_blank\">Cl\u00ednica Universidad de los Andes<\/a> se han hecho los esfuerzos para que esto no impida que las mujeres puedan disfrutar las distintas etapas del embarazo y tener el plan de parto que desean, atendido por el m\u00e9dico tratante y con proceso de apego. Sin embargo, se han debido <a href=\"https:\/\/www.clinicauandes.cl\/noticia\/2020\/06\/04\/como-vivir-el-embarazo-y-el-parto-en-tiempos-de-covid\" target=\"_blank\" rel=\"noreferrer noopener\">introducir algunos cambios<\/a>. Por ejemplo, todas las pacientes deben realizarse una PCR antes del nacimiento y no se pueden recibir visitas durante la hospitalizaci\u00f3n, salvo la del padre. <\/p>\n\n\n\n<p style=\"font-size:14px\">\u201cEsta fiesta del nacimiento, donde participan abuelos, familiares y amigos, se ve imposibilitada y solo puede ser comunicada a trav\u00e9s de una pantalla que, si bien genera contacto, no logra llenar el vac\u00edo que deja la ausencia de caricias, palabras de aliento, apoyo y risas\u201d, relata <strong>Mat\u00edas Pizarro<\/strong>, matr\u00f3n de <a rel=\"noreferrer noopener\" href=\"https:\/\/www.clinicauandes.cl\/servicios-y-unidades\/hospitalizacion\/upc-neonatologico\" target=\"_blank\">Neonatolog\u00eda de la Cl\u00ednica<\/a> y profesor UANDES.<\/p>\n<\/div>\n\n\n\n<div class=\"wp-block-column\">\n<div style=\"height:70px\" aria-hidden=\"true\" class=\"wp-block-spacer\"><\/div>\n\n\n\n<p style=\"font-size:14px\">Si alguna paciente tiene PCR positiva, pero muy poco sintom\u00e1tica, puede estar con su guagua manteniendo cierto grado de distanciamiento, pero con lactancia materna y bajo la supervisi\u00f3n de la <a href=\"https:\/\/www.clinicauandes.cl\/servicios-y-unidades\/hospitalizacion\/upc-neonatologico\" target=\"_blank\" rel=\"noreferrer noopener\">Unidad de Neonatolog\u00eda<\/a>. En cambio, si el riesgo de contagio es alto por la sintomatolog\u00eda de la madre, una vez producido el parto y luego de un contacto breve, se tiene que separar y aislar al reci\u00e9n nacido a la espera de que su madre est\u00e9 recuperada.<\/p>\n\n\n\n<p style=\"font-size:14px\">Esta experiencia, en modalidad extrema, la vivi\u00f3 <strong>Antonia Montero<\/strong> (43 a\u00f1os), dominicana que lleg\u00f3 a la Cl\u00ednica derivada desde el <a rel=\"noreferrer noopener\" href=\"https:\/\/complejohospitalariosanjose.cl\/\" target=\"_blank\">Hospital San Jos\u00e9<\/a>, con un embarazo de 28 semanas y diagn\u00f3stico de coronavirus. Por su dificultad respiratoria debi\u00f3 ser intubada y posteriormente se realiz\u00f3 su ces\u00e1rea, dio a luz sola e inconsciente, a una ni\u00f1a de 880 gramos. <\/p>\n\n\n\n<p style=\"font-size:14px\">Si bien la ni\u00f1a naci\u00f3 sin presencia del virus, debi\u00f3 ser intubada por su condici\u00f3n prematura. Cuatro d\u00edas permaneci\u00f3 conectada a ventilaci\u00f3n mec\u00e1nica y cuando despert\u00f3 dice que \u201cle ped\u00eda a Dios que mi hija no se fuera de mi lado y que me llevara a m\u00ed\u201d. Gracias a los cuidados del personal, \u201ca que nunca me dejaron sola y a su cari\u00f1o\u201d, logr\u00f3 recuperarse y acompa\u00f1ar la positiva evoluci\u00f3n de su peque\u00f1a, mediante visitas controladas.<\/p>\n<\/div>\n<\/div>\n\n\n\n<figure class=\"wp-block-embed-youtube wp-block-embed is-type-video is-provider-youtube wp-embed-aspect-16-9 wp-has-aspect-ratio\"><div class=\"wp-block-embed__wrapper\">\n<iframe title=\"Danna Mickle: La experiencia de ser madre en pandemia\" width=\"1080\" height=\"608\" src=\"https:\/\/www.youtube.com\/embed\/t6ARQjRt_B4?feature=oembed\" frameborder=\"0\" allow=\"accelerometer; autoplay; encrypted-media; gyroscope; picture-in-picture\" allowfullscreen><\/iframe>\n<\/div><\/figure>\n\n\n\n<hr class=\"wp-block-separator has-text-color has-background\" style=\"background-color:#92c83e;color:#92c83e\"\/>\n\n\n\n<h4 class=\"has-text-color\" style=\"color:#92c83e\">Aporte a las pol\u00edticas p\u00fablicas<\/h4>\n\n\n\n<figure class=\"wp-block-image size-large\"><img loading=\"lazy\" width=\"1024\" height=\"682\" src=\"http:\/\/revistacampus.uandes.cl\/2020\/wp-content\/uploads\/2020\/08\/Clinica-Politica-1024x682.jpg\" alt=\"\" class=\"wp-image-2557\" srcset=\"https:\/\/revistacampus.uandes.cl\/2020\/wp-content\/uploads\/2020\/08\/Clinica-Politica-1024x682.jpg 1024w, https:\/\/revistacampus.uandes.cl\/2020\/wp-content\/uploads\/2020\/08\/Clinica-Politica-300x200.jpg 300w, https:\/\/revistacampus.uandes.cl\/2020\/wp-content\/uploads\/2020\/08\/Clinica-Politica-768x512.jpg 768w, https:\/\/revistacampus.uandes.cl\/2020\/wp-content\/uploads\/2020\/08\/Clinica-Politica-1536x1024.jpg 1536w, https:\/\/revistacampus.uandes.cl\/2020\/wp-content\/uploads\/2020\/08\/Clinica-Politica-720x480.jpg 720w, https:\/\/revistacampus.uandes.cl\/2020\/wp-content\/uploads\/2020\/08\/Clinica-Politica-480x320.jpg 480w, https:\/\/revistacampus.uandes.cl\/2020\/wp-content\/uploads\/2020\/08\/Clinica-Politica.jpg 2000w\" sizes=\"(max-width: 1024px) 100vw, 1024px\" \/><\/figure>\n\n\n\n<p style=\"font-size:14px\">En el marco de la crisis sanitaria, la <a rel=\"noreferrer noopener\" href=\"http:\/\/www.uandes.cl\/\" target=\"_blank\">UANDES <\/a>ha tenido un rol activo en materia de salud, gracias a la participaci\u00f3n de la <a rel=\"noreferrer noopener\" href=\"https:\/\/www.uandes.cl\/personas\/maria-teresa-valenzuela-b\/\" target=\"_blank\">Dra. Mar\u00eda Teresa Valenzuela<\/a> (de rojo en la imagen), vicedecana de Investigaci\u00f3n de la <a rel=\"noreferrer noopener\" href=\"https:\/\/www.uandes.cl\/facultad\/facultad-de-medicina\/\" target=\"_blank\">Facultad de Medicina<\/a>, como <a rel=\"noreferrer noopener\" href=\"https:\/\/www.uandes.cl\/noticias\/dra-maria-teresa-valenzuela-integrara-consejo-asesor-del-minsal-por-coronavirus\/\" target=\"_blank\">integrante del Consejo Asesor Covid-19.<\/a><\/p>\n\n\n\n<p style=\"font-size:14px\"><a rel=\"noreferrer noopener\" href=\"https:\/\/www.uandes.cl\/noticias\/dra-maria-teresa-valenzuela-saldremos-adelante-cuando-todos-asumamos-la-cuota-de-responsabilidad-frente-a-esta-pandemia-es-un-problema-de-todos\/\" target=\"_blank\">Para la epidemi\u00f3loga ha sido \u201cmuy relevante\u201d ser parte de esta instancia<\/a>, \u201cpues en base a lo que digamos se van tomando decisiones que impactan a nivel nacional. Cuando uno trabaja en cada paso que se da, siente la obligaci\u00f3n de hacerlo lo mejor posible, porque siempre se impacta a otros\u201d.<\/p>\n\n\n\n<hr class=\"wp-block-separator has-text-color has-background\" style=\"background-color:#92c83e;color:#92c83e\"\/>\n\n\n\n<div class=\"wp-block-columns\">\n<div class=\"wp-block-column\"><\/div>\n\n\n\n<div class=\"wp-block-column\">\n<p><\/p>\n<\/div>\n<\/div>\n\n\n\n<figure class=\"wp-block-embed-youtube aligncenter wp-block-embed is-type-video is-provider-youtube wp-embed-aspect-16-9 wp-has-aspect-ratio\"><div class=\"wp-block-embed__wrapper\">\n<iframe title=\"Homenaje a los m\u00e9dicos de la Cl\u00ednica durante la pandemia\" width=\"1080\" height=\"608\" src=\"https:\/\/www.youtube.com\/embed\/tUCXF8q8h6g?feature=oembed\" frameborder=\"0\" allow=\"accelerometer; autoplay; encrypted-media; gyroscope; picture-in-picture\" allowfullscreen><\/iframe>\n<\/div><\/figure>\n\n\n\n<div class=\"wp-block-columns\">\n<div class=\"wp-block-column\">\n<p class=\"has-text-align-center has-text-color\" style=\"color:#92c83e\"><a rel=\"noreferrer noopener\" href=\"https:\/\/www.clinicauandes.cl\/servicios-y-unidades\/telemedicina\" target=\"_blank\">Servicio de Telemedicina<\/a><\/p>\n<\/div>\n\n\n\n<div class=\"wp-block-column\">\n<p class=\"has-text-align-center has-text-color\" style=\"color:#92c83e\"><a rel=\"noreferrer noopener\" href=\"https:\/\/www.clinicauandes.cl\/servicios-y-unidades\/atencion-a-domicilio\" target=\"_blank\">Atenci\u00f3n a domicilio<\/a><\/p>\n<\/div>\n\n\n\n<div class=\"wp-block-column\">\n<p class=\"has-text-align-center has-text-color\" style=\"color:#92c83e\"><a rel=\"noreferrer noopener\" href=\"https:\/\/medicosaldiahome.wpcomstaging.com\/2020\/08\/10\/inauguracion-laboratorio-biologia-molecular\/\" target=\"_blank\">Laboratorio de Biolog\u00eda Molecular<\/a><\/p>\n<\/div>\n<\/div>\n\n\n\n<div style=\"height:100px\" aria-hidden=\"true\" class=\"wp-block-spacer\"><\/div>\n\n\n\n<p><\/p>\n","protected":false},"excerpt":{"rendered":"<p>Una comunidad de delantales blancos, acompa\u00f1ada por un gran equipo administrativo, se ha enfrentado al Covid-19 con profesionalismo, humanidad y fe, como las claves para lograr que la vida se abra paso.<\/p>\n","protected":false},"author":2,"featured_media":3067,"comment_status":"open","ping_status":"open","sticky":false,"template":"","format":"standard","meta":[],"categories":[42],"tags":[],"_links":{"self":[{"href":"https:\/\/revistacampus.uandes.cl\/2020\/wp-json\/wp\/v2\/posts\/2404"}],"collection":[{"href":"https:\/\/revistacampus.uandes.cl\/2020\/wp-json\/wp\/v2\/posts"}],"about":[{"href":"https:\/\/revistacampus.uandes.cl\/2020\/wp-json\/wp\/v2\/types\/post"}],"author":[{"embeddable":true,"href":"https:\/\/revistacampus.uandes.cl\/2020\/wp-json\/wp\/v2\/users\/2"}],"replies":[{"embeddable":true,"href":"https:\/\/revistacampus.uandes.cl\/2020\/wp-json\/wp\/v2\/comments?post=2404"}],"version-history":[{"count":143,"href":"https:\/\/revistacampus.uandes.cl\/2020\/wp-json\/wp\/v2\/posts\/2404\/revisions"}],"predecessor-version":[{"id":4582,"href":"https:\/\/revistacampus.uandes.cl\/2020\/wp-json\/wp\/v2\/posts\/2404\/revisions\/4582"}],"wp:featuredmedia":[{"embeddable":true,"href":"https:\/\/revistacampus.uandes.cl\/2020\/wp-json\/wp\/v2\/media\/3067"}],"wp:attachment":[{"href":"https:\/\/revistacampus.uandes.cl\/2020\/wp-json\/wp\/v2\/media?parent=2404"}],"wp:term":[{"taxonomy":"category","embeddable":true,"href":"https:\/\/revistacampus.uandes.cl\/2020\/wp-json\/wp\/v2\/categories?post=2404"},{"taxonomy":"post_tag","embeddable":true,"href":"https:\/\/revistacampus.uandes.cl\/2020\/wp-json\/wp\/v2\/tags?post=2404"}],"curies":[{"name":"wp","href":"https:\/\/api.w.org\/{rel}","templated":true}]}}