{"id":2366,"date":"2020-09-03T10:19:33","date_gmt":"2020-09-03T14:19:33","guid":{"rendered":"http:\/\/revistacampus.uandes.cl\/2020\/?p=2366"},"modified":"2020-09-07T17:27:57","modified_gmt":"2020-09-07T20:27:57","slug":"educacion-superior-online-una-mirada-de-futuro","status":"publish","type":"post","link":"https:\/\/revistacampus.uandes.cl\/2020\/educacion-superior-online-una-mirada-de-futuro\/","title":{"rendered":"Educaci\u00f3n superior online: <br><span class=\"subtitulo\">una mirada de futuro<\/span>"},"content":{"rendered":"\n<p><em><strong>En muy poco tiempo, miles de estudiantes y docentes tuvieron que adaptarse a las clases virtuales. La UANDES siempre ha apostado por la innovaci\u00f3n y la excelencia, lo que permiti\u00f3 que el proceso formativo siguiera en marcha a trav\u00e9s de distintas plataformas. Una experiencia que deja muchos aprendizajes, entre ellos, que la formaci\u00f3n online y semipresencial llegaron para quedarse.<\/strong><\/em><\/p>\n\n\n\n<hr class=\"wp-block-separator has-text-color has-background is-style-wide\" style=\"background-color:#ff6600;color:#ff6600\"\/>\n\n\n\n<p>La s\u00fabita llegada de la pandemia al pa\u00eds plante\u00f3 diversos desaf\u00edos y abri\u00f3 muchas preguntas. Una de ellas es <a href=\"https:\/\/www.uandes.cl\/noticias\/rector-jose-antonio-guzman-las-dificultades-nos-hacen-crecer-mucho-como-personas-y-estoy-seguro-que-saldremos-muy-fortalecidos\/\" target=\"_blank\" rel=\"noreferrer noopener\">c\u00f3mo pensar la educaci\u00f3n superior con una mirada de futuro<\/a>. Despu\u00e9s de todo, apenas iniciado el a\u00f1o acad\u00e9mico miles de estudiantes y docentes, con mucho esfuerzo y compromiso, debieron volcarse a la modalidad de clases online. <a href=\"https:\/\/www.uandes.cl\/noticias\/canvasuandes-una-radiografia-a-la-primera-semana-sin-clases-presenciales\/\" target=\"_blank\" rel=\"noreferrer noopener\">Un terreno que la UANDES ha venido pavimentando adoptando distintas plataformas<\/a>, lo que permiti\u00f3 estar preparados para darle continuad al proceso formativo con su distintivo sello de calidad. <\/p>\n\n\n\n<p>\u201cLa Universidad tiene una cultura arraigada de la innovaci\u00f3n incremental\u201d, destaca el <strong>vicerrector acad\u00e9mico, Jos\u00e9 Miguel Simian<\/strong>. Agrega que siempre est\u00e1n observando las nuevas tendencias educativas a nivel global, lo que llev\u00f3 a que la UANDES fuera pionera en implementar el sistema de gesti\u00f3n del aprendizaje <a rel=\"noreferrer noopener\" href=\"http:\/\/canvas.uandes.cl\/\" target=\"_blank\">CANVAS<\/a> en el pa\u00eds, plataforma presente en las mejores universidades del mundo. Gracias a su accesibilidad \u2014y a que se pueden hacer clases en video, foros, evaluaciones y otras actividades\u2014, m\u00e1s de 8.600 alumnos y 700 docentes siguieron con sus clases virtualmente cuando lleg\u00f3 el Covid-19 a Chile.<\/p>\n\n\n\n<div class=\"wp-block-columns\">\n<div class=\"wp-block-column\">\n<figure class=\"wp-block-image size-large\"><img loading=\"lazy\" width=\"768\" height=\"576\" src=\"http:\/\/revistacampus.uandes.cl\/2020\/wp-content\/uploads\/2020\/08\/Braulio-Fernandez.jpg\" alt=\"Braulio Fernandez, Instituto de Literatura\" class=\"wp-image-2377\" srcset=\"https:\/\/revistacampus.uandes.cl\/2020\/wp-content\/uploads\/2020\/08\/Braulio-Fernandez.jpg 768w, https:\/\/revistacampus.uandes.cl\/2020\/wp-content\/uploads\/2020\/08\/Braulio-Fernandez-300x225.jpg 300w, https:\/\/revistacampus.uandes.cl\/2020\/wp-content\/uploads\/2020\/08\/Braulio-Fernandez-480x360.jpg 480w\" sizes=\"(max-width: 768px) 100vw, 768px\" \/><figcaption>Braulio Fernandez, Instituto de Literatura<\/figcaption><\/figure>\n<\/div>\n\n\n\n<div class=\"wp-block-column\">\n<figure class=\"wp-block-image size-large\"><img loading=\"lazy\" width=\"768\" height=\"576\" src=\"http:\/\/revistacampus.uandes.cl\/2020\/wp-content\/uploads\/2020\/08\/Carla-Vairetti.png\" alt=\"\" class=\"wp-image-3102\" srcset=\"https:\/\/revistacampus.uandes.cl\/2020\/wp-content\/uploads\/2020\/08\/Carla-Vairetti.png 768w, https:\/\/revistacampus.uandes.cl\/2020\/wp-content\/uploads\/2020\/08\/Carla-Vairetti-300x225.png 300w, https:\/\/revistacampus.uandes.cl\/2020\/wp-content\/uploads\/2020\/08\/Carla-Vairetti-480x360.png 480w\" sizes=\"(max-width: 768px) 100vw, 768px\" \/><figcaption>Carla Vairetti, Facultad de Ingenier\u00eda y Ciencias Aplicadas<\/figcaption><\/figure>\n<\/div>\n\n\n\n<div class=\"wp-block-column\">\n<figure class=\"wp-block-image size-large\"><img loading=\"lazy\" width=\"1024\" height=\"768\" src=\"http:\/\/revistacampus.uandes.cl\/2020\/wp-content\/uploads\/2020\/08\/Felipe-Scott-1024x768.jpg\" alt=\"Felipe Scott, Facultad de Ingenier\u00eda y Ciencias Aplicadas\" class=\"wp-image-2380\" srcset=\"https:\/\/revistacampus.uandes.cl\/2020\/wp-content\/uploads\/2020\/08\/Felipe-Scott-1024x768.jpg 1024w, https:\/\/revistacampus.uandes.cl\/2020\/wp-content\/uploads\/2020\/08\/Felipe-Scott-300x225.jpg 300w, https:\/\/revistacampus.uandes.cl\/2020\/wp-content\/uploads\/2020\/08\/Felipe-Scott-768x576.jpg 768w, https:\/\/revistacampus.uandes.cl\/2020\/wp-content\/uploads\/2020\/08\/Felipe-Scott-480x360.jpg 480w, https:\/\/revistacampus.uandes.cl\/2020\/wp-content\/uploads\/2020\/08\/Felipe-Scott.jpg 1152w\" sizes=\"(max-width: 1024px) 100vw, 1024px\" \/><figcaption>Felipe Scott, Facultad de Ingenier\u00eda y Ciencias Aplicadas<\/figcaption><\/figure>\n<\/div>\n<\/div>\n\n\n\n<p>A fines de 2019, el <a rel=\"noreferrer noopener\" href=\"https:\/\/www.uandes.cl\/noticias\/juan-nagel-llego-el-momento-de-que-toda-la-uandes-se-sume-a-canvas\/\" target=\"_blank\">Centro de Innovaci\u00f3n Docente (CID) ya hab\u00eda comenzado su campa\u00f1a 100% Canvas<\/a> para que todas las unidades acad\u00e9micas se sumaran a esta plataforma. Si bien muchos no estaban preparados para realizar clases totalmente online, <a href=\"https:\/\/www.uandes.cl\/personas\/juan-cristobal-nagel-beck\/\" target=\"_blank\" rel=\"noreferrer noopener\">Juan Nagel, director de Desarrollo Docente<\/a>, destaca la dedicaci\u00f3n de los profesores para adaptarse. \u201cSe han entregado para hacer realidad la promesa que le hicimos a los estudiantes\u201d, comenta. <\/p>\n\n\n\n<p>\u201cTodo puede hacerse de un modo distinto al tradicional\u201d, a\u00f1ade <a rel=\"noreferrer noopener\" href=\"https:\/\/www.uandes.cl\/noticias\/veronica-schroder-academica-uandes-me-llena-de-orgullo-la-manera-en-que-los-profesores-han-enfrentado-este-desafio\/\" target=\"_blank\">Ver\u00f3nica Schr\u00f6der, acad\u00e9mica y directora de estudios de la Escuela de Administraci\u00f3n de Servicios<\/a>. Y pese a que admite que ha sido dif\u00edcil, est\u00e1 muy conforme con el trabajado realizado. Para <strong>Macarena Ossa, alumna de cuarto a\u00f1o de Ingenier\u00eda Comercial<\/strong>, seguir el ritmo \u201cha sido un desaf\u00edo personal cuesta arriba, pero todo se puede. He descubierto que muchos ramos podr\u00edan hacerse siempre <em>online<\/em>\u201d. Seg\u00fan comenta, el acompa\u00f1amiento que ha recibido de los profesores ha sido fundamental, y tambi\u00e9n <a rel=\"noreferrer noopener\" href=\"http:\/\/canvas.uandes.cl\/\" target=\"_blank\">CANVAS<\/a>. \u201cNunca me quedo atr\u00e1s con nada, encuentro que es s\u00faper ordenado\u201d, dice. <\/p>\n\n\n\n<p>Otra plataforma que ha sido clave es <a rel=\"noreferrer noopener\" href=\"https:\/\/www.uandes.cl\/noticias\/descubra-leganto\/\" target=\"_blank\"><strong>Leganto<\/strong>, un software que permite administrar y acceder a la bibliograf\u00eda de los cursos desde CANVAS<\/a>, como libros digitalizados, art\u00edculos de revistas y p\u00e1ginas web. Adem\u00e1s, incluye estad\u00edsticas de uso para conocer c\u00f3mo se est\u00e1n utilizando estos recursos. \u201cLa facilidad de acceso en un solo lugar mejora el entorno de aprendizaje para los estudiantes\u201d, destaca Paola Gallegos, directora general de Biblioteca.<\/p>\n\n\n\n<div class=\"wp-block-columns\">\n<div class=\"wp-block-column\">\n<div style=\"height:120px\" aria-hidden=\"true\" class=\"wp-block-spacer\"><\/div>\n\n\n\n<figure class=\"wp-block-image size-large is-resized is-style-rounded\"><img loading=\"lazy\" src=\"http:\/\/revistacampus.uandes.cl\/2020\/wp-content\/uploads\/2020\/08\/Paola-Gallego-1024x1024.png\" alt=\"\" class=\"wp-image-3290\" width=\"256\" height=\"256\" srcset=\"https:\/\/revistacampus.uandes.cl\/2020\/wp-content\/uploads\/2020\/08\/Paola-Gallego-1024x1024.png 1024w, https:\/\/revistacampus.uandes.cl\/2020\/wp-content\/uploads\/2020\/08\/Paola-Gallego-300x300.png 300w, https:\/\/revistacampus.uandes.cl\/2020\/wp-content\/uploads\/2020\/08\/Paola-Gallego-150x150.png 150w, https:\/\/revistacampus.uandes.cl\/2020\/wp-content\/uploads\/2020\/08\/Paola-Gallego-768x768.png 768w, https:\/\/revistacampus.uandes.cl\/2020\/wp-content\/uploads\/2020\/08\/Paola-Gallego-480x480.png 480w, https:\/\/revistacampus.uandes.cl\/2020\/wp-content\/uploads\/2020\/08\/Paola-Gallego.png 1079w\" sizes=\"(max-width: 256px) 100vw, 256px\" \/><\/figure>\n<\/div>\n\n\n\n<div class=\"wp-block-column\">\n<div class=\"wp-block-columns\">\n<div class=\"wp-block-column\">\n<figure class=\"wp-block-image size-large is-resized\"><img loading=\"lazy\" src=\"http:\/\/revistacampus.uandes.cl\/2020\/wp-content\/uploads\/2020\/08\/logo-citas.png\" alt=\"\" class=\"wp-image-3021\" width=\"72\" height=\"57\"\/><\/figure>\n<\/div>\n\n\n\n<div class=\"wp-block-column\"><\/div>\n\n\n\n<div class=\"wp-block-column\"><\/div>\n<\/div>\n\n\n\n<p class=\"has-text-color\" style=\"color:#ff6600\"><em><strong>1.500 textos est\u00e1n en proceso de digitalizaci\u00f3n para facilitar a los estudiantes el acceso online a los libros y revistas especializadas que requieren para sus estudios. A trav\u00e9s del nuevo software Leganto de Biblioteca es posible acceder a ellos directamente desde Canvas.<\/strong><\/em><\/p>\n\n\n\n<p style=\"font-size:12px\"><strong>Paola Gallegos,<\/strong><br><em>directora general de Biblioteca.<\/em><\/p>\n<\/div>\n<\/div>\n\n\n\n<h3 class=\"has-text-color\" style=\"color:#ff6600\">FLEXIBILIDAD Y CALIDAD:<br>LO QUE SE VIENE<\/h3>\n\n\n\n<div class=\"wp-block-image\"><figure class=\"aligncenter size-large\"><img loading=\"lazy\" width=\"754\" height=\"390\" src=\"http:\/\/revistacampus.uandes.cl\/2020\/wp-content\/uploads\/2020\/08\/Postgrado-Ortodoncia-UANDES.jpg\" alt=\"\" class=\"wp-image-2382\" srcset=\"https:\/\/revistacampus.uandes.cl\/2020\/wp-content\/uploads\/2020\/08\/Postgrado-Ortodoncia-UANDES.jpg 754w, https:\/\/revistacampus.uandes.cl\/2020\/wp-content\/uploads\/2020\/08\/Postgrado-Ortodoncia-UANDES-300x155.jpg 300w, https:\/\/revistacampus.uandes.cl\/2020\/wp-content\/uploads\/2020\/08\/Postgrado-Ortodoncia-UANDES-480x248.jpg 480w\" sizes=\"(max-width: 754px) 100vw, 754px\" \/><figcaption>Postgrado Ortodoncia UANDES<\/figcaption><\/figure><\/div>\n\n\n\n<p>En solo un par de semanas, reflexiona el <strong>vicerrector de Relaciones Universitarias, <a rel=\"noreferrer noopener\" href=\"https:\/\/www.uandes.cl\/personas\/matias-vial-v\/\" target=\"_blank\">Mat\u00edas Vial<\/a><\/strong>, lo que se proyectaba a futuro se volvi\u00f3 real. \u201cLa pandemia ha transformado para siempre lo puramente presencial para llegar a ser un adecuado modelo semipresencial o puramente online para ciertos cursos\u201d, sostiene. Cree que apostar por un sistema mixto es el pr\u00f3ximo paso, ya que estudiar 100% online no basta. \u201cLa vida universitaria en el campus aporta un valor \u00fanico a los aprendizajes\u201d, dice. Adem\u00e1s, considera que esta nueva modalidad debe entregar herramientas pr\u00e1cticas, pero tambi\u00e9n fortalecer el pensamiento cr\u00edtico de una manera atractiva. <\/p>\n\n\n\n<p>Es justamente hacia donde apunta <strong>UANDES ONLINE<\/strong>, <a rel=\"noreferrer noopener\" href=\"https:\/\/postgradosuandes.cl\/filtro\/?modalidad=online%2Csemi-presencial&amp;s=\" target=\"_blank\">una plataforma que ofrece programas semipresenciales y online con formatos flexibles y modulables<\/a> para que los estudiantes de educaci\u00f3n continua elijan y combinen distintos cursos o programas, incluso de diferentes disciplinas, para ir formando su propia educaci\u00f3n personalizada. \u201cQueremos llevar nuestro proyecto acad\u00e9mico de Educaci\u00f3n Continua a todos los rincones de Chile y Latinoam\u00e9rica, manteniendo nuestro sello de innovaci\u00f3n y excelencia\u201d, enfatiza <strong>Paola Giglio, directora de Educaci\u00f3n Continua<\/strong>. Actualmente, ya cuentan con 55 programas de Diplomados y Post\u00edtulos en la modalidad semipresencial u online, y esperan llegar a los 3.000 alumnos en 2020.<\/p>\n\n\n\n<p class=\"has-text-color\" style=\"color:#ff6600\"><em><strong>Durante el primer semestre de 2020, la Direcci\u00f3n de Desarrollo Docente realiz\u00f3 m\u00e1s de 300 horas de capacitaci\u00f3n a acad\u00e9micos y ayudantes para ofrecer una mejor experiencia de aprendizaje online, fundamental para seguir avanzando hacia la educaci\u00f3n del futuro.<\/strong><\/em><\/p>\n\n\n\n<div class=\"wp-block-image\"><figure class=\"aligncenter size-large\"><img loading=\"lazy\" width=\"1024\" height=\"682\" src=\"http:\/\/revistacampus.uandes.cl\/2020\/wp-content\/uploads\/2020\/08\/Canvas-1024x682.jpg\" alt=\"\" class=\"wp-image-2378\" srcset=\"https:\/\/revistacampus.uandes.cl\/2020\/wp-content\/uploads\/2020\/08\/Canvas-1024x682.jpg 1024w, https:\/\/revistacampus.uandes.cl\/2020\/wp-content\/uploads\/2020\/08\/Canvas-300x200.jpg 300w, https:\/\/revistacampus.uandes.cl\/2020\/wp-content\/uploads\/2020\/08\/Canvas-768x512.jpg 768w, https:\/\/revistacampus.uandes.cl\/2020\/wp-content\/uploads\/2020\/08\/Canvas-1536x1024.jpg 1536w, https:\/\/revistacampus.uandes.cl\/2020\/wp-content\/uploads\/2020\/08\/Canvas-720x480.jpg 720w, https:\/\/revistacampus.uandes.cl\/2020\/wp-content\/uploads\/2020\/08\/Canvas-480x320.jpg 480w, https:\/\/revistacampus.uandes.cl\/2020\/wp-content\/uploads\/2020\/08\/Canvas.jpg 2000w\" sizes=\"(max-width: 1024px) 100vw, 1024px\" \/><figcaption>Este a\u00f1o se adquirieron nuevas licencias de Canvas para profesores y estudiantes, las que se han sumado al uso e integraci\u00f3n de otras herramientas virtuales, como Microsoft TEAMS y Zoom, para llegar a todos los alumnos de pre y postgrado.<\/figcaption><\/figure><\/div>\n\n\n\n<p><\/p>\n","protected":false},"excerpt":{"rendered":"<p>En muy poco tiempo, miles de estudiantes y docentes tuvieron que adaptarse a las clases virtuales. La UANDES siempre ha apostado por la innovaci\u00f3n y la excelencia, lo que permiti\u00f3 que el proceso formativo siguiera en marcha a trav\u00e9s de distintas plataformas. Una experiencia que deja muchos aprendizajes, entre ellos, que la formaci\u00f3n online y semipresencial llegaron para quedarse.<\/p>\n","protected":false},"author":2,"featured_media":3903,"comment_status":"open","ping_status":"open","sticky":false,"template":"","format":"standard","meta":[],"categories":[37],"tags":[],"_links":{"self":[{"href":"https:\/\/revistacampus.uandes.cl\/2020\/wp-json\/wp\/v2\/posts\/2366"}],"collection":[{"href":"https:\/\/revistacampus.uandes.cl\/2020\/wp-json\/wp\/v2\/posts"}],"about":[{"href":"https:\/\/revistacampus.uandes.cl\/2020\/wp-json\/wp\/v2\/types\/post"}],"author":[{"embeddable":true,"href":"https:\/\/revistacampus.uandes.cl\/2020\/wp-json\/wp\/v2\/users\/2"}],"replies":[{"embeddable":true,"href":"https:\/\/revistacampus.uandes.cl\/2020\/wp-json\/wp\/v2\/comments?post=2366"}],"version-history":[{"count":48,"href":"https:\/\/revistacampus.uandes.cl\/2020\/wp-json\/wp\/v2\/posts\/2366\/revisions"}],"predecessor-version":[{"id":4540,"href":"https:\/\/revistacampus.uandes.cl\/2020\/wp-json\/wp\/v2\/posts\/2366\/revisions\/4540"}],"wp:featuredmedia":[{"embeddable":true,"href":"https:\/\/revistacampus.uandes.cl\/2020\/wp-json\/wp\/v2\/media\/3903"}],"wp:attachment":[{"href":"https:\/\/revistacampus.uandes.cl\/2020\/wp-json\/wp\/v2\/media?parent=2366"}],"wp:term":[{"taxonomy":"category","embeddable":true,"href":"https:\/\/revistacampus.uandes.cl\/2020\/wp-json\/wp\/v2\/categories?post=2366"},{"taxonomy":"post_tag","embeddable":true,"href":"https:\/\/revistacampus.uandes.cl\/2020\/wp-json\/wp\/v2\/tags?post=2366"}],"curies":[{"name":"wp","href":"https:\/\/api.w.org\/{rel}","templated":true}]}}